{"id":2117411,"date":"2026-08-25T19:52:24","date_gmt":"2026-08-25T16:52:24","guid":{"rendered":"https:\/\/analyse.optim.biz\/?p=2117411"},"modified":"2026-08-25T19:52:24","modified_gmt":"2026-08-25T16:52:24","slug":"peste-3-3-milioane-de-tigari-confiscate-de-politisti","status":"publish","type":"post","link":"https:\/\/analyse.optim.biz\/?p=2117411","title":{"rendered":"Peste 3.3 milioane de \u0163ig\u0103ri confiscate de poli\u0163i\u015fti"},"content":{"rendered":"<p>[analyse_image type=&#8221;featured&#8221; src=&#8221;https:\/\/www.tvbuzau.ro\/wp-content\/uploads\/2026\/08\/hqdefault-30.jpghttps:\/\/www.tvbuzau.ro\/wp-content\/uploads\/2026\/08\/hqdefault-30.jpg&#8221;]<\/p>\n<div class=\"td-ss-main-content\">\n<article id=\"post-120151\" class=\"post-120151 post type-post status-publish format-video has-post-thumbnail hentry category-actualitate post_format-post-format-video\">\n<div class=\"td-post-header\">\n<ul class=\"td-category\">\n<li class=\"entry-category\"><a href=\"https:\/\/www.tvbuzau.ro\/category\/actualitate\/\">Actualitate<\/a><\/li>\n<\/ul>\n<header class=\"td-post-title\">\n<h1 class=\"entry-title\">Peste 3.3 milioane de \u0163ig\u0103ri confiscate de poli\u0163i\u015fti<\/h1>\n<div class=\"td-module-meta-info\">\n<div class=\"td-post-author-name\">De c\u0103tre <a href=\"https:\/\/www.tvbuzau.ro\/author\/mihai-vasilescu\/\">TV Buz\u0103u<\/a> &#8211; <\/div>\n<p><span class=\"td-post-date\"><time class=\"entry-date updated td-module-date\" datetime=\"2026-08-25T19:52:24+00:00\">august 25, 2026<\/time><\/span><\/p>\n<div class=\"td-post-comments\"><a href=\"https:\/\/www.tvbuzau.ro\/peste-3-3-milioane-de-tigari-confiscate-de-politisti\/#respond\">0<\/a><\/div>\n<div class=\"td-post-views\"><span class=\"td-nr-views-120151\">21<\/span><\/div>\n<\/div>\n<\/header>\n<\/div>\n<div class=\"td-post-sharing td-post-sharing-top td-with-like\">\n<div class=\"td-default-sharing\"><a class=\"td-social-sharing-buttons td-social-facebook\" href=\"http:\/\/www.facebook.com\/sharer.php?u=https%3A%2F%2Fwww.tvbuzau.ro%2Fpeste-3-3-milioane-de-tigari-confiscate-de-politisti%2F\"><\/p>\n<div class=\"td-social-but-text\">Distribui\u021bi pe Facebook<\/div>\n<p><\/a><a class=\"td-social-sharing-buttons td-social-twitter\" href=\"https:\/\/twitter.com\/intent\/tweet?text=Peste+3.3+milioane+de+%C5%A3ig%C4%83ri+confiscate+de+poli%C5%A3i%C5%9Fti&amp;url=https%3A%2F%2Fwww.tvbuzau.ro%2Fpeste-3-3-milioane-de-tigari-confiscate-de-politisti%2F&amp;via=TV+Buz%C4%83u\"><\/p>\n<div class=\"td-social-but-text\">Distribui\u021bi pe Twitter<\/div>\n<p><\/a><\/div>\n<div class=\"td-classic-sharing\">\n<ul>\n<li class=\"td-classic-facebook\"><iframe frameborder src=\"https:\/\/www.facebook.com\/plugins\/like.php?href=https:\/\/www.tvbuzau.ro\/peste-3-3-milioane-de-tigari-confiscate-de-politisti\/&amp;layout=button_count&amp;show_faces=false&amp;width=105&amp;action=like&amp;colorscheme=light&amp;height=21\"><\/iframe><\/li>\n<li class=\"td-classic-twitter\"><a href=\"https:\/\/twitter.com\/share\" class=\"twitter-share-button\" data-url=\"https:\/\/www.tvbuzau.ro\/peste-3-3-milioane-de-tigari-confiscate-de-politisti\/\" data-text=\"Peste 3.3 milioane de \u0163ig\u0103ri confiscate de poli\u0163i\u015fti\" data-via data-lang=\"en\">tweet<\/a><\/li>\n<\/ul>\n<\/div>\n<\/div>\n<div class=\"td-post-content\">\n<div class=\"td-featured-image-rec\">\n<div class=\"wpb_video_wrapper\">\n                    <iframe loading=\"lazy\" id=\"td_youtube_player\" width=\"600\" height=\"560\" src=\"https:\/\/www.youtube.com\/embed\/86Ah4ThRX9E?enablejsapi=1&amp;feature=oembed&amp;wmode=opaque&amp;vq=hd720\" frameborder allowfullscreen><\/iframe><\/p><\/div>\n<\/div>\n<p>Unde erau ascunse?<br \/>\nPoli\u021bi\u0219tii Serviciului de Combatere a Criminalit\u0103\u021bii Organizate Buz\u0103u, sub coordonarea procurorului de caz din cadrul Parchetului de pe l\u00e2ng\u0103 Judec\u0103toria Buz\u0103u, au documentat activitatea infrac\u021bional\u0103 a doi b\u0103rba\u021bi, cerceta\u021bi pentru s\u0103v\u00e2r\u0219irea infrac\u021biunilor de contraband\u0103 \u0219i de\u021binere de \u021bigarete \u00een afara unui antrepozit fiscal, f\u0103r\u0103 a fi marcate, marcate necorespunz\u0103tor sau cu marcaje false, peste limita de 10.000 \u021bigarete.<\/p>\n<p>\u201c\u00cen urma activit\u0103\u021bilor specifice desf\u0103\u0219urate, la data de 24 august a.c., poli\u021bi\u0219tii au depistat \u0219i au oprit \u00een trafic un camion condus de un b\u0103rbat de cet\u0103\u021benie greac\u0103, de 53 de ani, \u00een interiorul c\u0103ruia au fost descoperite 2.560.000 de \u021bigarete, f\u0103r\u0103 timbre de marcaj fiscale emise de autorit\u0103\u021bile rom\u00e2ne, disimulate \u00een spatele unor pale\u021bi con\u021bin\u00e2nd mai multe cutii de pe\u0219te congelat. \u00cen aceea\u0219i zon\u0103, a mai fost interceptat\u0103 o alt\u0103 autoutilitar\u0103, condus\u0103 de un cet\u0103\u021bean rom\u00e2n, de 30 de ani, \u00een habitaclul c\u0103reia au fost descoperite 777.720 de \u021bigarete cu timbre de marcaj emise de autorit\u0103\u021bile din Republica Moldova, ascunse \u00een spatele unor cutii cu \u00eenc\u0103l\u021b\u0103minte\u201d, a anun\u0163at IPJ Buz\u0103u.<br \/>\nPersoanele cercetate nu au putut justifica, la momentul intercept\u0103rii \u00een trafic, legalitatea de\u021binerii \u0219i transport\u0103rii \u021bigaretelor. <\/p>\n<p>\u201c\u021aigaretele descoperite au fost indisponibilizate \u00een vederea continu\u0103rii cercet\u0103rilor, prejudiciul fiind estimat la 3.310.200 de lei\u201d, precizeaz\u0103 autorit\u0103\u0163ile.<br \/>\nPoli\u021bi\u0219tii au dispus re\u021binerea celor doi b\u0103rba\u021bi, pentru 24 de ore, ast\u0103zi fiind prezentate unit\u0103\u021bii de parchet competente, cu propunere de sesizare a instan\u021bei, \u00een vederea arest\u0103rii preventive.<\/p>\n<div class=\"post-views post-120151 entry-meta\"><span class=\"post-views-label\">Post Views: <\/span><span class=\"post-views-count\">289<\/span><\/div>\n<\/div>\n<footer>\n<div class=\"td-post-sharing td-post-sharing-bottom td-with-like\"><span class=\"td-post-share-title\">DISTRIBUI\u021aI<\/span><\/p>\n<div class=\"td-default-sharing\"><a class=\"td-social-sharing-buttons td-social-facebook\" href=\"http:\/\/www.facebook.com\/sharer.php?u=https%3A%2F%2Fwww.tvbuzau.ro%2Fpeste-3-3-milioane-de-tigari-confiscate-de-politisti%2F\"><\/p>\n<div class=\"td-social-but-text\">Facebook<\/div>\n<p><\/a><a class=\"td-social-sharing-buttons td-social-twitter\" href=\"https:\/\/twitter.com\/intent\/tweet?text=Peste+3.3+milioane+de+%C5%A3ig%C4%83ri+confiscate+de+poli%C5%A3i%C5%9Fti&amp;url=https%3A%2F%2Fwww.tvbuzau.ro%2Fpeste-3-3-milioane-de-tigari-confiscate-de-politisti%2F&amp;via=TV+Buz%C4%83u\"><\/p>\n<div class=\"td-social-but-text\">Twitter<\/div>\n<p><\/a><\/div>\n<div class=\"td-classic-sharing\">\n<ul>\n<li class=\"td-classic-facebook\"><iframe frameborder src=\"https:\/\/www.facebook.com\/plugins\/like.php?href=https:\/\/www.tvbuzau.ro\/peste-3-3-milioane-de-tigari-confiscate-de-politisti\/&amp;layout=button_count&amp;show_faces=false&amp;width=105&amp;action=like&amp;colorscheme=light&amp;height=21\"><\/iframe><\/li>\n<li class=\"td-classic-twitter\"><a href=\"https:\/\/twitter.com\/share\" class=\"twitter-share-button\" data-url=\"https:\/\/www.tvbuzau.ro\/peste-3-3-milioane-de-tigari-confiscate-de-politisti\/\" data-text=\"Peste 3.3 milioane de \u0163ig\u0103ri confiscate de poli\u0163i\u015fti\" data-via data-lang=\"en\">tweet<\/a><\/li>\n<\/ul>\n<\/div>\n<\/div>\n<div class=\"td-author-name vcard author\"><span class=\"fn\"><a href=\"https:\/\/www.tvbuzau.ro\/author\/mihai-vasilescu\/\">TV Buz\u0103u<\/a><\/span><\/div>\n<p><span><\/span><span><span><\/span><\/span><span><\/span><\/footer>\n<\/article>\n<div class=\"td_block_wrap td_block_related_posts td_uid_1_6a92331c5a6bb_rand td_with_ajax_pagination td-pb-border-top\" data-td-block-uid=\"td_uid_1_6a92331c5a6bb\">\n<h4 class=\"td-related-title\"><a id=\"td_uid_2_6a92331c5ff05\" class=\"td-related-left td-cur-simple-item\" data-td_filter_value data-td_block_id=\"td_uid_1_6a92331c5a6bb\" href=\"https:\/\/www.tvbuzau.ro\/peste-3-3-milioane-de-tigari-confiscate-de-politisti\/\">ARTICOLE SIMILARE<\/a><a id=\"td_uid_3_6a92331c5ff40\" class=\"td-related-right\" data-td_filter_value=\"td_related_more_from_author\" data-td_block_id=\"td_uid_1_6a92331c5a6bb\" href=\"https:\/\/www.tvbuzau.ro\/peste-3-3-milioane-de-tigari-confiscate-de-politisti\/\">DE LA ACELA\u0218I AUTOR<\/a><\/h4>\n<div id=\"td_uid_1_6a92331c5a6bb\" class=\"td_block_inner\">\n<div class=\"td-related-row\">\n<div class=\"td-related-span4\">\n<div class=\"td_module_related_posts td-animation-stack td_mod_related_posts\">\n<div class=\"td-module-image\">\n<div class=\"td-module-thumb\"><a href=\"https:\/\/www.tvbuzau.ro\/aqua-parkul-anuntat-in-2026-va-fi-deschis-in-2027\/\" rel=\"bookmark\" title=\"Aqua-parkul anun\u0163at \u00een 2026, va fi deschis \u00een 2027\"><img loading=\"lazy\" decoding=\"async\" width=\"218\" height=\"150\" class=\"entry-thumb\" src=\"https:\/\/www.tvbuzau.ro\/wp-content\/uploads\/2026\/08\/sddefault-62-218x150.jpg\" alt title=\"Aqua-parkul anun\u0163at \u00een 2026, va fi deschis \u00een 2027\"><span class=\"td-video-play-ico\"><img loading=\"lazy\" decoding=\"async\" width=\"40\" height=\"40\" class=\"td-retina\" src=\"https:\/\/www.tvbuzau.ro\/wp-content\/themes\/Newspaper\/images\/icons\/ico-video-large.png\" alt=\"video\"><\/span><\/a><\/div>\n<p><a href=\"https:\/\/www.tvbuzau.ro\/category\/actualitate\/\" class=\"td-post-category\">Actualitate<\/a><\/div>\n<div class=\"item-details\">\n<h3 class=\"entry-title td-module-title\"><a href=\"https:\/\/www.tvbuzau.ro\/aqua-parkul-anuntat-in-2026-va-fi-deschis-in-2027\/\" rel=\"bookmark\" title=\"Aqua-parkul anun\u0163at \u00een 2026, va fi deschis \u00een 2027\">Aqua-parkul anun\u0163at \u00een 2026, va fi deschis \u00een 2027<\/a><\/h3>\n<\/div>\n<\/div>\n<\/div>\n<div class=\"td-related-span4\">\n<div class=\"td_module_related_posts td-animation-stack td_mod_related_posts\">\n<div class=\"td-module-image\">\n<div class=\"td-module-thumb\"><a href=\"https:\/\/www.tvbuzau.ro\/o-problema-legata-de-consumul-apei-si-factura\/\" rel=\"bookmark\" title=\"O problem\u0103 legat\u0103 de consumul apei \u015fi factur\u0103\"><img loading=\"lazy\" decoding=\"async\" width=\"218\" height=\"150\" class=\"entry-thumb\" src=\"https:\/\/www.tvbuzau.ro\/wp-content\/uploads\/2026\/08\/sddefault-61-218x150.jpg\" alt title=\"O problem\u0103 legat\u0103 de consumul apei \u015fi factur\u0103\"><span class=\"td-video-play-ico\"><img loading=\"lazy\" decoding=\"async\" width=\"40\" height=\"40\" class=\"td-retina\" src=\"https:\/\/www.tvbuzau.ro\/wp-content\/themes\/Newspaper\/images\/icons\/ico-video-large.png\" alt=\"video\"><\/span><\/a><\/div>\n<p><a href=\"https:\/\/www.tvbuzau.ro\/category\/actualitate\/\" class=\"td-post-category\">Actualitate<\/a><\/div>\n<div class=\"item-details\">\n<h3 class=\"entry-title td-module-title\"><a href=\"https:\/\/www.tvbuzau.ro\/o-problema-legata-de-consumul-apei-si-factura\/\" rel=\"bookmark\" title=\"O problem\u0103 legat\u0103 de consumul apei \u015fi factur\u0103\">O problem\u0103 legat\u0103 de consumul apei \u015fi factur\u0103<\/a><\/h3>\n<\/div>\n<\/div>\n<\/div>\n<div class=\"td-related-span4\">\n<div class=\"td_module_related_posts td-animation-stack td_mod_related_posts\">\n<div class=\"td-module-image\">\n<div class=\"td-module-thumb\"><a href=\"https:\/\/www.tvbuzau.ro\/de-ce-apar-intarzieri-pe-caile-ferate\/\" rel=\"bookmark\" title=\"De ce apar \u00eent\u00e2rzieri pe c\u0103ile ferate\"><img loading=\"lazy\" decoding=\"async\" width=\"218\" height=\"150\" class=\"entry-thumb\" src=\"https:\/\/www.tvbuzau.ro\/wp-content\/uploads\/2026\/08\/hqdefault-34-218x150.jpg\" alt title=\"De ce apar \u00eent\u00e2rzieri pe c\u0103ile ferate\"><span class=\"td-video-play-ico\"><img loading=\"lazy\" decoding=\"async\" width=\"40\" height=\"40\" class=\"td-retina\" src=\"https:\/\/www.tvbuzau.ro\/wp-content\/themes\/Newspaper\/images\/icons\/ico-video-large.png\" alt=\"video\"><\/span><\/a><\/div>\n<p><a href=\"https:\/\/www.tvbuzau.ro\/category\/actualitate\/\" class=\"td-post-category\">Actualitate<\/a><\/div>\n<div class=\"item-details\">\n<h3 class=\"entry-title td-module-title\"><a href=\"https:\/\/www.tvbuzau.ro\/de-ce-apar-intarzieri-pe-caile-ferate\/\" rel=\"bookmark\" title=\"De ce apar \u00eent\u00e2rzieri pe c\u0103ile ferate\">De ce apar \u00eent\u00e2rzieri pe c\u0103ile ferate<\/a><\/h3>\n<\/div>\n<\/div>\n<\/div>\n<\/div>\n<div class=\"td-related-row\">\n<div class=\"td-related-span4\">\n<div class=\"td_module_related_posts td-animation-stack td_mod_related_posts\">\n<div class=\"td-module-image\">\n<div class=\"td-module-thumb\"><a href=\"https:\/\/www.tvbuzau.ro\/peste-4-000-de-soiuri-de-tomate-la-banca-de-resurse-genetice-vegetale\/\" rel=\"bookmark\" title=\"Peste 4.000 de soiuri de tomate la Banca de Resurse Genetice Vegetale\"><img loading=\"lazy\" decoding=\"async\" width=\"218\" height=\"150\" class=\"entry-thumb\" src=\"https:\/\/www.tvbuzau.ro\/wp-content\/uploads\/2026\/08\/sddefault-60-218x150.jpg\" alt title=\"Peste 4.000 de soiuri de tomate la Banca de Resurse Genetice Vegetale\"><\/a><\/div>\n<p><a href=\"https:\/\/www.tvbuzau.ro\/category\/actualitate\/\" class=\"td-post-category\">Actualitate<\/a><\/div>\n<div class=\"item-details\">\n<h3 class=\"entry-title td-module-title\"><a href=\"https:\/\/www.tvbuzau.ro\/peste-4-000-de-soiuri-de-tomate-la-banca-de-resurse-genetice-vegetale\/\" rel=\"bookmark\" title=\"Peste 4.000 de soiuri de tomate la Banca de Resurse Genetice Vegetale\">Peste 4.000 de soiuri de tomate la Banca de Resurse Genetice Vegetale<\/a><\/h3>\n<\/div>\n<\/div>\n<\/div>\n<div class=\"td-related-span4\">\n<div class=\"td_module_related_posts td-animation-stack td_mod_related_posts\">\n<div class=\"td-module-image\">\n<div class=\"td-module-thumb\"><a href=\"https:\/\/www.tvbuzau.ro\/viitorii-cetateni-de-onoare-vor-fi-verificati-la-cnsas\/\" rel=\"bookmark\" title=\"Viitorii \u201cCet\u0103\u0163eni de onoare\u201d vor fi verifica\u0163i la CNSAS\"><img loading=\"lazy\" decoding=\"async\" width=\"218\" height=\"150\" class=\"entry-thumb\" src=\"https:\/\/www.tvbuzau.ro\/wp-content\/uploads\/2026\/08\/sddefault-59-218x150.jpg\" alt title=\"Viitorii \u201cCet\u0103\u0163eni de onoare\u201d vor fi verifica\u0163i la CNSAS\"><span class=\"td-video-play-ico\"><img loading=\"lazy\" decoding=\"async\" width=\"40\" height=\"40\" class=\"td-retina\" src=\"https:\/\/www.tvbuzau.ro\/wp-content\/themes\/Newspaper\/images\/icons\/ico-video-large.png\" alt=\"video\"><\/span><\/a><\/div>\n<p><a href=\"https:\/\/www.tvbuzau.ro\/category\/actualitate\/\" class=\"td-post-category\">Actualitate<\/a><\/div>\n<div class=\"item-details\">\n<h3 class=\"entry-title td-module-title\"><a href=\"https:\/\/www.tvbuzau.ro\/viitorii-cetateni-de-onoare-vor-fi-verificati-la-cnsas\/\" rel=\"bookmark\" title=\"Viitorii \u201cCet\u0103\u0163eni de onoare\u201d vor fi verifica\u0163i la CNSAS\">Viitorii \u201cCet\u0103\u0163eni de onoare\u201d vor fi verifica\u0163i la CNSAS<\/a><\/h3>\n<\/div>\n<\/div>\n<\/div>\n<div class=\"td-related-span4\">\n<div class=\"td_module_related_posts td-animation-stack td_mod_related_posts\">\n<div class=\"td-module-image\">\n<div class=\"td-module-thumb\"><a href=\"https:\/\/www.tvbuzau.ro\/angajatii-din-consiliul-judetean-au-lucrat-dupa-program\/\" rel=\"bookmark\" title=\"Angaja\u0163ii din Consiliul Jude\u0163ean au lucrat dup\u0103 program\"><img loading=\"lazy\" decoding=\"async\" width=\"218\" height=\"150\" class=\"entry-thumb\" src=\"https:\/\/www.tvbuzau.ro\/wp-content\/uploads\/2026\/08\/sddefault-58-218x150.jpg\" alt title=\"Angaja\u0163ii din Consiliul Jude\u0163ean au lucrat dup\u0103 program\"><span class=\"td-video-play-ico\"><img loading=\"lazy\" decoding=\"async\" width=\"40\" height=\"40\" class=\"td-retina\" src=\"https:\/\/www.tvbuzau.ro\/wp-content\/themes\/Newspaper\/images\/icons\/ico-video-large.png\" alt=\"video\"><\/span><\/a><\/div>\n<p><a href=\"https:\/\/www.tvbuzau.ro\/category\/actualitate\/\" class=\"td-post-category\">Actualitate<\/a><\/div>\n<div class=\"item-details\">\n<h3 class=\"entry-title td-module-title\"><a href=\"https:\/\/www.tvbuzau.ro\/angajatii-din-consiliul-judetean-au-lucrat-dupa-program\/\" rel=\"bookmark\" title=\"Angaja\u0163ii din Consiliul Jude\u0163ean au lucrat dup\u0103 program\">Angaja\u0163ii din Consiliul Jude\u0163ean au lucrat dup\u0103 program<\/a><\/h3>\n<\/div>\n<\/div>\n<\/div>\n<\/div>\n<\/div>\n<\/div>\n<div class=\"comments\" id=\"comments\">\n<div id=\"respond\" class=\"comment-respond\">\n<h3 id=\"reply-title\" class=\"comment-reply-title\">L\u0102SA\u021aI UN MESAJ <small><a rel=\"nofollow\" id=\"cancel-comment-reply-link\" href=\"https:\/\/www.tvbuzau.ro\/peste-3-3-milioane-de-tigari-confiscate-de-politisti\/#respond\">Renun\u021ba\u021bi la r\u0103spuns<\/a><\/small><\/h3>\n<\/div>\n<\/div>\n<\/div>\n<div class=\"td-post-content\">\n<div class=\"td-featured-image-rec\">\n<div class=\"wpb_video_wrapper\">\n                    <iframe loading=\"lazy\" id=\"td_youtube_player\" width=\"600\" height=\"560\" src=\"https:\/\/www.youtube.com\/embed\/86Ah4ThRX9E?enablejsapi=1&amp;feature=oembed&amp;wmode=opaque&amp;vq=hd720\" frameborder allowfullscreen><\/iframe><\/p><\/div>\n<\/div>\n<p>Unde erau ascunse?<br \/>\nPoli\u021bi\u0219tii Serviciului de Combatere a Criminalit\u0103\u021bii Organizate Buz\u0103u, sub coordonarea procurorului de caz din cadrul Parchetului de pe l\u00e2ng\u0103 Judec\u0103toria Buz\u0103u, au documentat activitatea infrac\u021bional\u0103 a doi b\u0103rba\u021bi, cerceta\u021bi pentru s\u0103v\u00e2r\u0219irea infrac\u021biunilor de contraband\u0103 \u0219i de\u021binere de \u021bigarete \u00een afara unui antrepozit fiscal, f\u0103r\u0103 a fi marcate, marcate necorespunz\u0103tor sau cu marcaje false, peste limita de 10.000 \u021bigarete.<\/p>\n<p>\u201c\u00cen urma activit\u0103\u021bilor specifice desf\u0103\u0219urate, la data de 24 august a.c., poli\u021bi\u0219tii au depistat \u0219i au oprit \u00een trafic un camion condus de un b\u0103rbat de cet\u0103\u021benie greac\u0103, de 53 de ani, \u00een interiorul c\u0103ruia au fost descoperite 2.560.000 de \u021bigarete, f\u0103r\u0103 timbre de marcaj fiscale emise de autorit\u0103\u021bile rom\u00e2ne, disimulate \u00een spatele unor pale\u021bi con\u021bin\u00e2nd mai multe cutii de pe\u0219te congelat. \u00cen aceea\u0219i zon\u0103, a mai fost interceptat\u0103 o alt\u0103 autoutilitar\u0103, condus\u0103 de un cet\u0103\u021bean rom\u00e2n, de 30 de ani, \u00een habitaclul c\u0103reia au fost descoperite 777.720 de \u021bigarete cu timbre de marcaj emise de autorit\u0103\u021bile din Republica Moldova, ascunse \u00een spatele unor cutii cu \u00eenc\u0103l\u021b\u0103minte\u201d, a anun\u0163at IPJ Buz\u0103u.<br \/>\nPersoanele cercetate nu au putut justifica, la momentul intercept\u0103rii \u00een trafic, legalitatea de\u021binerii \u0219i transport\u0103rii \u021bigaretelor. <\/p>\n<p>\u201c\u021aigaretele descoperite au fost indisponibilizate \u00een vederea continu\u0103rii cercet\u0103rilor, prejudiciul fiind estimat la 3.310.200 de lei\u201d, precizeaz\u0103 autorit\u0103\u0163ile.<br \/>\nPoli\u021bi\u0219tii au dispus re\u021binerea celor doi b\u0103rba\u021bi, pentru 24 de ore, ast\u0103zi fiind prezentate unit\u0103\u021bii de parchet competente, cu propunere de sesizare a instan\u021bei, \u00een vederea arest\u0103rii preventive.<\/p>\n<div class=\"post-views post-120151 entry-meta\"><span class=\"post-views-label\">Post Views: <\/span><span class=\"post-views-count\">289<\/span><\/div>\n<\/div>\n<p>[analyse_source url=&#8221;https:\/\/www.tvbuzau.ro\/peste-3-3-milioane-de-tigari-confiscate-de-politisti\/&#8221;]<\/p>\n","protected":false},"excerpt":{"rendered":"<p>[analyse_image type=&#8221;featured&#8221; src=&#8221;https:\/\/www.tvbuzau.ro\/wp-content\/uploads\/2026\/08\/hqdefault-30.jpghttps:\/\/www.tvbuzau.ro\/wp-content\/uploads\/2026\/08\/hqdefault-30.jpg&#8221;] Actualitate Peste 3.3 milioane de \u0163ig\u0103ri confiscate de poli\u0163i\u015fti De c\u0103tre TV Buz\u0103u &#8211; august 25, 2026 0 21 Distribui\u021bi pe Facebook Distribui\u021bi pe Twitter tweet Unde erau ascunse? Poli\u021bi\u0219tii Serviciului de Combatere a Criminalit\u0103\u021bii Organizate Buz\u0103u, sub coordonarea procurorului de caz din cadrul Parchetului de pe l\u00e2ng\u0103 Judec\u0103toria Buz\u0103u, au documentat [&hellip;]<\/p>\n","protected":false},"author":1,"featured_media":0,"comment_status":"open","ping_status":"","sticky":false,"template":"","format":"standard","meta":{"footnotes":""},"categories":[2],"tags":[226,116],"class_list":["post-2117411","post","type-post","status-publish","format-standard","hentry","category-politics","tag-crawlmanager","tag-tvbuzau-ro"],"_links":{"self":[{"href":"https:\/\/analyse.optim.biz\/index.php?rest_route=\/wp\/v2\/posts\/2117411","targetHints":{"allow":["GET"]}}],"collection":[{"href":"https:\/\/analyse.optim.biz\/index.php?rest_route=\/wp\/v2\/posts"}],"about":[{"href":"https:\/\/analyse.optim.biz\/index.php?rest_route=\/wp\/v2\/types\/post"}],"author":[{"embeddable":true,"href":"https:\/\/analyse.optim.biz\/index.php?rest_route=\/wp\/v2\/users\/1"}],"replies":[{"embeddable":true,"href":"https:\/\/analyse.optim.biz\/index.php?rest_route=%2Fwp%2Fv2%2Fcomments&post=2117411"}],"version-history":[{"count":0,"href":"https:\/\/analyse.optim.biz\/index.php?rest_route=\/wp\/v2\/posts\/2117411\/revisions"}],"wp:attachment":[{"href":"https:\/\/analyse.optim.biz\/index.php?rest_route=%2Fwp%2Fv2%2Fmedia&parent=2117411"}],"wp:term":[{"taxonomy":"category","embeddable":true,"href":"https:\/\/analyse.optim.biz\/index.php?rest_route=%2Fwp%2Fv2%2Fcategories&post=2117411"},{"taxonomy":"post_tag","embeddable":true,"href":"https:\/\/analyse.optim.biz\/index.php?rest_route=%2Fwp%2Fv2%2Ftags&post=2117411"}],"curies":[{"name":"wp","href":"https:\/\/api.w.org\/{rel}","templated":true}]}}