{"id":2117409,"date":"2026-08-26T16:02:00","date_gmt":"2026-08-26T13:02:00","guid":{"rendered":"https:\/\/analyse.optim.biz\/?p=2117409"},"modified":"2026-08-26T16:02:00","modified_gmt":"2026-08-26T13:02:00","slug":"pieton-accidentat-in-patarlagele","status":"publish","type":"post","link":"https:\/\/analyse.optim.biz\/?p=2117409","title":{"rendered":"Pieton accidentat \u00een P\u0103t\u00e2rlagele"},"content":{"rendered":"<p>[analyse_image type=&#8221;featured&#8221; src=&#8221;https:\/\/opiniabuzau.ro\/wp-content\/uploads\/2022\/11\/accident-pieton.jpg&#8221;]<\/p>\n<div class=\"entry-content entry clearfix\">\n<blockquote>\n<p><strong>Un buzoian \u00een v\u00e2rst\u0103 de 74 de ani a ajuns la spital \u00een urma unui accident produs pe DN10, \u00een P\u0103t\u00e2rlagele.<\/strong><\/p>\n<\/blockquote>\n<p>Din primele date de la fa\u021ba locului a reie\u0219it c\u0103 autovehiculul condus pe direc\u021bia Buz\u0103u c\u0103tre Bra\u0219ov, de un \u0219ofer de 20 de ani, din Prahova, ar fi surprins \u0219i accidentat un pieton, un b\u0103rbat de 74 de ani, din Buz\u0103u.<\/p>\n<p>Pietonul a fost preluat de ambulan\u021b\u0103 pentru \u00eengrijiri medicale.<\/p>\n<\/div>\n<p>[analyse_source url=&#8221;https:\/\/opiniabuzau.ro\/pieton-accidentat-in-patarlagele\/&#8221;]<\/p>\n","protected":false},"excerpt":{"rendered":"<p>[analyse_image type=&#8221;featured&#8221; src=&#8221;https:\/\/opiniabuzau.ro\/wp-content\/uploads\/2022\/11\/accident-pieton.jpg&#8221;] Un buzoian \u00een v\u00e2rst\u0103 de 74 de ani a ajuns la spital \u00een urma unui accident produs pe DN10, \u00een P\u0103t\u00e2rlagele. Din primele date de la fa\u021ba locului a reie\u0219it c\u0103 autovehiculul condus pe direc\u021bia Buz\u0103u c\u0103tre Bra\u0219ov, de un \u0219ofer de 20 de ani, din Prahova, ar fi surprins \u0219i accidentat [&hellip;]<\/p>\n","protected":false},"author":1,"featured_media":0,"comment_status":"open","ping_status":"","sticky":false,"template":"","format":"standard","meta":{"footnotes":""},"categories":[2],"tags":[226,44],"class_list":["post-2117409","post","type-post","status-publish","format-standard","hentry","category-politics","tag-crawlmanager","tag-opiniabuzau-ro"],"_links":{"self":[{"href":"https:\/\/analyse.optim.biz\/index.php?rest_route=\/wp\/v2\/posts\/2117409","targetHints":{"allow":["GET"]}}],"collection":[{"href":"https:\/\/analyse.optim.biz\/index.php?rest_route=\/wp\/v2\/posts"}],"about":[{"href":"https:\/\/analyse.optim.biz\/index.php?rest_route=\/wp\/v2\/types\/post"}],"author":[{"embeddable":true,"href":"https:\/\/analyse.optim.biz\/index.php?rest_route=\/wp\/v2\/users\/1"}],"replies":[{"embeddable":true,"href":"https:\/\/analyse.optim.biz\/index.php?rest_route=%2Fwp%2Fv2%2Fcomments&post=2117409"}],"version-history":[{"count":0,"href":"https:\/\/analyse.optim.biz\/index.php?rest_route=\/wp\/v2\/posts\/2117409\/revisions"}],"wp:attachment":[{"href":"https:\/\/analyse.optim.biz\/index.php?rest_route=%2Fwp%2Fv2%2Fmedia&parent=2117409"}],"wp:term":[{"taxonomy":"category","embeddable":true,"href":"https:\/\/analyse.optim.biz\/index.php?rest_route=%2Fwp%2Fv2%2Fcategories&post=2117409"},{"taxonomy":"post_tag","embeddable":true,"href":"https:\/\/analyse.optim.biz\/index.php?rest_route=%2Fwp%2Fv2%2Ftags&post=2117409"}],"curies":[{"name":"wp","href":"https:\/\/api.w.org\/{rel}","templated":true}]}}