{"id":2117408,"date":"2026-08-26T12:14:51","date_gmt":"2026-08-26T09:14:51","guid":{"rendered":"https:\/\/analyse.optim.biz\/?p=2117408"},"modified":"2026-08-26T12:14:51","modified_gmt":"2026-08-26T09:14:51","slug":"bucurestean-retinut-dupa-ce-a-furat-din-catedrala-arhiepiscopiei","status":"publish","type":"post","link":"https:\/\/analyse.optim.biz\/?p=2117408","title":{"rendered":"Bucure\u0219tean re\u021binut dup\u0103 ce a furat din Catedrala Arhiepiscopiei"},"content":{"rendered":"<p>[analyse_image type=&#8221;featured&#8221; src=&#8221;https:\/\/opiniabuzau.ro\/wp-content\/uploads\/2026\/08\/cf592e01-1136-438c-9826-e4e13c50c771-scaled.webp&#8221;]<\/p>\n<div class=\"entry-content entry clearfix\">\n<blockquote>\n<p class=\"s18\"><span class=\"s12\"><span class=\"bumpedFont15\"><strong>Un b\u0103rbat din Bucure\u0219ti a fost re\u021binut de poli\u021bi\u0219tii buzoieni dup\u0103 ce a furat din Arhiepiscopia Buz\u0103ului \u0219i Vrancei.<\/strong><br \/><\/span><\/span><\/p>\n<\/blockquote>\n<p class=\"s18\"><span class=\"s12\"><span class=\"bumpedFont15\">Concret, \u00een data de 21 august b\u0103rbatul a intrat \u00een l\u0103ca\u0219ul de cult \u0219i, f\u0103r\u0103 ru\u0219ine, a furat din altar o pies\u0103 metalic\u0103 tip sertar, parte component\u0103 a unui obiect bisericesc denumit \u201cSf\u00e2ntul Chivot\u201d.<br \/>\n\u00cen ziua de 25 august, <\/span><\/span><span class=\"s12\"><span class=\"bumpedFont15\">poli\u021bi\u0219tii <\/span><\/span><span class=\"s12\"><span class=\"bumpedFont15\">de la Poli\u021bia municipiului Buz\u0103u, cu sprijinul lupt\u0103torilor din cadrul Serviciul pentru Ac\u021biuni Speciale, <\/span><\/span><span class=\"s12\"><span class=\"bumpedFont15\">au <\/span><\/span><span class=\"s12\"><span class=\"bumpedFont15\">pus \u00een executare un mandat<\/span><\/span><span class=\"s12\"><span class=\"bumpedFont15\">\u00a0de perchezi\u021bie domiciliar\u0103<\/span><\/span><span class=\"s12\"><span class=\"bumpedFont15\"> \u00een Beceni,<\/span><\/span><span class=\"s12\"><span class=\"bumpedFont15\"> la locuin\u021ba unui b\u0103rbat, \u00een v\u00e2rst\u0103 <\/span><\/span><span class=\"s12\"><span class=\"bumpedFont15\">de 53<\/span><\/span><span class=\"s12\"><span class=\"bumpedFont15\"> de ani, din<\/span><\/span><span class=\"s12\"><span class=\"bumpedFont15\">Ilfov<\/span><\/span><span class=\"s12\"><span class=\"bumpedFont15\">, <\/span><\/span><span class=\"s12\"><span class=\"bumpedFont15\">cercetat pentru s\u0103v\u00e2r\u0219irea <\/span><\/span><span class=\"s12\"><span class=\"bumpedFont15\">infrac\u021biunii de furt<\/span><\/span><span class=\"s12\"><span class=\"bumpedFont15\">.<\/span><\/span><\/p>\n<p class=\"s23\"><span class=\"s12\"><span class=\"bumpedFont15\">Ac\u021biunea s-a desf\u0103\u0219urat sub coordonarea Parchetului de pe l\u00e2ng\u0103 Judec\u0103toria<\/span><\/span><span class=\"s12\"><span class=\"bumpedFont15\"> Buz\u0103u, \u00een baza <\/span><\/span><span class=\"s12\"><span class=\"bumpedFont15\">autoriza\u021bi<\/span><\/span><span class=\"s12\"><span class=\"bumpedFont15\">ei <\/span><\/span><span class=\"s12\"><span class=\"bumpedFont15\">emis<\/span><\/span><span class=\"s12\"><span class=\"bumpedFont15\">e<\/span><\/span><span class=\"s12\"><span class=\"bumpedFont15\"> de Judec\u0103toria Buz\u0103u<\/span><\/span><span class=\"s12\"><span class=\"bumpedFont15\">.<\/span><\/span><\/p>\n<p class=\"s18\"><span class=\"s12\"><span class=\"bumpedFont15\">Prejudiciul a fost estimat de reprezentan\u021bii l\u0103ca\u0219ului de cult<\/span><\/span><span class=\"s12\"><span class=\"bumpedFont15\">la <\/span><\/span><span class=\"s12\"><span class=\"bumpedFont15\">10.000<\/span><\/span><span class=\"s12\"><span class=\"bumpedFont15\"> de lei.<\/span><\/span><\/p>\n<p class=\"s23\"><span class=\"s12\"><span class=\"bumpedFont15\">\u00cen urma perchezi\u0163iei, <\/span><\/span><span class=\"s12\"><span class=\"bumpedFont15\">poli\u021bi\u0219tii <\/span><\/span><span class=\"s12\"><span class=\"bumpedFont15\">au descoperit \u0219i au \u00a0ridicat piesa sustras\u0103<\/span><\/span><span class=\"s12\"><span class=\"bumpedFont15\">,<\/span><\/span><span class=\"s12\"><span class=\"bumpedFont15\"> \u00een vederea restituirii<\/span><\/span><span class=\"s12\"><span class=\"bumpedFont15\">.<\/span><\/span><\/p>\n<div class=\"stream-item stream-item-in-post stream-item-inline-post aligncenter\"><a href=\"https:\/\/vreaulanova.ro\/?utm_source=opiniabuzau&amp;utm_medium=image\" title target=\"_blank\"><img loading=\"lazy\" decoding=\"async\" data-od-unknown-tag data-od-xpath=\"\/HTML\/BODY\/DIV[@class=&apos;background-overlay&apos;]\/*[1][self::DIV]\/*[1][self::DIV]\/*[4][self::DIV]\/*[1][self::DIV]\/*[1][self::DIV]\/*[2][self::ARTICLE]\/*[3][self::DIV]\/*[7][self::DIV]\/*[1][self::A]\/*[1][self::IMG]\" src=\"https:\/\/opiniabuzau.ro\/wp-content\/smush-webp\/2022\/02\/MicrosoftTeams-image-4-1.jpg.webp\" alt width=\"728\" height=\"91\" class=\"perfmatters-lazy\"><img loading=\"lazy\" decoding=\"async\" data-od-unknown-tag data-od-xpath=\"\/HTML\/BODY\/DIV[@class=&apos;background-overlay&apos;]\/*[1][self::DIV]\/*[1][self::DIV]\/*[4][self::DIV]\/*[1][self::DIV]\/*[1][self::DIV]\/*[2][self::ARTICLE]\/*[3][self::DIV]\/*[7][self::DIV]\/*[1][self::A]\/*[1][self::IMG]\" src=\"https:\/\/opiniabuzau.ro\/wp-content\/smush-webp\/2022\/02\/MicrosoftTeams-image-4-1.jpg.webp\" alt width=\"728\" height=\"91\"><\/a><\/div>\n<p class=\"s23\"><span class=\"s12\"><span class=\"bumpedFont15\">\u00cen baza mandatului de aducere<\/span><\/span><span class=\"s12\"><span class=\"bumpedFont15\">, <\/span><\/span><span class=\"s12\"><span class=\"bumpedFont15\">persoana cercetat\u0103<\/span><\/span><span class=\"s12\"><span class=\"bumpedFont15\"> a fost condus<\/span><\/span><span class=\"s12\"><span class=\"bumpedFont15\">\u0103<\/span><\/span><span class=\"s12\"><span class=\"bumpedFont15\"> la sediul poli\u021biei pentru audieri.<\/span><\/span><\/p>\n<p class=\"s23\"><span class=\"s12\"><span class=\"bumpedFont15\">Dup\u0103 administrarea probatoriului, b\u0103rbatul a <\/span><\/span><span class=\"s12\"><span class=\"bumpedFont15\">fost re\u021binut pentru 24 de ore pentru furt<\/span><\/span><span class=\"s12\"><span class=\"bumpedFont15\">.<\/span><\/span><\/p>\n<\/div>\n<p>[analyse_source url=&#8221;https:\/\/opiniabuzau.ro\/bucurestean-retinut-dupa-ce-a-furat-din-arhiepiscopie\/&#8221;]<\/p>\n","protected":false},"excerpt":{"rendered":"<p>[analyse_image type=&#8221;featured&#8221; src=&#8221;https:\/\/opiniabuzau.ro\/wp-content\/uploads\/2026\/08\/cf592e01-1136-438c-9826-e4e13c50c771-scaled.webp&#8221;] Un b\u0103rbat din Bucure\u0219ti a fost re\u021binut de poli\u021bi\u0219tii buzoieni dup\u0103 ce a furat din Arhiepiscopia Buz\u0103ului \u0219i Vrancei. Concret, \u00een data de 21 august b\u0103rbatul a intrat \u00een l\u0103ca\u0219ul de cult \u0219i, f\u0103r\u0103 ru\u0219ine, a furat din altar o pies\u0103 metalic\u0103 tip sertar, parte component\u0103 a unui obiect bisericesc denumit \u201cSf\u00e2ntul [&hellip;]<\/p>\n","protected":false},"author":1,"featured_media":0,"comment_status":"open","ping_status":"","sticky":false,"template":"","format":"standard","meta":{"footnotes":""},"categories":[2],"tags":[226,44],"class_list":["post-2117408","post","type-post","status-publish","format-standard","hentry","category-politics","tag-crawlmanager","tag-opiniabuzau-ro"],"_links":{"self":[{"href":"https:\/\/analyse.optim.biz\/index.php?rest_route=\/wp\/v2\/posts\/2117408","targetHints":{"allow":["GET"]}}],"collection":[{"href":"https:\/\/analyse.optim.biz\/index.php?rest_route=\/wp\/v2\/posts"}],"about":[{"href":"https:\/\/analyse.optim.biz\/index.php?rest_route=\/wp\/v2\/types\/post"}],"author":[{"embeddable":true,"href":"https:\/\/analyse.optim.biz\/index.php?rest_route=\/wp\/v2\/users\/1"}],"replies":[{"embeddable":true,"href":"https:\/\/analyse.optim.biz\/index.php?rest_route=%2Fwp%2Fv2%2Fcomments&post=2117408"}],"version-history":[{"count":0,"href":"https:\/\/analyse.optim.biz\/index.php?rest_route=\/wp\/v2\/posts\/2117408\/revisions"}],"wp:attachment":[{"href":"https:\/\/analyse.optim.biz\/index.php?rest_route=%2Fwp%2Fv2%2Fmedia&parent=2117408"}],"wp:term":[{"taxonomy":"category","embeddable":true,"href":"https:\/\/analyse.optim.biz\/index.php?rest_route=%2Fwp%2Fv2%2Fcategories&post=2117408"},{"taxonomy":"post_tag","embeddable":true,"href":"https:\/\/analyse.optim.biz\/index.php?rest_route=%2Fwp%2Fv2%2Ftags&post=2117408"}],"curies":[{"name":"wp","href":"https:\/\/api.w.org\/{rel}","templated":true}]}}