{"id":2117407,"date":"2026-08-26T09:53:39","date_gmt":"2026-08-26T06:53:39","guid":{"rendered":"https:\/\/analyse.optim.biz\/?p=2117407"},"modified":"2026-08-26T09:53:39","modified_gmt":"2026-08-26T06:53:39","slug":"lidl-romania-deschide-un-nou-magazin-in-buzau","status":"publish","type":"post","link":"https:\/\/analyse.optim.biz\/?p=2117407","title":{"rendered":"Lidl Rom\u00e2nia deschide un nou magazin \u00een Buz\u0103u"},"content":{"rendered":"<p>[analyse_image type=&#8221;featured&#8221; src=&#8221;https:\/\/opiniabuzau.ro\/wp-content\/uploads\/2026\/08\/Comunicat-de-presa_Lidl-Romania-deschide-doua-magazine-in-Buzau-si-Craiova-calitate-si-preturi-avantajoase-mai-aproape-de-clienti-scaled.webp&#8221;]<\/p>\n<div class=\"entry-content entry clearfix\">\n<p>\u00a0<\/p>\n<blockquote>\n<p><strong>Joi, 27 august, Lidl Rom\u00e2nia deschide dou\u0103 noi magazine \u00een Buz\u0103u \u0219i Craiova, oferind clien\u021bilor acces la o gam\u0103 variat\u0103 de produse de calitate, la pre\u021buri accesibile.<\/strong><\/p>\n<\/blockquote>\n<p>Noua unitate din ora\u0219ul Buz\u0103u, amplasat\u0103 pe Strada Transilvaniei, nr. 174-176 (\u00een imediata vecin\u0103tate a Romcarbon), are o suprafa\u021b\u0103 de v\u00e2nzare de peste 1.300 mp \u0219i ofer\u0103 clien\u021bilor 112 locuri de parcare. Programul de func\u021bionare al\u00a0 magazinului este de luni p\u00e2n\u0103 s\u00e2mb\u0103t\u0103 \u00eentre orele 7.00 \u0219i 22.00, iar duminica, \u00eentre 8.00 \u0219i 20.00.<\/p>\n<h3><strong>24 noi locuri de munc\u0103 la Buz\u0103u<\/strong><\/h3>\n<p>Magazinele din Craiova \u0219i Buz\u0103u respect\u0103 standardele Lidl Rom\u00e2nia privind eficien\u021ba energetic\u0103 \u0219i sustenabilitatea, fiind dotate cu tehnologii care reduc consumul de resurse \u0219i impactul asupra mediului. Printre acestea se num\u0103r\u0103 sistemul de iluminat LED cu senzor de prezen\u021b\u0103 \u0219i sistemele de recuperare a c\u0103ldurii integrate \u00een instala\u021biile de climatizare, standarde prin care Lidl \u00ee\u0219i reafirm\u0103 angajamentul de a proteja mediul pentru genera\u021biile viitoare \u0219i de a contribui la o via\u021b\u0103 mai bun\u0103.<\/p>\n<p>Prin aceste investi\u021bii, Lidl \u00ee\u0219i consolideaz\u0103 prezen\u021ba \u00een ora\u0219ele Craiova \u0219i Buz\u0103u \u0219i continu\u0103 s\u0103 sus\u021bin\u0103 dezvoltarea comunit\u0103\u021bilor locale, at\u00e2t prin crearea de noi locuri de munc\u0103, c\u00e2t \u0219i prin colabor\u0103rile cu produc\u0103tori \u0219i furnizori rom\u00e2ni. Totodat\u0103, retailerul r\u0103m\u00e2ne un partener de \u00eencredere pentru cump\u0103r\u0103turile de zi cu zi, oferind constant produse de calitate la pre\u021buri avantajoase, \u00eentr-un spa\u021biu modern, adaptat nevoilor clien\u021bilor.<\/p>\n<div class=\"stream-item stream-item-in-post stream-item-inline-post aligncenter\"><a href=\"https:\/\/vreaulanova.ro\/?utm_source=opiniabuzau&amp;utm_medium=image\" title target=\"_blank\"><img loading=\"lazy\" decoding=\"async\" data-od-unknown-tag data-od-xpath=\"\/HTML\/BODY\/DIV[@class=&apos;background-overlay&apos;]\/*[1][self::DIV]\/*[1][self::DIV]\/*[4][self::DIV]\/*[1][self::DIV]\/*[1][self::DIV]\/*[2][self::ARTICLE]\/*[3][self::DIV]\/*[8][self::DIV]\/*[1][self::A]\/*[1][self::IMG]\" src=\"https:\/\/opiniabuzau.ro\/wp-content\/smush-webp\/2022\/02\/MicrosoftTeams-image-4-1.jpg.webp\" alt width=\"728\" height=\"91\" class=\"perfmatters-lazy\"><img loading=\"lazy\" decoding=\"async\" data-od-unknown-tag data-od-xpath=\"\/HTML\/BODY\/DIV[@class=&apos;background-overlay&apos;]\/*[1][self::DIV]\/*[1][self::DIV]\/*[4][self::DIV]\/*[1][self::DIV]\/*[1][self::DIV]\/*[2][self::ARTICLE]\/*[3][self::DIV]\/*[8][self::DIV]\/*[1][self::A]\/*[1][self::IMG]\" src=\"https:\/\/opiniabuzau.ro\/wp-content\/smush-webp\/2022\/02\/MicrosoftTeams-image-4-1.jpg.webp\" alt width=\"728\" height=\"91\"><\/a><\/div>\n<p>\u00cen prezent, Lidl are peste 395.000 de angaja\u021bi, dintre care peste 14.000 \u00een Rom\u00e2nia, unde retailerul german are deschise peste 400 de magazine \u0219i \u0219ase centre logistice.<\/p>\n<\/div>\n<p>[analyse_source url=&#8221;https:\/\/opiniabuzau.ro\/lidl-romania-deschide-un-nou-magazin-in-buzau\/&#8221;]<\/p>\n","protected":false},"excerpt":{"rendered":"<p>[analyse_image type=&#8221;featured&#8221; src=&#8221;https:\/\/opiniabuzau.ro\/wp-content\/uploads\/2026\/08\/Comunicat-de-presa_Lidl-Romania-deschide-doua-magazine-in-Buzau-si-Craiova-calitate-si-preturi-avantajoase-mai-aproape-de-clienti-scaled.webp&#8221;] \u00a0 Joi, 27 august, Lidl Rom\u00e2nia deschide dou\u0103 noi magazine \u00een Buz\u0103u \u0219i Craiova, oferind clien\u021bilor acces la o gam\u0103 variat\u0103 de produse de calitate, la pre\u021buri accesibile. Noua unitate din ora\u0219ul Buz\u0103u, amplasat\u0103 pe Strada Transilvaniei, nr. 174-176 (\u00een imediata vecin\u0103tate a Romcarbon), are o suprafa\u021b\u0103 de v\u00e2nzare de peste 1.300 [&hellip;]<\/p>\n","protected":false},"author":1,"featured_media":0,"comment_status":"open","ping_status":"","sticky":false,"template":"","format":"standard","meta":{"footnotes":""},"categories":[2],"tags":[226,44],"class_list":["post-2117407","post","type-post","status-publish","format-standard","hentry","category-politics","tag-crawlmanager","tag-opiniabuzau-ro"],"_links":{"self":[{"href":"https:\/\/analyse.optim.biz\/index.php?rest_route=\/wp\/v2\/posts\/2117407","targetHints":{"allow":["GET"]}}],"collection":[{"href":"https:\/\/analyse.optim.biz\/index.php?rest_route=\/wp\/v2\/posts"}],"about":[{"href":"https:\/\/analyse.optim.biz\/index.php?rest_route=\/wp\/v2\/types\/post"}],"author":[{"embeddable":true,"href":"https:\/\/analyse.optim.biz\/index.php?rest_route=\/wp\/v2\/users\/1"}],"replies":[{"embeddable":true,"href":"https:\/\/analyse.optim.biz\/index.php?rest_route=%2Fwp%2Fv2%2Fcomments&post=2117407"}],"version-history":[{"count":0,"href":"https:\/\/analyse.optim.biz\/index.php?rest_route=\/wp\/v2\/posts\/2117407\/revisions"}],"wp:attachment":[{"href":"https:\/\/analyse.optim.biz\/index.php?rest_route=%2Fwp%2Fv2%2Fmedia&parent=2117407"}],"wp:term":[{"taxonomy":"category","embeddable":true,"href":"https:\/\/analyse.optim.biz\/index.php?rest_route=%2Fwp%2Fv2%2Fcategories&post=2117407"},{"taxonomy":"post_tag","embeddable":true,"href":"https:\/\/analyse.optim.biz\/index.php?rest_route=%2Fwp%2Fv2%2Ftags&post=2117407"}],"curies":[{"name":"wp","href":"https:\/\/api.w.org\/{rel}","templated":true}]}}