{"id":2117406,"date":"2026-08-26T06:27:20","date_gmt":"2026-08-26T03:27:20","guid":{"rendered":"https:\/\/analyse.optim.biz\/?p=2117406"},"modified":"2026-08-26T06:27:20","modified_gmt":"2026-08-26T03:27:20","slug":"zona-de-munte-a-judetului-sub-cod-galben-de-ploi","status":"publish","type":"post","link":"https:\/\/analyse.optim.biz\/?p=2117406","title":{"rendered":"Zona de munte a jude\u021bului, sub Cod galben de ploi"},"content":{"rendered":"<p>[analyse_image type=&#8221;featured&#8221; src=&#8221;https:\/\/opiniabuzau.ro\/wp-content\/uploads\/2024\/06\/Cod-galben-de-vijelii-grindina-si-ploi-torentiale.-Vremea-se-schimba-brusc-in-Romania-1024&#215;683-1.webp&#8221;]<\/p>\n<div class=\"entry-content entry clearfix\">\n<blockquote>\n<p><strong>Administra\u021bia Na\u021bional\u0103 de Meteorologie (ANM) a emis o aten\u021bionare Cod galben de instabilitate atmosferic\u0103 pentru cea mai mare parte a zonei montane.\u00a0<\/strong><\/p>\n<\/blockquote>\n<p><span lang=\"RO\">Ast\u0103zi, 26 august, \u00een intervalul orar 8.00 \u2013 23.00, \u00een jum\u0103tatea de nord a Moldovei \u0219i \u00een cea mai mare parte a zonei montane vor fi perioade cu instabilitate atmosferic\u0103 ce se va manifesta prin averse toren\u021biale \u00eensemnate cantitativ, desc\u0103rc\u0103ri electrice, intensific\u0103ri ale v\u00e2ntului \u0219i izolat vijelii (rafale de 50\u202670 km\/h) \u0219i grindin\u0103 de mici \u0219i posibil medii dimensiuni (1\u20263 cm). \u00cen intervale scurte de timp (1\u20263 ore) \u0219i prin acumulare cantit\u0103\u021bile de ap\u0103 vor fi de 15\u202620 l\/mp \u0219i pe arii restr\u00e2nse de peste 30\u202640 l\/mp, transmit meteorologii.\u00a0<\/span><\/p>\n<\/div>\n<p>[analyse_source url=&#8221;https:\/\/opiniabuzau.ro\/zona-de-munte-a-judetului-sub-cod-galben-de-ploi\/&#8221;]<\/p>\n","protected":false},"excerpt":{"rendered":"<p>[analyse_image type=&#8221;featured&#8221; src=&#8221;https:\/\/opiniabuzau.ro\/wp-content\/uploads\/2024\/06\/Cod-galben-de-vijelii-grindina-si-ploi-torentiale.-Vremea-se-schimba-brusc-in-Romania-1024&#215;683-1.webp&#8221;] Administra\u021bia Na\u021bional\u0103 de Meteorologie (ANM) a emis o aten\u021bionare Cod galben de instabilitate atmosferic\u0103 pentru cea mai mare parte a zonei montane.\u00a0 Ast\u0103zi, 26 august, \u00een intervalul orar 8.00 \u2013 23.00, \u00een jum\u0103tatea de nord a Moldovei \u0219i \u00een cea mai mare parte a zonei montane vor fi perioade cu instabilitate atmosferic\u0103 [&hellip;]<\/p>\n","protected":false},"author":1,"featured_media":0,"comment_status":"open","ping_status":"","sticky":false,"template":"","format":"standard","meta":{"footnotes":""},"categories":[2],"tags":[226,44],"class_list":["post-2117406","post","type-post","status-publish","format-standard","hentry","category-politics","tag-crawlmanager","tag-opiniabuzau-ro"],"_links":{"self":[{"href":"https:\/\/analyse.optim.biz\/index.php?rest_route=\/wp\/v2\/posts\/2117406","targetHints":{"allow":["GET"]}}],"collection":[{"href":"https:\/\/analyse.optim.biz\/index.php?rest_route=\/wp\/v2\/posts"}],"about":[{"href":"https:\/\/analyse.optim.biz\/index.php?rest_route=\/wp\/v2\/types\/post"}],"author":[{"embeddable":true,"href":"https:\/\/analyse.optim.biz\/index.php?rest_route=\/wp\/v2\/users\/1"}],"replies":[{"embeddable":true,"href":"https:\/\/analyse.optim.biz\/index.php?rest_route=%2Fwp%2Fv2%2Fcomments&post=2117406"}],"version-history":[{"count":0,"href":"https:\/\/analyse.optim.biz\/index.php?rest_route=\/wp\/v2\/posts\/2117406\/revisions"}],"wp:attachment":[{"href":"https:\/\/analyse.optim.biz\/index.php?rest_route=%2Fwp%2Fv2%2Fmedia&parent=2117406"}],"wp:term":[{"taxonomy":"category","embeddable":true,"href":"https:\/\/analyse.optim.biz\/index.php?rest_route=%2Fwp%2Fv2%2Fcategories&post=2117406"},{"taxonomy":"post_tag","embeddable":true,"href":"https:\/\/analyse.optim.biz\/index.php?rest_route=%2Fwp%2Fv2%2Ftags&post=2117406"}],"curies":[{"name":"wp","href":"https:\/\/api.w.org\/{rel}","templated":true}]}}