{"id":2117404,"date":"2026-08-25T21:01:44","date_gmt":"2026-08-25T18:01:44","guid":{"rendered":"https:\/\/analyse.optim.biz\/?p=2117404"},"modified":"2026-08-25T21:01:44","modified_gmt":"2026-08-25T18:01:44","slug":"26-august-2026","status":"publish","type":"post","link":"https:\/\/analyse.optim.biz\/?p=2117404","title":{"rendered":"26 august 2026"},"content":{"rendered":"<p>[analyse_image type=&#8221;featured&#8221; src=&#8221;https:\/\/opiniabuzau.ro\/wp-content\/uploads\/2025\/12\/Calendarul-Zilei-scaled.webp&#8221;]<\/p>\n<div class=\"entry-content entry clearfix\">\n<blockquote>\n<p><strong>Cre\u0219tinii ortodoc\u0219i \u00eei pomenesc pe <span>Sfin\u021bii Adrian \u0219i Natalia<\/span>, iar credincio\u0219ii romano-catolici \u00eei comemoreaz\u0103 pe <span>Fericita Veronica Antal, fecioar\u0103 martir\u0103<\/span>, pe <span>Sf\u00e2nta Ioana, fecioar\u0103<\/span>, \u0219i pe <span>Sf\u00e2ntul Melchisedec, rege<\/span>.<\/strong><\/p>\n<\/blockquote>\n<ul>\n<li>1834 \u2013 A fost prezentat\u0103 la Ia\u015fi (pentru celebrarea \u00eencoron\u0103rii domnului Mihai Sturdza) piesa \u201eDrago\u015f, \u00eent\u00e2iul domn suveran al Moldovei\u201d de Gheorghe Asachi, pe muzic\u0103 de Elena Asachi; a fost prima lucrare dramatic\u0103 rom\u00e2neasc\u0103 inspirat\u0103 din istoria na\u0163ional\u0103.<\/li>\n<li>1870 \u2013 A fost inaugurat\u0103 gara din Cluj-Napoca pe linia de cale ferat\u0103 Oradea \u2013 Cluj \u2013 Bra\u015fov, construit\u0103 \u00eentre 1867-1873. (26 aug.\/7 sept.)<\/li>\n<li>1876 \u2013 S-a n\u0103scut medicul Marius Sturza, membru de onoare al Academiei Rom\u00e2ne. (m. 26 iul. 1954) (150 de ani)<\/li>\n<li>1886 \u2013 S-a n\u0103scut medicul \u015fi scriitorul Alexandru D. R\u0103dulescu, membru titular al Academiei Rom\u00e2ne. (m. 11 apr. 1979) (140 de ani)<\/li>\n<li>1894 \u2013 S-a n\u0103scut actri\u0163a Aura Buzescu. (m. 22 dec. 1992)<\/li>\n<li>1907 \u2013 A murit Iosif Vulcan, publicist \u015fi scriitor ardelean, editor al revistei \u201eFamilia\u201d, \u00een care \u015fi-a f\u0103cut debutul literar, printre al\u0163ii, poetul Mihai Eminescu. (26 aug.\/8 sept.) (n. 19\/31 mart. 1841)<\/li>\n<li>1922 \u2013 A murit Ilarion (Bucur) Pu\u015fcariu, arhiereu, pedagog \u015fi istoric, membru de onoare al Academiei Rom\u00e2ne. (n. 5 sept. 1842) (m. 26 aug.\/8 sept.)<\/li>\n<li>1926 \u2013 S-a n\u0103scut actorul Teodor Danetti. (m. 16 ian. 2016) (100 de ani)<\/li>\n<li>1934 \u2013 S-a n\u0103scut poetul \u015fi prozatorul Leonida Neam\u0163u. (m. 25 oct. 1992)<\/li>\n<li>1940 \u2013 S-a n\u0103scut regizorul Nicolae Scarlat. (m. 18 iul. 2023)<\/li>\n<li>1940 \u2013 S-a n\u0103scut inginerul Ioan Dumitrache, membru titular al Academiei Rom\u00e2ne (2017).<\/li>\n<li>1947 \u2013 S-a n\u0103scut Nicolae Dobrin, considerat unul dintre cei mai mari fotbali\u015fti rom\u00e2ni. (m. 26 oct. 2007)<\/li>\n<li>1953 \u2013 S-a n\u0103scut Ion Simu\u0163, critic \u015fi istoric literar.<\/li>\n<li>1955 \u2013 S-a n\u0103scut Emil Hurezeanu, poet \u015fi eseist, fost director al redac\u0163iei rom\u00e2ne\u015fti de la posturile de radio \u201eEuropa Liber\u0103\u201d \u015fi \u201eDeutche Welle\u201d; ambasador al Rom\u00e2niei \u00een Germania (2015-2021) \u015fi ambasador al Rom\u00e2niei \u00een Austria (2021-2024); ministru al Afacerilor Externe (23 dec. 2024 \u2013 iun. 2025).<\/li>\n<li>1972 \u2013 Sportivii rom\u00e2ni au ocupat locul al XII-lea \u00een clasamentul neoficial pe na\u0163iuni, la cea de-a XX-a edi\u0163ie a Jocurilor olimpice de var\u0103 de la M\u00fcnchen (Germania) \u015fi au ob\u0163inut trei medalii de aur, \u015fase de argint \u015fi \u015fapte de bronz. (26 aug. \u2013 11 sept.)<\/li>\n<li>1975 \u2013 A murit entomologul Grigore Eliescu, membru corespondent al Academiei Rom\u00e2ne (1 nov. 1948). (n. 25 ian. 1898)<\/li>\n<li>1988 \u2013 S-a n\u0103scut Cristina Neagu, juc\u0103toare profesionist\u0103 de handbal, desemnat\u0103 \u00een mai multe r\u00e2nduri cea mai bun\u0103 handbalist\u0103 a lumii.<\/li>\n<li>1993 \u2013 Vizita \u00een Rom\u00e2nia a secretarului general al Consiliului Europei, Catherine Lalumi\u00e8re. (26-28)<\/li>\n<li>2014 \u2013 Andreea Chi\u0163u a cucerit medalia de argint, la categoria 52 kg, la Mondialele de Judo de la Celiabinsk, Rusia.<\/li>\n<li>2015 \u2013 Sportiva Corina C\u0103prioriu a cucerit medalia de argint la Campionatele Mondiale de judo de la Astana, Kazahstan.<\/li>\n<li>2026 \u2013 Festivalul Intercultural ProEtnica, edi\u021bia a XXII-a, organizat sub \u00cenaltul Patronaj al Pre\u0219edintelui Rom\u00e2niei. (Cetatea Medieval\u0103 din Sighi\u015foara, 26-30)<\/li>\n<\/ul>\n<h3>Marea Britanie<\/h3>\n<ul>\n<li>1916 \u2013 S-a n\u0103scut compozitorul \u015fi muzicologul Humphrey Searle, care a compus opere \u00eentr-un act, muzic\u0103 pentru balet, de camer\u0103, vocal\u0103, precum \u015fi muzic\u0103 simfonic\u0103. (m. 12 mai 1982) (110 ani)<\/li>\n<li>1946 \u2013 S-a n\u0103scut Alison Steadman, actri\u0163\u0103, care a primit Premiul Societ\u0103\u0163ii Na\u0163ionale a Criticilor de Film pentru cea mai bun\u0103 actri\u0163\u0103 (1991), din filmul lui Mike Leigh, \u201eLife Is Sweet\u201d, Premiul Olivier pentru cea mai bun\u0103 actri\u0163\u0103 (1993), pentru rolul Mari din \u201eThe Rise and Fall of Little Voice\u201d. (80 de ani)<\/li>\n<\/ul>\n<h3>Mexic<\/h3>\n<ul>\n<li>1971 \u2013 S-a n\u0103scut actri\u0163a \u015fi c\u00e2nt\u0103rea\u0163a Thalia, ambasador al UNICEF \u00een Mexic (din 8 iulie 2016). (55 de ani)<\/li>\n<\/ul>\n<h3>SUA<\/h3>\n<ul>\n<li>1906 \u2013 S-a n\u0103scut virusologul Albert Bruce Sabin. \u00cempreun\u0103 cu J.E. Salk, a preparat vaccinul cu administrare oral\u0103 \u00eempotriva poliomielitei. (m. 3 mart. 1993) (120 de ani)<\/li>\n<li>1956 \u2013 S-a n\u0103scut Brett Cullen, actor cunoscut pentru rolurile din \u201eGhost Rider\u201d (2007), \u201eJoker\u201d (2019), \u201eThe Dark Knight Rises\u201d (2012). (70 de ani)<\/li>\n<\/ul>\n<h3>Interna\u0163ionale<\/h3>\n<ul>\n<li>1541 \u2013 Sultanul Suleiman I, conduc\u0103torul Imperiului Otoman, a cucerit ora\u015ful Buda \u015fi a transformat Ungaria \u00een pa\u015fal\u00e2c. (485 de ani)<\/li>\n<\/ul>\n<\/div>\n<p>[analyse_source url=&#8221;https:\/\/opiniabuzau.ro\/26-august-2026\/&#8221;]<\/p>\n","protected":false},"excerpt":{"rendered":"<p>[analyse_image type=&#8221;featured&#8221; src=&#8221;https:\/\/opiniabuzau.ro\/wp-content\/uploads\/2025\/12\/Calendarul-Zilei-scaled.webp&#8221;] Cre\u0219tinii ortodoc\u0219i \u00eei pomenesc pe Sfin\u021bii Adrian \u0219i Natalia, iar credincio\u0219ii romano-catolici \u00eei comemoreaz\u0103 pe Fericita Veronica Antal, fecioar\u0103 martir\u0103, pe Sf\u00e2nta Ioana, fecioar\u0103, \u0219i pe Sf\u00e2ntul Melchisedec, rege. 1834 \u2013 A fost prezentat\u0103 la Ia\u015fi (pentru celebrarea \u00eencoron\u0103rii domnului Mihai Sturdza) piesa \u201eDrago\u015f, \u00eent\u00e2iul domn suveran al Moldovei\u201d de Gheorghe Asachi, [&hellip;]<\/p>\n","protected":false},"author":1,"featured_media":0,"comment_status":"open","ping_status":"","sticky":false,"template":"","format":"standard","meta":{"footnotes":""},"categories":[2],"tags":[226,44],"class_list":["post-2117404","post","type-post","status-publish","format-standard","hentry","category-politics","tag-crawlmanager","tag-opiniabuzau-ro"],"_links":{"self":[{"href":"https:\/\/analyse.optim.biz\/index.php?rest_route=\/wp\/v2\/posts\/2117404","targetHints":{"allow":["GET"]}}],"collection":[{"href":"https:\/\/analyse.optim.biz\/index.php?rest_route=\/wp\/v2\/posts"}],"about":[{"href":"https:\/\/analyse.optim.biz\/index.php?rest_route=\/wp\/v2\/types\/post"}],"author":[{"embeddable":true,"href":"https:\/\/analyse.optim.biz\/index.php?rest_route=\/wp\/v2\/users\/1"}],"replies":[{"embeddable":true,"href":"https:\/\/analyse.optim.biz\/index.php?rest_route=%2Fwp%2Fv2%2Fcomments&post=2117404"}],"version-history":[{"count":0,"href":"https:\/\/analyse.optim.biz\/index.php?rest_route=\/wp\/v2\/posts\/2117404\/revisions"}],"wp:attachment":[{"href":"https:\/\/analyse.optim.biz\/index.php?rest_route=%2Fwp%2Fv2%2Fmedia&parent=2117404"}],"wp:term":[{"taxonomy":"category","embeddable":true,"href":"https:\/\/analyse.optim.biz\/index.php?rest_route=%2Fwp%2Fv2%2Fcategories&post=2117404"},{"taxonomy":"post_tag","embeddable":true,"href":"https:\/\/analyse.optim.biz\/index.php?rest_route=%2Fwp%2Fv2%2Ftags&post=2117404"}],"curies":[{"name":"wp","href":"https:\/\/api.w.org\/{rel}","templated":true}]}}