{"id":2117402,"date":"2026-08-28T21:01:21","date_gmt":"2026-08-28T18:01:21","guid":{"rendered":"https:\/\/analyse.optim.biz\/?p=2117402"},"modified":"2026-08-28T21:01:21","modified_gmt":"2026-08-28T18:01:21","slug":"29-august-2026","status":"publish","type":"post","link":"https:\/\/analyse.optim.biz\/?p=2117402","title":{"rendered":"29 august 2026"},"content":{"rendered":"<p>[analyse_image type=&#8221;featured&#8221; src=&#8221;https:\/\/opiniabuzau.ro\/wp-content\/uploads\/2025\/12\/Calendarul-Zilei-scaled.webp&#8221;]<\/p>\n<div class=\"entry-content entry clearfix\">\n<blockquote>\n<p><strong>Cre\u0219tinii ortodoc\u0219i comemoreaz\u0103 <span>T\u0103ierea capului Sf\u00e2ntului Ioan Botez\u0103torul<\/span>, iar credincio\u0219ii romano-catolici marcheaz\u0103 <span>Martiriul Sf\u00e2ntului Ioan Botez\u0103torul<\/span> \u0219i o comemoreaz\u0103 pe <span>Sf\u00e2nta Sabina, martir\u0103<\/span>.<\/strong><\/p>\n<\/blockquote>\n<ul>\n<li>1829 \u2013 S-a n\u0103scut mitropolitul ortodox Iosif Gheorghian, membru de onoare al Academiei Rom\u00e2ne. (m. 24 ian. 1909)<\/li>\n<li>1832 \u2013 S-a n\u0103scut Neculai Culianu, matematician \u015fi astronom, membru corespondent al Academiei Rom\u00e2ne (1 apr. 1889). (m. 28 nov. 1915)<\/li>\n<li>1848 \u2013 Adunarea de protest de la Orlat (l\u00e2ng\u0103 Sibiu) \u00eempotriva \u201euniunii\u201d Transilvaniei cu Ungaria. (29 aug.\/10 sept. \u2013 30 aug.\/11 sept.)<\/li>\n<li>1938 \u2013 S-a n\u0103scut Dumitru Abrudan, teolog, profesor universitar. (m. 9 aug. 2024)<\/li>\n<li>1940 \u2013 S-a n\u0103scut prof. univ. dr. Alexandru-Vladimir Ciurea, neurochirurg, membru de onoare al Academiei Rom\u00e2ne (din 2022).<\/li>\n<li>1943 \u2013 S-a n\u0103scut Petre Magdin, compozitor, publicist, instrumentist, \u015fef de orchestr\u0103.<\/li>\n<li>1944 \u2013 A murit inginerul \u015fi colec\u0163ionarul Constantin C. Orghidan, membru de onoare al Academiei Rom\u00e2ne. (n. 22 iun. 1874)<\/li>\n<li>1945 \u2013 A murit actorul Constantin T\u0103nase. (n. 5 iul. 1880)<\/li>\n<li>1952 \u2013 S-a n\u0103scut Ilinca Dumitrescu, pianist-concertist, muzicolog.<\/li>\n<li>1954 \u2013 S-a n\u0103scut p\u0103rintele profesor George Remete, cadru didactic universitar la Facultatea de Teologie Ortodox\u0103 din Alba Iulia (1992-2019), membru corespondent al Academiei Rom\u00e2ne, Sec\u021bia de filosofie, teologie, psihologie \u0219i pedagogie (2025).<\/li>\n<li>1961 \u2013 A murit poetul George M\u0103rg\u0103rit. (n. 27 ian. 1923) (65 de ani)<\/li>\n<li>1971 \u2013 A murit juristul Anibal Teodorescu, membru corespondent al Academiei Rom\u00e2ne. (n. 21 febr. 1881) (55 de ani)<\/li>\n<li>1975 \u2013 A murit prozatorul Theodor Constantin. (n. 21 nov. 1910)<\/li>\n<li>1998 \u2013 Centrul Interna\u0163ional Ecumenic a inaugurat, la Vulcana-B\u0103i (jud. D\u00e2mbovi\u0163a), primul Complex interreligios din Rom\u00e2nia, care cuprinde l\u0103ca\u015furi simbolice de cult, reprezent\u00e2nd religiile interna\u0163ionale existente \u00een Rom\u00e2nia: cre\u015ftinismul, mozaismul \u015fi islamismul.<\/li>\n<li>2005 \u2013 A murit Antonie Pl\u0103m\u0103deal\u0103, arhiepiscop al Sibiului \u015fi mitropolit al Ardealului, Cri\u015fanei \u015fi Maramure\u015fului. (n. 17 nov. 1926)<\/li>\n<li>2005 \u2013 A murit Radu Anton Roman, scriitor, traduc\u0103tor \u015fi realizator de emisiuni TV. (n. 19 aug. 1948)<\/li>\n<li>2007 \u2013 La M\u0103n\u0103stirea Secu, din jude\u0163ul Neam\u0163, a avut loc canonizarea mitropolitului Varlaam, la ceremonie fiind prezent \u015fi pre\u015fedintele Rom\u00e2niei, Traian B\u0103sescu.<\/li>\n<li>2016 \u2013 A murit romancierul \u015fi scenaristul George \u015eovu. (n. 30 ian. 1931) (10 ani)<\/li>\n<\/ul>\n<h3>Bulgaria<\/h3>\n<ul>\n<li>2006 \u2013 Parlamentul bulgar a decis deschiderea definitiv\u0103 a dosarelor serviciilor secrete comuniste, proces \u00eentrerupt \u00een 2002, dup\u0103 ce legisla\u0163ia din 1997 a permis accesul la o serie de dosare. (20 de ani)<\/li>\n<\/ul>\n<h3>Fran\u0163a<\/h3>\n<ul>\n<li>1871 \u2013 S-a n\u0103scut omul politic Albert Lebrun, cel de-al 14-lea pre\u015fedinte al Fran\u0163ei (1932-1940), ultimul pre\u015fedinte al celei de-a treia Republici franceze. (m. 6 mart. 1950) (155 de ani)<\/li>\n<li>1936 \u2013 S-a n\u0103scut Gilbert Amy, compozitor, dirijor \u015fi pedagog, cunoscut pentru contribu\u021biile sale la muzica clasic\u0103 contemporan\u0103 \u0219i pentru conducerea unor importante institu\u021bii muzicale franceze. (90 de ani)<\/li>\n<\/ul>\n<h3>Marea Britanie<\/h3>\n<ul>\n<li>1831 \u2013 Fizicianul \u015fi chimistul Michael Faraday (n. 22 sept. 1791-m. 25 aug. 1867) a descoperit induc\u0163ia electromagnetic\u0103. (195 de ani)<\/li>\n<\/ul>\n<h3>SUA<\/h3>\n<ul>\n<li>1966 \u2013 Ultimul concert oficial al grupului britanic Beatles la San Francisco, dup\u0103 care membrii trupei au c\u0103zut de acord s\u0103 nu mai organizeze turnee. (60 de ani)<\/li>\n<li>2016 \u2013 A murit Gene Wilder, actor, scriitor \u015fi cineast, interpretul de neuitat al personajului Willy Wonka din pelicula \u201eWilly Wonka &amp; the Chocolate Factory\u201d (1971), nominalizat de dou\u0103 ori la Oscar. (n. 11 iun. 1933) (10 ani)<\/li>\n<\/ul>\n<h3>Interna\u0163ionale<\/h3>\n<ul>\n<li>1521 \u2013 Otomanii au cucerit Belgradul. (505 ani)<\/li>\n<li>1526 \u2013 A avut loc b\u0103t\u0103lia de la Moh\u00e1cs, \u00een care turcii condu\u015fi de Soliman Magnificul au zdrobit armata ungar\u0103, regele Ungariei, Ludovic al II-lea (1516-1526), fiind ucis \u00een lupt\u0103. (500 de ani)<\/li>\n<li>1921 \u2013 SUA, care au refuzat s\u0103 ratifice Tratatul de la Trianon (4 iunie 1920), au semnat un tratat separat cu Ungaria, ratificat de senatul american \u00een octombrie 1921. (105 ani)<\/li>\n<li>2026 \u2013 Ziua interna\u0163ional\u0103 \u00eempotriva testelor nucleare (ONU)<\/li>\n<\/ul>\n<\/div>\n<p>[analyse_source url=&#8221;https:\/\/opiniabuzau.ro\/29-august-2026\/&#8221;]<\/p>\n","protected":false},"excerpt":{"rendered":"<p>[analyse_image type=&#8221;featured&#8221; src=&#8221;https:\/\/opiniabuzau.ro\/wp-content\/uploads\/2025\/12\/Calendarul-Zilei-scaled.webp&#8221;] Cre\u0219tinii ortodoc\u0219i comemoreaz\u0103 T\u0103ierea capului Sf\u00e2ntului Ioan Botez\u0103torul, iar credincio\u0219ii romano-catolici marcheaz\u0103 Martiriul Sf\u00e2ntului Ioan Botez\u0103torul \u0219i o comemoreaz\u0103 pe Sf\u00e2nta Sabina, martir\u0103. 1829 \u2013 S-a n\u0103scut mitropolitul ortodox Iosif Gheorghian, membru de onoare al Academiei Rom\u00e2ne. (m. 24 ian. 1909) 1832 \u2013 S-a n\u0103scut Neculai Culianu, matematician \u015fi astronom, membru corespondent [&hellip;]<\/p>\n","protected":false},"author":1,"featured_media":0,"comment_status":"open","ping_status":"","sticky":false,"template":"","format":"standard","meta":{"footnotes":""},"categories":[2],"tags":[226,44],"class_list":["post-2117402","post","type-post","status-publish","format-standard","hentry","category-politics","tag-crawlmanager","tag-opiniabuzau-ro"],"_links":{"self":[{"href":"https:\/\/analyse.optim.biz\/index.php?rest_route=\/wp\/v2\/posts\/2117402","targetHints":{"allow":["GET"]}}],"collection":[{"href":"https:\/\/analyse.optim.biz\/index.php?rest_route=\/wp\/v2\/posts"}],"about":[{"href":"https:\/\/analyse.optim.biz\/index.php?rest_route=\/wp\/v2\/types\/post"}],"author":[{"embeddable":true,"href":"https:\/\/analyse.optim.biz\/index.php?rest_route=\/wp\/v2\/users\/1"}],"replies":[{"embeddable":true,"href":"https:\/\/analyse.optim.biz\/index.php?rest_route=%2Fwp%2Fv2%2Fcomments&post=2117402"}],"version-history":[{"count":0,"href":"https:\/\/analyse.optim.biz\/index.php?rest_route=\/wp\/v2\/posts\/2117402\/revisions"}],"wp:attachment":[{"href":"https:\/\/analyse.optim.biz\/index.php?rest_route=%2Fwp%2Fv2%2Fmedia&parent=2117402"}],"wp:term":[{"taxonomy":"category","embeddable":true,"href":"https:\/\/analyse.optim.biz\/index.php?rest_route=%2Fwp%2Fv2%2Fcategories&post=2117402"},{"taxonomy":"post_tag","embeddable":true,"href":"https:\/\/analyse.optim.biz\/index.php?rest_route=%2Fwp%2Fv2%2Ftags&post=2117402"}],"curies":[{"name":"wp","href":"https:\/\/api.w.org\/{rel}","templated":true}]}}