{"id":2117398,"date":"2026-08-28T16:23:55","date_gmt":"2026-08-28T13:23:55","guid":{"rendered":"https:\/\/analyse.optim.biz\/?p=2117398"},"modified":"2026-08-28T16:23:55","modified_gmt":"2026-08-28T13:23:55","slug":"ill-probably-need-a-season-where-i-spend-more-time-on-the-mountain-bike-mathieu-van-der-poel-realistic-ahead-of-the-uci-mountain-bike-world-championships","status":"publish","type":"post","link":"https:\/\/analyse.optim.biz\/?p=2117398","title":{"rendered":"&#8216;I\u2019ll probably need a season where I spend more time on the mountain bike&#8217; &#8211; Mathieu van der Poel realistic ahead of the UCI Mountain Bike World Championships"},"content":{"rendered":"<p>[analyse_image type=&#8221;featured&#8221; src=&#8221;https:\/\/cdn.mos.cms.futurecdn.net\/urUeDCWicNVcKCHSxJU4wY-1024-80.jpg&#8221;]<\/p>\n<article class=\"m-0 box-border flex flex-row items-center pr-2.5 gap-[15px] w-[278px] h-20 flex-none upnext-article-divider\" role=\"listitem\" aria-label=\"Recommended article 1 of 3\">\n<div class=\"relative flex-none w-20 h-20\">\n    <source type=\"image\/webp\" srcset=\"https:\/\/cdn.mos.cms.futurecdn.net\/GbTwR8dgcxzbfFRYVG2iLh-160-80.jpg.webp 160w, https:\/\/cdn.mos.cms.futurecdn.net\/GbTwR8dgcxzbfFRYVG2iLh-80-80.jpg.webp 80w\" sizes=\"80px\" \/><\/p>\n<div class=\"flex items-center justify-center absolute w-4 h-6 left-0 top-0 bg-white\/90 flex-none z-[1]\" aria-hidden=\"true\"><span class=\"font-normal text-base leading-[17px] tracking-[1.3px] uppercase text-black flex-none\">1<\/span><\/div>\n<\/div>\n<div class=\"flex flex-col items-center justify-center gap-1.5 w-[173px] h-20 flex-none\">\n<p class=\"font-article-heading font-medium text-base leading-[21px] text-gray-800 w-[173px] line-clamp-3 group-hover:underline\">\n                                    &#8216;There&#8217;s still a battle going on&#8217; &#8211; Vuelta a Espa\u00f1a stage 5 winner Matthew Brennan explains how Visma-Lease a Bike use terrain to stop Tadej Poga\u010dar\n                                <\/p>\n<\/div>\n<\/article>\n<article class=\"m-0 box-border flex flex-row items-center pr-2.5 gap-[15px] w-[278px] h-20 flex-none upnext-article-divider\" role=\"listitem\" aria-label=\"Recommended article 2 of 3\">\n<div class=\"relative flex-none w-20 h-20\">\n    <source type=\"image\/webp\" srcset=\"https:\/\/cdn.mos.cms.futurecdn.net\/xwfHZ2na3reEhMq7K4eAiK-160-80.jpg.webp 160w, https:\/\/cdn.mos.cms.futurecdn.net\/xwfHZ2na3reEhMq7K4eAiK-80-80.jpg.webp 80w\" sizes=\"80px\" \/><\/p>\n<div class=\"flex items-center justify-center absolute w-[18px] h-6 left-0 top-0 bg-white\/90 flex-none z-[1]\" aria-hidden=\"true\"><span class=\"font-normal text-base leading-[17px] tracking-[1.3px] uppercase text-black flex-none\">2<\/span><\/div>\n<\/div>\n<div class=\"flex flex-col items-center justify-center gap-1.5 w-[173px] h-20 flex-none\">\n<p class=\"font-article-heading font-medium text-base leading-[21px] text-gray-800 w-[173px] line-clamp-3 group-hover:underline\">\n                                    &#8216;I will need a bit of luck&#8217; \u2013 Mathieu van der Poel delivers strong mountain bike return at Les Gets but keeps a lid on World Championships expectations\n                                <\/p>\n<\/div>\n<\/article>\n<article class=\"m-0 box-border flex flex-row items-center pr-2.5 gap-[15px] w-[278px] h-20 flex-none\" role=\"listitem\" aria-label=\"Recommended article 3 of 3\">\n<div class=\"relative flex-none w-20 h-20\">\n    <source type=\"image\/webp\" srcset=\"https:\/\/cdn.mos.cms.futurecdn.net\/Ek5ma7FwXHtSj2nMVLJLvi-160-80.jpg.webp 160w, https:\/\/cdn.mos.cms.futurecdn.net\/Ek5ma7FwXHtSj2nMVLJLvi-80-80.jpg.webp 80w\" sizes=\"80px\" \/><\/p>\n<div class=\"flex items-center justify-center absolute w-[18px] h-6 left-0 top-0 bg-white\/90 flex-none z-[1]\" aria-hidden=\"true\"><span class=\"font-normal text-base leading-[17px] tracking-[1.3px] uppercase text-black flex-none\">3<\/span><\/div>\n<\/div>\n<div class=\"flex flex-col items-center justify-center gap-1.5 w-[173px] h-20 flex-none\">\n<p class=\"font-article-heading font-medium text-base leading-[21px] text-gray-800 w-[173px] line-clamp-3 group-hover:underline\">\n                                    &#8216;I know I lost time in the corners&#8217; &#8211; Wout van Aert&#8217;s dream of returning to red in the opening Vuelta a Espa\u00f1a TT falls short\n                                <\/p>\n<\/div>\n<\/article>\n<article class=\"page-content-onecol flex-1\nnews-article article\n\"><\/p>\n<div class=\"widget-area-group widget-area-group-2col flex flex-wrap box-border\">\n<div id=\"widgetArea16\" class=\"widget-area basis-full md:basis-2\/3 widget-area-g-md-vp-2-3 widget-area-g-lg-vp-2-3 widget-area-g-xl-vp-2-3 page-widget-area-16\">\n<div data-widget-type=\"hero\" id=\"hero\" class=\"clear-both widget widget-hero widget-hero widget-hero-hero widget-hero widget-hero-fter-news\">\n<div class=\"news-article\">\n<header data-component-name=\"Article:Hero\">\n<nav class=\"breadcrumb\" aria-label=\"Breadcrumbs\">\n<ol>\n<li>\nPro Cycling\n<\/li>\n<li>\nTeams &amp; Riders\n<\/li>\n<li>\nMathieu van der Poel\n<\/li>\n<\/ol>\n<\/nav>\n<h1>&#8216;I\u2019ll probably need a season where I spend more time on the mountain bike&#8217; &#8211; Mathieu van der Poel realistic ahead of the UCI Mountain Bike World Championships<\/h1>\n<div class=\"byline-social\">\n<div class=\"vds-byline-block flex flex-row flex-nowrap my-1.5 gap-2 text-left items-start justify-start\" data-component-name=\"Article:BylineBlock\">\n<p>News<\/p>\n<div class=\"my-auto vds-simple-byline\"><span class=\"inline-block vds-author\"><br \/>\nBy<br \/>\nOwen Rogers <\/span><\/p>\n<div class=\"flex gap-1 vds-byline-with-avatar__meta\"><span class=\"vds-date block font-normal tracking-normal normal-case text-xs\"><br \/>\nPublished<br \/>\n<time data-component-name=\"UI:DateTime\" datetime=\"2026-08-28T16:23:55Z\" class=\"relative-date\"><br \/>\n28 August 2026<br \/>\n<\/time><\/span><\/div>\n<\/div>\n<\/div>\n<p class=\"strapline\">The Dutch superstar says his career will still be a success even without the title<\/p>\n<\/div>\n<aside class=\"text-gray-700 flex items-center mx-0 my-5 p-0 justify-start text-left\" id=\"affiliate-disclaimer\" data-component-name=\"AffiliateDisclaimer\" data-hawk-message=\"Affiliate disclaimer removed because hawk deemed there are no affiliate links on this page\">\n<p class=\"text-[color:var(--affiliate-disclaimer--text-color,inherit)] mb-2 text-[length:var(--affiliate-disclaimer--font-size,0.75rem)] leading-[18px] md:text-[13px] [&amp;&gt;a]:text-inherit [&amp;&gt;a]:underline\">\nWhen you purchase through links on our site, we may earn an affiliate commission. Here\u2019s how it works.\n<\/p>\n<\/aside>\n<\/header>\n<\/div>\n<\/div>\n<div data-widget-type=\"contentparsed\" id=\"content\" class=\"clear-both widget widget-contentparsed widget-content widget-contentparsed-content widget-content-parsed widget-content-parsed-content_document \">\n<div class=\"wcp-item-content\">\n<section class=\"content-wrapper\">\n<div class=\"box less-space hero-image-wrapper\">\n<figure class=\"mb-0\">\n<source type=\"image\/webp\" srcset=\"https:\/\/cdn.mos.cms.futurecdn.net\/urUeDCWicNVcKCHSxJU4wY-1024-80.jpg.webp 1920w, https:\/\/cdn.mos.cms.futurecdn.net\/urUeDCWicNVcKCHSxJU4wY-1024-80.jpg.webp 1600w, https:\/\/cdn.mos.cms.futurecdn.net\/urUeDCWicNVcKCHSxJU4wY-1024-80.jpg.webp 1200w, https:\/\/cdn.mos.cms.futurecdn.net\/urUeDCWicNVcKCHSxJU4wY-1024-80.jpg.webp 1024w, https:\/\/cdn.mos.cms.futurecdn.net\/urUeDCWicNVcKCHSxJU4wY-970-80.jpg.webp 970w, https:\/\/cdn.mos.cms.futurecdn.net\/urUeDCWicNVcKCHSxJU4wY-750-80.jpg.webp 750w, https:\/\/cdn.mos.cms.futurecdn.net\/urUeDCWicNVcKCHSxJU4wY-650-80.jpg.webp 650w, https:\/\/cdn.mos.cms.futurecdn.net\/urUeDCWicNVcKCHSxJU4wY-480-80.jpg.webp 480w, https:\/\/cdn.mos.cms.futurecdn.net\/urUeDCWicNVcKCHSxJU4wY-320-80.jpg.webp 320w\" sizes=\"(min-width: 1000px) 600px, 100vw\" \/><figcaption class=\"font-article-copy text-(--image--text--color) font-article-copy mt-2\"><span class=\"caption-text font-article-copy\">Mathieu van der Poel will represent the Netherlands at the Mountain Bike World Championships<\/span><span class=\"credit font-article-copy\">(Image credit: Getty Images)<\/span><\/figcaption><\/figure>\n<\/div>\n<div id=\"article-body\" class=\"text-copy bodyCopy auto paywall-locker\">\n<div data-analytics-id=\"utility-bar\" id=\"utility-bar\" class=\"font-ui-heading flex justify-between items-center py-2 border-t border-b border-gray-300 border-solid mb-5 mx-auto\" data-component-name=\"UtilityBar\" data-mrf-recirculation=\"utility-bar\">\n<div class=\"flex gap-2 text-[#333] subcontainer\">\n<div class=\"relative tooltip-container\" role=\"tooltip\">\n<div data-component-name=\"Social:Dropdown\" role=\"menu\" id=\"utilitybar__dropdown--share\" aria-labelledby=\"utilitybar__button--share\" class=\"absolute left-0 top-full w-44 bg-white rounded-md shadow-md border border-neutral-200 z-[9996] list-none m-0 py-2 px-3 border-solid\">\n<ul class=\"m-0!\">\n<li class=\"!p-0 !m-0 list-none border-b border-gray-200 border-solid\">\n<li class=\"!p-0 !m-0 list-none border-b border-gray-200 border-solid\">\n<p>Facebook<\/p>\n<\/li>\n<li class=\"!p-0 !m-0 list-none border-b border-gray-200 border-solid\">\n<p>X<\/p>\n<\/li>\n<li class=\"!p-0 !m-0 list-none border-b border-gray-200 border-solid\">\n<p>Pinterest<\/p>\n<\/li>\n<li class=\"!p-0 !m-0 list-none border-b border-gray-200 border-solid\">\n<p>Email<\/p>\n<\/li>\n<\/ul>\n<\/div>\n<div class=\"font-ui-heading max-sm:hidden tooltip absolute left-1\/2 bg-gray-900 text-white text-xs leading-none px-3 py-1.5 rounded-md z-[10001] whitespace-nowrap\" id=\"tooltip-share-this-article\" role=\"tooltip\" aria-hidden=\"true\">\nShare this article\n<\/div>\n<\/div>\n<div class=\"relative tooltip-container\" role=\"tooltip\"><span class=\"ml-1 inline-flex h-5 px-2 shrink-0 items-center justify-center self-center overflow-hidden whitespace-nowrap rounded-[10px] bg-primary-500 text-[11px] leading-none font-ui-heading font-semibold text-white\">2<\/span><\/p>\n<div class=\"font-ui-heading max-sm:hidden tooltip absolute left-1\/2 bg-gray-900 text-white text-xs leading-none px-3 py-1.5 rounded-md z-[10001] whitespace-nowrap\" id=\"tooltip-join-the-conversation\" role=\"tooltip\" aria-hidden=\"true\">\nJoin the conversation\n<\/div>\n<\/div>\n<\/div>\n<div class=\"flex gap-2 text-[#333] subcontainer\">\n<div class=\"relative tooltip-container\" role=\"tooltip\">\n<p>Follow us<\/p>\n<div class=\"font-ui-heading max-sm:hidden tooltip absolute left-1\/2 bg-gray-900 text-white text-xs leading-none px-3 py-1.5 rounded-md z-[10001] whitespace-nowrap\" id=\"tooltip-add-us-as-a-preferred-source-on-google\" role=\"tooltip\" aria-hidden=\"true\">\nAdd us as a preferred source on Google\n<\/div>\n<\/div>\n<div class=\"relative tooltip-container\" role=\"tooltip\">\n<div class=\"font-ui-heading max-sm:hidden tooltip absolute left-1\/2 bg-gray-900 text-white text-xs leading-none px-3 py-1.5 rounded-md z-[10001] whitespace-nowrap\" id=\"tooltip-subscribe-to-our-newsletter\" role=\"tooltip\" aria-hidden=\"true\">\nSubscribe to our newsletter\n<\/div>\n<\/div>\n<\/div>\n<\/div>\n<p id=\"elk-32186d90-a2f9-11f1-b6f4-b35ad43eb6f3\">Mathieu van der Poel will start Sunday\u2019s UCI Mountain Bike World Championships elite men&#8217;s cross country race hoping to finally secure the rainbow jersey in the discipline, but admits he doesn\u2019t need the win for his career to be a success.<\/p>\n<p>However, the 31-year-old believes that if he is ever to win the rainbow jersey in mountain biking, he would benefit from racing the discipline more regularly than in recent years.<\/p>\n<p id=\"elk-32186d90-a2f9-11f1-b6f4-b35ad43eb6f3-2\" aria-hidden=\"true\" class=\"kiosq-b\">Van der Poel\u2019s best result in the Cross-Country Olympic race (XCO) Worlds came as far back as 2018 when he was third at Lenzerheide, with his subsequent attempts being blighted by poor luck and bad start grid positions.<\/p>\n<div class=\"my-6 w-full overflow-hidden rounded-[10px] lg:my-8\" data-component-name=\"JwPlayer:Carousel\" data-jwp-carousel data-jwp-carousel-payload=\"{&quot;ids&quot;:{&quot;playerID&quot;:&quot;jYDCcabO&quot;,&quot;searchPlaylistID&quot;:&quot;gwjdoYHD&quot;,&quot;divID&quot;:&quot;botr_gwjdoYHD_jYDCcabO_div&quot;,&quot;fallbackPlaylistID&quot;:&quot;gwjdoYHD&quot;,&quot;fallbackDivID&quot;:&quot;botr_gwjdoYHD_jYDCcabO_div&quot;,&quot;key&quot;:&quot;X9\/mXVGac0NphghLH9hZaqWA5d3dhAM\/Ih07grnEyMLjuO2E&quot;,&quot;tintLogo&quot;:true,&quot;useSearchPlaylist&quot;:false,&quot;enabled&quot;:true},&quot;signPostingEnabled&quot;:true,&quot;signPostingLinkEnabled&quot;:true,&quot;waitForAdLoad&quot;:false,&quot;hidePlayerOnDesktop&quot;:false,&quot;hidePlayerOnMobile&quot;:false,&quot;hidePlayerOnTablet&quot;:false}\">\n<div class=\"flex flex-nowrap items-center justify-between gap-3 bg-zinc-900 px-[14px] py-3\" data-jwp-carousel-header>\n<div class=\"flex min-w-0 shrink items-center\"><span class=\"inline-flex items-center gap-1.5 text-sm font-article-heading capitalize leading-5 text-white whitespace-nowrap\"><span class=\"jwp-carousel-title-desktop\">Latest Videos From<\/span><span class=\"jwp-carousel-brand\">Cyclingnews<\/span><\/span><\/div>\n<\/div>\n<div class=\"min-h-[44px] bg-zinc-900 px-[14px] py-3\" data-jwp-carousel-signposting><a class=\"invisible block truncate text-sm font-bold leading-5 text-white underline decoration-solid underline-offset-2\" data-jwp-carousel-signposting-link href target=\"_blank\" rel=\"noopener noreferrer\"><span data-jwp-carousel-signposting-title>Watch full video here: <\/span><\/a><\/div>\n<\/div>\n<p aria-hidden=\"true\" class=\"kiosq-b\">As if to prove his point, a second place at last weekend\u2019s World Cup in Les Gets was not only his best result in the discipline since 2021, but his first race of the 2026 mountain bike season. A decent result in the short track race allowed him to start from the second row, something he admitted was a benefit. However, having raced so little in recent years, he will have no such luck on Sunday.<\/p>\n<p aria-hidden=\"true\" class=\"kiosq-b\">&#8220;Starting from the fifth row obviously reduces my chances,&#8221; Van der Poel told a press call by the Alpecin-Premier Tech campervan in Val di Sole on Friday.<\/p>\n<aside data-component-name=\"Recirculation:ArticleRiver\" data-recirculation-type=\"inline\" data-mrf-recirculation=\"Trending Bar\" data-nosnippet class=\"clear-both pt-2 pb-0 mb-4\"><span class=\"\n            flex\n            after:content-[&apos;&apos;] after:flex-1 after:ml-4 after:my-[0.7rem] after:border-t after:border-solid after:border-t-[#ccc]\n            before:content-[&apos;&apos;] before:flex-1 before:mr-4 before:my-[0.7rem] before:border-t before:border-solid before:border-t-[#ccc]\n            font-article-heading pb-0 text-[length:var(--article-river-title--font-size,1em)] uppercase sm:text-[length:var(--article-river-title--font-size,0.875em)] font-bold\n        \"><br \/>\n            You may like<br \/>\n        <\/span><\/p>\n<ul class=\"flex flex-col gap-0 m-0 max-w-full\">\n<li class=\"m-0 list-none border-b border-solid border-[#ededed] py-2\" data-recirculation-id=\"recirculation-card-1\" id=\"recirculation-inline-1\" data-analytics-id=\"recirculation-inline-1\" data-mrf-recirculation=\"recirculation-inline-1\">\n    <source type=\"image\/webp\" srcset=\"https:\/\/cdn.mos.cms.futurecdn.net\/zZQczw9zXdrezwYvEaGTDb-250-80.jpg.webp 250w, https:\/\/cdn.mos.cms.futurecdn.net\/zZQczw9zXdrezwYvEaGTDb-150-80.jpg.webp 150w\" sizes=\"150px\" \/><span class=\"w-full text-base font-[var(--article-river-item--font-weight,500)] font-article-heading line-clamp-3 md:line-clamp-2\">&#8216;It will never be ideal&#8217; \u2013 Mathieu van der Poel still struggling to balance mountain bike and road racing<\/span><\/li>\n<li class=\"m-0 list-none border-b border-solid border-[#ededed] py-2\" data-recirculation-id=\"recirculation-card-2\" id=\"recirculation-inline-2\" data-analytics-id=\"recirculation-inline-2\" data-mrf-recirculation=\"recirculation-inline-2\">\n    <source type=\"image\/webp\" srcset=\"https:\/\/cdn.mos.cms.futurecdn.net\/xwfHZ2na3reEhMq7K4eAiK-250-80.jpg.webp 250w, https:\/\/cdn.mos.cms.futurecdn.net\/xwfHZ2na3reEhMq7K4eAiK-150-80.jpg.webp 150w\" sizes=\"150px\" \/><span class=\"w-full text-base font-[var(--article-river-item--font-weight,500)] font-article-heading line-clamp-3 md:line-clamp-2\">&#8216;I will need a bit of luck&#8217; \u2013 Mathieu van der Poel delivers strong mountain bike return at Les Gets but keeps a lid on World Championships expectations<\/span><\/li>\n<li class=\"m-0 list-none border-b border-solid border-[#ccc] py-2\" data-recirculation-id=\"recirculation-card-3\" id=\"recirculation-inline-3\" data-analytics-id=\"recirculation-inline-3\" data-mrf-recirculation=\"recirculation-inline-3\">\n    <source type=\"image\/webp\" srcset=\"https:\/\/cdn.mos.cms.futurecdn.net\/RyT39Rm6mVMRSyhLcSCtYe-250-80.jpg.webp 250w, https:\/\/cdn.mos.cms.futurecdn.net\/RyT39Rm6mVMRSyhLcSCtYe-150-80.jpg.webp 150w\" sizes=\"150px\" \/><span class=\"w-full text-base font-[var(--article-river-item--font-weight,500)] font-article-heading line-clamp-3 md:line-clamp-2\">Mathieu van der Poel&#8217;s 2026 mountain bike return confirmed with place on World Cup start list at Les Gets<\/span><\/li>\n<\/ul>\n<\/aside>\n<p aria-hidden=\"true\" class=\"kiosq-b\">&#8220;In Les Gets I saw again how big the difference is when you start closer to the front, you\u2019re immediately part of the race. If I really want to give myself the best possible chance of becoming world champion one day, I\u2019ll probably need a season where I spend more time on the mountain bike so I can earn a place on one of those first two rows. For Sunday, though, the situation is what it is. I\u2019ll have to make the best of it and maybe have a little bit of luck as well.&#8221;<\/p>\n<p aria-hidden=\"true\" class=\"kiosq-b\">&#8220;I came out of the Tour in much better shape this year, and winning on the Champs-\u00c9lys\u00e9es obviously gave me a lot of confidence and motivation. Last year I wasn\u2019t really at my normal level. This time the switch to the mountain bike has been much smoother. I also spent a lot of time on the MTB during my altitude camp in Livigno, and I think I needed that.&#8221;<\/p>\n<div id=\"slice-container-newsletterForm-articleInbodyContent-vES8xXMCG8bWfXWXp4v6vA\" class=\"slice-container newsletter-inbodyContent-slice newsletterForm-articleInbodyContent-vES8xXMCG8bWfXWXp4v6vA slice-container-newsletterForm\">\n<div data-hydrate=\"true\" class=\"newsletter-form__wrapper newsletter-form__wrapper--inbodyContent\">\n<div class=\"newsletter-form__container\">\n<section class=\"newsletter-form__top-bar\">\n<div class=\"newsletter-form__header\">Get The Leadout Newsletter<\/div>\n<\/section>\n<section class=\"newsletter-form__main-section\">\n<p class=\"newsletter-form__strapline\">The latest race content, interviews, features, reviews and expert buying guides, direct to your inbox!<\/p>\n<footer class=\"newsletter-form__footer \">By submitting your information you agree to the Terms &amp; Conditions and Privacy Policy and are aged 16 or over.<\/footer>\n<\/section>\n<\/div>\n<\/div>\n<\/div>\n<p aria-hidden=\"true\" class=\"kiosq-b\">Though he\u2019ll ride in the orange jersey of the Netherlands this weekend, he has been supported this week by his trade team, Alpecin-Premier Tech, who have brought in Matteo Berta as technical coach to give both Van der Poel and their hope for the women\u2019s race, Puck Pieterse, the best chance of success. The Italian will check the course and give riders advice on the best lines. However, he will not be able to compensate for the poor start position, though Van der Poel has at least learnt after getting over-excited last year, when he finished a lowly 29th.<\/p>\n<figure class=\"van-image-figure inline-layout kiosq-b\" data-bordeaux-image-check id=\"elk-32186ebc-a2f9-11f1-b0bc-6df8de6332e9\" aria-hidden=\"true\">\n<div class=\"image-full-width-wrapper\">\n<div class=\"image-widthsetter\">\n<p class=\"vanilla-image-block\">\n<source type=\"image\/webp\" srcset=\"https:\/\/cdn.mos.cms.futurecdn.net\/n8PXw7racAbmka8EXiHYK6-1024-80.jpg.webp 1200w, https:\/\/cdn.mos.cms.futurecdn.net\/n8PXw7racAbmka8EXiHYK6-1024-80.jpg.webp 1024w, https:\/\/cdn.mos.cms.futurecdn.net\/n8PXw7racAbmka8EXiHYK6-970-80.jpg.webp 970w, https:\/\/cdn.mos.cms.futurecdn.net\/n8PXw7racAbmka8EXiHYK6-650-80.jpg.webp 650w, https:\/\/cdn.mos.cms.futurecdn.net\/n8PXw7racAbmka8EXiHYK6-480-80.jpg.webp 480w, https:\/\/cdn.mos.cms.futurecdn.net\/n8PXw7racAbmka8EXiHYK6-320-80.jpg.webp 320w\" sizes=\"(min-width: 1000px) 970px, calc(100vw - 40px)\" \/><\/p>\n<\/div>\n<\/div><figcaption class=\" inline-layout\"><span class=\"caption-text\">Mathieu van der Pole on his way to secnd place at the Les Gets MTB World Cup <\/span><span class=\"credit\">(Image credit: Getty Images)<\/span><\/figcaption><\/figure>\n<p id=\"elk-32186f48-a2f9-11f1-b65d-3d5c1148b863\" aria-hidden=\"true\" class=\"kiosq-b\">&#8220;Last year I actually had a good start, but I was probably a little too eager to move up immediately. If you go too deep early on, you pay for it straight away, and often that\u2019s exactly when the guys at the front accelerate again. But at the same time you don\u2019t want to lose contact with the race. Finding that balance will be important.&#8221;<\/p>\n<p aria-hidden=\"true\" class=\"kiosq-b\">Wherever he finishes Sunday\u2019s race, Van der Poel won\u2019t let the result tarnish his stellar career. Not only does he have eight elite cyclocross rainbow jerseys to his name, there are a host of honours on the road, including eight Monument victories and Grand Tour stage wins.<\/p>\n<p aria-hidden=\"true\" class=\"kiosq-b\">&#8220;It\u2019s definitely an important goal for me, but I think it would be too simplistic to say I need an MTB world title for my career to be successful,&#8221; he explained. &#8220;I wouldn\u2019t look back on my career disappointed if I never won it. But of course I really want to add it to my palmar\u00e8s. If it doesn\u2019t happen this year, hopefully there will be another opportunity.<\/p>\n<p aria-hidden=\"true\" class=\"kiosq-b\">&#8220;I\u2019d definitely like to have a year where I can put a bit more focus on mountain biking. But that\u2019s something that has to be discussed with the team because there are other commitments too. But yes, I\u2019d like to give it a proper try.\u201d<\/p>\n<p id=\"elk-32186fd4-a2f9-11f1-a0e0-d994c42cdcb3\" aria-hidden=\"true\" class=\"kiosq-b\"><strong>For unbeatable coverage across road, gravel and tech, subscribe to Cyclingnews. You&#8217;ll get comprehensive race coverage of La Vuelta a Espa\u00f1a, subscriber-exclusive analysis from our expert columnists, in-depth features and industry-leading tech insight. Plus, the Cyclingnews app lets you follow the action wherever you go! <\/strong><strong>Join today.<\/strong><\/p>\n<\/div>\n<div class=\"block mb-5\" id=\"articleTag\" data-component-name=\"PostArticleLinks\" data-nosnippet data-mrf-recirculation=\"post-article-links\">\n<div class=\"border-b border-b-black border-solid py-2.5 text-black font-bold uppercase\">TOPICS<\/div>\n<nav class=\"py-2.5 flex gap-2.5 flex-wrap\" data-analytics-id=\"article-tag\" data-mrf-recirculation=\"article-tag\">\n<p>Mountain Bike<\/p>\n<\/nav>\n<\/div>\n<div id=\"slice-container-authorBio-vES8xXMCG8bWfXWXp4v6vA\" class=\"slice-container slice-author-bio authorBio-vES8xXMCG8bWfXWXp4v6vA slice-container-authorBio\">\n<div class=\"author author__default-layout author--separator author--collapsible\" data-hydrate=\"true\">\n<div class=\"author__header\">\n<div class=\"author__avatar-block\">\n<figure class=\"image-wrapped__wrapper\" data-bordeaux-image-check=\"false\">\n<div class=\"image-wrapped__widthsetter\">\n<div class=\"image-wrapped__aspect-padding\">\n<div><source class=\"author__avatar image-wrapped__image image__image\" type=\"image\/webp\" srcset=\"https:\/\/cdn.mos.cms.futurecdn.net\/5d2CksSry8bfgFKS33vwFi-140-80.jpg.webp 140w\" sizes=\"99vw\" data-normal=\"https:\/\/cdn.mos.cms.futurecdn.net\/5d2CksSry8bfgFKS33vwFi.jpg\" data-original-mos=\"https:\/\/cdn.mos.cms.futurecdn.net\/5d2CksSry8bfgFKS33vwFi.jpg\" data-pin-media=\"https:\/\/cdn.mos.cms.futurecdn.net\/5d2CksSry8bfgFKS33vwFi.jpg\" data-pin-nopin=\"true\" data-slice-image=\"true\" \/><\/div>\n<\/div>\n<\/div>\n<\/figure>\n<\/div>\n<div class=\"author__heading\">\n<div class=\"author__name\">Owen Rogers<\/div>\n<div class=\"author__role\">Staff Writer<\/div>\n<\/div>\n<\/div>\n<div class=\"author__bio-wrapper\">\n<div class=\"author__biography\">\n<p>A recent addition to the Cyclingnews staff, Owen Rogers is an experienced journalist, working as a freelancer covering the sport for various magazines and websites for more than 10 years.<\/p>\n<p>Initially concentrating mainly on the women&#8217;s sport, he has covered hundreds of race days on the ground and interviewed some of the sport&#8217;s biggest names.<\/p>\n<p>Living near Cambridge in the UK, when he&#8217;s not working you&#8217;ll find him either riding his bike or playing drums.<\/p>\n<\/div>\n<\/div>\n<\/div>\n<\/div>\n<\/section>\n<div class=\"relative max-w-[1070px] viafoura-twig-component mt-6 mx-4 lg:mx-0\" data-component-name=\"Viafoura:Comments\" data-nosnippet data-community-guidelines-text=\"&lt;p class=&apos;vfcustom-community-guidelines&apos;&gt;Please follow our &lt;a href=&quot;https:\/\/www.cyclingnews.com\/about\/#section-community-guidelines&quot; target=&quot;_blank&quot;&gt;community guidelines&lt;\/a&gt;.&lt;\/p&gt;\" data-join-the-conversation-text=\"Join the Conversation\">\n<div class=\"absolute top-0 left-0 w-full h-full flex items-center justify-center z-50 bg-white\/90 border-1 rounded-b-[var(--comment-widget-border-radius,0)]\">\n<div class=\"p-2 text-center\">\n<p class=\"mb-3 text-lg!\">You must confirm your public display name before commenting<\/p>\n<p class=\"mb-3 text-sm!\">Please logout and then login again, you will then be prompted to enter your display name.<\/p>\n<\/div>\n<\/div>\n<\/div>\n<section class=\"mx-2 my-5 sm:mx-0\">\n<aside class=\"w-full\" data-nosnippet data-mrf-recirculation=\"article-river-stacked\">\n<div data-recirc-id=\"article-river-stacked-adviser:hybrid\">\n<div class=\"text-white py-4 px-3 mb-4 bg-[#333] uppercase font-bold custom-header-styles\">Read more<\/div>\n<div class=\"grid grid-cols-1 gap-4 mt-4 mb-5\">\n<div>\n<div class=\"aspect-[var(--img-listing-aspect-ratio,16\/9)] relative mb-3.5\">\n    <source type=\"image\/webp\" srcset=\"https:\/\/cdn.mos.cms.futurecdn.net\/zZQczw9zXdrezwYvEaGTDb-840-80.jpg.webp 840w, https:\/\/cdn.mos.cms.futurecdn.net\/zZQczw9zXdrezwYvEaGTDb-650-80.jpg.webp 650w, https:\/\/cdn.mos.cms.futurecdn.net\/zZQczw9zXdrezwYvEaGTDb-500-80.jpg.webp 500w, https:\/\/cdn.mos.cms.futurecdn.net\/zZQczw9zXdrezwYvEaGTDb-450-80.jpg.webp 450w, https:\/\/cdn.mos.cms.futurecdn.net\/zZQczw9zXdrezwYvEaGTDb-320-80.jpg.webp 320w\" sizes=\"(min-width: 900px) 925px, (min-width: 700px) 450px, calc(100vw - 48px)\" \/><\/div>\n<p><span class=\"custom-subheading-styles\">Teams &amp; Riders<\/span><span class=\"text-base text-black font-bold mx-0 my-2.5 p-0 block custom-text-styles\">&#8216;It will never be ideal&#8217; \u2013 Mathieu van der Poel still struggling to balance mountain bike and road racing<\/span><\/div>\n<div class=\"relative recirc-feed sponsored-card min-h-[250px]\" data-recirc-id=\"article-river-stacked-ads:native-cards\" data-mrf-recirculation=\"article-river-ads\" data-nosnippet data-ad-slot-path=\"feed-sponsored-post\" data-attribute-device=\"all\">\n<div class=\"max-w-full sponsored-post--placeholder animate-pulse\">\n<div class=\"relative!\"><span class=\"text-base text-black font-bold mx-0 my-2.5 p-0 block bg-gray-100\">\u00a0<br \/>\u00a0<\/span><\/div>\n<\/div>\n<\/div>\n<div>\n<div class=\"aspect-[var(--img-listing-aspect-ratio,16\/9)] relative mb-3.5\">\n    <source type=\"image\/webp\" srcset=\"https:\/\/cdn.mos.cms.futurecdn.net\/xwfHZ2na3reEhMq7K4eAiK-840-80.jpg.webp 840w, https:\/\/cdn.mos.cms.futurecdn.net\/xwfHZ2na3reEhMq7K4eAiK-650-80.jpg.webp 650w, https:\/\/cdn.mos.cms.futurecdn.net\/xwfHZ2na3reEhMq7K4eAiK-500-80.jpg.webp 500w, https:\/\/cdn.mos.cms.futurecdn.net\/xwfHZ2na3reEhMq7K4eAiK-450-80.jpg.webp 450w, https:\/\/cdn.mos.cms.futurecdn.net\/xwfHZ2na3reEhMq7K4eAiK-320-80.jpg.webp 320w\" sizes=\"(min-width: 900px) 925px, (min-width: 700px) 450px, calc(100vw - 48px)\" \/><\/div>\n<p><span class=\"custom-subheading-styles\">Racing<\/span><span class=\"text-base text-black font-bold mx-0 my-2.5 p-0 block custom-text-styles\">&#8216;I will need a bit of luck&#8217; \u2013 Mathieu van der Poel delivers strong mountain bike return at Les Gets but keeps a lid on World Championships expectations<\/span><\/div>\n<div class=\"relative recirc-feed sponsored-card min-h-[250px]\" data-recirc-id=\"article-river-stacked-ads:native-cards\" data-mrf-recirculation=\"article-river-ads\" data-nosnippet data-ad-slot-path=\"feed-sponsored-post\" data-attribute-device=\"all\">\n<div class=\"max-w-full sponsored-post--placeholder animate-pulse\">\n<div class=\"relative!\"><span class=\"text-base text-black font-bold mx-0 my-2.5 p-0 block bg-gray-100\">\u00a0<br \/>\u00a0<\/span><\/div>\n<\/div>\n<\/div>\n<div>\n<div class=\"aspect-[var(--img-listing-aspect-ratio,16\/9)] relative mb-3.5\">\n    <source type=\"image\/webp\" srcset=\"https:\/\/cdn.mos.cms.futurecdn.net\/RyT39Rm6mVMRSyhLcSCtYe-840-80.jpg.webp 840w, https:\/\/cdn.mos.cms.futurecdn.net\/RyT39Rm6mVMRSyhLcSCtYe-650-80.jpg.webp 650w, https:\/\/cdn.mos.cms.futurecdn.net\/RyT39Rm6mVMRSyhLcSCtYe-500-80.jpg.webp 500w, https:\/\/cdn.mos.cms.futurecdn.net\/RyT39Rm6mVMRSyhLcSCtYe-450-80.jpg.webp 450w, https:\/\/cdn.mos.cms.futurecdn.net\/RyT39Rm6mVMRSyhLcSCtYe-320-80.jpg.webp 320w\" sizes=\"(min-width: 900px) 925px, (min-width: 700px) 450px, calc(100vw - 48px)\" \/><\/div>\n<p><span class=\"custom-subheading-styles\">Racing<\/span><span class=\"text-base text-black font-bold mx-0 my-2.5 p-0 block custom-text-styles\">Mathieu van der Poel&#8217;s 2026 mountain bike return confirmed with place on World Cup start list at Les Gets<\/span><\/div>\n<div class=\"relative recirc-feed sponsored-card min-h-[250px]\" data-recirc-id=\"article-river-stacked-ads:native-cards\" data-mrf-recirculation=\"article-river-ads\" data-nosnippet data-ad-slot-path=\"feed-sponsored-post\" data-attribute-device=\"all\">\n<div class=\"max-w-full sponsored-post--placeholder animate-pulse\">\n<div class=\"relative!\"><span class=\"text-base text-black font-bold mx-0 my-2.5 p-0 block bg-gray-100\">\u00a0<br \/>\u00a0<\/span><\/div>\n<\/div>\n<\/div>\n<div>\n<div class=\"aspect-[var(--img-listing-aspect-ratio,16\/9)] relative mb-3.5\">\n    <source type=\"image\/webp\" srcset=\"https:\/\/cdn.mos.cms.futurecdn.net\/YVZUNpCWEv7ZdmtC8RWec-840-80.png.webp 840w, https:\/\/cdn.mos.cms.futurecdn.net\/YVZUNpCWEv7ZdmtC8RWec-650-80.png.webp 650w, https:\/\/cdn.mos.cms.futurecdn.net\/YVZUNpCWEv7ZdmtC8RWec-500-80.png.webp 500w, https:\/\/cdn.mos.cms.futurecdn.net\/YVZUNpCWEv7ZdmtC8RWec-450-80.png.webp 450w, https:\/\/cdn.mos.cms.futurecdn.net\/YVZUNpCWEv7ZdmtC8RWec-320-80.png.webp 320w\" sizes=\"(min-width: 900px) 925px, (min-width: 700px) 450px, calc(100vw - 48px)\" \/><\/div>\n<p><span class=\"custom-subheading-styles\">Teams &amp; Riders<\/span><span class=\"text-base text-black font-bold mx-0 my-2.5 p-0 block custom-text-styles\">&#8216;My career is already more than successful&#8217; \u2013 Pressure-free Mathieu van der Poel eyes up another stint in yellow at Tour de France<\/span><\/div>\n<div class=\"relative recirc-feed sponsored-card min-h-[250px]\" data-recirc-id=\"article-river-stacked-ads:native-cards\" data-mrf-recirculation=\"article-river-ads\" data-nosnippet data-ad-slot-path=\"feed-sponsored-post\" data-attribute-device=\"all\">\n<div class=\"max-w-full sponsored-post--placeholder animate-pulse\">\n<div class=\"relative!\"><span class=\"text-base text-black font-bold mx-0 my-2.5 p-0 block bg-gray-100\">\u00a0<br \/>\u00a0<\/span><\/div>\n<\/div>\n<\/div>\n<div>\n<div class=\"aspect-[var(--img-listing-aspect-ratio,16\/9)] relative mb-3.5\">\n    <source type=\"image\/webp\" srcset=\"https:\/\/cdn.mos.cms.futurecdn.net\/BbiX2eXD8WsmSJdGXAbGx9-840-80.jpg.webp 840w, https:\/\/cdn.mos.cms.futurecdn.net\/BbiX2eXD8WsmSJdGXAbGx9-650-80.jpg.webp 650w, https:\/\/cdn.mos.cms.futurecdn.net\/BbiX2eXD8WsmSJdGXAbGx9-500-80.jpg.webp 500w, https:\/\/cdn.mos.cms.futurecdn.net\/BbiX2eXD8WsmSJdGXAbGx9-450-80.jpg.webp 450w, https:\/\/cdn.mos.cms.futurecdn.net\/BbiX2eXD8WsmSJdGXAbGx9-320-80.jpg.webp 320w\" sizes=\"(min-width: 900px) 925px, (min-width: 700px) 450px, calc(100vw - 48px)\" \/><\/div>\n<p><span class=\"custom-subheading-styles\">Racing<\/span><span class=\"text-base text-black font-bold mx-0 my-2.5 p-0 block custom-text-styles\">&#8216;I have a love-hate relationship with the Tour de France&#8217; \u2013 Mathieu van der Poel prepares for possible final shot at success<\/span><\/div>\n<div class=\"relative recirc-feed sponsored-card min-h-[250px]\" data-recirc-id=\"article-river-stacked-ads:native-cards\" data-mrf-recirculation=\"article-river-ads\" data-nosnippet data-ad-slot-path=\"feed-sponsored-post\" data-attribute-device=\"all\">\n<div class=\"max-w-full sponsored-post--placeholder animate-pulse\">\n<div class=\"relative!\"><span class=\"text-base text-black font-bold mx-0 my-2.5 p-0 block bg-gray-100\">\u00a0<br \/>\u00a0<\/span><\/div>\n<\/div>\n<\/div>\n<div>\n<div class=\"aspect-[var(--img-listing-aspect-ratio,16\/9)] relative mb-3.5\">\n    <source type=\"image\/webp\" srcset=\"https:\/\/cdn.mos.cms.futurecdn.net\/pqWEJamDgNpGqCnAgNQnHL-840-80.jpg.webp 840w, https:\/\/cdn.mos.cms.futurecdn.net\/pqWEJamDgNpGqCnAgNQnHL-650-80.jpg.webp 650w, https:\/\/cdn.mos.cms.futurecdn.net\/pqWEJamDgNpGqCnAgNQnHL-500-80.jpg.webp 500w, https:\/\/cdn.mos.cms.futurecdn.net\/pqWEJamDgNpGqCnAgNQnHL-450-80.jpg.webp 450w, https:\/\/cdn.mos.cms.futurecdn.net\/pqWEJamDgNpGqCnAgNQnHL-320-80.jpg.webp 320w\" sizes=\"(min-width: 900px) 925px, (min-width: 700px) 450px, calc(100vw - 48px)\" \/><\/div>\n<p><span class=\"custom-subheading-styles\">Teams &amp; Riders<\/span><span class=\"text-base text-black font-bold mx-0 my-2.5 p-0 block custom-text-styles\">Is Mathieu van der Poel a time trial sleeping giant?<\/span><\/div>\n<div class=\"relative recirc-feed sponsored-card min-h-[250px]\" data-recirc-id=\"article-river-stacked-ads:native-cards\" data-mrf-recirculation=\"article-river-ads\" data-nosnippet data-ad-slot-path=\"feed-sponsored-post\" data-attribute-device=\"all\">\n<div class=\"max-w-full sponsored-post--placeholder animate-pulse\">\n<div class=\"relative!\"><span class=\"text-base text-black font-bold mx-0 my-2.5 p-0 block bg-gray-100\">\u00a0<br \/>\u00a0<\/span><\/div>\n<\/div>\n<\/div>\n<\/div>\n<\/div>\n<\/aside>\n<aside class=\"w-full\" data-nosnippet data-mrf-recirculation=\"article-river-stacked\">\n<div data-recirc-id=\"article-river-stacked-solr:latest-category\">\n<div class=\"text-white py-4 px-3 mb-4 bg-[#333] uppercase font-bold custom-header-styles\">Latest in Teams &amp; Riders<\/div>\n<div class=\"grid grid-cols-1 gap-4 mt-4 mb-5\">\n<div>\n<div class=\"aspect-[var(--img-listing-aspect-ratio,16\/9)] relative mb-3.5\">\n    <source type=\"image\/webp\" srcset=\"https:\/\/cdn.mos.cms.futurecdn.net\/u9UuYeqv9RGqM23uTbJXx9-840-80.jpg.webp 840w, https:\/\/cdn.mos.cms.futurecdn.net\/u9UuYeqv9RGqM23uTbJXx9-650-80.jpg.webp 650w, https:\/\/cdn.mos.cms.futurecdn.net\/u9UuYeqv9RGqM23uTbJXx9-500-80.jpg.webp 500w, https:\/\/cdn.mos.cms.futurecdn.net\/u9UuYeqv9RGqM23uTbJXx9-450-80.jpg.webp 450w, https:\/\/cdn.mos.cms.futurecdn.net\/u9UuYeqv9RGqM23uTbJXx9-320-80.jpg.webp 320w\" sizes=\"(min-width: 900px) 925px, (min-width: 700px) 450px, calc(100vw - 48px)\" \/><\/div>\n<p><span class=\"custom-subheading-styles\">Teams &amp; Riders<\/span><span class=\"text-base text-black font-bold mx-0 my-2.5 p-0 block custom-text-styles\">&#8216;A good day to try something&#8217; &#8211; Felix Gall upbeat after aggressive final ascent at Vuelta a Espa\u00f1a<\/span><\/div>\n<div class=\"relative recirc-feed sponsored-card min-h-[250px]\" data-recirc-id=\"article-river-stacked-ads:native-cards\" data-mrf-recirculation=\"article-river-ads\" data-nosnippet data-ad-slot-path=\"feed-sponsored-post\" data-attribute-device=\"all\">\n<div class=\"max-w-full sponsored-post--placeholder animate-pulse\">\n<div class=\"relative!\"><span class=\"text-base text-black font-bold mx-0 my-2.5 p-0 block bg-gray-100\">\u00a0<br \/>\u00a0<\/span><\/div>\n<\/div>\n<\/div>\n<div>\n<div class=\"aspect-[var(--img-listing-aspect-ratio,16\/9)] relative mb-3.5\">\n    <source type=\"image\/webp\" srcset=\"https:\/\/cdn.mos.cms.futurecdn.net\/cm6jjADNpv2DyLYYmYBJnM-840-80.jpg.webp 840w, https:\/\/cdn.mos.cms.futurecdn.net\/cm6jjADNpv2DyLYYmYBJnM-650-80.jpg.webp 650w, https:\/\/cdn.mos.cms.futurecdn.net\/cm6jjADNpv2DyLYYmYBJnM-500-80.jpg.webp 500w, https:\/\/cdn.mos.cms.futurecdn.net\/cm6jjADNpv2DyLYYmYBJnM-450-80.jpg.webp 450w, https:\/\/cdn.mos.cms.futurecdn.net\/cm6jjADNpv2DyLYYmYBJnM-320-80.jpg.webp 320w\" sizes=\"(min-width: 900px) 925px, (min-width: 700px) 450px, calc(100vw - 48px)\" \/><\/div>\n<p><span class=\"custom-subheading-styles\">Teams &amp; Riders<\/span><span class=\"text-base text-black font-bold mx-0 my-2.5 p-0 block custom-text-styles\">&#8216;I didn&#8217;t have confidence in myself&#8217; \u2013 Wout van Aert bags green jersey but regrets missed opportunity in Vuelta a Espa\u00f1a breakaway<\/span><\/div>\n<div class=\"relative recirc-feed sponsored-card min-h-[250px]\" data-recirc-id=\"article-river-stacked-ads:native-cards\" data-mrf-recirculation=\"article-river-ads\" data-nosnippet data-ad-slot-path=\"feed-sponsored-post\" data-attribute-device=\"all\">\n<div class=\"max-w-full sponsored-post--placeholder animate-pulse\">\n<div class=\"relative!\"><span class=\"text-base text-black font-bold mx-0 my-2.5 p-0 block bg-gray-100\">\u00a0<br \/>\u00a0<\/span><\/div>\n<\/div>\n<\/div>\n<div>\n<div class=\"aspect-[var(--img-listing-aspect-ratio,16\/9)] relative mb-3.5\">\n    <source type=\"image\/webp\" srcset=\"https:\/\/cdn.mos.cms.futurecdn.net\/vSdkiAvEmYY6WQZwHJEjhW-840-80.jpg.webp 840w, https:\/\/cdn.mos.cms.futurecdn.net\/vSdkiAvEmYY6WQZwHJEjhW-650-80.jpg.webp 650w, https:\/\/cdn.mos.cms.futurecdn.net\/vSdkiAvEmYY6WQZwHJEjhW-500-80.jpg.webp 500w, https:\/\/cdn.mos.cms.futurecdn.net\/vSdkiAvEmYY6WQZwHJEjhW-450-80.jpg.webp 450w, https:\/\/cdn.mos.cms.futurecdn.net\/vSdkiAvEmYY6WQZwHJEjhW-320-80.jpg.webp 320w\" sizes=\"(min-width: 900px) 925px, (min-width: 700px) 450px, calc(100vw - 48px)\" \/><\/div>\n<p><span class=\"custom-subheading-styles\">Women&#8217;s Cycling<\/span><span class=\"text-base text-black font-bold mx-0 my-2.5 p-0 block custom-text-styles\">&#8216;Motherhood and elite-level sports are entirely compatible&#8217; &#8211; Sandra Alonso targets Paris-Roubaix, returning after childbirth and storming the Spanish club scene<\/span><\/div>\n<div class=\"relative recirc-feed sponsored-card min-h-[250px]\" data-recirc-id=\"article-river-stacked-ads:native-cards\" data-mrf-recirculation=\"article-river-ads\" data-nosnippet data-ad-slot-path=\"feed-sponsored-post\" data-attribute-device=\"all\">\n<div class=\"max-w-full sponsored-post--placeholder animate-pulse\">\n<div class=\"relative!\"><span class=\"text-base text-black font-bold mx-0 my-2.5 p-0 block bg-gray-100\">\u00a0<br \/>\u00a0<\/span><\/div>\n<\/div>\n<\/div>\n<div>\n<div class=\"aspect-[var(--img-listing-aspect-ratio,16\/9)] relative mb-3.5\">\n    <source type=\"image\/webp\" srcset=\"https:\/\/cdn.mos.cms.futurecdn.net\/LxEHaFBfMyo2nFXMDykbbi-840-80.jpg.webp 840w, https:\/\/cdn.mos.cms.futurecdn.net\/LxEHaFBfMyo2nFXMDykbbi-650-80.jpg.webp 650w, https:\/\/cdn.mos.cms.futurecdn.net\/LxEHaFBfMyo2nFXMDykbbi-500-80.jpg.webp 500w, https:\/\/cdn.mos.cms.futurecdn.net\/LxEHaFBfMyo2nFXMDykbbi-450-80.jpg.webp 450w, https:\/\/cdn.mos.cms.futurecdn.net\/LxEHaFBfMyo2nFXMDykbbi-320-80.jpg.webp 320w\" sizes=\"(min-width: 900px) 925px, (min-width: 700px) 450px, calc(100vw - 48px)\" \/><\/div>\n<p><span class=\"custom-subheading-styles\">Women&#8217;s Cycling<\/span><span class=\"text-base text-black font-bold mx-0 my-2.5 p-0 block custom-text-styles\">Former British champion Pfeiffer Georgi ends 8-year Picnic-PostNL spell to join UAE Team L&#8217;IMAD<\/span><\/div>\n<div class=\"relative recirc-feed sponsored-card min-h-[250px]\" data-recirc-id=\"article-river-stacked-ads:native-cards\" data-mrf-recirculation=\"article-river-ads\" data-nosnippet data-ad-slot-path=\"feed-sponsored-post\" data-attribute-device=\"all\">\n<div class=\"max-w-full sponsored-post--placeholder animate-pulse\">\n<div class=\"relative!\"><span class=\"text-base text-black font-bold mx-0 my-2.5 p-0 block bg-gray-100\">\u00a0<br \/>\u00a0<\/span><\/div>\n<\/div>\n<\/div>\n<div>\n<div class=\"aspect-[var(--img-listing-aspect-ratio,16\/9)] relative mb-3.5\">\n    <source type=\"image\/webp\" srcset=\"https:\/\/cdn.mos.cms.futurecdn.net\/MsZ9LPKUKLXpVgpbnKAnLE-840-80.jpg.webp 840w, https:\/\/cdn.mos.cms.futurecdn.net\/MsZ9LPKUKLXpVgpbnKAnLE-650-80.jpg.webp 650w, https:\/\/cdn.mos.cms.futurecdn.net\/MsZ9LPKUKLXpVgpbnKAnLE-500-80.jpg.webp 500w, https:\/\/cdn.mos.cms.futurecdn.net\/MsZ9LPKUKLXpVgpbnKAnLE-450-80.jpg.webp 450w, https:\/\/cdn.mos.cms.futurecdn.net\/MsZ9LPKUKLXpVgpbnKAnLE-320-80.jpg.webp 320w\" sizes=\"(min-width: 900px) 925px, (min-width: 700px) 450px, calc(100vw - 48px)\" \/><\/div>\n<p><span class=\"custom-subheading-styles\">Teams &amp; Riders<\/span><span class=\"text-base text-black font-bold mx-0 my-2.5 p-0 block custom-text-styles\">&#8216;I was pretty useless&#8217; \u2013 Oscar Onley &#8216;overcooks&#8217; gravel climb at Vuelta a Espa\u00f1a and pays the price<\/span><\/div>\n<div class=\"relative recirc-feed sponsored-card min-h-[250px]\" data-recirc-id=\"article-river-stacked-ads:native-cards\" data-mrf-recirculation=\"article-river-ads\" data-nosnippet data-ad-slot-path=\"feed-sponsored-post\" data-attribute-device=\"all\">\n<div class=\"max-w-full sponsored-post--placeholder animate-pulse\">\n<div class=\"relative!\"><span class=\"text-base text-black font-bold mx-0 my-2.5 p-0 block bg-gray-100\">\u00a0<br \/>\u00a0<\/span><\/div>\n<\/div>\n<\/div>\n<div>\n<div class=\"aspect-[var(--img-listing-aspect-ratio,16\/9)] relative mb-3.5\">\n    <source type=\"image\/webp\" srcset=\"https:\/\/cdn.mos.cms.futurecdn.net\/2oZHGvgzEgH5i56f8We5Wj-840-80.jpg.webp 840w, https:\/\/cdn.mos.cms.futurecdn.net\/2oZHGvgzEgH5i56f8We5Wj-650-80.jpg.webp 650w, https:\/\/cdn.mos.cms.futurecdn.net\/2oZHGvgzEgH5i56f8We5Wj-500-80.jpg.webp 500w, https:\/\/cdn.mos.cms.futurecdn.net\/2oZHGvgzEgH5i56f8We5Wj-450-80.jpg.webp 450w, https:\/\/cdn.mos.cms.futurecdn.net\/2oZHGvgzEgH5i56f8We5Wj-320-80.jpg.webp 320w\" sizes=\"(min-width: 900px) 925px, (min-width: 700px) 450px, calc(100vw - 48px)\" \/><\/div>\n<p><span class=\"custom-subheading-styles\">Teams &amp; Riders<\/span><span class=\"text-base text-black font-bold mx-0 my-2.5 p-0 block custom-text-styles\">UCI Gravel World Championships winners from the first four editions<\/span><\/div>\n<div class=\"relative recirc-feed sponsored-card min-h-[250px]\" data-recirc-id=\"article-river-stacked-ads:native-cards\" data-mrf-recirculation=\"article-river-ads\" data-nosnippet data-ad-slot-path=\"feed-sponsored-post\" data-attribute-device=\"all\">\n<div class=\"max-w-full sponsored-post--placeholder animate-pulse\">\n<div class=\"relative!\"><span class=\"text-base text-black font-bold mx-0 my-2.5 p-0 block bg-gray-100\">\u00a0<br \/>\u00a0<\/span><\/div>\n<\/div>\n<\/div>\n<\/div>\n<\/div>\n<\/aside>\n<aside class=\"w-full\" data-nosnippet data-mrf-recirculation=\"article-river-stacked\">\n<div data-recirc-id=\"article-river-stacked-solr:latest-articletype\">\n<div class=\"text-white py-4 px-3 mb-4 bg-[#333] uppercase font-bold custom-header-styles\">Latest in News<\/div>\n<div class=\"grid grid-cols-1 gap-4 mt-4 mb-5\">\n<div>\n<div class=\"aspect-[var(--img-listing-aspect-ratio,16\/9)] relative mb-3.5\">\n    <source type=\"image\/webp\" srcset=\"https:\/\/cdn.mos.cms.futurecdn.net\/u9UuYeqv9RGqM23uTbJXx9-840-80.jpg.webp 840w, https:\/\/cdn.mos.cms.futurecdn.net\/u9UuYeqv9RGqM23uTbJXx9-650-80.jpg.webp 650w, https:\/\/cdn.mos.cms.futurecdn.net\/u9UuYeqv9RGqM23uTbJXx9-500-80.jpg.webp 500w, https:\/\/cdn.mos.cms.futurecdn.net\/u9UuYeqv9RGqM23uTbJXx9-450-80.jpg.webp 450w, https:\/\/cdn.mos.cms.futurecdn.net\/u9UuYeqv9RGqM23uTbJXx9-320-80.jpg.webp 320w\" sizes=\"(min-width: 900px) 925px, (min-width: 700px) 450px, calc(100vw - 48px)\" \/><\/div>\n<p><span class=\"custom-subheading-styles\">Teams &amp; Riders<\/span><span class=\"text-base text-black font-bold mx-0 my-2.5 p-0 block custom-text-styles\">&#8216;A good day to try something&#8217; &#8211; Felix Gall upbeat after aggressive final ascent at Vuelta a Espa\u00f1a<\/span><\/div>\n<div class=\"relative recirc-feed sponsored-card min-h-[250px]\" data-recirc-id=\"article-river-stacked-ads:native-cards\" data-mrf-recirculation=\"article-river-ads\" data-nosnippet data-ad-slot-path=\"feed-sponsored-post\" data-attribute-device=\"all\">\n<div class=\"max-w-full sponsored-post--placeholder animate-pulse\">\n<div class=\"relative!\"><span class=\"text-base text-black font-bold mx-0 my-2.5 p-0 block bg-gray-100\">\u00a0<br \/>\u00a0<\/span><\/div>\n<\/div>\n<\/div>\n<div>\n<div class=\"aspect-[var(--img-listing-aspect-ratio,16\/9)] relative mb-3.5\">\n    <source type=\"image\/webp\" srcset=\"https:\/\/cdn.mos.cms.futurecdn.net\/yt79PW2pJtSFxkDjt7Nz65-840-80.jpg.webp 840w, https:\/\/cdn.mos.cms.futurecdn.net\/yt79PW2pJtSFxkDjt7Nz65-650-80.jpg.webp 650w, https:\/\/cdn.mos.cms.futurecdn.net\/yt79PW2pJtSFxkDjt7Nz65-500-80.jpg.webp 500w, https:\/\/cdn.mos.cms.futurecdn.net\/yt79PW2pJtSFxkDjt7Nz65-450-80.jpg.webp 450w, https:\/\/cdn.mos.cms.futurecdn.net\/yt79PW2pJtSFxkDjt7Nz65-320-80.jpg.webp 320w\" sizes=\"(min-width: 900px) 925px, (min-width: 700px) 450px, calc(100vw - 48px)\" \/><\/div>\n<p><span class=\"custom-subheading-styles\">Racing<\/span><span class=\"text-base text-black font-bold mx-0 my-2.5 p-0 block custom-text-styles\">&#8216;I wasn&#8217;t angry at all&#8217; &#8211; Vuelta a Espa\u00f1a leader Tadej Poga\u010dar denies he attacked on Aram\u00f3n Valdelinares finish because he was upset<\/span><\/div>\n<div class=\"relative recirc-feed sponsored-card min-h-[250px]\" data-recirc-id=\"article-river-stacked-ads:native-cards\" data-mrf-recirculation=\"article-river-ads\" data-nosnippet data-ad-slot-path=\"feed-sponsored-post\" data-attribute-device=\"all\">\n<div class=\"max-w-full sponsored-post--placeholder animate-pulse\">\n<div class=\"relative!\"><span class=\"text-base text-black font-bold mx-0 my-2.5 p-0 block bg-gray-100\">\u00a0<br \/>\u00a0<\/span><\/div>\n<\/div>\n<\/div>\n<div>\n<div class=\"aspect-[var(--img-listing-aspect-ratio,16\/9)] relative mb-3.5\">\n    <source type=\"image\/webp\" srcset=\"https:\/\/cdn.mos.cms.futurecdn.net\/cm6jjADNpv2DyLYYmYBJnM-840-80.jpg.webp 840w, https:\/\/cdn.mos.cms.futurecdn.net\/cm6jjADNpv2DyLYYmYBJnM-650-80.jpg.webp 650w, https:\/\/cdn.mos.cms.futurecdn.net\/cm6jjADNpv2DyLYYmYBJnM-500-80.jpg.webp 500w, https:\/\/cdn.mos.cms.futurecdn.net\/cm6jjADNpv2DyLYYmYBJnM-450-80.jpg.webp 450w, https:\/\/cdn.mos.cms.futurecdn.net\/cm6jjADNpv2DyLYYmYBJnM-320-80.jpg.webp 320w\" sizes=\"(min-width: 900px) 925px, (min-width: 700px) 450px, calc(100vw - 48px)\" \/><\/div>\n<p><span class=\"custom-subheading-styles\">Teams &amp; Riders<\/span><span class=\"text-base text-black font-bold mx-0 my-2.5 p-0 block custom-text-styles\">&#8216;I didn&#8217;t have confidence in myself&#8217; \u2013 Wout van Aert bags green jersey but regrets missed opportunity in Vuelta a Espa\u00f1a breakaway<\/span><\/div>\n<div class=\"relative recirc-feed sponsored-card min-h-[250px]\" data-recirc-id=\"article-river-stacked-ads:native-cards\" data-mrf-recirculation=\"article-river-ads\" data-nosnippet data-ad-slot-path=\"feed-sponsored-post\" data-attribute-device=\"all\">\n<div class=\"max-w-full sponsored-post--placeholder animate-pulse\">\n<div class=\"relative!\"><span class=\"text-base text-black font-bold mx-0 my-2.5 p-0 block bg-gray-100\">\u00a0<br \/>\u00a0<\/span><\/div>\n<\/div>\n<\/div>\n<div>\n<div class=\"aspect-[var(--img-listing-aspect-ratio,16\/9)] relative mb-3.5\">\n    <source type=\"image\/webp\" srcset=\"https:\/\/cdn.mos.cms.futurecdn.net\/8BBmwDdaLF9SPqhiJM4PzJ-840-80.jpg.webp 840w, https:\/\/cdn.mos.cms.futurecdn.net\/8BBmwDdaLF9SPqhiJM4PzJ-650-80.jpg.webp 650w, https:\/\/cdn.mos.cms.futurecdn.net\/8BBmwDdaLF9SPqhiJM4PzJ-500-80.jpg.webp 500w, https:\/\/cdn.mos.cms.futurecdn.net\/8BBmwDdaLF9SPqhiJM4PzJ-450-80.jpg.webp 450w, https:\/\/cdn.mos.cms.futurecdn.net\/8BBmwDdaLF9SPqhiJM4PzJ-320-80.jpg.webp 320w\" sizes=\"(min-width: 900px) 925px, (min-width: 700px) 450px, calc(100vw - 48px)\" \/><\/div>\n<p><span class=\"custom-subheading-styles\">Racing<\/span><span class=\"text-base text-black font-bold mx-0 my-2.5 p-0 block custom-text-styles\">Did dehydration play a role in Tadej Poga\u010dar&#8217;s failed solo move at Vuelta a Espa\u00f1a? World champion says no but was denied a bottle and has a few fuelling fails to his name<\/span><\/div>\n<div class=\"relative recirc-feed sponsored-card min-h-[250px]\" data-recirc-id=\"article-river-stacked-ads:native-cards\" data-mrf-recirculation=\"article-river-ads\" data-nosnippet data-ad-slot-path=\"feed-sponsored-post\" data-attribute-device=\"all\">\n<div class=\"max-w-full sponsored-post--placeholder animate-pulse\">\n<div class=\"relative!\"><span class=\"text-base text-black font-bold mx-0 my-2.5 p-0 block bg-gray-100\">\u00a0<br \/>\u00a0<\/span><\/div>\n<\/div>\n<\/div>\n<div>\n<div class=\"aspect-[var(--img-listing-aspect-ratio,16\/9)] relative mb-3.5\">\n    <source type=\"image\/webp\" srcset=\"https:\/\/cdn.mos.cms.futurecdn.net\/vSdkiAvEmYY6WQZwHJEjhW-840-80.jpg.webp 840w, https:\/\/cdn.mos.cms.futurecdn.net\/vSdkiAvEmYY6WQZwHJEjhW-650-80.jpg.webp 650w, https:\/\/cdn.mos.cms.futurecdn.net\/vSdkiAvEmYY6WQZwHJEjhW-500-80.jpg.webp 500w, https:\/\/cdn.mos.cms.futurecdn.net\/vSdkiAvEmYY6WQZwHJEjhW-450-80.jpg.webp 450w, https:\/\/cdn.mos.cms.futurecdn.net\/vSdkiAvEmYY6WQZwHJEjhW-320-80.jpg.webp 320w\" sizes=\"(min-width: 900px) 925px, (min-width: 700px) 450px, calc(100vw - 48px)\" \/><\/div>\n<p><span class=\"custom-subheading-styles\">Women&#8217;s Cycling<\/span><span class=\"text-base text-black font-bold mx-0 my-2.5 p-0 block custom-text-styles\">&#8216;Motherhood and elite-level sports are entirely compatible&#8217; &#8211; Sandra Alonso targets Paris-Roubaix, returning after childbirth and storming the Spanish club scene<\/span><\/div>\n<div class=\"relative recirc-feed sponsored-card min-h-[250px]\" data-recirc-id=\"article-river-stacked-ads:native-cards\" data-mrf-recirculation=\"article-river-ads\" data-nosnippet data-ad-slot-path=\"feed-sponsored-post\" data-attribute-device=\"all\">\n<div class=\"max-w-full sponsored-post--placeholder animate-pulse\">\n<div class=\"relative!\"><span class=\"text-base text-black font-bold mx-0 my-2.5 p-0 block bg-gray-100\">\u00a0<br \/>\u00a0<\/span><\/div>\n<\/div>\n<\/div>\n<div>\n<div class=\"aspect-[var(--img-listing-aspect-ratio,16\/9)] relative mb-3.5\">\n    <source type=\"image\/webp\" srcset=\"https:\/\/cdn.mos.cms.futurecdn.net\/LxEHaFBfMyo2nFXMDykbbi-840-80.jpg.webp 840w, https:\/\/cdn.mos.cms.futurecdn.net\/LxEHaFBfMyo2nFXMDykbbi-650-80.jpg.webp 650w, https:\/\/cdn.mos.cms.futurecdn.net\/LxEHaFBfMyo2nFXMDykbbi-500-80.jpg.webp 500w, https:\/\/cdn.mos.cms.futurecdn.net\/LxEHaFBfMyo2nFXMDykbbi-450-80.jpg.webp 450w, https:\/\/cdn.mos.cms.futurecdn.net\/LxEHaFBfMyo2nFXMDykbbi-320-80.jpg.webp 320w\" sizes=\"(min-width: 900px) 925px, (min-width: 700px) 450px, calc(100vw - 48px)\" \/><\/div>\n<p><span class=\"custom-subheading-styles\">Women&#8217;s Cycling<\/span><span class=\"text-base text-black font-bold mx-0 my-2.5 p-0 block custom-text-styles\">Former British champion Pfeiffer Georgi ends 8-year Picnic-PostNL spell to join UAE Team L&#8217;IMAD<\/span><\/div>\n<div class=\"relative recirc-feed sponsored-card min-h-[250px]\" data-recirc-id=\"article-river-stacked-ads:native-cards\" data-mrf-recirculation=\"article-river-ads\" data-nosnippet data-ad-slot-path=\"feed-sponsored-post\" data-attribute-device=\"all\">\n<div class=\"max-w-full sponsored-post--placeholder animate-pulse\">\n<div class=\"relative!\"><span class=\"text-base text-black font-bold mx-0 my-2.5 p-0 block bg-gray-100\">\u00a0<br \/>\u00a0<\/span><\/div>\n<\/div>\n<\/div>\n<\/div>\n<\/div>\n<\/aside>\n<\/section>\n<\/div>\n<\/div>\n<\/div>\n<div id=\"widgetArea17\" class=\"widget-area md:basis-1\/3 widget-area-g-md-vp-1-3 widget-area-g-lg-vp-1-3 widget-area-g-xl-vp-1-3 page-widget-area-17\">\n<div data-widget-type=\"dynamic\" id=\"popular-data\" class=\"clear-both widget widget-dynamic widget-popular-data widget-dynamic-popular-data widget-dynamic-fter-popular-box\">\n<div class=\"wdn-fte-pb pos-relative space-t20\n\"><\/p>\n<div class=\"slice-container popular-box-slice\">\n<section class=\"popular-box\" data-component-name=\"Slice:PopularBox\">\n<div class=\"popular-box__label\">\n<div class=\"popular-box__label__tab popular-box__label__tab--active\" role=\"heading\">\nLATEST ARTICLES\n<\/div>\n<\/div>\n<ol class=\"popular-box__articles-list popular-box__articles-list--active\">\n<li class=\"popular-box__article-list\">\n<div class=\"popular-box__article-list__container\">\n<div class=\"popular-box__article-list__image-wrapper\">\n<div>\n<source type=\"image\/webp\" srcset=\"https:\/\/cdn.mos.cms.futurecdn.net\/u9UuYeqv9RGqM23uTbJXx9-1280-80.jpg.webp 1280w, https:\/\/cdn.mos.cms.futurecdn.net\/u9UuYeqv9RGqM23uTbJXx9-720-80.jpg.webp 720w, https:\/\/cdn.mos.cms.futurecdn.net\/u9UuYeqv9RGqM23uTbJXx9-640-80.jpg.webp 640w, https:\/\/cdn.mos.cms.futurecdn.net\/u9UuYeqv9RGqM23uTbJXx9-320-80.jpg.webp 320w\" sizes=\"99vw\" \/><\/div>\n<\/div>\n<div class=\"popular-box__article-list__content\">\n<div class=\"popular-box__article-list__number-text\">1<\/div>\n<div class=\"popular-box__article-list__heading\">\n<p>&#8216;A good day to try something&#8217; &#8211; Felix Gall upbeat after aggressive final ascent at Vuelta a Espa\u00f1a<\/p>\n<\/div>\n<\/div>\n<\/div>\n<\/li>\n<li class=\"popular-box__article-list\">\n<div class=\"popular-box__article-list__container\">\n<div class=\"popular-box__article-list__content\">\n<div class=\"popular-box__article-list__number-text\">2<\/div>\n<div class=\"popular-box__article-list__heading\">\n<p>&#8216;I wasn&#8217;t angry at all&#8217; &#8211; Vuelta a Espa\u00f1a leader Tadej Poga\u010dar denies he attacked on Aram\u00f3n Valdelinares finish because he was upset<\/p>\n<\/div>\n<\/div>\n<\/div>\n<\/li>\n<li class=\"popular-box__article-list\">\n<div class=\"popular-box__article-list__container\">\n<div class=\"popular-box__article-list__content\">\n<div class=\"popular-box__article-list__number-text\">3<\/div>\n<div class=\"popular-box__article-list__heading\">\n<p>&#8216;I didn&#8217;t have confidence in myself&#8217; \u2013 Wout van Aert bags green jersey but regrets missed opportunity in Vuelta a Espa\u00f1a breakaway<\/p>\n<\/div>\n<\/div>\n<\/div>\n<\/li>\n<li class=\"popular-box__article-list\">\n<div class=\"popular-box__article-list__container\">\n<div class=\"popular-box__article-list__content\">\n<div class=\"popular-box__article-list__number-text\">4<\/div>\n<div class=\"popular-box__article-list__heading\">\n<p>&#8216;I\u2019ll probably need a season where I spend more time on the mountain bike&#8217; &#8211; Mathieu van der Poel realistic ahead of the UCI Mountain Bike World Championships<\/p>\n<\/div>\n<\/div>\n<\/div>\n<\/li>\n<li class=\"popular-box__article-list\">\n<div class=\"popular-box__article-list__container\">\n<div class=\"popular-box__article-list__content\">\n<div class=\"popular-box__article-list__number-text\">5<\/div>\n<div class=\"popular-box__article-list__heading\">\n<p>Vuelta a Espa\u00f1a: Andreas Leknessund, Tobias Johannessen solo away from Wout van Aert in Uno-X Mobility 1-2 on stage 7<\/p>\n<\/div>\n<\/div>\n<\/div>\n<\/li>\n<\/ol>\n<\/section>\n<\/div>\n<\/div>\n<\/div>\n<\/div>\n<\/div>\n<\/article>\n<article class=\"page-content-onecol flex-1\nnews-article article\n\"><\/p>\n<div class=\"widget-area-group widget-area-group-2col flex flex-wrap box-border\">\n<div id=\"widgetArea16\" class=\"widget-area basis-full md:basis-2\/3 widget-area-g-md-vp-2-3 widget-area-g-lg-vp-2-3 widget-area-g-xl-vp-2-3 page-widget-area-16\">\n<div data-widget-type=\"hero\" id=\"hero\" class=\"clear-both widget widget-hero widget-hero widget-hero-hero widget-hero widget-hero-fter-news\">\n<div class=\"news-article\">\n<header data-component-name=\"Article:Hero\">\n<nav class=\"breadcrumb\" aria-label=\"Breadcrumbs\">\n<ol>\n<li>\nPro Cycling\n<\/li>\n<li>\nTeams &amp; Riders\n<\/li>\n<li>\nMathieu van der Poel\n<\/li>\n<\/ol>\n<\/nav>\n<h1>&#8216;I\u2019ll probably need a season where I spend more time on the mountain bike&#8217; &#8211; Mathieu van der Poel realistic ahead of the UCI Mountain Bike World Championships<\/h1>\n<div class=\"byline-social\">\n<div class=\"vds-byline-block flex flex-row flex-nowrap my-1.5 gap-2 text-left items-start justify-start\" data-component-name=\"Article:BylineBlock\">\n<p>News<\/p>\n<div class=\"my-auto vds-simple-byline\"><span class=\"inline-block vds-author\"><br \/>\nBy<br \/>\nOwen Rogers <\/span><\/p>\n<div class=\"flex gap-1 vds-byline-with-avatar__meta\"><span class=\"vds-date block font-normal tracking-normal normal-case text-xs\"><br \/>\nPublished<br \/>\n<time data-component-name=\"UI:DateTime\" datetime=\"2026-08-28T16:23:55Z\" class=\"relative-date\"><br \/>\n28 August 2026<br \/>\n<\/time><\/span><\/div>\n<\/div>\n<\/div>\n<p class=\"strapline\">The Dutch superstar says his career will still be a success even without the title<\/p>\n<\/div>\n<aside class=\"text-gray-700 flex items-center mx-0 my-5 p-0 justify-start text-left\" id=\"affiliate-disclaimer\" data-component-name=\"AffiliateDisclaimer\" data-hawk-message=\"Affiliate disclaimer removed because hawk deemed there are no affiliate links on this page\">\n<p class=\"text-[color:var(--affiliate-disclaimer--text-color,inherit)] mb-2 text-[length:var(--affiliate-disclaimer--font-size,0.75rem)] leading-[18px] md:text-[13px] [&amp;&gt;a]:text-inherit [&amp;&gt;a]:underline\">\nWhen you purchase through links on our site, we may earn an affiliate commission. Here\u2019s how it works.\n<\/p>\n<\/aside>\n<\/header>\n<\/div>\n<\/div>\n<div data-widget-type=\"contentparsed\" id=\"content\" class=\"clear-both widget widget-contentparsed widget-content widget-contentparsed-content widget-content-parsed widget-content-parsed-content_document \">\n<div class=\"wcp-item-content\">\n<section class=\"content-wrapper\">\n<div class=\"box less-space hero-image-wrapper\">\n<figure class=\"mb-0\">\n<source type=\"image\/webp\" srcset=\"https:\/\/cdn.mos.cms.futurecdn.net\/urUeDCWicNVcKCHSxJU4wY-1024-80.jpg.webp 1920w, https:\/\/cdn.mos.cms.futurecdn.net\/urUeDCWicNVcKCHSxJU4wY-1024-80.jpg.webp 1600w, https:\/\/cdn.mos.cms.futurecdn.net\/urUeDCWicNVcKCHSxJU4wY-1024-80.jpg.webp 1200w, https:\/\/cdn.mos.cms.futurecdn.net\/urUeDCWicNVcKCHSxJU4wY-1024-80.jpg.webp 1024w, https:\/\/cdn.mos.cms.futurecdn.net\/urUeDCWicNVcKCHSxJU4wY-970-80.jpg.webp 970w, https:\/\/cdn.mos.cms.futurecdn.net\/urUeDCWicNVcKCHSxJU4wY-750-80.jpg.webp 750w, https:\/\/cdn.mos.cms.futurecdn.net\/urUeDCWicNVcKCHSxJU4wY-650-80.jpg.webp 650w, https:\/\/cdn.mos.cms.futurecdn.net\/urUeDCWicNVcKCHSxJU4wY-480-80.jpg.webp 480w, https:\/\/cdn.mos.cms.futurecdn.net\/urUeDCWicNVcKCHSxJU4wY-320-80.jpg.webp 320w\" sizes=\"(min-width: 1000px) 600px, 100vw\" \/><figcaption class=\"font-article-copy text-(--image--text--color) font-article-copy mt-2\"><span class=\"caption-text font-article-copy\">Mathieu van der Poel will represent the Netherlands at the Mountain Bike World Championships<\/span><span class=\"credit font-article-copy\">(Image credit: Getty Images)<\/span><\/figcaption><\/figure>\n<\/div>\n<div id=\"article-body\" class=\"text-copy bodyCopy auto paywall-locker\">\n<div data-analytics-id=\"utility-bar\" id=\"utility-bar\" class=\"font-ui-heading flex justify-between items-center py-2 border-t border-b border-gray-300 border-solid mb-5 mx-auto\" data-component-name=\"UtilityBar\" data-mrf-recirculation=\"utility-bar\">\n<div class=\"flex gap-2 text-[#333] subcontainer\">\n<div class=\"relative tooltip-container\" role=\"tooltip\">\n<div data-component-name=\"Social:Dropdown\" role=\"menu\" id=\"utilitybar__dropdown--share\" aria-labelledby=\"utilitybar__button--share\" class=\"absolute left-0 top-full w-44 bg-white rounded-md shadow-md border border-neutral-200 z-[9996] list-none m-0 py-2 px-3 border-solid\">\n<ul class=\"m-0!\">\n<li class=\"!p-0 !m-0 list-none border-b border-gray-200 border-solid\">\n<li class=\"!p-0 !m-0 list-none border-b border-gray-200 border-solid\">\n<p>Facebook<\/p>\n<\/li>\n<li class=\"!p-0 !m-0 list-none border-b border-gray-200 border-solid\">\n<p>X<\/p>\n<\/li>\n<li class=\"!p-0 !m-0 list-none border-b border-gray-200 border-solid\">\n<p>Pinterest<\/p>\n<\/li>\n<li class=\"!p-0 !m-0 list-none border-b border-gray-200 border-solid\">\n<p>Email<\/p>\n<\/li>\n<\/ul>\n<\/div>\n<div class=\"font-ui-heading max-sm:hidden tooltip absolute left-1\/2 bg-gray-900 text-white text-xs leading-none px-3 py-1.5 rounded-md z-[10001] whitespace-nowrap\" id=\"tooltip-share-this-article\" role=\"tooltip\" aria-hidden=\"true\">\nShare this article\n<\/div>\n<\/div>\n<div class=\"relative tooltip-container\" role=\"tooltip\"><span class=\"ml-1 inline-flex h-5 px-2 shrink-0 items-center justify-center self-center overflow-hidden whitespace-nowrap rounded-[10px] bg-primary-500 text-[11px] leading-none font-ui-heading font-semibold text-white\">2<\/span><\/p>\n<div class=\"font-ui-heading max-sm:hidden tooltip absolute left-1\/2 bg-gray-900 text-white text-xs leading-none px-3 py-1.5 rounded-md z-[10001] whitespace-nowrap\" id=\"tooltip-join-the-conversation\" role=\"tooltip\" aria-hidden=\"true\">\nJoin the conversation\n<\/div>\n<\/div>\n<\/div>\n<div class=\"flex gap-2 text-[#333] subcontainer\">\n<div class=\"relative tooltip-container\" role=\"tooltip\">\n<p>Follow us<\/p>\n<div class=\"font-ui-heading max-sm:hidden tooltip absolute left-1\/2 bg-gray-900 text-white text-xs leading-none px-3 py-1.5 rounded-md z-[10001] whitespace-nowrap\" id=\"tooltip-add-us-as-a-preferred-source-on-google\" role=\"tooltip\" aria-hidden=\"true\">\nAdd us as a preferred source on Google\n<\/div>\n<\/div>\n<div class=\"relative tooltip-container\" role=\"tooltip\">\n<div class=\"font-ui-heading max-sm:hidden tooltip absolute left-1\/2 bg-gray-900 text-white text-xs leading-none px-3 py-1.5 rounded-md z-[10001] whitespace-nowrap\" id=\"tooltip-subscribe-to-our-newsletter\" role=\"tooltip\" aria-hidden=\"true\">\nSubscribe to our newsletter\n<\/div>\n<\/div>\n<\/div>\n<\/div>\n<p id=\"elk-32186d90-a2f9-11f1-b6f4-b35ad43eb6f3\">Mathieu van der Poel will start Sunday\u2019s UCI Mountain Bike World Championships elite men&#8217;s cross country race hoping to finally secure the rainbow jersey in the discipline, but admits he doesn\u2019t need the win for his career to be a success.<\/p>\n<p>However, the 31-year-old believes that if he is ever to win the rainbow jersey in mountain biking, he would benefit from racing the discipline more regularly than in recent years.<\/p>\n<p id=\"elk-32186d90-a2f9-11f1-b6f4-b35ad43eb6f3-2\" aria-hidden=\"true\" class=\"kiosq-b\">Van der Poel\u2019s best result in the Cross-Country Olympic race (XCO) Worlds came as far back as 2018 when he was third at Lenzerheide, with his subsequent attempts being blighted by poor luck and bad start grid positions.<\/p>\n<div class=\"my-6 w-full overflow-hidden rounded-[10px] lg:my-8\" data-component-name=\"JwPlayer:Carousel\" data-jwp-carousel data-jwp-carousel-payload=\"{&quot;ids&quot;:{&quot;playerID&quot;:&quot;jYDCcabO&quot;,&quot;searchPlaylistID&quot;:&quot;gwjdoYHD&quot;,&quot;divID&quot;:&quot;botr_gwjdoYHD_jYDCcabO_div&quot;,&quot;fallbackPlaylistID&quot;:&quot;gwjdoYHD&quot;,&quot;fallbackDivID&quot;:&quot;botr_gwjdoYHD_jYDCcabO_div&quot;,&quot;key&quot;:&quot;X9\/mXVGac0NphghLH9hZaqWA5d3dhAM\/Ih07grnEyMLjuO2E&quot;,&quot;tintLogo&quot;:true,&quot;useSearchPlaylist&quot;:false,&quot;enabled&quot;:true},&quot;signPostingEnabled&quot;:true,&quot;signPostingLinkEnabled&quot;:true,&quot;waitForAdLoad&quot;:false,&quot;hidePlayerOnDesktop&quot;:false,&quot;hidePlayerOnMobile&quot;:false,&quot;hidePlayerOnTablet&quot;:false}\">\n<div class=\"flex flex-nowrap items-center justify-between gap-3 bg-zinc-900 px-[14px] py-3\" data-jwp-carousel-header>\n<div class=\"flex min-w-0 shrink items-center\"><span class=\"inline-flex items-center gap-1.5 text-sm font-article-heading capitalize leading-5 text-white whitespace-nowrap\"><span class=\"jwp-carousel-title-desktop\">Latest Videos From<\/span><span class=\"jwp-carousel-brand\">Cyclingnews<\/span><\/span><\/div>\n<\/div>\n<div class=\"min-h-[44px] bg-zinc-900 px-[14px] py-3\" data-jwp-carousel-signposting><a class=\"invisible block truncate text-sm font-bold leading-5 text-white underline decoration-solid underline-offset-2\" data-jwp-carousel-signposting-link href target=\"_blank\" rel=\"noopener noreferrer\"><span data-jwp-carousel-signposting-title>Watch full video here: <\/span><\/a><\/div>\n<\/div>\n<p aria-hidden=\"true\" class=\"kiosq-b\">As if to prove his point, a second place at last weekend\u2019s World Cup in Les Gets was not only his best result in the discipline since 2021, but his first race of the 2026 mountain bike season. A decent result in the short track race allowed him to start from the second row, something he admitted was a benefit. However, having raced so little in recent years, he will have no such luck on Sunday.<\/p>\n<p aria-hidden=\"true\" class=\"kiosq-b\">&#8220;Starting from the fifth row obviously reduces my chances,&#8221; Van der Poel told a press call by the Alpecin-Premier Tech campervan in Val di Sole on Friday.<\/p>\n<aside data-component-name=\"Recirculation:ArticleRiver\" data-recirculation-type=\"inline\" data-mrf-recirculation=\"Trending Bar\" data-nosnippet class=\"clear-both pt-2 pb-0 mb-4\"><span class=\"\n            flex\n            after:content-[&apos;&apos;] after:flex-1 after:ml-4 after:my-[0.7rem] after:border-t after:border-solid after:border-t-[#ccc]\n            before:content-[&apos;&apos;] before:flex-1 before:mr-4 before:my-[0.7rem] before:border-t before:border-solid before:border-t-[#ccc]\n            font-article-heading pb-0 text-[length:var(--article-river-title--font-size,1em)] uppercase sm:text-[length:var(--article-river-title--font-size,0.875em)] font-bold\n        \"><br \/>\n            You may like<br \/>\n        <\/span><\/p>\n<ul class=\"flex flex-col gap-0 m-0 max-w-full\">\n<li class=\"m-0 list-none border-b border-solid border-[#ededed] py-2\" data-recirculation-id=\"recirculation-card-1\" id=\"recirculation-inline-1\" data-analytics-id=\"recirculation-inline-1\" data-mrf-recirculation=\"recirculation-inline-1\">\n    <source type=\"image\/webp\" srcset=\"https:\/\/cdn.mos.cms.futurecdn.net\/zZQczw9zXdrezwYvEaGTDb-250-80.jpg.webp 250w, https:\/\/cdn.mos.cms.futurecdn.net\/zZQczw9zXdrezwYvEaGTDb-150-80.jpg.webp 150w\" sizes=\"150px\" \/><span class=\"w-full text-base font-[var(--article-river-item--font-weight,500)] font-article-heading line-clamp-3 md:line-clamp-2\">&#8216;It will never be ideal&#8217; \u2013 Mathieu van der Poel still struggling to balance mountain bike and road racing<\/span><\/li>\n<li class=\"m-0 list-none border-b border-solid border-[#ededed] py-2\" data-recirculation-id=\"recirculation-card-2\" id=\"recirculation-inline-2\" data-analytics-id=\"recirculation-inline-2\" data-mrf-recirculation=\"recirculation-inline-2\">\n    <source type=\"image\/webp\" srcset=\"https:\/\/cdn.mos.cms.futurecdn.net\/xwfHZ2na3reEhMq7K4eAiK-250-80.jpg.webp 250w, https:\/\/cdn.mos.cms.futurecdn.net\/xwfHZ2na3reEhMq7K4eAiK-150-80.jpg.webp 150w\" sizes=\"150px\" \/><span class=\"w-full text-base font-[var(--article-river-item--font-weight,500)] font-article-heading line-clamp-3 md:line-clamp-2\">&#8216;I will need a bit of luck&#8217; \u2013 Mathieu van der Poel delivers strong mountain bike return at Les Gets but keeps a lid on World Championships expectations<\/span><\/li>\n<li class=\"m-0 list-none border-b border-solid border-[#ccc] py-2\" data-recirculation-id=\"recirculation-card-3\" id=\"recirculation-inline-3\" data-analytics-id=\"recirculation-inline-3\" data-mrf-recirculation=\"recirculation-inline-3\">\n    <source type=\"image\/webp\" srcset=\"https:\/\/cdn.mos.cms.futurecdn.net\/RyT39Rm6mVMRSyhLcSCtYe-250-80.jpg.webp 250w, https:\/\/cdn.mos.cms.futurecdn.net\/RyT39Rm6mVMRSyhLcSCtYe-150-80.jpg.webp 150w\" sizes=\"150px\" \/><span class=\"w-full text-base font-[var(--article-river-item--font-weight,500)] font-article-heading line-clamp-3 md:line-clamp-2\">Mathieu van der Poel&#8217;s 2026 mountain bike return confirmed with place on World Cup start list at Les Gets<\/span><\/li>\n<\/ul>\n<\/aside>\n<p aria-hidden=\"true\" class=\"kiosq-b\">&#8220;In Les Gets I saw again how big the difference is when you start closer to the front, you\u2019re immediately part of the race. If I really want to give myself the best possible chance of becoming world champion one day, I\u2019ll probably need a season where I spend more time on the mountain bike so I can earn a place on one of those first two rows. For Sunday, though, the situation is what it is. I\u2019ll have to make the best of it and maybe have a little bit of luck as well.&#8221;<\/p>\n<p aria-hidden=\"true\" class=\"kiosq-b\">&#8220;I came out of the Tour in much better shape this year, and winning on the Champs-\u00c9lys\u00e9es obviously gave me a lot of confidence and motivation. Last year I wasn\u2019t really at my normal level. This time the switch to the mountain bike has been much smoother. I also spent a lot of time on the MTB during my altitude camp in Livigno, and I think I needed that.&#8221;<\/p>\n<div id=\"slice-container-newsletterForm-articleInbodyContent-vES8xXMCG8bWfXWXp4v6vA\" class=\"slice-container newsletter-inbodyContent-slice newsletterForm-articleInbodyContent-vES8xXMCG8bWfXWXp4v6vA slice-container-newsletterForm\">\n<div data-hydrate=\"true\" class=\"newsletter-form__wrapper newsletter-form__wrapper--inbodyContent\">\n<div class=\"newsletter-form__container\">\n<section class=\"newsletter-form__top-bar\">\n<div class=\"newsletter-form__header\">Get The Leadout Newsletter<\/div>\n<\/section>\n<section class=\"newsletter-form__main-section\">\n<p class=\"newsletter-form__strapline\">The latest race content, interviews, features, reviews and expert buying guides, direct to your inbox!<\/p>\n<footer class=\"newsletter-form__footer \">By submitting your information you agree to the Terms &amp; Conditions and Privacy Policy and are aged 16 or over.<\/footer>\n<\/section>\n<\/div>\n<\/div>\n<\/div>\n<p aria-hidden=\"true\" class=\"kiosq-b\">Though he\u2019ll ride in the orange jersey of the Netherlands this weekend, he has been supported this week by his trade team, Alpecin-Premier Tech, who have brought in Matteo Berta as technical coach to give both Van der Poel and their hope for the women\u2019s race, Puck Pieterse, the best chance of success. The Italian will check the course and give riders advice on the best lines. However, he will not be able to compensate for the poor start position, though Van der Poel has at least learnt after getting over-excited last year, when he finished a lowly 29th.<\/p>\n<figure class=\"van-image-figure inline-layout kiosq-b\" data-bordeaux-image-check id=\"elk-32186ebc-a2f9-11f1-b0bc-6df8de6332e9\" aria-hidden=\"true\">\n<div class=\"image-full-width-wrapper\">\n<div class=\"image-widthsetter\">\n<p class=\"vanilla-image-block\">\n<source type=\"image\/webp\" srcset=\"https:\/\/cdn.mos.cms.futurecdn.net\/n8PXw7racAbmka8EXiHYK6-1024-80.jpg.webp 1200w, https:\/\/cdn.mos.cms.futurecdn.net\/n8PXw7racAbmka8EXiHYK6-1024-80.jpg.webp 1024w, https:\/\/cdn.mos.cms.futurecdn.net\/n8PXw7racAbmka8EXiHYK6-970-80.jpg.webp 970w, https:\/\/cdn.mos.cms.futurecdn.net\/n8PXw7racAbmka8EXiHYK6-650-80.jpg.webp 650w, https:\/\/cdn.mos.cms.futurecdn.net\/n8PXw7racAbmka8EXiHYK6-480-80.jpg.webp 480w, https:\/\/cdn.mos.cms.futurecdn.net\/n8PXw7racAbmka8EXiHYK6-320-80.jpg.webp 320w\" sizes=\"(min-width: 1000px) 970px, calc(100vw - 40px)\" \/><\/p>\n<\/div>\n<\/div><figcaption class=\" inline-layout\"><span class=\"caption-text\">Mathieu van der Pole on his way to secnd place at the Les Gets MTB World Cup <\/span><span class=\"credit\">(Image credit: Getty Images)<\/span><\/figcaption><\/figure>\n<p id=\"elk-32186f48-a2f9-11f1-b65d-3d5c1148b863\" aria-hidden=\"true\" class=\"kiosq-b\">&#8220;Last year I actually had a good start, but I was probably a little too eager to move up immediately. If you go too deep early on, you pay for it straight away, and often that\u2019s exactly when the guys at the front accelerate again. But at the same time you don\u2019t want to lose contact with the race. Finding that balance will be important.&#8221;<\/p>\n<p aria-hidden=\"true\" class=\"kiosq-b\">Wherever he finishes Sunday\u2019s race, Van der Poel won\u2019t let the result tarnish his stellar career. Not only does he have eight elite cyclocross rainbow jerseys to his name, there are a host of honours on the road, including eight Monument victories and Grand Tour stage wins.<\/p>\n<p aria-hidden=\"true\" class=\"kiosq-b\">&#8220;It\u2019s definitely an important goal for me, but I think it would be too simplistic to say I need an MTB world title for my career to be successful,&#8221; he explained. &#8220;I wouldn\u2019t look back on my career disappointed if I never won it. But of course I really want to add it to my palmar\u00e8s. If it doesn\u2019t happen this year, hopefully there will be another opportunity.<\/p>\n<p aria-hidden=\"true\" class=\"kiosq-b\">&#8220;I\u2019d definitely like to have a year where I can put a bit more focus on mountain biking. But that\u2019s something that has to be discussed with the team because there are other commitments too. But yes, I\u2019d like to give it a proper try.\u201d<\/p>\n<p id=\"elk-32186fd4-a2f9-11f1-a0e0-d994c42cdcb3\" aria-hidden=\"true\" class=\"kiosq-b\"><strong>For unbeatable coverage across road, gravel and tech, subscribe to Cyclingnews. You&#8217;ll get comprehensive race coverage of La Vuelta a Espa\u00f1a, subscriber-exclusive analysis from our expert columnists, in-depth features and industry-leading tech insight. Plus, the Cyclingnews app lets you follow the action wherever you go! <\/strong><strong>Join today.<\/strong><\/p>\n<\/div>\n<div class=\"block mb-5\" id=\"articleTag\" data-component-name=\"PostArticleLinks\" data-nosnippet data-mrf-recirculation=\"post-article-links\">\n<div class=\"border-b border-b-black border-solid py-2.5 text-black font-bold uppercase\">TOPICS<\/div>\n<nav class=\"py-2.5 flex gap-2.5 flex-wrap\" data-analytics-id=\"article-tag\" data-mrf-recirculation=\"article-tag\">\n<p>Mountain Bike<\/p>\n<\/nav>\n<\/div>\n<div id=\"slice-container-authorBio-vES8xXMCG8bWfXWXp4v6vA\" class=\"slice-container slice-author-bio authorBio-vES8xXMCG8bWfXWXp4v6vA slice-container-authorBio\">\n<div class=\"author author__default-layout author--separator author--collapsible\" data-hydrate=\"true\">\n<div class=\"author__header\">\n<div class=\"author__avatar-block\">\n<figure class=\"image-wrapped__wrapper\" data-bordeaux-image-check=\"false\">\n<div class=\"image-wrapped__widthsetter\">\n<div class=\"image-wrapped__aspect-padding\">\n<div><source class=\"author__avatar image-wrapped__image image__image\" type=\"image\/webp\" srcset=\"https:\/\/cdn.mos.cms.futurecdn.net\/5d2CksSry8bfgFKS33vwFi-140-80.jpg.webp 140w\" sizes=\"99vw\" data-normal=\"https:\/\/cdn.mos.cms.futurecdn.net\/5d2CksSry8bfgFKS33vwFi.jpg\" data-original-mos=\"https:\/\/cdn.mos.cms.futurecdn.net\/5d2CksSry8bfgFKS33vwFi.jpg\" data-pin-media=\"https:\/\/cdn.mos.cms.futurecdn.net\/5d2CksSry8bfgFKS33vwFi.jpg\" data-pin-nopin=\"true\" data-slice-image=\"true\" \/><\/div>\n<\/div>\n<\/div>\n<\/figure>\n<\/div>\n<div class=\"author__heading\">\n<div class=\"author__name\">Owen Rogers<\/div>\n<div class=\"author__role\">Staff Writer<\/div>\n<\/div>\n<\/div>\n<div class=\"author__bio-wrapper\">\n<div class=\"author__biography\">\n<p>A recent addition to the Cyclingnews staff, Owen Rogers is an experienced journalist, working as a freelancer covering the sport for various magazines and websites for more than 10 years.<\/p>\n<p>Initially concentrating mainly on the women&#8217;s sport, he has covered hundreds of race days on the ground and interviewed some of the sport&#8217;s biggest names.<\/p>\n<p>Living near Cambridge in the UK, when he&#8217;s not working you&#8217;ll find him either riding his bike or playing drums.<\/p>\n<\/div>\n<\/div>\n<\/div>\n<\/div>\n<\/section>\n<div class=\"relative max-w-[1070px] viafoura-twig-component mt-6 mx-4 lg:mx-0\" data-component-name=\"Viafoura:Comments\" data-nosnippet data-community-guidelines-text=\"&lt;p class=&apos;vfcustom-community-guidelines&apos;&gt;Please follow our &lt;a href=&quot;https:\/\/www.cyclingnews.com\/about\/#section-community-guidelines&quot; target=&quot;_blank&quot;&gt;community guidelines&lt;\/a&gt;.&lt;\/p&gt;\" data-join-the-conversation-text=\"Join the Conversation\">\n<div class=\"absolute top-0 left-0 w-full h-full flex items-center justify-center z-50 bg-white\/90 border-1 rounded-b-[var(--comment-widget-border-radius,0)]\">\n<div class=\"p-2 text-center\">\n<p class=\"mb-3 text-lg!\">You must confirm your public display name before commenting<\/p>\n<p class=\"mb-3 text-sm!\">Please logout and then login again, you will then be prompted to enter your display name.<\/p>\n<\/div>\n<\/div>\n<\/div>\n<section class=\"mx-2 my-5 sm:mx-0\">\n<aside class=\"w-full\" data-nosnippet data-mrf-recirculation=\"article-river-stacked\">\n<div data-recirc-id=\"article-river-stacked-adviser:hybrid\">\n<div class=\"text-white py-4 px-3 mb-4 bg-[#333] uppercase font-bold custom-header-styles\">Read more<\/div>\n<div class=\"grid grid-cols-1 gap-4 mt-4 mb-5\">\n<div>\n<div class=\"aspect-[var(--img-listing-aspect-ratio,16\/9)] relative mb-3.5\">\n    <source type=\"image\/webp\" srcset=\"https:\/\/cdn.mos.cms.futurecdn.net\/zZQczw9zXdrezwYvEaGTDb-840-80.jpg.webp 840w, https:\/\/cdn.mos.cms.futurecdn.net\/zZQczw9zXdrezwYvEaGTDb-650-80.jpg.webp 650w, https:\/\/cdn.mos.cms.futurecdn.net\/zZQczw9zXdrezwYvEaGTDb-500-80.jpg.webp 500w, https:\/\/cdn.mos.cms.futurecdn.net\/zZQczw9zXdrezwYvEaGTDb-450-80.jpg.webp 450w, https:\/\/cdn.mos.cms.futurecdn.net\/zZQczw9zXdrezwYvEaGTDb-320-80.jpg.webp 320w\" sizes=\"(min-width: 900px) 925px, (min-width: 700px) 450px, calc(100vw - 48px)\" \/><\/div>\n<p><span class=\"custom-subheading-styles\">Teams &amp; Riders<\/span><span class=\"text-base text-black font-bold mx-0 my-2.5 p-0 block custom-text-styles\">&#8216;It will never be ideal&#8217; \u2013 Mathieu van der Poel still struggling to balance mountain bike and road racing<\/span><\/div>\n<div class=\"relative recirc-feed sponsored-card min-h-[250px]\" data-recirc-id=\"article-river-stacked-ads:native-cards\" data-mrf-recirculation=\"article-river-ads\" data-nosnippet data-ad-slot-path=\"feed-sponsored-post\" data-attribute-device=\"all\">\n<div class=\"max-w-full sponsored-post--placeholder animate-pulse\">\n<div class=\"relative!\"><span class=\"text-base text-black font-bold mx-0 my-2.5 p-0 block bg-gray-100\">\u00a0<br \/>\u00a0<\/span><\/div>\n<\/div>\n<\/div>\n<div>\n<div class=\"aspect-[var(--img-listing-aspect-ratio,16\/9)] relative mb-3.5\">\n    <source type=\"image\/webp\" srcset=\"https:\/\/cdn.mos.cms.futurecdn.net\/xwfHZ2na3reEhMq7K4eAiK-840-80.jpg.webp 840w, https:\/\/cdn.mos.cms.futurecdn.net\/xwfHZ2na3reEhMq7K4eAiK-650-80.jpg.webp 650w, https:\/\/cdn.mos.cms.futurecdn.net\/xwfHZ2na3reEhMq7K4eAiK-500-80.jpg.webp 500w, https:\/\/cdn.mos.cms.futurecdn.net\/xwfHZ2na3reEhMq7K4eAiK-450-80.jpg.webp 450w, https:\/\/cdn.mos.cms.futurecdn.net\/xwfHZ2na3reEhMq7K4eAiK-320-80.jpg.webp 320w\" sizes=\"(min-width: 900px) 925px, (min-width: 700px) 450px, calc(100vw - 48px)\" \/><\/div>\n<p><span class=\"custom-subheading-styles\">Racing<\/span><span class=\"text-base text-black font-bold mx-0 my-2.5 p-0 block custom-text-styles\">&#8216;I will need a bit of luck&#8217; \u2013 Mathieu van der Poel delivers strong mountain bike return at Les Gets but keeps a lid on World Championships expectations<\/span><\/div>\n<div class=\"relative recirc-feed sponsored-card min-h-[250px]\" data-recirc-id=\"article-river-stacked-ads:native-cards\" data-mrf-recirculation=\"article-river-ads\" data-nosnippet data-ad-slot-path=\"feed-sponsored-post\" data-attribute-device=\"all\">\n<div class=\"max-w-full sponsored-post--placeholder animate-pulse\">\n<div class=\"relative!\"><span class=\"text-base text-black font-bold mx-0 my-2.5 p-0 block bg-gray-100\">\u00a0<br \/>\u00a0<\/span><\/div>\n<\/div>\n<\/div>\n<div>\n<div class=\"aspect-[var(--img-listing-aspect-ratio,16\/9)] relative mb-3.5\">\n    <source type=\"image\/webp\" srcset=\"https:\/\/cdn.mos.cms.futurecdn.net\/RyT39Rm6mVMRSyhLcSCtYe-840-80.jpg.webp 840w, https:\/\/cdn.mos.cms.futurecdn.net\/RyT39Rm6mVMRSyhLcSCtYe-650-80.jpg.webp 650w, https:\/\/cdn.mos.cms.futurecdn.net\/RyT39Rm6mVMRSyhLcSCtYe-500-80.jpg.webp 500w, https:\/\/cdn.mos.cms.futurecdn.net\/RyT39Rm6mVMRSyhLcSCtYe-450-80.jpg.webp 450w, https:\/\/cdn.mos.cms.futurecdn.net\/RyT39Rm6mVMRSyhLcSCtYe-320-80.jpg.webp 320w\" sizes=\"(min-width: 900px) 925px, (min-width: 700px) 450px, calc(100vw - 48px)\" \/><\/div>\n<p><span class=\"custom-subheading-styles\">Racing<\/span><span class=\"text-base text-black font-bold mx-0 my-2.5 p-0 block custom-text-styles\">Mathieu van der Poel&#8217;s 2026 mountain bike return confirmed with place on World Cup start list at Les Gets<\/span><\/div>\n<div class=\"relative recirc-feed sponsored-card min-h-[250px]\" data-recirc-id=\"article-river-stacked-ads:native-cards\" data-mrf-recirculation=\"article-river-ads\" data-nosnippet data-ad-slot-path=\"feed-sponsored-post\" data-attribute-device=\"all\">\n<div class=\"max-w-full sponsored-post--placeholder animate-pulse\">\n<div class=\"relative!\"><span class=\"text-base text-black font-bold mx-0 my-2.5 p-0 block bg-gray-100\">\u00a0<br \/>\u00a0<\/span><\/div>\n<\/div>\n<\/div>\n<div>\n<div class=\"aspect-[var(--img-listing-aspect-ratio,16\/9)] relative mb-3.5\">\n    <source type=\"image\/webp\" srcset=\"https:\/\/cdn.mos.cms.futurecdn.net\/YVZUNpCWEv7ZdmtC8RWec-840-80.png.webp 840w, https:\/\/cdn.mos.cms.futurecdn.net\/YVZUNpCWEv7ZdmtC8RWec-650-80.png.webp 650w, https:\/\/cdn.mos.cms.futurecdn.net\/YVZUNpCWEv7ZdmtC8RWec-500-80.png.webp 500w, https:\/\/cdn.mos.cms.futurecdn.net\/YVZUNpCWEv7ZdmtC8RWec-450-80.png.webp 450w, https:\/\/cdn.mos.cms.futurecdn.net\/YVZUNpCWEv7ZdmtC8RWec-320-80.png.webp 320w\" sizes=\"(min-width: 900px) 925px, (min-width: 700px) 450px, calc(100vw - 48px)\" \/><\/div>\n<p><span class=\"custom-subheading-styles\">Teams &amp; Riders<\/span><span class=\"text-base text-black font-bold mx-0 my-2.5 p-0 block custom-text-styles\">&#8216;My career is already more than successful&#8217; \u2013 Pressure-free Mathieu van der Poel eyes up another stint in yellow at Tour de France<\/span><\/div>\n<div class=\"relative recirc-feed sponsored-card min-h-[250px]\" data-recirc-id=\"article-river-stacked-ads:native-cards\" data-mrf-recirculation=\"article-river-ads\" data-nosnippet data-ad-slot-path=\"feed-sponsored-post\" data-attribute-device=\"all\">\n<div class=\"max-w-full sponsored-post--placeholder animate-pulse\">\n<div class=\"relative!\"><span class=\"text-base text-black font-bold mx-0 my-2.5 p-0 block bg-gray-100\">\u00a0<br \/>\u00a0<\/span><\/div>\n<\/div>\n<\/div>\n<div>\n<div class=\"aspect-[var(--img-listing-aspect-ratio,16\/9)] relative mb-3.5\">\n    <source type=\"image\/webp\" srcset=\"https:\/\/cdn.mos.cms.futurecdn.net\/BbiX2eXD8WsmSJdGXAbGx9-840-80.jpg.webp 840w, https:\/\/cdn.mos.cms.futurecdn.net\/BbiX2eXD8WsmSJdGXAbGx9-650-80.jpg.webp 650w, https:\/\/cdn.mos.cms.futurecdn.net\/BbiX2eXD8WsmSJdGXAbGx9-500-80.jpg.webp 500w, https:\/\/cdn.mos.cms.futurecdn.net\/BbiX2eXD8WsmSJdGXAbGx9-450-80.jpg.webp 450w, https:\/\/cdn.mos.cms.futurecdn.net\/BbiX2eXD8WsmSJdGXAbGx9-320-80.jpg.webp 320w\" sizes=\"(min-width: 900px) 925px, (min-width: 700px) 450px, calc(100vw - 48px)\" \/><\/div>\n<p><span class=\"custom-subheading-styles\">Racing<\/span><span class=\"text-base text-black font-bold mx-0 my-2.5 p-0 block custom-text-styles\">&#8216;I have a love-hate relationship with the Tour de France&#8217; \u2013 Mathieu van der Poel prepares for possible final shot at success<\/span><\/div>\n<div class=\"relative recirc-feed sponsored-card min-h-[250px]\" data-recirc-id=\"article-river-stacked-ads:native-cards\" data-mrf-recirculation=\"article-river-ads\" data-nosnippet data-ad-slot-path=\"feed-sponsored-post\" data-attribute-device=\"all\">\n<div class=\"max-w-full sponsored-post--placeholder animate-pulse\">\n<div class=\"relative!\"><span class=\"text-base text-black font-bold mx-0 my-2.5 p-0 block bg-gray-100\">\u00a0<br \/>\u00a0<\/span><\/div>\n<\/div>\n<\/div>\n<div>\n<div class=\"aspect-[var(--img-listing-aspect-ratio,16\/9)] relative mb-3.5\">\n    <source type=\"image\/webp\" srcset=\"https:\/\/cdn.mos.cms.futurecdn.net\/pqWEJamDgNpGqCnAgNQnHL-840-80.jpg.webp 840w, https:\/\/cdn.mos.cms.futurecdn.net\/pqWEJamDgNpGqCnAgNQnHL-650-80.jpg.webp 650w, https:\/\/cdn.mos.cms.futurecdn.net\/pqWEJamDgNpGqCnAgNQnHL-500-80.jpg.webp 500w, https:\/\/cdn.mos.cms.futurecdn.net\/pqWEJamDgNpGqCnAgNQnHL-450-80.jpg.webp 450w, https:\/\/cdn.mos.cms.futurecdn.net\/pqWEJamDgNpGqCnAgNQnHL-320-80.jpg.webp 320w\" sizes=\"(min-width: 900px) 925px, (min-width: 700px) 450px, calc(100vw - 48px)\" \/><\/div>\n<p><span class=\"custom-subheading-styles\">Teams &amp; Riders<\/span><span class=\"text-base text-black font-bold mx-0 my-2.5 p-0 block custom-text-styles\">Is Mathieu van der Poel a time trial sleeping giant?<\/span><\/div>\n<div class=\"relative recirc-feed sponsored-card min-h-[250px]\" data-recirc-id=\"article-river-stacked-ads:native-cards\" data-mrf-recirculation=\"article-river-ads\" data-nosnippet data-ad-slot-path=\"feed-sponsored-post\" data-attribute-device=\"all\">\n<div class=\"max-w-full sponsored-post--placeholder animate-pulse\">\n<div class=\"relative!\"><span class=\"text-base text-black font-bold mx-0 my-2.5 p-0 block bg-gray-100\">\u00a0<br \/>\u00a0<\/span><\/div>\n<\/div>\n<\/div>\n<\/div>\n<\/div>\n<\/aside>\n<aside class=\"w-full\" data-nosnippet data-mrf-recirculation=\"article-river-stacked\">\n<div data-recirc-id=\"article-river-stacked-solr:latest-category\">\n<div class=\"text-white py-4 px-3 mb-4 bg-[#333] uppercase font-bold custom-header-styles\">Latest in Teams &amp; Riders<\/div>\n<div class=\"grid grid-cols-1 gap-4 mt-4 mb-5\">\n<div>\n<div class=\"aspect-[var(--img-listing-aspect-ratio,16\/9)] relative mb-3.5\">\n    <source type=\"image\/webp\" srcset=\"https:\/\/cdn.mos.cms.futurecdn.net\/u9UuYeqv9RGqM23uTbJXx9-840-80.jpg.webp 840w, https:\/\/cdn.mos.cms.futurecdn.net\/u9UuYeqv9RGqM23uTbJXx9-650-80.jpg.webp 650w, https:\/\/cdn.mos.cms.futurecdn.net\/u9UuYeqv9RGqM23uTbJXx9-500-80.jpg.webp 500w, https:\/\/cdn.mos.cms.futurecdn.net\/u9UuYeqv9RGqM23uTbJXx9-450-80.jpg.webp 450w, https:\/\/cdn.mos.cms.futurecdn.net\/u9UuYeqv9RGqM23uTbJXx9-320-80.jpg.webp 320w\" sizes=\"(min-width: 900px) 925px, (min-width: 700px) 450px, calc(100vw - 48px)\" \/><\/div>\n<p><span class=\"custom-subheading-styles\">Teams &amp; Riders<\/span><span class=\"text-base text-black font-bold mx-0 my-2.5 p-0 block custom-text-styles\">&#8216;A good day to try something&#8217; &#8211; Felix Gall upbeat after aggressive final ascent at Vuelta a Espa\u00f1a<\/span><\/div>\n<div class=\"relative recirc-feed sponsored-card min-h-[250px]\" data-recirc-id=\"article-river-stacked-ads:native-cards\" data-mrf-recirculation=\"article-river-ads\" data-nosnippet data-ad-slot-path=\"feed-sponsored-post\" data-attribute-device=\"all\">\n<div class=\"max-w-full sponsored-post--placeholder animate-pulse\">\n<div class=\"relative!\"><span class=\"text-base text-black font-bold mx-0 my-2.5 p-0 block bg-gray-100\">\u00a0<br \/>\u00a0<\/span><\/div>\n<\/div>\n<\/div>\n<div>\n<div class=\"aspect-[var(--img-listing-aspect-ratio,16\/9)] relative mb-3.5\">\n    <source type=\"image\/webp\" srcset=\"https:\/\/cdn.mos.cms.futurecdn.net\/cm6jjADNpv2DyLYYmYBJnM-840-80.jpg.webp 840w, https:\/\/cdn.mos.cms.futurecdn.net\/cm6jjADNpv2DyLYYmYBJnM-650-80.jpg.webp 650w, https:\/\/cdn.mos.cms.futurecdn.net\/cm6jjADNpv2DyLYYmYBJnM-500-80.jpg.webp 500w, https:\/\/cdn.mos.cms.futurecdn.net\/cm6jjADNpv2DyLYYmYBJnM-450-80.jpg.webp 450w, https:\/\/cdn.mos.cms.futurecdn.net\/cm6jjADNpv2DyLYYmYBJnM-320-80.jpg.webp 320w\" sizes=\"(min-width: 900px) 925px, (min-width: 700px) 450px, calc(100vw - 48px)\" \/><\/div>\n<p><span class=\"custom-subheading-styles\">Teams &amp; Riders<\/span><span class=\"text-base text-black font-bold mx-0 my-2.5 p-0 block custom-text-styles\">&#8216;I didn&#8217;t have confidence in myself&#8217; \u2013 Wout van Aert bags green jersey but regrets missed opportunity in Vuelta a Espa\u00f1a breakaway<\/span><\/div>\n<div class=\"relative recirc-feed sponsored-card min-h-[250px]\" data-recirc-id=\"article-river-stacked-ads:native-cards\" data-mrf-recirculation=\"article-river-ads\" data-nosnippet data-ad-slot-path=\"feed-sponsored-post\" data-attribute-device=\"all\">\n<div class=\"max-w-full sponsored-post--placeholder animate-pulse\">\n<div class=\"relative!\"><span class=\"text-base text-black font-bold mx-0 my-2.5 p-0 block bg-gray-100\">\u00a0<br \/>\u00a0<\/span><\/div>\n<\/div>\n<\/div>\n<div>\n<div class=\"aspect-[var(--img-listing-aspect-ratio,16\/9)] relative mb-3.5\">\n    <source type=\"image\/webp\" srcset=\"https:\/\/cdn.mos.cms.futurecdn.net\/vSdkiAvEmYY6WQZwHJEjhW-840-80.jpg.webp 840w, https:\/\/cdn.mos.cms.futurecdn.net\/vSdkiAvEmYY6WQZwHJEjhW-650-80.jpg.webp 650w, https:\/\/cdn.mos.cms.futurecdn.net\/vSdkiAvEmYY6WQZwHJEjhW-500-80.jpg.webp 500w, https:\/\/cdn.mos.cms.futurecdn.net\/vSdkiAvEmYY6WQZwHJEjhW-450-80.jpg.webp 450w, https:\/\/cdn.mos.cms.futurecdn.net\/vSdkiAvEmYY6WQZwHJEjhW-320-80.jpg.webp 320w\" sizes=\"(min-width: 900px) 925px, (min-width: 700px) 450px, calc(100vw - 48px)\" \/><\/div>\n<p><span class=\"custom-subheading-styles\">Women&#8217;s Cycling<\/span><span class=\"text-base text-black font-bold mx-0 my-2.5 p-0 block custom-text-styles\">&#8216;Motherhood and elite-level sports are entirely compatible&#8217; &#8211; Sandra Alonso targets Paris-Roubaix, returning after childbirth and storming the Spanish club scene<\/span><\/div>\n<div class=\"relative recirc-feed sponsored-card min-h-[250px]\" data-recirc-id=\"article-river-stacked-ads:native-cards\" data-mrf-recirculation=\"article-river-ads\" data-nosnippet data-ad-slot-path=\"feed-sponsored-post\" data-attribute-device=\"all\">\n<div class=\"max-w-full sponsored-post--placeholder animate-pulse\">\n<div class=\"relative!\"><span class=\"text-base text-black font-bold mx-0 my-2.5 p-0 block bg-gray-100\">\u00a0<br \/>\u00a0<\/span><\/div>\n<\/div>\n<\/div>\n<div>\n<div class=\"aspect-[var(--img-listing-aspect-ratio,16\/9)] relative mb-3.5\">\n    <source type=\"image\/webp\" srcset=\"https:\/\/cdn.mos.cms.futurecdn.net\/LxEHaFBfMyo2nFXMDykbbi-840-80.jpg.webp 840w, https:\/\/cdn.mos.cms.futurecdn.net\/LxEHaFBfMyo2nFXMDykbbi-650-80.jpg.webp 650w, https:\/\/cdn.mos.cms.futurecdn.net\/LxEHaFBfMyo2nFXMDykbbi-500-80.jpg.webp 500w, https:\/\/cdn.mos.cms.futurecdn.net\/LxEHaFBfMyo2nFXMDykbbi-450-80.jpg.webp 450w, https:\/\/cdn.mos.cms.futurecdn.net\/LxEHaFBfMyo2nFXMDykbbi-320-80.jpg.webp 320w\" sizes=\"(min-width: 900px) 925px, (min-width: 700px) 450px, calc(100vw - 48px)\" \/><\/div>\n<p><span class=\"custom-subheading-styles\">Women&#8217;s Cycling<\/span><span class=\"text-base text-black font-bold mx-0 my-2.5 p-0 block custom-text-styles\">Former British champion Pfeiffer Georgi ends 8-year Picnic-PostNL spell to join UAE Team L&#8217;IMAD<\/span><\/div>\n<div class=\"relative recirc-feed sponsored-card min-h-[250px]\" data-recirc-id=\"article-river-stacked-ads:native-cards\" data-mrf-recirculation=\"article-river-ads\" data-nosnippet data-ad-slot-path=\"feed-sponsored-post\" data-attribute-device=\"all\">\n<div class=\"max-w-full sponsored-post--placeholder animate-pulse\">\n<div class=\"relative!\"><span class=\"text-base text-black font-bold mx-0 my-2.5 p-0 block bg-gray-100\">\u00a0<br \/>\u00a0<\/span><\/div>\n<\/div>\n<\/div>\n<div>\n<div class=\"aspect-[var(--img-listing-aspect-ratio,16\/9)] relative mb-3.5\">\n    <source type=\"image\/webp\" srcset=\"https:\/\/cdn.mos.cms.futurecdn.net\/MsZ9LPKUKLXpVgpbnKAnLE-840-80.jpg.webp 840w, https:\/\/cdn.mos.cms.futurecdn.net\/MsZ9LPKUKLXpVgpbnKAnLE-650-80.jpg.webp 650w, https:\/\/cdn.mos.cms.futurecdn.net\/MsZ9LPKUKLXpVgpbnKAnLE-500-80.jpg.webp 500w, https:\/\/cdn.mos.cms.futurecdn.net\/MsZ9LPKUKLXpVgpbnKAnLE-450-80.jpg.webp 450w, https:\/\/cdn.mos.cms.futurecdn.net\/MsZ9LPKUKLXpVgpbnKAnLE-320-80.jpg.webp 320w\" sizes=\"(min-width: 900px) 925px, (min-width: 700px) 450px, calc(100vw - 48px)\" \/><\/div>\n<p><span class=\"custom-subheading-styles\">Teams &amp; Riders<\/span><span class=\"text-base text-black font-bold mx-0 my-2.5 p-0 block custom-text-styles\">&#8216;I was pretty useless&#8217; \u2013 Oscar Onley &#8216;overcooks&#8217; gravel climb at Vuelta a Espa\u00f1a and pays the price<\/span><\/div>\n<div class=\"relative recirc-feed sponsored-card min-h-[250px]\" data-recirc-id=\"article-river-stacked-ads:native-cards\" data-mrf-recirculation=\"article-river-ads\" data-nosnippet data-ad-slot-path=\"feed-sponsored-post\" data-attribute-device=\"all\">\n<div class=\"max-w-full sponsored-post--placeholder animate-pulse\">\n<div class=\"relative!\"><span class=\"text-base text-black font-bold mx-0 my-2.5 p-0 block bg-gray-100\">\u00a0<br \/>\u00a0<\/span><\/div>\n<\/div>\n<\/div>\n<div>\n<div class=\"aspect-[var(--img-listing-aspect-ratio,16\/9)] relative mb-3.5\">\n    <source type=\"image\/webp\" srcset=\"https:\/\/cdn.mos.cms.futurecdn.net\/2oZHGvgzEgH5i56f8We5Wj-840-80.jpg.webp 840w, https:\/\/cdn.mos.cms.futurecdn.net\/2oZHGvgzEgH5i56f8We5Wj-650-80.jpg.webp 650w, https:\/\/cdn.mos.cms.futurecdn.net\/2oZHGvgzEgH5i56f8We5Wj-500-80.jpg.webp 500w, https:\/\/cdn.mos.cms.futurecdn.net\/2oZHGvgzEgH5i56f8We5Wj-450-80.jpg.webp 450w, https:\/\/cdn.mos.cms.futurecdn.net\/2oZHGvgzEgH5i56f8We5Wj-320-80.jpg.webp 320w\" sizes=\"(min-width: 900px) 925px, (min-width: 700px) 450px, calc(100vw - 48px)\" \/><\/div>\n<p><span class=\"custom-subheading-styles\">Teams &amp; Riders<\/span><span class=\"text-base text-black font-bold mx-0 my-2.5 p-0 block custom-text-styles\">UCI Gravel World Championships winners from the first four editions<\/span><\/div>\n<div class=\"relative recirc-feed sponsored-card min-h-[250px]\" data-recirc-id=\"article-river-stacked-ads:native-cards\" data-mrf-recirculation=\"article-river-ads\" data-nosnippet data-ad-slot-path=\"feed-sponsored-post\" data-attribute-device=\"all\">\n<div class=\"max-w-full sponsored-post--placeholder animate-pulse\">\n<div class=\"relative!\"><span class=\"text-base text-black font-bold mx-0 my-2.5 p-0 block bg-gray-100\">\u00a0<br \/>\u00a0<\/span><\/div>\n<\/div>\n<\/div>\n<\/div>\n<\/div>\n<\/aside>\n<aside class=\"w-full\" data-nosnippet data-mrf-recirculation=\"article-river-stacked\">\n<div data-recirc-id=\"article-river-stacked-solr:latest-articletype\">\n<div class=\"text-white py-4 px-3 mb-4 bg-[#333] uppercase font-bold custom-header-styles\">Latest in News<\/div>\n<div class=\"grid grid-cols-1 gap-4 mt-4 mb-5\">\n<div>\n<div class=\"aspect-[var(--img-listing-aspect-ratio,16\/9)] relative mb-3.5\">\n    <source type=\"image\/webp\" srcset=\"https:\/\/cdn.mos.cms.futurecdn.net\/u9UuYeqv9RGqM23uTbJXx9-840-80.jpg.webp 840w, https:\/\/cdn.mos.cms.futurecdn.net\/u9UuYeqv9RGqM23uTbJXx9-650-80.jpg.webp 650w, https:\/\/cdn.mos.cms.futurecdn.net\/u9UuYeqv9RGqM23uTbJXx9-500-80.jpg.webp 500w, https:\/\/cdn.mos.cms.futurecdn.net\/u9UuYeqv9RGqM23uTbJXx9-450-80.jpg.webp 450w, https:\/\/cdn.mos.cms.futurecdn.net\/u9UuYeqv9RGqM23uTbJXx9-320-80.jpg.webp 320w\" sizes=\"(min-width: 900px) 925px, (min-width: 700px) 450px, calc(100vw - 48px)\" \/><\/div>\n<p><span class=\"custom-subheading-styles\">Teams &amp; Riders<\/span><span class=\"text-base text-black font-bold mx-0 my-2.5 p-0 block custom-text-styles\">&#8216;A good day to try something&#8217; &#8211; Felix Gall upbeat after aggressive final ascent at Vuelta a Espa\u00f1a<\/span><\/div>\n<div class=\"relative recirc-feed sponsored-card min-h-[250px]\" data-recirc-id=\"article-river-stacked-ads:native-cards\" data-mrf-recirculation=\"article-river-ads\" data-nosnippet data-ad-slot-path=\"feed-sponsored-post\" data-attribute-device=\"all\">\n<div class=\"max-w-full sponsored-post--placeholder animate-pulse\">\n<div class=\"relative!\"><span class=\"text-base text-black font-bold mx-0 my-2.5 p-0 block bg-gray-100\">\u00a0<br \/>\u00a0<\/span><\/div>\n<\/div>\n<\/div>\n<div>\n<div class=\"aspect-[var(--img-listing-aspect-ratio,16\/9)] relative mb-3.5\">\n    <source type=\"image\/webp\" srcset=\"https:\/\/cdn.mos.cms.futurecdn.net\/yt79PW2pJtSFxkDjt7Nz65-840-80.jpg.webp 840w, https:\/\/cdn.mos.cms.futurecdn.net\/yt79PW2pJtSFxkDjt7Nz65-650-80.jpg.webp 650w, https:\/\/cdn.mos.cms.futurecdn.net\/yt79PW2pJtSFxkDjt7Nz65-500-80.jpg.webp 500w, https:\/\/cdn.mos.cms.futurecdn.net\/yt79PW2pJtSFxkDjt7Nz65-450-80.jpg.webp 450w, https:\/\/cdn.mos.cms.futurecdn.net\/yt79PW2pJtSFxkDjt7Nz65-320-80.jpg.webp 320w\" sizes=\"(min-width: 900px) 925px, (min-width: 700px) 450px, calc(100vw - 48px)\" \/><\/div>\n<p><span class=\"custom-subheading-styles\">Racing<\/span><span class=\"text-base text-black font-bold mx-0 my-2.5 p-0 block custom-text-styles\">&#8216;I wasn&#8217;t angry at all&#8217; &#8211; Vuelta a Espa\u00f1a leader Tadej Poga\u010dar denies he attacked on Aram\u00f3n Valdelinares finish because he was upset<\/span><\/div>\n<div class=\"relative recirc-feed sponsored-card min-h-[250px]\" data-recirc-id=\"article-river-stacked-ads:native-cards\" data-mrf-recirculation=\"article-river-ads\" data-nosnippet data-ad-slot-path=\"feed-sponsored-post\" data-attribute-device=\"all\">\n<div class=\"max-w-full sponsored-post--placeholder animate-pulse\">\n<div class=\"relative!\"><span class=\"text-base text-black font-bold mx-0 my-2.5 p-0 block bg-gray-100\">\u00a0<br \/>\u00a0<\/span><\/div>\n<\/div>\n<\/div>\n<div>\n<div class=\"aspect-[var(--img-listing-aspect-ratio,16\/9)] relative mb-3.5\">\n    <source type=\"image\/webp\" srcset=\"https:\/\/cdn.mos.cms.futurecdn.net\/cm6jjADNpv2DyLYYmYBJnM-840-80.jpg.webp 840w, https:\/\/cdn.mos.cms.futurecdn.net\/cm6jjADNpv2DyLYYmYBJnM-650-80.jpg.webp 650w, https:\/\/cdn.mos.cms.futurecdn.net\/cm6jjADNpv2DyLYYmYBJnM-500-80.jpg.webp 500w, https:\/\/cdn.mos.cms.futurecdn.net\/cm6jjADNpv2DyLYYmYBJnM-450-80.jpg.webp 450w, https:\/\/cdn.mos.cms.futurecdn.net\/cm6jjADNpv2DyLYYmYBJnM-320-80.jpg.webp 320w\" sizes=\"(min-width: 900px) 925px, (min-width: 700px) 450px, calc(100vw - 48px)\" \/><\/div>\n<p><span class=\"custom-subheading-styles\">Teams &amp; Riders<\/span><span class=\"text-base text-black font-bold mx-0 my-2.5 p-0 block custom-text-styles\">&#8216;I didn&#8217;t have confidence in myself&#8217; \u2013 Wout van Aert bags green jersey but regrets missed opportunity in Vuelta a Espa\u00f1a breakaway<\/span><\/div>\n<div class=\"relative recirc-feed sponsored-card min-h-[250px]\" data-recirc-id=\"article-river-stacked-ads:native-cards\" data-mrf-recirculation=\"article-river-ads\" data-nosnippet data-ad-slot-path=\"feed-sponsored-post\" data-attribute-device=\"all\">\n<div class=\"max-w-full sponsored-post--placeholder animate-pulse\">\n<div class=\"relative!\"><span class=\"text-base text-black font-bold mx-0 my-2.5 p-0 block bg-gray-100\">\u00a0<br \/>\u00a0<\/span><\/div>\n<\/div>\n<\/div>\n<div>\n<div class=\"aspect-[var(--img-listing-aspect-ratio,16\/9)] relative mb-3.5\">\n    <source type=\"image\/webp\" srcset=\"https:\/\/cdn.mos.cms.futurecdn.net\/8BBmwDdaLF9SPqhiJM4PzJ-840-80.jpg.webp 840w, https:\/\/cdn.mos.cms.futurecdn.net\/8BBmwDdaLF9SPqhiJM4PzJ-650-80.jpg.webp 650w, https:\/\/cdn.mos.cms.futurecdn.net\/8BBmwDdaLF9SPqhiJM4PzJ-500-80.jpg.webp 500w, https:\/\/cdn.mos.cms.futurecdn.net\/8BBmwDdaLF9SPqhiJM4PzJ-450-80.jpg.webp 450w, https:\/\/cdn.mos.cms.futurecdn.net\/8BBmwDdaLF9SPqhiJM4PzJ-320-80.jpg.webp 320w\" sizes=\"(min-width: 900px) 925px, (min-width: 700px) 450px, calc(100vw - 48px)\" \/><\/div>\n<p><span class=\"custom-subheading-styles\">Racing<\/span><span class=\"text-base text-black font-bold mx-0 my-2.5 p-0 block custom-text-styles\">Did dehydration play a role in Tadej Poga\u010dar&#8217;s failed solo move at Vuelta a Espa\u00f1a? World champion says no but was denied a bottle and has a few fuelling fails to his name<\/span><\/div>\n<div class=\"relative recirc-feed sponsored-card min-h-[250px]\" data-recirc-id=\"article-river-stacked-ads:native-cards\" data-mrf-recirculation=\"article-river-ads\" data-nosnippet data-ad-slot-path=\"feed-sponsored-post\" data-attribute-device=\"all\">\n<div class=\"max-w-full sponsored-post--placeholder animate-pulse\">\n<div class=\"relative!\"><span class=\"text-base text-black font-bold mx-0 my-2.5 p-0 block bg-gray-100\">\u00a0<br \/>\u00a0<\/span><\/div>\n<\/div>\n<\/div>\n<div>\n<div class=\"aspect-[var(--img-listing-aspect-ratio,16\/9)] relative mb-3.5\">\n    <source type=\"image\/webp\" srcset=\"https:\/\/cdn.mos.cms.futurecdn.net\/vSdkiAvEmYY6WQZwHJEjhW-840-80.jpg.webp 840w, https:\/\/cdn.mos.cms.futurecdn.net\/vSdkiAvEmYY6WQZwHJEjhW-650-80.jpg.webp 650w, https:\/\/cdn.mos.cms.futurecdn.net\/vSdkiAvEmYY6WQZwHJEjhW-500-80.jpg.webp 500w, https:\/\/cdn.mos.cms.futurecdn.net\/vSdkiAvEmYY6WQZwHJEjhW-450-80.jpg.webp 450w, https:\/\/cdn.mos.cms.futurecdn.net\/vSdkiAvEmYY6WQZwHJEjhW-320-80.jpg.webp 320w\" sizes=\"(min-width: 900px) 925px, (min-width: 700px) 450px, calc(100vw - 48px)\" \/><\/div>\n<p><span class=\"custom-subheading-styles\">Women&#8217;s Cycling<\/span><span class=\"text-base text-black font-bold mx-0 my-2.5 p-0 block custom-text-styles\">&#8216;Motherhood and elite-level sports are entirely compatible&#8217; &#8211; Sandra Alonso targets Paris-Roubaix, returning after childbirth and storming the Spanish club scene<\/span><\/div>\n<div class=\"relative recirc-feed sponsored-card min-h-[250px]\" data-recirc-id=\"article-river-stacked-ads:native-cards\" data-mrf-recirculation=\"article-river-ads\" data-nosnippet data-ad-slot-path=\"feed-sponsored-post\" data-attribute-device=\"all\">\n<div class=\"max-w-full sponsored-post--placeholder animate-pulse\">\n<div class=\"relative!\"><span class=\"text-base text-black font-bold mx-0 my-2.5 p-0 block bg-gray-100\">\u00a0<br \/>\u00a0<\/span><\/div>\n<\/div>\n<\/div>\n<div>\n<div class=\"aspect-[var(--img-listing-aspect-ratio,16\/9)] relative mb-3.5\">\n    <source type=\"image\/webp\" srcset=\"https:\/\/cdn.mos.cms.futurecdn.net\/LxEHaFBfMyo2nFXMDykbbi-840-80.jpg.webp 840w, https:\/\/cdn.mos.cms.futurecdn.net\/LxEHaFBfMyo2nFXMDykbbi-650-80.jpg.webp 650w, https:\/\/cdn.mos.cms.futurecdn.net\/LxEHaFBfMyo2nFXMDykbbi-500-80.jpg.webp 500w, https:\/\/cdn.mos.cms.futurecdn.net\/LxEHaFBfMyo2nFXMDykbbi-450-80.jpg.webp 450w, https:\/\/cdn.mos.cms.futurecdn.net\/LxEHaFBfMyo2nFXMDykbbi-320-80.jpg.webp 320w\" sizes=\"(min-width: 900px) 925px, (min-width: 700px) 450px, calc(100vw - 48px)\" \/><\/div>\n<p><span class=\"custom-subheading-styles\">Women&#8217;s Cycling<\/span><span class=\"text-base text-black font-bold mx-0 my-2.5 p-0 block custom-text-styles\">Former British champion Pfeiffer Georgi ends 8-year Picnic-PostNL spell to join UAE Team L&#8217;IMAD<\/span><\/div>\n<div class=\"relative recirc-feed sponsored-card min-h-[250px]\" data-recirc-id=\"article-river-stacked-ads:native-cards\" data-mrf-recirculation=\"article-river-ads\" data-nosnippet data-ad-slot-path=\"feed-sponsored-post\" data-attribute-device=\"all\">\n<div class=\"max-w-full sponsored-post--placeholder animate-pulse\">\n<div class=\"relative!\"><span class=\"text-base text-black font-bold mx-0 my-2.5 p-0 block bg-gray-100\">\u00a0<br \/>\u00a0<\/span><\/div>\n<\/div>\n<\/div>\n<\/div>\n<\/div>\n<\/aside>\n<\/section>\n<\/div>\n<\/div>\n<\/div>\n<div id=\"widgetArea17\" class=\"widget-area md:basis-1\/3 widget-area-g-md-vp-1-3 widget-area-g-lg-vp-1-3 widget-area-g-xl-vp-1-3 page-widget-area-17\">\n<div data-widget-type=\"dynamic\" id=\"popular-data\" class=\"clear-both widget widget-dynamic widget-popular-data widget-dynamic-popular-data widget-dynamic-fter-popular-box\">\n<div class=\"wdn-fte-pb pos-relative space-t20\n\"><\/p>\n<div class=\"slice-container popular-box-slice\">\n<section class=\"popular-box\" data-component-name=\"Slice:PopularBox\">\n<div class=\"popular-box__label\">\n<div class=\"popular-box__label__tab popular-box__label__tab--active\" role=\"heading\">\nLATEST ARTICLES\n<\/div>\n<\/div>\n<ol class=\"popular-box__articles-list popular-box__articles-list--active\">\n<li class=\"popular-box__article-list\">\n<div class=\"popular-box__article-list__container\">\n<div class=\"popular-box__article-list__image-wrapper\">\n<div>\n<source type=\"image\/webp\" srcset=\"https:\/\/cdn.mos.cms.futurecdn.net\/u9UuYeqv9RGqM23uTbJXx9-1280-80.jpg.webp 1280w, https:\/\/cdn.mos.cms.futurecdn.net\/u9UuYeqv9RGqM23uTbJXx9-720-80.jpg.webp 720w, https:\/\/cdn.mos.cms.futurecdn.net\/u9UuYeqv9RGqM23uTbJXx9-640-80.jpg.webp 640w, https:\/\/cdn.mos.cms.futurecdn.net\/u9UuYeqv9RGqM23uTbJXx9-320-80.jpg.webp 320w\" sizes=\"99vw\" \/><\/div>\n<\/div>\n<div class=\"popular-box__article-list__content\">\n<div class=\"popular-box__article-list__number-text\">1<\/div>\n<div class=\"popular-box__article-list__heading\">\n<p>&#8216;A good day to try something&#8217; &#8211; Felix Gall upbeat after aggressive final ascent at Vuelta a Espa\u00f1a<\/p>\n<\/div>\n<\/div>\n<\/div>\n<\/li>\n<li class=\"popular-box__article-list\">\n<div class=\"popular-box__article-list__container\">\n<div class=\"popular-box__article-list__content\">\n<div class=\"popular-box__article-list__number-text\">2<\/div>\n<div class=\"popular-box__article-list__heading\">\n<p>&#8216;I wasn&#8217;t angry at all&#8217; &#8211; Vuelta a Espa\u00f1a leader Tadej Poga\u010dar denies he attacked on Aram\u00f3n Valdelinares finish because he was upset<\/p>\n<\/div>\n<\/div>\n<\/div>\n<\/li>\n<li class=\"popular-box__article-list\">\n<div class=\"popular-box__article-list__container\">\n<div class=\"popular-box__article-list__content\">\n<div class=\"popular-box__article-list__number-text\">3<\/div>\n<div class=\"popular-box__article-list__heading\">\n<p>&#8216;I didn&#8217;t have confidence in myself&#8217; \u2013 Wout van Aert bags green jersey but regrets missed opportunity in Vuelta a Espa\u00f1a breakaway<\/p>\n<\/div>\n<\/div>\n<\/div>\n<\/li>\n<li class=\"popular-box__article-list\">\n<div class=\"popular-box__article-list__container\">\n<div class=\"popular-box__article-list__content\">\n<div class=\"popular-box__article-list__number-text\">4<\/div>\n<div class=\"popular-box__article-list__heading\">\n<p>&#8216;I\u2019ll probably need a season where I spend more time on the mountain bike&#8217; &#8211; Mathieu van der Poel realistic ahead of the UCI Mountain Bike World Championships<\/p>\n<\/div>\n<\/div>\n<\/div>\n<\/li>\n<li class=\"popular-box__article-list\">\n<div class=\"popular-box__article-list__container\">\n<div class=\"popular-box__article-list__content\">\n<div class=\"popular-box__article-list__number-text\">5<\/div>\n<div class=\"popular-box__article-list__heading\">\n<p>Vuelta a Espa\u00f1a: Andreas Leknessund, Tobias Johannessen solo away from Wout van Aert in Uno-X Mobility 1-2 on stage 7<\/p>\n<\/div>\n<\/div>\n<\/div>\n<\/li>\n<\/ol>\n<\/section>\n<\/div>\n<\/div>\n<\/div>\n<\/div>\n<\/div>\n<\/article>\n<div class=\"news-article\">\n<header data-component-name=\"Article:Hero\">\n<nav class=\"breadcrumb\" aria-label=\"Breadcrumbs\">\n<ol>\n<li>\nPro Cycling\n<\/li>\n<li>\nTeams &amp; Riders\n<\/li>\n<li>\nMathieu van der Poel\n<\/li>\n<\/ol>\n<\/nav>\n<h1>&#8216;I\u2019ll probably need a season where I spend more time on the mountain bike&#8217; &#8211; Mathieu van der Poel realistic ahead of the UCI Mountain Bike World Championships<\/h1>\n<div class=\"byline-social\">\n<div class=\"vds-byline-block flex flex-row flex-nowrap my-1.5 gap-2 text-left items-start justify-start\" data-component-name=\"Article:BylineBlock\">\n<p>News<\/p>\n<div class=\"my-auto vds-simple-byline\"><span class=\"inline-block vds-author\"><br \/>\nBy<br \/>\nOwen Rogers <\/span><\/p>\n<div class=\"flex gap-1 vds-byline-with-avatar__meta\"><span class=\"vds-date block font-normal tracking-normal normal-case text-xs\"><br \/>\nPublished<br \/>\n<time data-component-name=\"UI:DateTime\" datetime=\"2026-08-28T16:23:55Z\" class=\"relative-date\"><br \/>\n28 August 2026<br \/>\n<\/time><\/span><\/div>\n<\/div>\n<\/div>\n<p class=\"strapline\">The Dutch superstar says his career will still be a success even without the title<\/p>\n<\/div>\n<aside class=\"text-gray-700 flex items-center mx-0 my-5 p-0 justify-start text-left\" id=\"affiliate-disclaimer\" data-component-name=\"AffiliateDisclaimer\" data-hawk-message=\"Affiliate disclaimer removed because hawk deemed there are no affiliate links on this page\">\n<p class=\"text-[color:var(--affiliate-disclaimer--text-color,inherit)] mb-2 text-[length:var(--affiliate-disclaimer--font-size,0.75rem)] leading-[18px] md:text-[13px] [&amp;&gt;a]:text-inherit [&amp;&gt;a]:underline\">\nWhen you purchase through links on our site, we may earn an affiliate commission. Here\u2019s how it works.\n<\/p>\n<\/aside>\n<\/header>\n<\/div>\n<div id=\"article-body\" class=\"text-copy bodyCopy auto paywall-locker\">\n<div data-analytics-id=\"utility-bar\" id=\"utility-bar\" class=\"font-ui-heading flex justify-between items-center py-2 border-t border-b border-gray-300 border-solid mb-5 mx-auto\" data-component-name=\"UtilityBar\" data-mrf-recirculation=\"utility-bar\">\n<div class=\"flex gap-2 text-[#333] subcontainer\">\n<div class=\"relative tooltip-container\" role=\"tooltip\">\n<div data-component-name=\"Social:Dropdown\" role=\"menu\" id=\"utilitybar__dropdown--share\" aria-labelledby=\"utilitybar__button--share\" class=\"absolute left-0 top-full w-44 bg-white rounded-md shadow-md border border-neutral-200 z-[9996] list-none m-0 py-2 px-3 border-solid\">\n<ul class=\"m-0!\">\n<li class=\"!p-0 !m-0 list-none border-b border-gray-200 border-solid\">\n<li class=\"!p-0 !m-0 list-none border-b border-gray-200 border-solid\">\n<p>Facebook<\/p>\n<\/li>\n<li class=\"!p-0 !m-0 list-none border-b border-gray-200 border-solid\">\n<p>X<\/p>\n<\/li>\n<li class=\"!p-0 !m-0 list-none border-b border-gray-200 border-solid\">\n<p>Pinterest<\/p>\n<\/li>\n<li class=\"!p-0 !m-0 list-none border-b border-gray-200 border-solid\">\n<p>Email<\/p>\n<\/li>\n<\/ul>\n<\/div>\n<div class=\"font-ui-heading max-sm:hidden tooltip absolute left-1\/2 bg-gray-900 text-white text-xs leading-none px-3 py-1.5 rounded-md z-[10001] whitespace-nowrap\" id=\"tooltip-share-this-article\" role=\"tooltip\" aria-hidden=\"true\">\nShare this article\n<\/div>\n<\/div>\n<div class=\"relative tooltip-container\" role=\"tooltip\"><span class=\"ml-1 inline-flex h-5 px-2 shrink-0 items-center justify-center self-center overflow-hidden whitespace-nowrap rounded-[10px] bg-primary-500 text-[11px] leading-none font-ui-heading font-semibold text-white\">2<\/span><\/p>\n<div class=\"font-ui-heading max-sm:hidden tooltip absolute left-1\/2 bg-gray-900 text-white text-xs leading-none px-3 py-1.5 rounded-md z-[10001] whitespace-nowrap\" id=\"tooltip-join-the-conversation\" role=\"tooltip\" aria-hidden=\"true\">\nJoin the conversation\n<\/div>\n<\/div>\n<\/div>\n<div class=\"flex gap-2 text-[#333] subcontainer\">\n<div class=\"relative tooltip-container\" role=\"tooltip\">\n<p>Follow us<\/p>\n<div class=\"font-ui-heading max-sm:hidden tooltip absolute left-1\/2 bg-gray-900 text-white text-xs leading-none px-3 py-1.5 rounded-md z-[10001] whitespace-nowrap\" id=\"tooltip-add-us-as-a-preferred-source-on-google\" role=\"tooltip\" aria-hidden=\"true\">\nAdd us as a preferred source on Google\n<\/div>\n<\/div>\n<div class=\"relative tooltip-container\" role=\"tooltip\">\n<div class=\"font-ui-heading max-sm:hidden tooltip absolute left-1\/2 bg-gray-900 text-white text-xs leading-none px-3 py-1.5 rounded-md z-[10001] whitespace-nowrap\" id=\"tooltip-subscribe-to-our-newsletter\" role=\"tooltip\" aria-hidden=\"true\">\nSubscribe to our newsletter\n<\/div>\n<\/div>\n<\/div>\n<\/div>\n<p id=\"elk-32186d90-a2f9-11f1-b6f4-b35ad43eb6f3\">Mathieu van der Poel will start Sunday\u2019s UCI Mountain Bike World Championships elite men&#8217;s cross country race hoping to finally secure the rainbow jersey in the discipline, but admits he doesn\u2019t need the win for his career to be a success.<\/p>\n<p>However, the 31-year-old believes that if he is ever to win the rainbow jersey in mountain biking, he would benefit from racing the discipline more regularly than in recent years.<\/p>\n<p id=\"elk-32186d90-a2f9-11f1-b6f4-b35ad43eb6f3-2\" aria-hidden=\"true\" class=\"kiosq-b\">Van der Poel\u2019s best result in the Cross-Country Olympic race (XCO) Worlds came as far back as 2018 when he was third at Lenzerheide, with his subsequent attempts being blighted by poor luck and bad start grid positions.<\/p>\n<div class=\"my-6 w-full overflow-hidden rounded-[10px] lg:my-8\" data-component-name=\"JwPlayer:Carousel\" data-jwp-carousel data-jwp-carousel-payload=\"{&quot;ids&quot;:{&quot;playerID&quot;:&quot;jYDCcabO&quot;,&quot;searchPlaylistID&quot;:&quot;gwjdoYHD&quot;,&quot;divID&quot;:&quot;botr_gwjdoYHD_jYDCcabO_div&quot;,&quot;fallbackPlaylistID&quot;:&quot;gwjdoYHD&quot;,&quot;fallbackDivID&quot;:&quot;botr_gwjdoYHD_jYDCcabO_div&quot;,&quot;key&quot;:&quot;X9\/mXVGac0NphghLH9hZaqWA5d3dhAM\/Ih07grnEyMLjuO2E&quot;,&quot;tintLogo&quot;:true,&quot;useSearchPlaylist&quot;:false,&quot;enabled&quot;:true},&quot;signPostingEnabled&quot;:true,&quot;signPostingLinkEnabled&quot;:true,&quot;waitForAdLoad&quot;:false,&quot;hidePlayerOnDesktop&quot;:false,&quot;hidePlayerOnMobile&quot;:false,&quot;hidePlayerOnTablet&quot;:false}\">\n<div class=\"flex flex-nowrap items-center justify-between gap-3 bg-zinc-900 px-[14px] py-3\" data-jwp-carousel-header>\n<div class=\"flex min-w-0 shrink items-center\"><span class=\"inline-flex items-center gap-1.5 text-sm font-article-heading capitalize leading-5 text-white whitespace-nowrap\"><span class=\"jwp-carousel-title-desktop\">Latest Videos From<\/span><span class=\"jwp-carousel-brand\">Cyclingnews<\/span><\/span><\/div>\n<\/div>\n<div class=\"min-h-[44px] bg-zinc-900 px-[14px] py-3\" data-jwp-carousel-signposting><a class=\"invisible block truncate text-sm font-bold leading-5 text-white underline decoration-solid underline-offset-2\" data-jwp-carousel-signposting-link href target=\"_blank\" rel=\"noopener noreferrer\"><span data-jwp-carousel-signposting-title>Watch full video here: <\/span><\/a><\/div>\n<\/div>\n<p aria-hidden=\"true\" class=\"kiosq-b\">As if to prove his point, a second place at last weekend\u2019s World Cup in Les Gets was not only his best result in the discipline since 2021, but his first race of the 2026 mountain bike season. A decent result in the short track race allowed him to start from the second row, something he admitted was a benefit. However, having raced so little in recent years, he will have no such luck on Sunday.<\/p>\n<p aria-hidden=\"true\" class=\"kiosq-b\">&#8220;Starting from the fifth row obviously reduces my chances,&#8221; Van der Poel told a press call by the Alpecin-Premier Tech campervan in Val di Sole on Friday.<\/p>\n<aside data-component-name=\"Recirculation:ArticleRiver\" data-recirculation-type=\"inline\" data-mrf-recirculation=\"Trending Bar\" data-nosnippet class=\"clear-both pt-2 pb-0 mb-4\"><span class=\"\n            flex\n            after:content-[&apos;&apos;] after:flex-1 after:ml-4 after:my-[0.7rem] after:border-t after:border-solid after:border-t-[#ccc]\n            before:content-[&apos;&apos;] before:flex-1 before:mr-4 before:my-[0.7rem] before:border-t before:border-solid before:border-t-[#ccc]\n            font-article-heading pb-0 text-[length:var(--article-river-title--font-size,1em)] uppercase sm:text-[length:var(--article-river-title--font-size,0.875em)] font-bold\n        \"><br \/>\n            You may like<br \/>\n        <\/span><\/p>\n<ul class=\"flex flex-col gap-0 m-0 max-w-full\">\n<li class=\"m-0 list-none border-b border-solid border-[#ededed] py-2\" data-recirculation-id=\"recirculation-card-1\" id=\"recirculation-inline-1\" data-analytics-id=\"recirculation-inline-1\" data-mrf-recirculation=\"recirculation-inline-1\">\n    <source type=\"image\/webp\" srcset=\"https:\/\/cdn.mos.cms.futurecdn.net\/zZQczw9zXdrezwYvEaGTDb-250-80.jpg.webp 250w, https:\/\/cdn.mos.cms.futurecdn.net\/zZQczw9zXdrezwYvEaGTDb-150-80.jpg.webp 150w\" sizes=\"150px\" \/><span class=\"w-full text-base font-[var(--article-river-item--font-weight,500)] font-article-heading line-clamp-3 md:line-clamp-2\">&#8216;It will never be ideal&#8217; \u2013 Mathieu van der Poel still struggling to balance mountain bike and road racing<\/span><\/li>\n<li class=\"m-0 list-none border-b border-solid border-[#ededed] py-2\" data-recirculation-id=\"recirculation-card-2\" id=\"recirculation-inline-2\" data-analytics-id=\"recirculation-inline-2\" data-mrf-recirculation=\"recirculation-inline-2\">\n    <source type=\"image\/webp\" srcset=\"https:\/\/cdn.mos.cms.futurecdn.net\/xwfHZ2na3reEhMq7K4eAiK-250-80.jpg.webp 250w, https:\/\/cdn.mos.cms.futurecdn.net\/xwfHZ2na3reEhMq7K4eAiK-150-80.jpg.webp 150w\" sizes=\"150px\" \/><span class=\"w-full text-base font-[var(--article-river-item--font-weight,500)] font-article-heading line-clamp-3 md:line-clamp-2\">&#8216;I will need a bit of luck&#8217; \u2013 Mathieu van der Poel delivers strong mountain bike return at Les Gets but keeps a lid on World Championships expectations<\/span><\/li>\n<li class=\"m-0 list-none border-b border-solid border-[#ccc] py-2\" data-recirculation-id=\"recirculation-card-3\" id=\"recirculation-inline-3\" data-analytics-id=\"recirculation-inline-3\" data-mrf-recirculation=\"recirculation-inline-3\">\n    <source type=\"image\/webp\" srcset=\"https:\/\/cdn.mos.cms.futurecdn.net\/RyT39Rm6mVMRSyhLcSCtYe-250-80.jpg.webp 250w, https:\/\/cdn.mos.cms.futurecdn.net\/RyT39Rm6mVMRSyhLcSCtYe-150-80.jpg.webp 150w\" sizes=\"150px\" \/><span class=\"w-full text-base font-[var(--article-river-item--font-weight,500)] font-article-heading line-clamp-3 md:line-clamp-2\">Mathieu van der Poel&#8217;s 2026 mountain bike return confirmed with place on World Cup start list at Les Gets<\/span><\/li>\n<\/ul>\n<\/aside>\n<p aria-hidden=\"true\" class=\"kiosq-b\">&#8220;In Les Gets I saw again how big the difference is when you start closer to the front, you\u2019re immediately part of the race. If I really want to give myself the best possible chance of becoming world champion one day, I\u2019ll probably need a season where I spend more time on the mountain bike so I can earn a place on one of those first two rows. For Sunday, though, the situation is what it is. I\u2019ll have to make the best of it and maybe have a little bit of luck as well.&#8221;<\/p>\n<p aria-hidden=\"true\" class=\"kiosq-b\">&#8220;I came out of the Tour in much better shape this year, and winning on the Champs-\u00c9lys\u00e9es obviously gave me a lot of confidence and motivation. Last year I wasn\u2019t really at my normal level. This time the switch to the mountain bike has been much smoother. I also spent a lot of time on the MTB during my altitude camp in Livigno, and I think I needed that.&#8221;<\/p>\n<div id=\"slice-container-newsletterForm-articleInbodyContent-vES8xXMCG8bWfXWXp4v6vA\" class=\"slice-container newsletter-inbodyContent-slice newsletterForm-articleInbodyContent-vES8xXMCG8bWfXWXp4v6vA slice-container-newsletterForm\">\n<div data-hydrate=\"true\" class=\"newsletter-form__wrapper newsletter-form__wrapper--inbodyContent\">\n<div class=\"newsletter-form__container\">\n<section class=\"newsletter-form__top-bar\">\n<div class=\"newsletter-form__header\">Get The Leadout Newsletter<\/div>\n<\/section>\n<section class=\"newsletter-form__main-section\">\n<p class=\"newsletter-form__strapline\">The latest race content, interviews, features, reviews and expert buying guides, direct to your inbox!<\/p>\n<footer class=\"newsletter-form__footer \">By submitting your information you agree to the Terms &amp; Conditions and Privacy Policy and are aged 16 or over.<\/footer>\n<\/section>\n<\/div>\n<\/div>\n<\/div>\n<p aria-hidden=\"true\" class=\"kiosq-b\">Though he\u2019ll ride in the orange jersey of the Netherlands this weekend, he has been supported this week by his trade team, Alpecin-Premier Tech, who have brought in Matteo Berta as technical coach to give both Van der Poel and their hope for the women\u2019s race, Puck Pieterse, the best chance of success. The Italian will check the course and give riders advice on the best lines. However, he will not be able to compensate for the poor start position, though Van der Poel has at least learnt after getting over-excited last year, when he finished a lowly 29th.<\/p>\n<figure class=\"van-image-figure inline-layout kiosq-b\" data-bordeaux-image-check id=\"elk-32186ebc-a2f9-11f1-b0bc-6df8de6332e9\" aria-hidden=\"true\">\n<div class=\"image-full-width-wrapper\">\n<div class=\"image-widthsetter\">\n<p class=\"vanilla-image-block\">\n<source type=\"image\/webp\" srcset=\"https:\/\/cdn.mos.cms.futurecdn.net\/n8PXw7racAbmka8EXiHYK6-1024-80.jpg.webp 1200w, https:\/\/cdn.mos.cms.futurecdn.net\/n8PXw7racAbmka8EXiHYK6-1024-80.jpg.webp 1024w, https:\/\/cdn.mos.cms.futurecdn.net\/n8PXw7racAbmka8EXiHYK6-970-80.jpg.webp 970w, https:\/\/cdn.mos.cms.futurecdn.net\/n8PXw7racAbmka8EXiHYK6-650-80.jpg.webp 650w, https:\/\/cdn.mos.cms.futurecdn.net\/n8PXw7racAbmka8EXiHYK6-480-80.jpg.webp 480w, https:\/\/cdn.mos.cms.futurecdn.net\/n8PXw7racAbmka8EXiHYK6-320-80.jpg.webp 320w\" sizes=\"(min-width: 1000px) 970px, calc(100vw - 40px)\" \/><\/p>\n<\/div>\n<\/div><figcaption class=\" inline-layout\"><span class=\"caption-text\">Mathieu van der Pole on his way to secnd place at the Les Gets MTB World Cup <\/span><span class=\"credit\">(Image credit: Getty Images)<\/span><\/figcaption><\/figure>\n<p id=\"elk-32186f48-a2f9-11f1-b65d-3d5c1148b863\" aria-hidden=\"true\" class=\"kiosq-b\">&#8220;Last year I actually had a good start, but I was probably a little too eager to move up immediately. If you go too deep early on, you pay for it straight away, and often that\u2019s exactly when the guys at the front accelerate again. But at the same time you don\u2019t want to lose contact with the race. Finding that balance will be important.&#8221;<\/p>\n<p aria-hidden=\"true\" class=\"kiosq-b\">Wherever he finishes Sunday\u2019s race, Van der Poel won\u2019t let the result tarnish his stellar career. Not only does he have eight elite cyclocross rainbow jerseys to his name, there are a host of honours on the road, including eight Monument victories and Grand Tour stage wins.<\/p>\n<p aria-hidden=\"true\" class=\"kiosq-b\">&#8220;It\u2019s definitely an important goal for me, but I think it would be too simplistic to say I need an MTB world title for my career to be successful,&#8221; he explained. &#8220;I wouldn\u2019t look back on my career disappointed if I never won it. But of course I really want to add it to my palmar\u00e8s. If it doesn\u2019t happen this year, hopefully there will be another opportunity.<\/p>\n<p aria-hidden=\"true\" class=\"kiosq-b\">&#8220;I\u2019d definitely like to have a year where I can put a bit more focus on mountain biking. But that\u2019s something that has to be discussed with the team because there are other commitments too. But yes, I\u2019d like to give it a proper try.\u201d<\/p>\n<p id=\"elk-32186fd4-a2f9-11f1-a0e0-d994c42cdcb3\" aria-hidden=\"true\" class=\"kiosq-b\"><strong>For unbeatable coverage across road, gravel and tech, subscribe to Cyclingnews. You&#8217;ll get comprehensive race coverage of La Vuelta a Espa\u00f1a, subscriber-exclusive analysis from our expert columnists, in-depth features and industry-leading tech insight. Plus, the Cyclingnews app lets you follow the action wherever you go! <\/strong><strong>Join today.<\/strong><\/p>\n<\/div>\n<p>[analyse_source url=&#8221;https:\/\/www.cyclingnews.com\/pro-cycling\/teams-riders\/ill-probably-need-a-season-where-i-spend-more-time-on-the-mountain-bike-mathieu-van-der-poel-realistic-ahead-of-the-uci-mountain-bike-world-championships\/&#8221;]<\/p>\n","protected":false},"excerpt":{"rendered":"<p>[analyse_image type=&#8221;featured&#8221; src=&#8221;https:\/\/cdn.mos.cms.futurecdn.net\/urUeDCWicNVcKCHSxJU4wY-1024-80.jpg&#8221;] 1 &#8216;There&#8217;s still a battle going on&#8217; &#8211; Vuelta a Espa\u00f1a stage 5 winner Matthew Brennan explains how Visma-Lease a Bike use terrain to stop Tadej Poga\u010dar 2 &#8216;I will need a bit of luck&#8217; \u2013 Mathieu van der Poel delivers strong mountain bike return at Les Gets but keeps a lid [&hellip;]<\/p>\n","protected":false},"author":1,"featured_media":0,"comment_status":"open","ping_status":"","sticky":false,"template":"","format":"standard","meta":{"footnotes":""},"categories":[2],"tags":[226,68],"class_list":["post-2117398","post","type-post","status-publish","format-standard","hentry","category-politics","tag-crawlmanager","tag-cyclingnews-com"],"_links":{"self":[{"href":"https:\/\/analyse.optim.biz\/index.php?rest_route=\/wp\/v2\/posts\/2117398","targetHints":{"allow":["GET"]}}],"collection":[{"href":"https:\/\/analyse.optim.biz\/index.php?rest_route=\/wp\/v2\/posts"}],"about":[{"href":"https:\/\/analyse.optim.biz\/index.php?rest_route=\/wp\/v2\/types\/post"}],"author":[{"embeddable":true,"href":"https:\/\/analyse.optim.biz\/index.php?rest_route=\/wp\/v2\/users\/1"}],"replies":[{"embeddable":true,"href":"https:\/\/analyse.optim.biz\/index.php?rest_route=%2Fwp%2Fv2%2Fcomments&post=2117398"}],"version-history":[{"count":0,"href":"https:\/\/analyse.optim.biz\/index.php?rest_route=\/wp\/v2\/posts\/2117398\/revisions"}],"wp:attachment":[{"href":"https:\/\/analyse.optim.biz\/index.php?rest_route=%2Fwp%2Fv2%2Fmedia&parent=2117398"}],"wp:term":[{"taxonomy":"category","embeddable":true,"href":"https:\/\/analyse.optim.biz\/index.php?rest_route=%2Fwp%2Fv2%2Fcategories&post=2117398"},{"taxonomy":"post_tag","embeddable":true,"href":"https:\/\/analyse.optim.biz\/index.php?rest_route=%2Fwp%2Fv2%2Ftags&post=2117398"}],"curies":[{"name":"wp","href":"https:\/\/api.w.org\/{rel}","templated":true}]}}