{"id":2117393,"date":"2026-08-28T13:25:18","date_gmt":"2026-08-28T10:25:18","guid":{"rendered":"https:\/\/analyse.optim.biz\/?p=2117393"},"modified":"2026-08-28T13:25:18","modified_gmt":"2026-08-28T10:25:18","slug":"motherhood-and-elite-level-sports-are-entirely-compatible-sandra-alonso-targets-paris-roubaix-returning-after-childbirth-and-storming-the-spanish-club-scene","status":"publish","type":"post","link":"https:\/\/analyse.optim.biz\/?p=2117393","title":{"rendered":"&#8216;Motherhood and elite-level sports are entirely compatible&#8217; &#8211; Sandra Alonso targets Paris-Roubaix, returning after childbirth and storming the Spanish club scene"},"content":{"rendered":"<p>[analyse_image type=&#8221;featured&#8221; src=&#8221;https:\/\/cdn.mos.cms.futurecdn.net\/vSdkiAvEmYY6WQZwHJEjhW-2560-80.jpg&#8221;]<\/p>\n<article class=\"m-0 box-border flex flex-row items-center pr-2.5 gap-[15px] w-[278px] h-20 flex-none upnext-article-divider\" role=\"listitem\" aria-label=\"Recommended article 1 of 3\">\n<div class=\"relative flex-none w-20 h-20\">\n    <source type=\"image\/webp\" srcset=\"https:\/\/cdn.mos.cms.futurecdn.net\/cxdBUbUNkEmBxuAnRMLd4e-160-80.jpg.webp 160w, https:\/\/cdn.mos.cms.futurecdn.net\/cxdBUbUNkEmBxuAnRMLd4e-80-80.jpg.webp 80w\" sizes=\"80px\" \/><\/p>\n<div class=\"flex items-center justify-center absolute w-4 h-6 left-0 top-0 bg-white\/90 flex-none z-[1]\" aria-hidden=\"true\"><span class=\"font-normal text-base leading-[17px] tracking-[1.3px] uppercase text-black flex-none\">1<\/span><\/div>\n<\/div>\n<div class=\"flex flex-col items-center justify-center gap-1.5 w-[173px] h-20 flex-none\">\n<p class=\"font-article-heading font-medium text-base leading-[21px] text-gray-800 w-[173px] line-clamp-3 group-hover:underline\">\n                                    &#8216;The hardest week I&#8217;ve done by far all year&#8217; \u2013 Amber Pate returns to racing at Tour of Britain Women after six months away due to pancreatic tumour\n                                <\/p>\n<\/div>\n<\/article>\n<article class=\"m-0 box-border flex flex-row items-center pr-2.5 gap-[15px] w-[278px] h-20 flex-none upnext-article-divider\" role=\"listitem\" aria-label=\"Recommended article 2 of 3\">\n<div class=\"relative flex-none w-20 h-20\">\n    <source type=\"image\/webp\" srcset=\"https:\/\/cdn.mos.cms.futurecdn.net\/xz5gEu7yBu4E9KZWwpsbAi-160-80.jpg.webp 160w, https:\/\/cdn.mos.cms.futurecdn.net\/xz5gEu7yBu4E9KZWwpsbAi-80-80.jpg.webp 80w\" sizes=\"80px\" \/><\/p>\n<div class=\"flex items-center justify-center absolute w-[18px] h-6 left-0 top-0 bg-white\/90 flex-none z-[1]\" aria-hidden=\"true\"><span class=\"font-normal text-base leading-[17px] tracking-[1.3px] uppercase text-black flex-none\">2<\/span><\/div>\n<\/div>\n<div class=\"flex flex-col items-center justify-center gap-1.5 w-[173px] h-20 flex-none\">\n<p class=\"font-article-heading font-medium text-base leading-[21px] text-gray-800 w-[173px] line-clamp-3 group-hover:underline\">\n                                    Shirin van Anrooij makes &#8216;bold switch&#8217; to Canyon-SRAM, with transfer to come into force before 2026 is over\n                                <\/p>\n<\/div>\n<\/article>\n<article class=\"m-0 box-border flex flex-row items-center pr-2.5 gap-[15px] w-[278px] h-20 flex-none\" role=\"listitem\" aria-label=\"Recommended article 3 of 3\">\n<div class=\"relative flex-none w-20 h-20\">\n    <source type=\"image\/webp\" srcset=\"https:\/\/cdn.mos.cms.futurecdn.net\/xKeiEmiWFQiPsPdh84oXQe-160-80.jpg.webp 160w, https:\/\/cdn.mos.cms.futurecdn.net\/xKeiEmiWFQiPsPdh84oXQe-80-80.jpg.webp 80w\" sizes=\"80px\" \/><\/p>\n<div class=\"flex items-center justify-center absolute w-[18px] h-6 left-0 top-0 bg-white\/90 flex-none z-[1]\" aria-hidden=\"true\"><span class=\"font-normal text-base leading-[17px] tracking-[1.3px] uppercase text-black flex-none\">3<\/span><\/div>\n<\/div>\n<div class=\"flex flex-col items-center justify-center gap-1.5 w-[173px] h-20 flex-none\">\n<p class=\"font-article-heading font-medium text-base leading-[21px] text-gray-800 w-[173px] line-clamp-3 group-hover:underline\">\n                                    Cycling transfers \u2013 Molano to Lotto Intermarch\u00e9 in latest market moves\n                                <\/p>\n<\/div>\n<\/article>\n<article class=\"page-content-onecol flex-1\nnews-article article\n\"><\/p>\n<div class=\"widget-area-group widget-area-group-2col flex flex-wrap box-border\">\n<div id=\"widgetArea16\" class=\"widget-area basis-full md:basis-2\/3 widget-area-g-md-vp-2-3 widget-area-g-lg-vp-2-3 widget-area-g-xl-vp-2-3 page-widget-area-16\">\n<div data-widget-type=\"hero\" id=\"hero\" class=\"clear-both widget widget-hero widget-hero widget-hero-hero widget-hero widget-hero-fter-news\">\n<div class=\"news-article\">\n<header data-component-name=\"Article:Hero\">\n<nav class=\"breadcrumb\" aria-label=\"Breadcrumbs\">\n<ol>\n<li>\nPro Cycling\n<\/li>\n<li>\nRacing\n<\/li>\n<li>\nWomen&#8217;s Cycling\n<\/li>\n<li>\nRoad\n<\/li>\n<\/ol>\n<\/nav>\n<h1>&#8216;Motherhood and elite-level sports are entirely compatible&#8217; &#8211; Sandra Alonso targets Paris-Roubaix, returning after childbirth and storming the Spanish club scene<\/h1>\n<div class=\"byline-social\">\n<div class=\"vds-byline-block flex flex-row flex-nowrap my-1.5 gap-2 text-left items-start justify-start\" data-component-name=\"Article:BylineBlock\">\n<p>News<\/p>\n<div class=\"my-auto vds-simple-byline\"><span class=\"inline-block vds-author\"><br \/>\nBy<br \/>\nOwen Rogers <\/span><\/p>\n<div class=\"flex gap-1 vds-byline-with-avatar__meta\"><span class=\"vds-date block font-normal tracking-normal normal-case text-xs\"><br \/>\nPublished<br \/>\n<time data-component-name=\"UI:DateTime\" datetime=\"2026-08-28T13:25:18Z\" class=\"relative-date\"><br \/>\n28 August 2026<br \/>\n<\/time><\/span><\/div>\n<\/div>\n<\/div>\n<p class=\"strapline\">The Spanish rider has signed with Laboral Kutxa-Fundaci\u00f3n Euskadi for 2027<\/p>\n<\/div>\n<aside class=\"text-gray-700 flex items-center mx-0 my-5 p-0 justify-start text-left\" id=\"affiliate-disclaimer\" data-component-name=\"AffiliateDisclaimer\" data-hawk-message=\"Affiliate disclaimer removed because hawk deemed there are no affiliate links on this page\">\n<p class=\"text-[color:var(--affiliate-disclaimer--text-color,inherit)] mb-2 text-[length:var(--affiliate-disclaimer--font-size,0.75rem)] leading-[18px] md:text-[13px] [&amp;&gt;a]:text-inherit [&amp;&gt;a]:underline\">\nWhen you purchase through links on our site, we may earn an affiliate commission. Here\u2019s how it works.\n<\/p>\n<\/aside>\n<\/header>\n<\/div>\n<\/div>\n<div data-widget-type=\"contentparsed\" id=\"content\" class=\"clear-both widget widget-contentparsed widget-content widget-contentparsed-content widget-content-parsed widget-content-parsed-content_document \">\n<div class=\"wcp-item-content\">\n<section class=\"content-wrapper\">\n<div class=\"box less-space hero-image-wrapper\">\n<figure class=\"mb-0\">\n<source type=\"image\/webp\" srcset=\"https:\/\/cdn.mos.cms.futurecdn.net\/vSdkiAvEmYY6WQZwHJEjhW-1920-80.jpg.webp 1920w, https:\/\/cdn.mos.cms.futurecdn.net\/vSdkiAvEmYY6WQZwHJEjhW-1600-80.jpg.webp 1600w, https:\/\/cdn.mos.cms.futurecdn.net\/vSdkiAvEmYY6WQZwHJEjhW-1200-80.jpg.webp 1200w, https:\/\/cdn.mos.cms.futurecdn.net\/vSdkiAvEmYY6WQZwHJEjhW-1024-80.jpg.webp 1024w, https:\/\/cdn.mos.cms.futurecdn.net\/vSdkiAvEmYY6WQZwHJEjhW-970-80.jpg.webp 970w, https:\/\/cdn.mos.cms.futurecdn.net\/vSdkiAvEmYY6WQZwHJEjhW-750-80.jpg.webp 750w, https:\/\/cdn.mos.cms.futurecdn.net\/vSdkiAvEmYY6WQZwHJEjhW-650-80.jpg.webp 650w, https:\/\/cdn.mos.cms.futurecdn.net\/vSdkiAvEmYY6WQZwHJEjhW-480-80.jpg.webp 480w, https:\/\/cdn.mos.cms.futurecdn.net\/vSdkiAvEmYY6WQZwHJEjhW-320-80.jpg.webp 320w\" sizes=\"(min-width: 1000px) 600px, 100vw\" \/><figcaption class=\"font-article-copy text-(--image--text--color) font-article-copy mt-2\"><span class=\"caption-text font-article-copy\">Sandra Alonso returns to the pro peloton in 2027<\/span><span class=\"credit font-article-copy\">(Image credit: Sprint Cycling)<\/span><\/figcaption><\/figure>\n<\/div>\n<div id=\"article-body\" class=\"text-copy bodyCopy auto paywall-locker\">\n<div data-analytics-id=\"utility-bar\" id=\"utility-bar\" class=\"font-ui-heading flex justify-between items-center py-2 border-t border-b border-gray-300 border-solid mb-5 mx-auto\" data-component-name=\"UtilityBar\" data-mrf-recirculation=\"utility-bar\">\n<div class=\"flex gap-2 text-[#333] subcontainer\">\n<div class=\"relative tooltip-container\" role=\"tooltip\">\n<div data-component-name=\"Social:Dropdown\" role=\"menu\" id=\"utilitybar__dropdown--share\" aria-labelledby=\"utilitybar__button--share\" class=\"absolute left-0 top-full w-44 bg-white rounded-md shadow-md border border-neutral-200 z-[9996] list-none m-0 py-2 px-3 border-solid\">\n<ul class=\"m-0!\">\n<li class=\"!p-0 !m-0 list-none border-b border-gray-200 border-solid\">\n<li class=\"!p-0 !m-0 list-none border-b border-gray-200 border-solid\">\n<p>Facebook<\/p>\n<\/li>\n<li class=\"!p-0 !m-0 list-none border-b border-gray-200 border-solid\">\n<p>X<\/p>\n<\/li>\n<li class=\"!p-0 !m-0 list-none border-b border-gray-200 border-solid\">\n<p>Pinterest<\/p>\n<\/li>\n<li class=\"!p-0 !m-0 list-none border-b border-gray-200 border-solid\">\n<p>Email<\/p>\n<\/li>\n<\/ul>\n<\/div>\n<div class=\"font-ui-heading max-sm:hidden tooltip absolute left-1\/2 bg-gray-900 text-white text-xs leading-none px-3 py-1.5 rounded-md z-[10001] whitespace-nowrap\" id=\"tooltip-share-this-article\" role=\"tooltip\" aria-hidden=\"true\">\nShare this article\n<\/div>\n<\/div>\n<div class=\"relative tooltip-container\" role=\"tooltip\"><span class=\"ml-1 inline-flex h-5 px-2 shrink-0 items-center justify-center self-center overflow-hidden whitespace-nowrap rounded-[10px] bg-primary-500 text-[11px] leading-none font-ui-heading font-semibold text-white\">0<\/span><\/p>\n<div class=\"font-ui-heading max-sm:hidden tooltip absolute left-1\/2 bg-gray-900 text-white text-xs leading-none px-3 py-1.5 rounded-md z-[10001] whitespace-nowrap\" id=\"tooltip-join-the-conversation\" role=\"tooltip\" aria-hidden=\"true\">\nJoin the conversation\n<\/div>\n<\/div>\n<\/div>\n<div class=\"flex gap-2 text-[#333] subcontainer\">\n<div class=\"relative tooltip-container\" role=\"tooltip\">\n<p>Follow us<\/p>\n<div class=\"font-ui-heading max-sm:hidden tooltip absolute left-1\/2 bg-gray-900 text-white text-xs leading-none px-3 py-1.5 rounded-md z-[10001] whitespace-nowrap\" id=\"tooltip-add-us-as-a-preferred-source-on-google\" role=\"tooltip\" aria-hidden=\"true\">\nAdd us as a preferred source on Google\n<\/div>\n<\/div>\n<div class=\"relative tooltip-container\" role=\"tooltip\">\n<div class=\"font-ui-heading max-sm:hidden tooltip absolute left-1\/2 bg-gray-900 text-white text-xs leading-none px-3 py-1.5 rounded-md z-[10001] whitespace-nowrap\" id=\"tooltip-subscribe-to-our-newsletter\" role=\"tooltip\" aria-hidden=\"true\">\nSubscribe to our newsletter\n<\/div>\n<\/div>\n<\/div>\n<\/div>\n<p id=\"elk-fd1e6f58-a2e0-11f1-90da-01f843e23ea2\">After leaving the professional peloton in 2025 to have her first child, Sandra Alonso will return in 2027 having signed a single-season deal with the Spanish ProTeam, Laboral Kutxa-Fundaci\u00f3n Euskadi.<\/p>\n<p>Alonso rode for a variety of teams between 2018 and the spring of 2025, spending the final four of those years with the WorldTour Ceratizit team and riding her last race with the German squad last April. Now, after a successful return with the Eneicat-Be Call club team, she has been snapped up by her home squad.<\/p>\n<p id=\"elk-fd1e6f58-a2e0-11f1-90da-01f843e23ea2-2\" aria-hidden=\"true\" class=\"kiosq-b\">A strong all-rounder with a good time trial, Alonso has four wins to her name, including the victory at the WorldTour level Tour of Guangxi in 2024, and a stage at the Th\u00fcringen Rundfahrt that same year.<\/p>\n<div class=\"my-6 w-full overflow-hidden rounded-[10px] lg:my-8\" data-component-name=\"JwPlayer:Carousel\" data-jwp-carousel data-jwp-carousel-payload=\"{&quot;ids&quot;:{&quot;playerID&quot;:&quot;jYDCcabO&quot;,&quot;searchPlaylistID&quot;:&quot;gwjdoYHD&quot;,&quot;divID&quot;:&quot;botr_gwjdoYHD_jYDCcabO_div&quot;,&quot;fallbackPlaylistID&quot;:&quot;gwjdoYHD&quot;,&quot;fallbackDivID&quot;:&quot;botr_gwjdoYHD_jYDCcabO_div&quot;,&quot;key&quot;:&quot;X9\/mXVGac0NphghLH9hZaqWA5d3dhAM\/Ih07grnEyMLjuO2E&quot;,&quot;tintLogo&quot;:true,&quot;useSearchPlaylist&quot;:false,&quot;enabled&quot;:true},&quot;signPostingEnabled&quot;:true,&quot;signPostingLinkEnabled&quot;:true,&quot;waitForAdLoad&quot;:false,&quot;hidePlayerOnDesktop&quot;:false,&quot;hidePlayerOnMobile&quot;:false,&quot;hidePlayerOnTablet&quot;:false}\">\n<div class=\"flex flex-nowrap items-center justify-between gap-3 bg-zinc-900 px-[14px] py-3\" data-jwp-carousel-header>\n<div class=\"flex min-w-0 shrink items-center\"><span class=\"inline-flex items-center gap-1.5 text-sm font-article-heading capitalize leading-5 text-white whitespace-nowrap\"><span class=\"jwp-carousel-title-desktop\">Latest Videos From<\/span><span class=\"jwp-carousel-brand\">Cyclingnews<\/span><\/span><\/div>\n<\/div>\n<div class=\"min-h-[44px] bg-zinc-900 px-[14px] py-3\" data-jwp-carousel-signposting><a class=\"invisible block truncate text-sm font-bold leading-5 text-white underline decoration-solid underline-offset-2\" data-jwp-carousel-signposting-link href target=\"_blank\" rel=\"noopener noreferrer\"><span data-jwp-carousel-signposting-title>Watch full video here: <\/span><\/a><\/div>\n<\/div>\n<p aria-hidden=\"true\" class=\"kiosq-b\">Her last race before pregnancy was in April 2025, at the Grand Prix Surf City in El Salvador, and she gave birth last December, just as the Ceratizit team went out of business after 10 seasons in the peloton.<\/p>\n<p aria-hidden=\"true\" class=\"kiosq-b\">While other riders have successfully returned to competition after giving birth, remarkably Alonso was back in January, riding a national level race in the UAE, before racing the 2.1 level Vuelta a Extremadura with the Spanish national squad in March. Having been snapped up by Eneicat, she then took third place in her first outing, the GP Ciudad de Eibar.<\/p>\n<aside data-component-name=\"Recirculation:ArticleRiver\" data-recirculation-type=\"inline\" data-mrf-recirculation=\"Trending Bar\" data-nosnippet class=\"clear-both pt-2 pb-0 mb-4\"><span class=\"\n            flex\n            after:content-[&apos;&apos;] after:flex-1 after:ml-4 after:my-[0.7rem] after:border-t after:border-solid after:border-t-[#ccc]\n            before:content-[&apos;&apos;] before:flex-1 before:mr-4 before:my-[0.7rem] before:border-t before:border-solid before:border-t-[#ccc]\n            font-article-heading pb-0 text-[length:var(--article-river-title--font-size,1em)] uppercase sm:text-[length:var(--article-river-title--font-size,0.875em)] font-bold\n        \"><br \/>\n            You may like<br \/>\n        <\/span><\/p>\n<ul class=\"flex flex-col gap-0 m-0 max-w-full\">\n<li class=\"m-0 list-none border-b border-solid border-[#ededed] py-2\" data-recirculation-id=\"recirculation-card-1\" id=\"recirculation-inline-1\" data-analytics-id=\"recirculation-inline-1\" data-mrf-recirculation=\"recirculation-inline-1\">\n    <source type=\"image\/webp\" srcset=\"https:\/\/cdn.mos.cms.futurecdn.net\/CBaMYsprNPmxBYpwrPCq5-250-80.jpg.webp 250w, https:\/\/cdn.mos.cms.futurecdn.net\/CBaMYsprNPmxBYpwrPCq5-150-80.jpg.webp 150w\" sizes=\"150px\" \/><span class=\"w-full text-base font-[var(--article-river-item--font-weight,500)] font-article-heading line-clamp-3 md:line-clamp-2\">Former world champion Lizzie Deignan takes up sports director role with British Cycling ahead of LA Olympics<\/span><\/li>\n<li class=\"m-0 list-none border-b border-solid border-[#ededed] py-2\" data-recirculation-id=\"recirculation-card-2\" id=\"recirculation-inline-2\" data-analytics-id=\"recirculation-inline-2\" data-mrf-recirculation=\"recirculation-inline-2\">\n    <source type=\"image\/webp\" srcset=\"https:\/\/cdn.mos.cms.futurecdn.net\/duXSrJTJ8uLBWnPzkVkHrb-250-80.jpg.webp 250w, https:\/\/cdn.mos.cms.futurecdn.net\/duXSrJTJ8uLBWnPzkVkHrb-150-80.jpg.webp 150w\" sizes=\"150px\" \/><span class=\"w-full text-base font-[var(--article-river-item--font-weight,500)] font-article-heading line-clamp-3 md:line-clamp-2\">&#8216;Part of me of still being in cycling is trying to become the best version of myself&#8217; \u2013 Human Powered Health pick up a former world champion<\/span><\/li>\n<li class=\"m-0 list-none border-b border-solid border-[#ccc] py-2\" data-recirculation-id=\"recirculation-card-3\" id=\"recirculation-inline-3\" data-analytics-id=\"recirculation-inline-3\" data-mrf-recirculation=\"recirculation-inline-3\">\n    <source type=\"image\/webp\" srcset=\"https:\/\/cdn.mos.cms.futurecdn.net\/WAaMMNNaPS2hqxMGgXqgvd-250-80.jpg.webp 250w, https:\/\/cdn.mos.cms.futurecdn.net\/WAaMMNNaPS2hqxMGgXqgvd-150-80.jpg.webp 150w\" sizes=\"150px\" \/><span class=\"w-full text-base font-[var(--article-river-item--font-weight,500)] font-article-heading line-clamp-3 md:line-clamp-2\">Elise Chabbey confirms her 2026 season is over as she reveals the reason for her absence from racing since April<\/span><\/li>\n<\/ul>\n<\/aside>\n<p aria-hidden=\"true\" class=\"kiosq-b\">Though her only victories this year have come at the National level, she\u2019s bagged a string of top 10s at .1 and .Pro races, took third in the Spanish time trial championships and fifth in the road race, and last week took second place at the Mediterranean Games time trial.<\/p>\n<p aria-hidden=\"true\" class=\"kiosq-b\">With her future now secure, she is currently competing in the 2.2 Giro Della Toscana, where she finished sixth in Thursday\u2019s prologue.<\/p>\n<div id=\"slice-container-newsletterForm-articleInbodyContent-EtWRrtABhSh6iis7Hgj84o\" class=\"slice-container newsletter-inbodyContent-slice newsletterForm-articleInbodyContent-EtWRrtABhSh6iis7Hgj84o slice-container-newsletterForm\">\n<div data-hydrate=\"true\" class=\"newsletter-form__wrapper newsletter-form__wrapper--inbodyContent\">\n<div class=\"newsletter-form__container\">\n<section class=\"newsletter-form__top-bar\">\n<div class=\"newsletter-form__header\">Get The Leadout Newsletter<\/div>\n<\/section>\n<section class=\"newsletter-form__main-section\">\n<p class=\"newsletter-form__strapline\">The latest race content, interviews, features, reviews and expert buying guides, direct to your inbox!<\/p>\n<footer class=\"newsletter-form__footer \">By submitting your information you agree to the Terms &amp; Conditions and Privacy Policy and are aged 16 or over.<\/footer>\n<\/section>\n<\/div>\n<\/div>\n<\/div>\n<p aria-hidden=\"true\" class=\"kiosq-b\">&#8220;Signing with Laboral Kutxa-Euskadi is a source of pride and the best reward for all the effort I\u2019ve put in this year,&#8221; Alonso said in a team press release. &#8220;I feel I still have a lot to offer in cycling, and I\u2019m approaching this opportunity with the excitement of someone starting their first year as a professional. I\u2019ve come back stronger, with renewed enthusiasm, and having demonstrated a high level of competitiveness.<\/p>\n<p aria-hidden=\"true\" class=\"kiosq-b\">&#8220;After several years in the WorldTour, I hope to bring that experience to a squad full of young talent &#8211; especially Basque rider &#8211; to guide them, grow together, and achieve great results.<\/p>\n<p aria-hidden=\"true\" class=\"kiosq-b\">&#8220;Among my major goals is racing Paris-Roubaix again &#8211; a unique, historic event I\u2019ve held dear since finishing tenth in 2022 &#8211; as well as returning to the Tour de France, an impressive race I completed in its first three editions.<\/p>\n<p aria-hidden=\"true\" class=\"kiosq-b\">&#8220;I want to express my deep gratitude to my family for their support throughout this challenging process; to my coach for believing in me and guiding me; and, of course, to Laboral Kutxa-Euskadi for putting their faith in me for this project.<\/p>\n<p aria-hidden=\"true\" class=\"kiosq-b\">&#8220;I\u2019m also grateful for the constant support from the fans &#8211; messages calling me a fighter, a role model, a warrior &#8211; which truly motivate me. I hope my experience helps show that motherhood and elite-level sports are entirely compatible.&#8221;<\/p>\n<p id=\"elk-fd1e70b6-a2e0-11f1-b46e-95896a0d5d8b\" aria-hidden=\"true\" class=\"kiosq-b\"><strong>For unbeatable coverage across road, gravel and tech, subscribe to Cyclingnews. You&#8217;ll get comprehensive race coverage of La Vuelta a Espa\u00f1a, subscriber-exclusive analysis from our expert columnists, in-depth features and industry-leading tech insight. Plus, the Cyclingnews app lets you follow the action wherever you go! <\/strong><strong>Join today.<\/strong><\/p>\n<\/div>\n<div class=\"block mb-5\" id=\"articleTag\" data-component-name=\"PostArticleLinks\" data-nosnippet data-mrf-recirculation=\"post-article-links\">\n<div class=\"border-b border-b-black border-solid py-2.5 text-black font-bold uppercase\">CATEGORIES<\/div>\n<nav class=\"py-2.5 flex gap-2.5 flex-wrap\" data-analytics-id=\"article-tag\" data-mrf-recirculation=\"article-tag\">\n<p>Transfers<\/p>\n<p>Teams &amp; Riders<\/p>\n<\/nav>\n<\/div>\n<div id=\"slice-container-authorBio-EtWRrtABhSh6iis7Hgj84o\" class=\"slice-container slice-author-bio authorBio-EtWRrtABhSh6iis7Hgj84o slice-container-authorBio\">\n<div class=\"author author__default-layout author--separator author--collapsible\" data-hydrate=\"true\">\n<div class=\"author__header\">\n<div class=\"author__avatar-block\">\n<figure class=\"image-wrapped__wrapper\" data-bordeaux-image-check=\"false\">\n<div class=\"image-wrapped__widthsetter\">\n<div class=\"image-wrapped__aspect-padding\">\n<div><source class=\"author__avatar image-wrapped__image image__image\" type=\"image\/webp\" srcset=\"https:\/\/cdn.mos.cms.futurecdn.net\/5d2CksSry8bfgFKS33vwFi-140-80.jpg.webp 140w\" sizes=\"99vw\" data-normal=\"https:\/\/cdn.mos.cms.futurecdn.net\/5d2CksSry8bfgFKS33vwFi.jpg\" data-original-mos=\"https:\/\/cdn.mos.cms.futurecdn.net\/5d2CksSry8bfgFKS33vwFi.jpg\" data-pin-media=\"https:\/\/cdn.mos.cms.futurecdn.net\/5d2CksSry8bfgFKS33vwFi.jpg\" data-pin-nopin=\"true\" data-slice-image=\"true\" \/><\/div>\n<\/div>\n<\/div>\n<\/figure>\n<\/div>\n<div class=\"author__heading\">\n<div class=\"author__name\">Owen Rogers<\/div>\n<div class=\"author__role\">Staff Writer<\/div>\n<\/div>\n<\/div>\n<div class=\"author__bio-wrapper\">\n<div class=\"author__biography\">\n<p>A recent addition to the Cyclingnews staff, Owen Rogers is an experienced journalist, working as a freelancer covering the sport for various magazines and websites for more than 10 years.<\/p>\n<p>Initially concentrating mainly on the women&#8217;s sport, he has covered hundreds of race days on the ground and interviewed some of the sport&#8217;s biggest names.<\/p>\n<p>Living near Cambridge in the UK, when he&#8217;s not working you&#8217;ll find him either riding his bike or playing drums.<\/p>\n<\/div>\n<\/div>\n<\/div>\n<\/div>\n<\/section>\n<div class=\"relative max-w-[1070px] viafoura-twig-component mt-6 mx-4 lg:mx-0\" data-component-name=\"Viafoura:Comments\" data-nosnippet data-community-guidelines-text=\"&lt;p class=&apos;vfcustom-community-guidelines&apos;&gt;Please follow our &lt;a href=&quot;https:\/\/www.cyclingnews.com\/about\/#section-community-guidelines&quot; target=&quot;_blank&quot;&gt;community guidelines&lt;\/a&gt;.&lt;\/p&gt;\" data-join-the-conversation-text=\"Join the Conversation\">\n<div class=\"absolute top-0 left-0 w-full h-full flex items-center justify-center z-50 bg-white\/90 border-1 rounded-b-[var(--comment-widget-border-radius,0)]\">\n<div class=\"p-2 text-center\">\n<p class=\"mb-3 text-lg!\">You must confirm your public display name before commenting<\/p>\n<p class=\"mb-3 text-sm!\">Please logout and then login again, you will then be prompted to enter your display name.<\/p>\n<\/div>\n<\/div>\n<\/div>\n<section class=\"mx-2 my-5 sm:mx-0\">\n<aside class=\"w-full\" data-nosnippet data-mrf-recirculation=\"article-river-stacked\">\n<div data-recirc-id=\"article-river-stacked-adviser:hybrid\">\n<div class=\"text-white py-4 px-3 mb-4 bg-[#333] uppercase font-bold custom-header-styles\">Read more<\/div>\n<div class=\"grid grid-cols-1 gap-4 mt-4 mb-5\">\n<div>\n<div class=\"aspect-[var(--img-listing-aspect-ratio,16\/9)] relative mb-3.5\">\n    <source type=\"image\/webp\" srcset=\"https:\/\/cdn.mos.cms.futurecdn.net\/CBaMYsprNPmxBYpwrPCq5-840-80.jpg.webp 840w, https:\/\/cdn.mos.cms.futurecdn.net\/CBaMYsprNPmxBYpwrPCq5-650-80.jpg.webp 650w, https:\/\/cdn.mos.cms.futurecdn.net\/CBaMYsprNPmxBYpwrPCq5-500-80.jpg.webp 500w, https:\/\/cdn.mos.cms.futurecdn.net\/CBaMYsprNPmxBYpwrPCq5-450-80.jpg.webp 450w, https:\/\/cdn.mos.cms.futurecdn.net\/CBaMYsprNPmxBYpwrPCq5-320-80.jpg.webp 320w\" sizes=\"(min-width: 900px) 925px, (min-width: 700px) 450px, calc(100vw - 48px)\" \/><\/div>\n<p><span class=\"custom-subheading-styles\">Racing<\/span><span class=\"text-base text-black font-bold mx-0 my-2.5 p-0 block custom-text-styles\">Former world champion Lizzie Deignan takes up sports director role with British Cycling ahead of LA Olympics<\/span><\/div>\n<div class=\"relative recirc-feed sponsored-card min-h-[250px]\" data-recirc-id=\"article-river-stacked-ads:native-cards\" data-mrf-recirculation=\"article-river-ads\" data-nosnippet data-ad-slot-path=\"feed-sponsored-post\" data-attribute-device=\"all\">\n<div class=\"max-w-full sponsored-post--placeholder animate-pulse\">\n<div class=\"relative!\"><span class=\"text-base text-black font-bold mx-0 my-2.5 p-0 block bg-gray-100\">\u00a0<br \/>\u00a0<\/span><\/div>\n<\/div>\n<\/div>\n<div>\n<div class=\"aspect-[var(--img-listing-aspect-ratio,16\/9)] relative mb-3.5\">\n    <source type=\"image\/webp\" srcset=\"https:\/\/cdn.mos.cms.futurecdn.net\/duXSrJTJ8uLBWnPzkVkHrb-840-80.jpg.webp 840w, https:\/\/cdn.mos.cms.futurecdn.net\/duXSrJTJ8uLBWnPzkVkHrb-650-80.jpg.webp 650w, https:\/\/cdn.mos.cms.futurecdn.net\/duXSrJTJ8uLBWnPzkVkHrb-500-80.jpg.webp 500w, https:\/\/cdn.mos.cms.futurecdn.net\/duXSrJTJ8uLBWnPzkVkHrb-450-80.jpg.webp 450w, https:\/\/cdn.mos.cms.futurecdn.net\/duXSrJTJ8uLBWnPzkVkHrb-320-80.jpg.webp 320w\" sizes=\"(min-width: 900px) 925px, (min-width: 700px) 450px, calc(100vw - 48px)\" \/><\/div>\n<p><span class=\"custom-subheading-styles\">Transfers<\/span><span class=\"text-base text-black font-bold mx-0 my-2.5 p-0 block custom-text-styles\">&#8216;Part of me of still being in cycling is trying to become the best version of myself&#8217; \u2013 Human Powered Health pick up a former world champion<\/span><\/div>\n<div class=\"relative recirc-feed sponsored-card min-h-[250px]\" data-recirc-id=\"article-river-stacked-ads:native-cards\" data-mrf-recirculation=\"article-river-ads\" data-nosnippet data-ad-slot-path=\"feed-sponsored-post\" data-attribute-device=\"all\">\n<div class=\"max-w-full sponsored-post--placeholder animate-pulse\">\n<div class=\"relative!\"><span class=\"text-base text-black font-bold mx-0 my-2.5 p-0 block bg-gray-100\">\u00a0<br \/>\u00a0<\/span><\/div>\n<\/div>\n<\/div>\n<div>\n<div class=\"aspect-[var(--img-listing-aspect-ratio,16\/9)] relative mb-3.5\">\n    <source type=\"image\/webp\" srcset=\"https:\/\/cdn.mos.cms.futurecdn.net\/WAaMMNNaPS2hqxMGgXqgvd-840-80.jpg.webp 840w, https:\/\/cdn.mos.cms.futurecdn.net\/WAaMMNNaPS2hqxMGgXqgvd-650-80.jpg.webp 650w, https:\/\/cdn.mos.cms.futurecdn.net\/WAaMMNNaPS2hqxMGgXqgvd-500-80.jpg.webp 500w, https:\/\/cdn.mos.cms.futurecdn.net\/WAaMMNNaPS2hqxMGgXqgvd-450-80.jpg.webp 450w, https:\/\/cdn.mos.cms.futurecdn.net\/WAaMMNNaPS2hqxMGgXqgvd-320-80.jpg.webp 320w\" sizes=\"(min-width: 900px) 925px, (min-width: 700px) 450px, calc(100vw - 48px)\" \/><\/div>\n<p><span class=\"custom-subheading-styles\">Women&#8217;s Cycling<\/span><span class=\"text-base text-black font-bold mx-0 my-2.5 p-0 block custom-text-styles\">Elise Chabbey confirms her 2026 season is over as she reveals the reason for her absence from racing since April<\/span><\/div>\n<div class=\"relative recirc-feed sponsored-card min-h-[250px]\" data-recirc-id=\"article-river-stacked-ads:native-cards\" data-mrf-recirculation=\"article-river-ads\" data-nosnippet data-ad-slot-path=\"feed-sponsored-post\" data-attribute-device=\"all\">\n<div class=\"max-w-full sponsored-post--placeholder animate-pulse\">\n<div class=\"relative!\"><span class=\"text-base text-black font-bold mx-0 my-2.5 p-0 block bg-gray-100\">\u00a0<br \/>\u00a0<\/span><\/div>\n<\/div>\n<\/div>\n<div>\n<div class=\"aspect-[var(--img-listing-aspect-ratio,16\/9)] relative mb-3.5\">\n    <source type=\"image\/webp\" srcset=\"https:\/\/cdn.mos.cms.futurecdn.net\/RktS6xfeM3cRGVHJ8omGz6-840-80.jpg.webp 840w, https:\/\/cdn.mos.cms.futurecdn.net\/RktS6xfeM3cRGVHJ8omGz6-650-80.jpg.webp 650w, https:\/\/cdn.mos.cms.futurecdn.net\/RktS6xfeM3cRGVHJ8omGz6-500-80.jpg.webp 500w, https:\/\/cdn.mos.cms.futurecdn.net\/RktS6xfeM3cRGVHJ8omGz6-450-80.jpg.webp 450w, https:\/\/cdn.mos.cms.futurecdn.net\/RktS6xfeM3cRGVHJ8omGz6-320-80.jpg.webp 320w\" sizes=\"(min-width: 900px) 925px, (min-width: 700px) 450px, calc(100vw - 48px)\" \/><\/div>\n<p><span class=\"custom-subheading-styles\">Women&#8217;s Cycling<\/span><span class=\"text-base text-black font-bold mx-0 my-2.5 p-0 block custom-text-styles\">&#8216;New opportunity, a fresh page&#8217; \u2013 Kasia Niewiadoma-Phinney chases another Tour de France Femmes victory with team that delivers debuts for B\u00e4ckstedt, Kl\u00f6ser, Niedermaier<\/span><\/div>\n<div class=\"relative recirc-feed sponsored-card min-h-[250px]\" data-recirc-id=\"article-river-stacked-ads:native-cards\" data-mrf-recirculation=\"article-river-ads\" data-nosnippet data-ad-slot-path=\"feed-sponsored-post\" data-attribute-device=\"all\">\n<div class=\"max-w-full sponsored-post--placeholder animate-pulse\">\n<div class=\"relative!\"><span class=\"text-base text-black font-bold mx-0 my-2.5 p-0 block bg-gray-100\">\u00a0<br \/>\u00a0<\/span><\/div>\n<\/div>\n<\/div>\n<div>\n<div class=\"aspect-[var(--img-listing-aspect-ratio,16\/9)] relative mb-3.5\">\n    <source type=\"image\/webp\" srcset=\"https:\/\/cdn.mos.cms.futurecdn.net\/cxdBUbUNkEmBxuAnRMLd4e-840-80.jpg.webp 840w, https:\/\/cdn.mos.cms.futurecdn.net\/cxdBUbUNkEmBxuAnRMLd4e-650-80.jpg.webp 650w, https:\/\/cdn.mos.cms.futurecdn.net\/cxdBUbUNkEmBxuAnRMLd4e-500-80.jpg.webp 500w, https:\/\/cdn.mos.cms.futurecdn.net\/cxdBUbUNkEmBxuAnRMLd4e-450-80.jpg.webp 450w, https:\/\/cdn.mos.cms.futurecdn.net\/cxdBUbUNkEmBxuAnRMLd4e-320-80.jpg.webp 320w\" sizes=\"(min-width: 900px) 925px, (min-width: 700px) 450px, calc(100vw - 48px)\" \/><\/div>\n<p><span class=\"custom-subheading-styles\">Women&#8217;s Cycling<\/span><span class=\"text-base text-black font-bold mx-0 my-2.5 p-0 block custom-text-styles\">&#8216;The hardest week I&#8217;ve done by far all year&#8217; \u2013 Amber Pate returns to racing at Tour of Britain Women after six months away due to pancreatic tumour<\/span><\/div>\n<div class=\"relative recirc-feed sponsored-card min-h-[250px]\" data-recirc-id=\"article-river-stacked-ads:native-cards\" data-mrf-recirculation=\"article-river-ads\" data-nosnippet data-ad-slot-path=\"feed-sponsored-post\" data-attribute-device=\"all\">\n<div class=\"max-w-full sponsored-post--placeholder animate-pulse\">\n<div class=\"relative!\"><span class=\"text-base text-black font-bold mx-0 my-2.5 p-0 block bg-gray-100\">\u00a0<br \/>\u00a0<\/span><\/div>\n<\/div>\n<\/div>\n<div>\n<div class=\"aspect-[var(--img-listing-aspect-ratio,16\/9)] relative mb-3.5\">\n    <source type=\"image\/webp\" srcset=\"https:\/\/cdn.mos.cms.futurecdn.net\/mdqopQBsyVu8WSwCgaooQM-840-80.jpg.webp 840w, https:\/\/cdn.mos.cms.futurecdn.net\/mdqopQBsyVu8WSwCgaooQM-650-80.jpg.webp 650w, https:\/\/cdn.mos.cms.futurecdn.net\/mdqopQBsyVu8WSwCgaooQM-500-80.jpg.webp 500w, https:\/\/cdn.mos.cms.futurecdn.net\/mdqopQBsyVu8WSwCgaooQM-450-80.jpg.webp 450w, https:\/\/cdn.mos.cms.futurecdn.net\/mdqopQBsyVu8WSwCgaooQM-320-80.jpg.webp 320w\" sizes=\"(min-width: 900px) 925px, (min-width: 700px) 450px, calc(100vw - 48px)\" \/><\/div>\n<p><span class=\"custom-subheading-styles\">Teams &amp; Riders<\/span><span class=\"text-base text-black font-bold mx-0 my-2.5 p-0 block custom-text-styles\">&#8216;Big shock to the system&#8217; &#8211; Former WorldTour rider Veronica Ewers resumes slow return to peloton with &#8216;experiment&#8217; at French ProTeam&#8217;s Tour de France Femmes training camp<\/span><\/div>\n<div class=\"relative recirc-feed sponsored-card min-h-[250px]\" data-recirc-id=\"article-river-stacked-ads:native-cards\" data-mrf-recirculation=\"article-river-ads\" data-nosnippet data-ad-slot-path=\"feed-sponsored-post\" data-attribute-device=\"all\">\n<div class=\"max-w-full sponsored-post--placeholder animate-pulse\">\n<div class=\"relative!\"><span class=\"text-base text-black font-bold mx-0 my-2.5 p-0 block bg-gray-100\">\u00a0<br \/>\u00a0<\/span><\/div>\n<\/div>\n<\/div>\n<\/div>\n<\/div>\n<\/aside>\n<aside class=\"w-full\" data-nosnippet data-mrf-recirculation=\"article-river-stacked\">\n<div data-recirc-id=\"article-river-stacked-solr:latest-category\">\n<div class=\"text-white py-4 px-3 mb-4 bg-[#333] uppercase font-bold custom-header-styles\">Latest in Women&#8217;s Cycling<\/div>\n<div class=\"grid grid-cols-1 gap-4 mt-4 mb-5\">\n<div>\n<div class=\"aspect-[var(--img-listing-aspect-ratio,16\/9)] relative mb-3.5\">\n    <source type=\"image\/webp\" srcset=\"https:\/\/cdn.mos.cms.futurecdn.net\/LxEHaFBfMyo2nFXMDykbbi-840-80.jpg.webp 840w, https:\/\/cdn.mos.cms.futurecdn.net\/LxEHaFBfMyo2nFXMDykbbi-650-80.jpg.webp 650w, https:\/\/cdn.mos.cms.futurecdn.net\/LxEHaFBfMyo2nFXMDykbbi-500-80.jpg.webp 500w, https:\/\/cdn.mos.cms.futurecdn.net\/LxEHaFBfMyo2nFXMDykbbi-450-80.jpg.webp 450w, https:\/\/cdn.mos.cms.futurecdn.net\/LxEHaFBfMyo2nFXMDykbbi-320-80.jpg.webp 320w\" sizes=\"(min-width: 900px) 925px, (min-width: 700px) 450px, calc(100vw - 48px)\" \/><\/div>\n<p><span class=\"custom-subheading-styles\">Women&#8217;s Cycling<\/span><span class=\"text-base text-black font-bold mx-0 my-2.5 p-0 block custom-text-styles\">Former British champion Pfeiffer Georgi ends 8-year Picnic-PostNL spell to join UAE Team L&#8217;IMAD<\/span><\/div>\n<div class=\"relative recirc-feed sponsored-card min-h-[250px]\" data-recirc-id=\"article-river-stacked-ads:native-cards\" data-mrf-recirculation=\"article-river-ads\" data-nosnippet data-ad-slot-path=\"feed-sponsored-post\" data-attribute-device=\"all\">\n<div class=\"max-w-full sponsored-post--placeholder animate-pulse\">\n<div class=\"relative!\"><span class=\"text-base text-black font-bold mx-0 my-2.5 p-0 block bg-gray-100\">\u00a0<br \/>\u00a0<\/span><\/div>\n<\/div>\n<\/div>\n<div>\n<div class=\"aspect-[var(--img-listing-aspect-ratio,16\/9)] relative mb-3.5\">\n    <source type=\"image\/webp\" srcset=\"https:\/\/cdn.mos.cms.futurecdn.net\/xz5gEu7yBu4E9KZWwpsbAi-840-80.jpg.webp 840w, https:\/\/cdn.mos.cms.futurecdn.net\/xz5gEu7yBu4E9KZWwpsbAi-650-80.jpg.webp 650w, https:\/\/cdn.mos.cms.futurecdn.net\/xz5gEu7yBu4E9KZWwpsbAi-500-80.jpg.webp 500w, https:\/\/cdn.mos.cms.futurecdn.net\/xz5gEu7yBu4E9KZWwpsbAi-450-80.jpg.webp 450w, https:\/\/cdn.mos.cms.futurecdn.net\/xz5gEu7yBu4E9KZWwpsbAi-320-80.jpg.webp 320w\" sizes=\"(min-width: 900px) 925px, (min-width: 700px) 450px, calc(100vw - 48px)\" \/><\/div>\n<p><span class=\"custom-subheading-styles\">Transfers<\/span><span class=\"text-base text-black font-bold mx-0 my-2.5 p-0 block custom-text-styles\">Shirin van Anrooij makes &#8216;bold switch&#8217; to Canyon-SRAM, with transfer to come into force before 2026 is over<\/span><\/div>\n<div class=\"relative recirc-feed sponsored-card min-h-[250px]\" data-recirc-id=\"article-river-stacked-ads:native-cards\" data-mrf-recirculation=\"article-river-ads\" data-nosnippet data-ad-slot-path=\"feed-sponsored-post\" data-attribute-device=\"all\">\n<div class=\"max-w-full sponsored-post--placeholder animate-pulse\">\n<div class=\"relative!\"><span class=\"text-base text-black font-bold mx-0 my-2.5 p-0 block bg-gray-100\">\u00a0<br \/>\u00a0<\/span><\/div>\n<\/div>\n<\/div>\n<div>\n<div class=\"aspect-[var(--img-listing-aspect-ratio,16\/9)] relative mb-3.5\">\n    <source type=\"image\/webp\" srcset=\"https:\/\/cdn.mos.cms.futurecdn.net\/UEDpMSrbnELU5BTMTafrh3-840-80.jpg.webp 840w, https:\/\/cdn.mos.cms.futurecdn.net\/UEDpMSrbnELU5BTMTafrh3-650-80.jpg.webp 650w, https:\/\/cdn.mos.cms.futurecdn.net\/UEDpMSrbnELU5BTMTafrh3-500-80.jpg.webp 500w, https:\/\/cdn.mos.cms.futurecdn.net\/UEDpMSrbnELU5BTMTafrh3-450-80.jpg.webp 450w, https:\/\/cdn.mos.cms.futurecdn.net\/UEDpMSrbnELU5BTMTafrh3-320-80.jpg.webp 320w\" sizes=\"(min-width: 900px) 925px, (min-width: 700px) 450px, calc(100vw - 48px)\" \/><\/div>\n<p><span class=\"custom-subheading-styles\">Women&#8217;s Cycling<\/span><span class=\"text-base text-black font-bold mx-0 my-2.5 p-0 block custom-text-styles\">Kreiz Breizh F\u00e9minin: Loes Adegeest victorious on &#8216;a brutal course&#8217; out sprinting the late breakaway to take a first win of 2026<\/span><\/div>\n<div class=\"relative recirc-feed sponsored-card min-h-[250px]\" data-recirc-id=\"article-river-stacked-ads:native-cards\" data-mrf-recirculation=\"article-river-ads\" data-nosnippet data-ad-slot-path=\"feed-sponsored-post\" data-attribute-device=\"all\">\n<div class=\"max-w-full sponsored-post--placeholder animate-pulse\">\n<div class=\"relative!\"><span class=\"text-base text-black font-bold mx-0 my-2.5 p-0 block bg-gray-100\">\u00a0<br \/>\u00a0<\/span><\/div>\n<\/div>\n<\/div>\n<div>\n<div class=\"aspect-[var(--img-listing-aspect-ratio,16\/9)] relative mb-3.5\">\n    <source type=\"image\/webp\" srcset=\"https:\/\/cdn.mos.cms.futurecdn.net\/iWrdmw2peqCWyxXa3WoJVc-840-80.jpg.webp 840w, https:\/\/cdn.mos.cms.futurecdn.net\/iWrdmw2peqCWyxXa3WoJVc-650-80.jpg.webp 650w, https:\/\/cdn.mos.cms.futurecdn.net\/iWrdmw2peqCWyxXa3WoJVc-500-80.jpg.webp 500w, https:\/\/cdn.mos.cms.futurecdn.net\/iWrdmw2peqCWyxXa3WoJVc-450-80.jpg.webp 450w, https:\/\/cdn.mos.cms.futurecdn.net\/iWrdmw2peqCWyxXa3WoJVc-320-80.jpg.webp 320w\" sizes=\"(min-width: 900px) 925px, (min-width: 700px) 450px, calc(100vw - 48px)\" \/><\/div>\n<p><span class=\"custom-subheading-styles\">Women&#8217;s Cycling<\/span><span class=\"text-base text-black font-bold mx-0 my-2.5 p-0 block custom-text-styles\">UCI Mountain Bike World Championships: Italy comes from behind to claim team relay<\/span><\/div>\n<div class=\"relative recirc-feed sponsored-card min-h-[250px]\" data-recirc-id=\"article-river-stacked-ads:native-cards\" data-mrf-recirculation=\"article-river-ads\" data-nosnippet data-ad-slot-path=\"feed-sponsored-post\" data-attribute-device=\"all\">\n<div class=\"max-w-full sponsored-post--placeholder animate-pulse\">\n<div class=\"relative!\"><span class=\"text-base text-black font-bold mx-0 my-2.5 p-0 block bg-gray-100\">\u00a0<br \/>\u00a0<\/span><\/div>\n<\/div>\n<\/div>\n<div>\n<div class=\"aspect-[var(--img-listing-aspect-ratio,16\/9)] relative mb-3.5\">\n    <source type=\"image\/webp\" srcset=\"https:\/\/cdn.mos.cms.futurecdn.net\/6nEGi3LHNPsKibQZtPpSgi-840-80.jpg.webp 840w, https:\/\/cdn.mos.cms.futurecdn.net\/6nEGi3LHNPsKibQZtPpSgi-650-80.jpg.webp 650w, https:\/\/cdn.mos.cms.futurecdn.net\/6nEGi3LHNPsKibQZtPpSgi-500-80.jpg.webp 500w, https:\/\/cdn.mos.cms.futurecdn.net\/6nEGi3LHNPsKibQZtPpSgi-450-80.jpg.webp 450w, https:\/\/cdn.mos.cms.futurecdn.net\/6nEGi3LHNPsKibQZtPpSgi-320-80.jpg.webp 320w\" sizes=\"(min-width: 900px) 925px, (min-width: 700px) 450px, calc(100vw - 48px)\" \/><\/div>\n<p><span class=\"custom-subheading-styles\">Women&#8217;s Cycling<\/span><span class=\"text-base text-black font-bold mx-0 my-2.5 p-0 block custom-text-styles\">Caroline Andersson joins AG Insurance-Soudal in major boost for Kim Le Court-Pienaar&#8217;s support squad \u2013 Analysis<\/span><\/div>\n<div class=\"relative recirc-feed sponsored-card min-h-[250px]\" data-recirc-id=\"article-river-stacked-ads:native-cards\" data-mrf-recirculation=\"article-river-ads\" data-nosnippet data-ad-slot-path=\"feed-sponsored-post\" data-attribute-device=\"all\">\n<div class=\"max-w-full sponsored-post--placeholder animate-pulse\">\n<div class=\"relative!\"><span class=\"text-base text-black font-bold mx-0 my-2.5 p-0 block bg-gray-100\">\u00a0<br \/>\u00a0<\/span><\/div>\n<\/div>\n<\/div>\n<div>\n<div class=\"aspect-[var(--img-listing-aspect-ratio,16\/9)] relative mb-3.5\">\n    <source type=\"image\/webp\" srcset=\"https:\/\/cdn.mos.cms.futurecdn.net\/DxNyktoGMPd4BiVQfiPj2h-840-80.jpg.webp 840w, https:\/\/cdn.mos.cms.futurecdn.net\/DxNyktoGMPd4BiVQfiPj2h-650-80.jpg.webp 650w, https:\/\/cdn.mos.cms.futurecdn.net\/DxNyktoGMPd4BiVQfiPj2h-500-80.jpg.webp 500w, https:\/\/cdn.mos.cms.futurecdn.net\/DxNyktoGMPd4BiVQfiPj2h-450-80.jpg.webp 450w, https:\/\/cdn.mos.cms.futurecdn.net\/DxNyktoGMPd4BiVQfiPj2h-320-80.jpg.webp 320w\" sizes=\"(min-width: 900px) 925px, (min-width: 700px) 450px, calc(100vw - 48px)\" \/><\/div>\n<p><span class=\"custom-subheading-styles\">Pro Cycling<\/span><span class=\"text-base text-black font-bold mx-0 my-2.5 p-0 block custom-text-styles\">Pedalling hard to realise the African dream \u2013 Team Amani&#8217;s two-year plan for a Tour de France Femmes start<\/span><\/div>\n<div class=\"relative recirc-feed sponsored-card min-h-[250px]\" data-recirc-id=\"article-river-stacked-ads:native-cards\" data-mrf-recirculation=\"article-river-ads\" data-nosnippet data-ad-slot-path=\"feed-sponsored-post\" data-attribute-device=\"all\">\n<div class=\"max-w-full sponsored-post--placeholder animate-pulse\">\n<div class=\"relative!\"><span class=\"text-base text-black font-bold mx-0 my-2.5 p-0 block bg-gray-100\">\u00a0<br \/>\u00a0<\/span><\/div>\n<\/div>\n<\/div>\n<\/div>\n<\/div>\n<\/aside>\n<aside class=\"w-full\" data-nosnippet data-mrf-recirculation=\"article-river-stacked\">\n<div data-recirc-id=\"article-river-stacked-solr:latest-articletype\">\n<div class=\"text-white py-4 px-3 mb-4 bg-[#333] uppercase font-bold custom-header-styles\">Latest in News<\/div>\n<div class=\"grid grid-cols-1 gap-4 mt-4 mb-5\">\n<div>\n<div class=\"aspect-[var(--img-listing-aspect-ratio,16\/9)] relative mb-3.5\">\n    <source type=\"image\/webp\" srcset=\"https:\/\/cdn.mos.cms.futurecdn.net\/u9UuYeqv9RGqM23uTbJXx9-840-80.jpg.webp 840w, https:\/\/cdn.mos.cms.futurecdn.net\/u9UuYeqv9RGqM23uTbJXx9-650-80.jpg.webp 650w, https:\/\/cdn.mos.cms.futurecdn.net\/u9UuYeqv9RGqM23uTbJXx9-500-80.jpg.webp 500w, https:\/\/cdn.mos.cms.futurecdn.net\/u9UuYeqv9RGqM23uTbJXx9-450-80.jpg.webp 450w, https:\/\/cdn.mos.cms.futurecdn.net\/u9UuYeqv9RGqM23uTbJXx9-320-80.jpg.webp 320w\" sizes=\"(min-width: 900px) 925px, (min-width: 700px) 450px, calc(100vw - 48px)\" \/><\/div>\n<p><span class=\"custom-subheading-styles\">Teams &amp; Riders<\/span><span class=\"text-base text-black font-bold mx-0 my-2.5 p-0 block custom-text-styles\">&#8216;A good day to try something&#8217; &#8211; Felix Gall upbeat after aggressive final ascent at Vuelta a Espa\u00f1a<\/span><\/div>\n<div class=\"relative recirc-feed sponsored-card min-h-[250px]\" data-recirc-id=\"article-river-stacked-ads:native-cards\" data-mrf-recirculation=\"article-river-ads\" data-nosnippet data-ad-slot-path=\"feed-sponsored-post\" data-attribute-device=\"all\">\n<div class=\"max-w-full sponsored-post--placeholder animate-pulse\">\n<div class=\"relative!\"><span class=\"text-base text-black font-bold mx-0 my-2.5 p-0 block bg-gray-100\">\u00a0<br \/>\u00a0<\/span><\/div>\n<\/div>\n<\/div>\n<div>\n<div class=\"aspect-[var(--img-listing-aspect-ratio,16\/9)] relative mb-3.5\">\n    <source type=\"image\/webp\" srcset=\"https:\/\/cdn.mos.cms.futurecdn.net\/yt79PW2pJtSFxkDjt7Nz65-840-80.jpg.webp 840w, https:\/\/cdn.mos.cms.futurecdn.net\/yt79PW2pJtSFxkDjt7Nz65-650-80.jpg.webp 650w, https:\/\/cdn.mos.cms.futurecdn.net\/yt79PW2pJtSFxkDjt7Nz65-500-80.jpg.webp 500w, https:\/\/cdn.mos.cms.futurecdn.net\/yt79PW2pJtSFxkDjt7Nz65-450-80.jpg.webp 450w, https:\/\/cdn.mos.cms.futurecdn.net\/yt79PW2pJtSFxkDjt7Nz65-320-80.jpg.webp 320w\" sizes=\"(min-width: 900px) 925px, (min-width: 700px) 450px, calc(100vw - 48px)\" \/><\/div>\n<p><span class=\"custom-subheading-styles\">Racing<\/span><span class=\"text-base text-black font-bold mx-0 my-2.5 p-0 block custom-text-styles\">&#8216;I wasn&#8217;t angry at all&#8217; &#8211; Vuelta a Espa\u00f1a leader Tadej Poga\u010dar denies he attacked on Aram\u00f3n Valdelinares finish because he was upset<\/span><\/div>\n<div class=\"relative recirc-feed sponsored-card min-h-[250px]\" data-recirc-id=\"article-river-stacked-ads:native-cards\" data-mrf-recirculation=\"article-river-ads\" data-nosnippet data-ad-slot-path=\"feed-sponsored-post\" data-attribute-device=\"all\">\n<div class=\"max-w-full sponsored-post--placeholder animate-pulse\">\n<div class=\"relative!\"><span class=\"text-base text-black font-bold mx-0 my-2.5 p-0 block bg-gray-100\">\u00a0<br \/>\u00a0<\/span><\/div>\n<\/div>\n<\/div>\n<div>\n<div class=\"aspect-[var(--img-listing-aspect-ratio,16\/9)] relative mb-3.5\">\n    <source type=\"image\/webp\" srcset=\"https:\/\/cdn.mos.cms.futurecdn.net\/cm6jjADNpv2DyLYYmYBJnM-840-80.jpg.webp 840w, https:\/\/cdn.mos.cms.futurecdn.net\/cm6jjADNpv2DyLYYmYBJnM-650-80.jpg.webp 650w, https:\/\/cdn.mos.cms.futurecdn.net\/cm6jjADNpv2DyLYYmYBJnM-500-80.jpg.webp 500w, https:\/\/cdn.mos.cms.futurecdn.net\/cm6jjADNpv2DyLYYmYBJnM-450-80.jpg.webp 450w, https:\/\/cdn.mos.cms.futurecdn.net\/cm6jjADNpv2DyLYYmYBJnM-320-80.jpg.webp 320w\" sizes=\"(min-width: 900px) 925px, (min-width: 700px) 450px, calc(100vw - 48px)\" \/><\/div>\n<p><span class=\"custom-subheading-styles\">Teams &amp; Riders<\/span><span class=\"text-base text-black font-bold mx-0 my-2.5 p-0 block custom-text-styles\">&#8216;I didn&#8217;t have confidence in myself&#8217; \u2013 Wout van Aert bags green jersey but regrets missed opportunity in Vuelta a Espa\u00f1a breakaway<\/span><\/div>\n<div class=\"relative recirc-feed sponsored-card min-h-[250px]\" data-recirc-id=\"article-river-stacked-ads:native-cards\" data-mrf-recirculation=\"article-river-ads\" data-nosnippet data-ad-slot-path=\"feed-sponsored-post\" data-attribute-device=\"all\">\n<div class=\"max-w-full sponsored-post--placeholder animate-pulse\">\n<div class=\"relative!\"><span class=\"text-base text-black font-bold mx-0 my-2.5 p-0 block bg-gray-100\">\u00a0<br \/>\u00a0<\/span><\/div>\n<\/div>\n<\/div>\n<div>\n<div class=\"aspect-[var(--img-listing-aspect-ratio,16\/9)] relative mb-3.5\">\n    <source type=\"image\/webp\" srcset=\"https:\/\/cdn.mos.cms.futurecdn.net\/urUeDCWicNVcKCHSxJU4wY-840-80.jpg.webp 840w, https:\/\/cdn.mos.cms.futurecdn.net\/urUeDCWicNVcKCHSxJU4wY-650-80.jpg.webp 650w, https:\/\/cdn.mos.cms.futurecdn.net\/urUeDCWicNVcKCHSxJU4wY-500-80.jpg.webp 500w, https:\/\/cdn.mos.cms.futurecdn.net\/urUeDCWicNVcKCHSxJU4wY-450-80.jpg.webp 450w, https:\/\/cdn.mos.cms.futurecdn.net\/urUeDCWicNVcKCHSxJU4wY-320-80.jpg.webp 320w\" sizes=\"(min-width: 900px) 925px, (min-width: 700px) 450px, calc(100vw - 48px)\" \/><\/div>\n<p><span class=\"custom-subheading-styles\">Teams &amp; Riders<\/span><span class=\"text-base text-black font-bold mx-0 my-2.5 p-0 block custom-text-styles\">&#8216;I\u2019ll probably need a season where I spend more time on the mountain bike&#8217; &#8211; Mathieu van der Poel realistic ahead of the UCI Mountain Bike World Championships<\/span><\/div>\n<div class=\"relative recirc-feed sponsored-card min-h-[250px]\" data-recirc-id=\"article-river-stacked-ads:native-cards\" data-mrf-recirculation=\"article-river-ads\" data-nosnippet data-ad-slot-path=\"feed-sponsored-post\" data-attribute-device=\"all\">\n<div class=\"max-w-full sponsored-post--placeholder animate-pulse\">\n<div class=\"relative!\"><span class=\"text-base text-black font-bold mx-0 my-2.5 p-0 block bg-gray-100\">\u00a0<br \/>\u00a0<\/span><\/div>\n<\/div>\n<\/div>\n<div>\n<div class=\"aspect-[var(--img-listing-aspect-ratio,16\/9)] relative mb-3.5\">\n    <source type=\"image\/webp\" srcset=\"https:\/\/cdn.mos.cms.futurecdn.net\/8BBmwDdaLF9SPqhiJM4PzJ-840-80.jpg.webp 840w, https:\/\/cdn.mos.cms.futurecdn.net\/8BBmwDdaLF9SPqhiJM4PzJ-650-80.jpg.webp 650w, https:\/\/cdn.mos.cms.futurecdn.net\/8BBmwDdaLF9SPqhiJM4PzJ-500-80.jpg.webp 500w, https:\/\/cdn.mos.cms.futurecdn.net\/8BBmwDdaLF9SPqhiJM4PzJ-450-80.jpg.webp 450w, https:\/\/cdn.mos.cms.futurecdn.net\/8BBmwDdaLF9SPqhiJM4PzJ-320-80.jpg.webp 320w\" sizes=\"(min-width: 900px) 925px, (min-width: 700px) 450px, calc(100vw - 48px)\" \/><\/div>\n<p><span class=\"custom-subheading-styles\">Racing<\/span><span class=\"text-base text-black font-bold mx-0 my-2.5 p-0 block custom-text-styles\">Did dehydration play a role in Tadej Poga\u010dar&#8217;s failed solo move at Vuelta a Espa\u00f1a? World champion says no but was denied a bottle and has a few fuelling fails to his name<\/span><\/div>\n<div class=\"relative recirc-feed sponsored-card min-h-[250px]\" data-recirc-id=\"article-river-stacked-ads:native-cards\" data-mrf-recirculation=\"article-river-ads\" data-nosnippet data-ad-slot-path=\"feed-sponsored-post\" data-attribute-device=\"all\">\n<div class=\"max-w-full sponsored-post--placeholder animate-pulse\">\n<div class=\"relative!\"><span class=\"text-base text-black font-bold mx-0 my-2.5 p-0 block bg-gray-100\">\u00a0<br \/>\u00a0<\/span><\/div>\n<\/div>\n<\/div>\n<div>\n<div class=\"aspect-[var(--img-listing-aspect-ratio,16\/9)] relative mb-3.5\">\n    <source type=\"image\/webp\" srcset=\"https:\/\/cdn.mos.cms.futurecdn.net\/LxEHaFBfMyo2nFXMDykbbi-840-80.jpg.webp 840w, https:\/\/cdn.mos.cms.futurecdn.net\/LxEHaFBfMyo2nFXMDykbbi-650-80.jpg.webp 650w, https:\/\/cdn.mos.cms.futurecdn.net\/LxEHaFBfMyo2nFXMDykbbi-500-80.jpg.webp 500w, https:\/\/cdn.mos.cms.futurecdn.net\/LxEHaFBfMyo2nFXMDykbbi-450-80.jpg.webp 450w, https:\/\/cdn.mos.cms.futurecdn.net\/LxEHaFBfMyo2nFXMDykbbi-320-80.jpg.webp 320w\" sizes=\"(min-width: 900px) 925px, (min-width: 700px) 450px, calc(100vw - 48px)\" \/><\/div>\n<p><span class=\"custom-subheading-styles\">Women&#8217;s Cycling<\/span><span class=\"text-base text-black font-bold mx-0 my-2.5 p-0 block custom-text-styles\">Former British champion Pfeiffer Georgi ends 8-year Picnic-PostNL spell to join UAE Team L&#8217;IMAD<\/span><\/div>\n<div class=\"relative recirc-feed sponsored-card min-h-[250px]\" data-recirc-id=\"article-river-stacked-ads:native-cards\" data-mrf-recirculation=\"article-river-ads\" data-nosnippet data-ad-slot-path=\"feed-sponsored-post\" data-attribute-device=\"all\">\n<div class=\"max-w-full sponsored-post--placeholder animate-pulse\">\n<div class=\"relative!\"><span class=\"text-base text-black font-bold mx-0 my-2.5 p-0 block bg-gray-100\">\u00a0<br \/>\u00a0<\/span><\/div>\n<\/div>\n<\/div>\n<\/div>\n<\/div>\n<\/aside>\n<\/section>\n<\/div>\n<\/div>\n<\/div>\n<div id=\"widgetArea17\" class=\"widget-area md:basis-1\/3 widget-area-g-md-vp-1-3 widget-area-g-lg-vp-1-3 widget-area-g-xl-vp-1-3 page-widget-area-17\">\n<div data-widget-type=\"dynamic\" id=\"popular-data\" class=\"clear-both widget widget-dynamic widget-popular-data widget-dynamic-popular-data widget-dynamic-fter-popular-box\">\n<div class=\"wdn-fte-pb pos-relative space-t20\n\"><\/p>\n<div class=\"slice-container popular-box-slice\">\n<section class=\"popular-box\" data-component-name=\"Slice:PopularBox\">\n<div class=\"popular-box__label\">\n<div class=\"popular-box__label__tab popular-box__label__tab--active\" role=\"heading\">\nLATEST ARTICLES\n<\/div>\n<\/div>\n<ol class=\"popular-box__articles-list popular-box__articles-list--active\">\n<li class=\"popular-box__article-list\">\n<div class=\"popular-box__article-list__container\">\n<div class=\"popular-box__article-list__image-wrapper\">\n<div>\n<source type=\"image\/webp\" srcset=\"https:\/\/cdn.mos.cms.futurecdn.net\/u9UuYeqv9RGqM23uTbJXx9-1280-80.jpg.webp 1280w, https:\/\/cdn.mos.cms.futurecdn.net\/u9UuYeqv9RGqM23uTbJXx9-720-80.jpg.webp 720w, https:\/\/cdn.mos.cms.futurecdn.net\/u9UuYeqv9RGqM23uTbJXx9-640-80.jpg.webp 640w, https:\/\/cdn.mos.cms.futurecdn.net\/u9UuYeqv9RGqM23uTbJXx9-320-80.jpg.webp 320w\" sizes=\"99vw\" \/><\/div>\n<\/div>\n<div class=\"popular-box__article-list__content\">\n<div class=\"popular-box__article-list__number-text\">1<\/div>\n<div class=\"popular-box__article-list__heading\">\n<p>&#8216;A good day to try something&#8217; &#8211; Felix Gall upbeat after aggressive final ascent at Vuelta a Espa\u00f1a<\/p>\n<\/div>\n<\/div>\n<\/div>\n<\/li>\n<li class=\"popular-box__article-list\">\n<div class=\"popular-box__article-list__container\">\n<div class=\"popular-box__article-list__content\">\n<div class=\"popular-box__article-list__number-text\">2<\/div>\n<div class=\"popular-box__article-list__heading\">\n<p>&#8216;I wasn&#8217;t angry at all&#8217; &#8211; Vuelta a Espa\u00f1a leader Tadej Poga\u010dar denies he attacked on Aram\u00f3n Valdelinares finish because he was upset<\/p>\n<\/div>\n<\/div>\n<\/div>\n<\/li>\n<li class=\"popular-box__article-list\">\n<div class=\"popular-box__article-list__container\">\n<div class=\"popular-box__article-list__content\">\n<div class=\"popular-box__article-list__number-text\">3<\/div>\n<div class=\"popular-box__article-list__heading\">\n<p>&#8216;I didn&#8217;t have confidence in myself&#8217; \u2013 Wout van Aert bags green jersey but regrets missed opportunity in Vuelta a Espa\u00f1a breakaway<\/p>\n<\/div>\n<\/div>\n<\/div>\n<\/li>\n<li class=\"popular-box__article-list\">\n<div class=\"popular-box__article-list__container\">\n<div class=\"popular-box__article-list__content\">\n<div class=\"popular-box__article-list__number-text\">4<\/div>\n<div class=\"popular-box__article-list__heading\">\n<p>&#8216;I\u2019ll probably need a season where I spend more time on the mountain bike&#8217; &#8211; Mathieu van der Poel realistic ahead of the UCI Mountain Bike World Championships<\/p>\n<\/div>\n<\/div>\n<\/div>\n<\/li>\n<li class=\"popular-box__article-list\">\n<div class=\"popular-box__article-list__container\">\n<div class=\"popular-box__article-list__content\">\n<div class=\"popular-box__article-list__number-text\">5<\/div>\n<div class=\"popular-box__article-list__heading\">\n<p>Vuelta a Espa\u00f1a: Andreas Leknessund, Tobias Johannessen solo away from Wout van Aert in Uno-X Mobility 1-2 on stage 7<\/p>\n<\/div>\n<\/div>\n<\/div>\n<\/li>\n<\/ol>\n<\/section>\n<\/div>\n<\/div>\n<\/div>\n<\/div>\n<\/div>\n<\/article>\n<article class=\"page-content-onecol flex-1\nnews-article article\n\"><\/p>\n<div class=\"widget-area-group widget-area-group-2col flex flex-wrap box-border\">\n<div id=\"widgetArea16\" class=\"widget-area basis-full md:basis-2\/3 widget-area-g-md-vp-2-3 widget-area-g-lg-vp-2-3 widget-area-g-xl-vp-2-3 page-widget-area-16\">\n<div data-widget-type=\"hero\" id=\"hero\" class=\"clear-both widget widget-hero widget-hero widget-hero-hero widget-hero widget-hero-fter-news\">\n<div class=\"news-article\">\n<header data-component-name=\"Article:Hero\">\n<nav class=\"breadcrumb\" aria-label=\"Breadcrumbs\">\n<ol>\n<li>\nPro Cycling\n<\/li>\n<li>\nRacing\n<\/li>\n<li>\nWomen&#8217;s Cycling\n<\/li>\n<li>\nRoad\n<\/li>\n<\/ol>\n<\/nav>\n<h1>&#8216;Motherhood and elite-level sports are entirely compatible&#8217; &#8211; Sandra Alonso targets Paris-Roubaix, returning after childbirth and storming the Spanish club scene<\/h1>\n<div class=\"byline-social\">\n<div class=\"vds-byline-block flex flex-row flex-nowrap my-1.5 gap-2 text-left items-start justify-start\" data-component-name=\"Article:BylineBlock\">\n<p>News<\/p>\n<div class=\"my-auto vds-simple-byline\"><span class=\"inline-block vds-author\"><br \/>\nBy<br \/>\nOwen Rogers <\/span><\/p>\n<div class=\"flex gap-1 vds-byline-with-avatar__meta\"><span class=\"vds-date block font-normal tracking-normal normal-case text-xs\"><br \/>\nPublished<br \/>\n<time data-component-name=\"UI:DateTime\" datetime=\"2026-08-28T13:25:18Z\" class=\"relative-date\"><br \/>\n28 August 2026<br \/>\n<\/time><\/span><\/div>\n<\/div>\n<\/div>\n<p class=\"strapline\">The Spanish rider has signed with Laboral Kutxa-Fundaci\u00f3n Euskadi for 2027<\/p>\n<\/div>\n<aside class=\"text-gray-700 flex items-center mx-0 my-5 p-0 justify-start text-left\" id=\"affiliate-disclaimer\" data-component-name=\"AffiliateDisclaimer\" data-hawk-message=\"Affiliate disclaimer removed because hawk deemed there are no affiliate links on this page\">\n<p class=\"text-[color:var(--affiliate-disclaimer--text-color,inherit)] mb-2 text-[length:var(--affiliate-disclaimer--font-size,0.75rem)] leading-[18px] md:text-[13px] [&amp;&gt;a]:text-inherit [&amp;&gt;a]:underline\">\nWhen you purchase through links on our site, we may earn an affiliate commission. Here\u2019s how it works.\n<\/p>\n<\/aside>\n<\/header>\n<\/div>\n<\/div>\n<div data-widget-type=\"contentparsed\" id=\"content\" class=\"clear-both widget widget-contentparsed widget-content widget-contentparsed-content widget-content-parsed widget-content-parsed-content_document \">\n<div class=\"wcp-item-content\">\n<section class=\"content-wrapper\">\n<div class=\"box less-space hero-image-wrapper\">\n<figure class=\"mb-0\">\n<source type=\"image\/webp\" srcset=\"https:\/\/cdn.mos.cms.futurecdn.net\/vSdkiAvEmYY6WQZwHJEjhW-1920-80.jpg.webp 1920w, https:\/\/cdn.mos.cms.futurecdn.net\/vSdkiAvEmYY6WQZwHJEjhW-1600-80.jpg.webp 1600w, https:\/\/cdn.mos.cms.futurecdn.net\/vSdkiAvEmYY6WQZwHJEjhW-1200-80.jpg.webp 1200w, https:\/\/cdn.mos.cms.futurecdn.net\/vSdkiAvEmYY6WQZwHJEjhW-1024-80.jpg.webp 1024w, https:\/\/cdn.mos.cms.futurecdn.net\/vSdkiAvEmYY6WQZwHJEjhW-970-80.jpg.webp 970w, https:\/\/cdn.mos.cms.futurecdn.net\/vSdkiAvEmYY6WQZwHJEjhW-750-80.jpg.webp 750w, https:\/\/cdn.mos.cms.futurecdn.net\/vSdkiAvEmYY6WQZwHJEjhW-650-80.jpg.webp 650w, https:\/\/cdn.mos.cms.futurecdn.net\/vSdkiAvEmYY6WQZwHJEjhW-480-80.jpg.webp 480w, https:\/\/cdn.mos.cms.futurecdn.net\/vSdkiAvEmYY6WQZwHJEjhW-320-80.jpg.webp 320w\" sizes=\"(min-width: 1000px) 600px, 100vw\" \/><figcaption class=\"font-article-copy text-(--image--text--color) font-article-copy mt-2\"><span class=\"caption-text font-article-copy\">Sandra Alonso returns to the pro peloton in 2027<\/span><span class=\"credit font-article-copy\">(Image credit: Sprint Cycling)<\/span><\/figcaption><\/figure>\n<\/div>\n<div id=\"article-body\" class=\"text-copy bodyCopy auto paywall-locker\">\n<div data-analytics-id=\"utility-bar\" id=\"utility-bar\" class=\"font-ui-heading flex justify-between items-center py-2 border-t border-b border-gray-300 border-solid mb-5 mx-auto\" data-component-name=\"UtilityBar\" data-mrf-recirculation=\"utility-bar\">\n<div class=\"flex gap-2 text-[#333] subcontainer\">\n<div class=\"relative tooltip-container\" role=\"tooltip\">\n<div data-component-name=\"Social:Dropdown\" role=\"menu\" id=\"utilitybar__dropdown--share\" aria-labelledby=\"utilitybar__button--share\" class=\"absolute left-0 top-full w-44 bg-white rounded-md shadow-md border border-neutral-200 z-[9996] list-none m-0 py-2 px-3 border-solid\">\n<ul class=\"m-0!\">\n<li class=\"!p-0 !m-0 list-none border-b border-gray-200 border-solid\">\n<li class=\"!p-0 !m-0 list-none border-b border-gray-200 border-solid\">\n<p>Facebook<\/p>\n<\/li>\n<li class=\"!p-0 !m-0 list-none border-b border-gray-200 border-solid\">\n<p>X<\/p>\n<\/li>\n<li class=\"!p-0 !m-0 list-none border-b border-gray-200 border-solid\">\n<p>Pinterest<\/p>\n<\/li>\n<li class=\"!p-0 !m-0 list-none border-b border-gray-200 border-solid\">\n<p>Email<\/p>\n<\/li>\n<\/ul>\n<\/div>\n<div class=\"font-ui-heading max-sm:hidden tooltip absolute left-1\/2 bg-gray-900 text-white text-xs leading-none px-3 py-1.5 rounded-md z-[10001] whitespace-nowrap\" id=\"tooltip-share-this-article\" role=\"tooltip\" aria-hidden=\"true\">\nShare this article\n<\/div>\n<\/div>\n<div class=\"relative tooltip-container\" role=\"tooltip\"><span class=\"ml-1 inline-flex h-5 px-2 shrink-0 items-center justify-center self-center overflow-hidden whitespace-nowrap rounded-[10px] bg-primary-500 text-[11px] leading-none font-ui-heading font-semibold text-white\">0<\/span><\/p>\n<div class=\"font-ui-heading max-sm:hidden tooltip absolute left-1\/2 bg-gray-900 text-white text-xs leading-none px-3 py-1.5 rounded-md z-[10001] whitespace-nowrap\" id=\"tooltip-join-the-conversation\" role=\"tooltip\" aria-hidden=\"true\">\nJoin the conversation\n<\/div>\n<\/div>\n<\/div>\n<div class=\"flex gap-2 text-[#333] subcontainer\">\n<div class=\"relative tooltip-container\" role=\"tooltip\">\n<p>Follow us<\/p>\n<div class=\"font-ui-heading max-sm:hidden tooltip absolute left-1\/2 bg-gray-900 text-white text-xs leading-none px-3 py-1.5 rounded-md z-[10001] whitespace-nowrap\" id=\"tooltip-add-us-as-a-preferred-source-on-google\" role=\"tooltip\" aria-hidden=\"true\">\nAdd us as a preferred source on Google\n<\/div>\n<\/div>\n<div class=\"relative tooltip-container\" role=\"tooltip\">\n<div class=\"font-ui-heading max-sm:hidden tooltip absolute left-1\/2 bg-gray-900 text-white text-xs leading-none px-3 py-1.5 rounded-md z-[10001] whitespace-nowrap\" id=\"tooltip-subscribe-to-our-newsletter\" role=\"tooltip\" aria-hidden=\"true\">\nSubscribe to our newsletter\n<\/div>\n<\/div>\n<\/div>\n<\/div>\n<p id=\"elk-fd1e6f58-a2e0-11f1-90da-01f843e23ea2\">After leaving the professional peloton in 2025 to have her first child, Sandra Alonso will return in 2027 having signed a single-season deal with the Spanish ProTeam, Laboral Kutxa-Fundaci\u00f3n Euskadi.<\/p>\n<p>Alonso rode for a variety of teams between 2018 and the spring of 2025, spending the final four of those years with the WorldTour Ceratizit team and riding her last race with the German squad last April. Now, after a successful return with the Eneicat-Be Call club team, she has been snapped up by her home squad.<\/p>\n<p id=\"elk-fd1e6f58-a2e0-11f1-90da-01f843e23ea2-2\" aria-hidden=\"true\" class=\"kiosq-b\">A strong all-rounder with a good time trial, Alonso has four wins to her name, including the victory at the WorldTour level Tour of Guangxi in 2024, and a stage at the Th\u00fcringen Rundfahrt that same year.<\/p>\n<div class=\"my-6 w-full overflow-hidden rounded-[10px] lg:my-8\" data-component-name=\"JwPlayer:Carousel\" data-jwp-carousel data-jwp-carousel-payload=\"{&quot;ids&quot;:{&quot;playerID&quot;:&quot;jYDCcabO&quot;,&quot;searchPlaylistID&quot;:&quot;gwjdoYHD&quot;,&quot;divID&quot;:&quot;botr_gwjdoYHD_jYDCcabO_div&quot;,&quot;fallbackPlaylistID&quot;:&quot;gwjdoYHD&quot;,&quot;fallbackDivID&quot;:&quot;botr_gwjdoYHD_jYDCcabO_div&quot;,&quot;key&quot;:&quot;X9\/mXVGac0NphghLH9hZaqWA5d3dhAM\/Ih07grnEyMLjuO2E&quot;,&quot;tintLogo&quot;:true,&quot;useSearchPlaylist&quot;:false,&quot;enabled&quot;:true},&quot;signPostingEnabled&quot;:true,&quot;signPostingLinkEnabled&quot;:true,&quot;waitForAdLoad&quot;:false,&quot;hidePlayerOnDesktop&quot;:false,&quot;hidePlayerOnMobile&quot;:false,&quot;hidePlayerOnTablet&quot;:false}\">\n<div class=\"flex flex-nowrap items-center justify-between gap-3 bg-zinc-900 px-[14px] py-3\" data-jwp-carousel-header>\n<div class=\"flex min-w-0 shrink items-center\"><span class=\"inline-flex items-center gap-1.5 text-sm font-article-heading capitalize leading-5 text-white whitespace-nowrap\"><span class=\"jwp-carousel-title-desktop\">Latest Videos From<\/span><span class=\"jwp-carousel-brand\">Cyclingnews<\/span><\/span><\/div>\n<\/div>\n<div class=\"min-h-[44px] bg-zinc-900 px-[14px] py-3\" data-jwp-carousel-signposting><a class=\"invisible block truncate text-sm font-bold leading-5 text-white underline decoration-solid underline-offset-2\" data-jwp-carousel-signposting-link href target=\"_blank\" rel=\"noopener noreferrer\"><span data-jwp-carousel-signposting-title>Watch full video here: <\/span><\/a><\/div>\n<\/div>\n<p aria-hidden=\"true\" class=\"kiosq-b\">Her last race before pregnancy was in April 2025, at the Grand Prix Surf City in El Salvador, and she gave birth last December, just as the Ceratizit team went out of business after 10 seasons in the peloton.<\/p>\n<p aria-hidden=\"true\" class=\"kiosq-b\">While other riders have successfully returned to competition after giving birth, remarkably Alonso was back in January, riding a national level race in the UAE, before racing the 2.1 level Vuelta a Extremadura with the Spanish national squad in March. Having been snapped up by Eneicat, she then took third place in her first outing, the GP Ciudad de Eibar.<\/p>\n<aside data-component-name=\"Recirculation:ArticleRiver\" data-recirculation-type=\"inline\" data-mrf-recirculation=\"Trending Bar\" data-nosnippet class=\"clear-both pt-2 pb-0 mb-4\"><span class=\"\n            flex\n            after:content-[&apos;&apos;] after:flex-1 after:ml-4 after:my-[0.7rem] after:border-t after:border-solid after:border-t-[#ccc]\n            before:content-[&apos;&apos;] before:flex-1 before:mr-4 before:my-[0.7rem] before:border-t before:border-solid before:border-t-[#ccc]\n            font-article-heading pb-0 text-[length:var(--article-river-title--font-size,1em)] uppercase sm:text-[length:var(--article-river-title--font-size,0.875em)] font-bold\n        \"><br \/>\n            You may like<br \/>\n        <\/span><\/p>\n<ul class=\"flex flex-col gap-0 m-0 max-w-full\">\n<li class=\"m-0 list-none border-b border-solid border-[#ededed] py-2\" data-recirculation-id=\"recirculation-card-1\" id=\"recirculation-inline-1\" data-analytics-id=\"recirculation-inline-1\" data-mrf-recirculation=\"recirculation-inline-1\">\n    <source type=\"image\/webp\" srcset=\"https:\/\/cdn.mos.cms.futurecdn.net\/CBaMYsprNPmxBYpwrPCq5-250-80.jpg.webp 250w, https:\/\/cdn.mos.cms.futurecdn.net\/CBaMYsprNPmxBYpwrPCq5-150-80.jpg.webp 150w\" sizes=\"150px\" \/><span class=\"w-full text-base font-[var(--article-river-item--font-weight,500)] font-article-heading line-clamp-3 md:line-clamp-2\">Former world champion Lizzie Deignan takes up sports director role with British Cycling ahead of LA Olympics<\/span><\/li>\n<li class=\"m-0 list-none border-b border-solid border-[#ededed] py-2\" data-recirculation-id=\"recirculation-card-2\" id=\"recirculation-inline-2\" data-analytics-id=\"recirculation-inline-2\" data-mrf-recirculation=\"recirculation-inline-2\">\n    <source type=\"image\/webp\" srcset=\"https:\/\/cdn.mos.cms.futurecdn.net\/duXSrJTJ8uLBWnPzkVkHrb-250-80.jpg.webp 250w, https:\/\/cdn.mos.cms.futurecdn.net\/duXSrJTJ8uLBWnPzkVkHrb-150-80.jpg.webp 150w\" sizes=\"150px\" \/><span class=\"w-full text-base font-[var(--article-river-item--font-weight,500)] font-article-heading line-clamp-3 md:line-clamp-2\">&#8216;Part of me of still being in cycling is trying to become the best version of myself&#8217; \u2013 Human Powered Health pick up a former world champion<\/span><\/li>\n<li class=\"m-0 list-none border-b border-solid border-[#ccc] py-2\" data-recirculation-id=\"recirculation-card-3\" id=\"recirculation-inline-3\" data-analytics-id=\"recirculation-inline-3\" data-mrf-recirculation=\"recirculation-inline-3\">\n    <source type=\"image\/webp\" srcset=\"https:\/\/cdn.mos.cms.futurecdn.net\/WAaMMNNaPS2hqxMGgXqgvd-250-80.jpg.webp 250w, https:\/\/cdn.mos.cms.futurecdn.net\/WAaMMNNaPS2hqxMGgXqgvd-150-80.jpg.webp 150w\" sizes=\"150px\" \/><span class=\"w-full text-base font-[var(--article-river-item--font-weight,500)] font-article-heading line-clamp-3 md:line-clamp-2\">Elise Chabbey confirms her 2026 season is over as she reveals the reason for her absence from racing since April<\/span><\/li>\n<\/ul>\n<\/aside>\n<p aria-hidden=\"true\" class=\"kiosq-b\">Though her only victories this year have come at the National level, she\u2019s bagged a string of top 10s at .1 and .Pro races, took third in the Spanish time trial championships and fifth in the road race, and last week took second place at the Mediterranean Games time trial.<\/p>\n<p aria-hidden=\"true\" class=\"kiosq-b\">With her future now secure, she is currently competing in the 2.2 Giro Della Toscana, where she finished sixth in Thursday\u2019s prologue.<\/p>\n<div id=\"slice-container-newsletterForm-articleInbodyContent-EtWRrtABhSh6iis7Hgj84o\" class=\"slice-container newsletter-inbodyContent-slice newsletterForm-articleInbodyContent-EtWRrtABhSh6iis7Hgj84o slice-container-newsletterForm\">\n<div data-hydrate=\"true\" class=\"newsletter-form__wrapper newsletter-form__wrapper--inbodyContent\">\n<div class=\"newsletter-form__container\">\n<section class=\"newsletter-form__top-bar\">\n<div class=\"newsletter-form__header\">Get The Leadout Newsletter<\/div>\n<\/section>\n<section class=\"newsletter-form__main-section\">\n<p class=\"newsletter-form__strapline\">The latest race content, interviews, features, reviews and expert buying guides, direct to your inbox!<\/p>\n<footer class=\"newsletter-form__footer \">By submitting your information you agree to the Terms &amp; Conditions and Privacy Policy and are aged 16 or over.<\/footer>\n<\/section>\n<\/div>\n<\/div>\n<\/div>\n<p aria-hidden=\"true\" class=\"kiosq-b\">&#8220;Signing with Laboral Kutxa-Euskadi is a source of pride and the best reward for all the effort I\u2019ve put in this year,&#8221; Alonso said in a team press release. &#8220;I feel I still have a lot to offer in cycling, and I\u2019m approaching this opportunity with the excitement of someone starting their first year as a professional. I\u2019ve come back stronger, with renewed enthusiasm, and having demonstrated a high level of competitiveness.<\/p>\n<p aria-hidden=\"true\" class=\"kiosq-b\">&#8220;After several years in the WorldTour, I hope to bring that experience to a squad full of young talent &#8211; especially Basque rider &#8211; to guide them, grow together, and achieve great results.<\/p>\n<p aria-hidden=\"true\" class=\"kiosq-b\">&#8220;Among my major goals is racing Paris-Roubaix again &#8211; a unique, historic event I\u2019ve held dear since finishing tenth in 2022 &#8211; as well as returning to the Tour de France, an impressive race I completed in its first three editions.<\/p>\n<p aria-hidden=\"true\" class=\"kiosq-b\">&#8220;I want to express my deep gratitude to my family for their support throughout this challenging process; to my coach for believing in me and guiding me; and, of course, to Laboral Kutxa-Euskadi for putting their faith in me for this project.<\/p>\n<p aria-hidden=\"true\" class=\"kiosq-b\">&#8220;I\u2019m also grateful for the constant support from the fans &#8211; messages calling me a fighter, a role model, a warrior &#8211; which truly motivate me. I hope my experience helps show that motherhood and elite-level sports are entirely compatible.&#8221;<\/p>\n<p id=\"elk-fd1e70b6-a2e0-11f1-b46e-95896a0d5d8b\" aria-hidden=\"true\" class=\"kiosq-b\"><strong>For unbeatable coverage across road, gravel and tech, subscribe to Cyclingnews. You&#8217;ll get comprehensive race coverage of La Vuelta a Espa\u00f1a, subscriber-exclusive analysis from our expert columnists, in-depth features and industry-leading tech insight. Plus, the Cyclingnews app lets you follow the action wherever you go! <\/strong><strong>Join today.<\/strong><\/p>\n<\/div>\n<div class=\"block mb-5\" id=\"articleTag\" data-component-name=\"PostArticleLinks\" data-nosnippet data-mrf-recirculation=\"post-article-links\">\n<div class=\"border-b border-b-black border-solid py-2.5 text-black font-bold uppercase\">CATEGORIES<\/div>\n<nav class=\"py-2.5 flex gap-2.5 flex-wrap\" data-analytics-id=\"article-tag\" data-mrf-recirculation=\"article-tag\">\n<p>Transfers<\/p>\n<p>Teams &amp; Riders<\/p>\n<\/nav>\n<\/div>\n<div id=\"slice-container-authorBio-EtWRrtABhSh6iis7Hgj84o\" class=\"slice-container slice-author-bio authorBio-EtWRrtABhSh6iis7Hgj84o slice-container-authorBio\">\n<div class=\"author author__default-layout author--separator author--collapsible\" data-hydrate=\"true\">\n<div class=\"author__header\">\n<div class=\"author__avatar-block\">\n<figure class=\"image-wrapped__wrapper\" data-bordeaux-image-check=\"false\">\n<div class=\"image-wrapped__widthsetter\">\n<div class=\"image-wrapped__aspect-padding\">\n<div><source class=\"author__avatar image-wrapped__image image__image\" type=\"image\/webp\" srcset=\"https:\/\/cdn.mos.cms.futurecdn.net\/5d2CksSry8bfgFKS33vwFi-140-80.jpg.webp 140w\" sizes=\"99vw\" data-normal=\"https:\/\/cdn.mos.cms.futurecdn.net\/5d2CksSry8bfgFKS33vwFi.jpg\" data-original-mos=\"https:\/\/cdn.mos.cms.futurecdn.net\/5d2CksSry8bfgFKS33vwFi.jpg\" data-pin-media=\"https:\/\/cdn.mos.cms.futurecdn.net\/5d2CksSry8bfgFKS33vwFi.jpg\" data-pin-nopin=\"true\" data-slice-image=\"true\" \/><\/div>\n<\/div>\n<\/div>\n<\/figure>\n<\/div>\n<div class=\"author__heading\">\n<div class=\"author__name\">Owen Rogers<\/div>\n<div class=\"author__role\">Staff Writer<\/div>\n<\/div>\n<\/div>\n<div class=\"author__bio-wrapper\">\n<div class=\"author__biography\">\n<p>A recent addition to the Cyclingnews staff, Owen Rogers is an experienced journalist, working as a freelancer covering the sport for various magazines and websites for more than 10 years.<\/p>\n<p>Initially concentrating mainly on the women&#8217;s sport, he has covered hundreds of race days on the ground and interviewed some of the sport&#8217;s biggest names.<\/p>\n<p>Living near Cambridge in the UK, when he&#8217;s not working you&#8217;ll find him either riding his bike or playing drums.<\/p>\n<\/div>\n<\/div>\n<\/div>\n<\/div>\n<\/section>\n<div class=\"relative max-w-[1070px] viafoura-twig-component mt-6 mx-4 lg:mx-0\" data-component-name=\"Viafoura:Comments\" data-nosnippet data-community-guidelines-text=\"&lt;p class=&apos;vfcustom-community-guidelines&apos;&gt;Please follow our &lt;a href=&quot;https:\/\/www.cyclingnews.com\/about\/#section-community-guidelines&quot; target=&quot;_blank&quot;&gt;community guidelines&lt;\/a&gt;.&lt;\/p&gt;\" data-join-the-conversation-text=\"Join the Conversation\">\n<div class=\"absolute top-0 left-0 w-full h-full flex items-center justify-center z-50 bg-white\/90 border-1 rounded-b-[var(--comment-widget-border-radius,0)]\">\n<div class=\"p-2 text-center\">\n<p class=\"mb-3 text-lg!\">You must confirm your public display name before commenting<\/p>\n<p class=\"mb-3 text-sm!\">Please logout and then login again, you will then be prompted to enter your display name.<\/p>\n<\/div>\n<\/div>\n<\/div>\n<section class=\"mx-2 my-5 sm:mx-0\">\n<aside class=\"w-full\" data-nosnippet data-mrf-recirculation=\"article-river-stacked\">\n<div data-recirc-id=\"article-river-stacked-adviser:hybrid\">\n<div class=\"text-white py-4 px-3 mb-4 bg-[#333] uppercase font-bold custom-header-styles\">Read more<\/div>\n<div class=\"grid grid-cols-1 gap-4 mt-4 mb-5\">\n<div>\n<div class=\"aspect-[var(--img-listing-aspect-ratio,16\/9)] relative mb-3.5\">\n    <source type=\"image\/webp\" srcset=\"https:\/\/cdn.mos.cms.futurecdn.net\/CBaMYsprNPmxBYpwrPCq5-840-80.jpg.webp 840w, https:\/\/cdn.mos.cms.futurecdn.net\/CBaMYsprNPmxBYpwrPCq5-650-80.jpg.webp 650w, https:\/\/cdn.mos.cms.futurecdn.net\/CBaMYsprNPmxBYpwrPCq5-500-80.jpg.webp 500w, https:\/\/cdn.mos.cms.futurecdn.net\/CBaMYsprNPmxBYpwrPCq5-450-80.jpg.webp 450w, https:\/\/cdn.mos.cms.futurecdn.net\/CBaMYsprNPmxBYpwrPCq5-320-80.jpg.webp 320w\" sizes=\"(min-width: 900px) 925px, (min-width: 700px) 450px, calc(100vw - 48px)\" \/><\/div>\n<p><span class=\"custom-subheading-styles\">Racing<\/span><span class=\"text-base text-black font-bold mx-0 my-2.5 p-0 block custom-text-styles\">Former world champion Lizzie Deignan takes up sports director role with British Cycling ahead of LA Olympics<\/span><\/div>\n<div class=\"relative recirc-feed sponsored-card min-h-[250px]\" data-recirc-id=\"article-river-stacked-ads:native-cards\" data-mrf-recirculation=\"article-river-ads\" data-nosnippet data-ad-slot-path=\"feed-sponsored-post\" data-attribute-device=\"all\">\n<div class=\"max-w-full sponsored-post--placeholder animate-pulse\">\n<div class=\"relative!\"><span class=\"text-base text-black font-bold mx-0 my-2.5 p-0 block bg-gray-100\">\u00a0<br \/>\u00a0<\/span><\/div>\n<\/div>\n<\/div>\n<div>\n<div class=\"aspect-[var(--img-listing-aspect-ratio,16\/9)] relative mb-3.5\">\n    <source type=\"image\/webp\" srcset=\"https:\/\/cdn.mos.cms.futurecdn.net\/duXSrJTJ8uLBWnPzkVkHrb-840-80.jpg.webp 840w, https:\/\/cdn.mos.cms.futurecdn.net\/duXSrJTJ8uLBWnPzkVkHrb-650-80.jpg.webp 650w, https:\/\/cdn.mos.cms.futurecdn.net\/duXSrJTJ8uLBWnPzkVkHrb-500-80.jpg.webp 500w, https:\/\/cdn.mos.cms.futurecdn.net\/duXSrJTJ8uLBWnPzkVkHrb-450-80.jpg.webp 450w, https:\/\/cdn.mos.cms.futurecdn.net\/duXSrJTJ8uLBWnPzkVkHrb-320-80.jpg.webp 320w\" sizes=\"(min-width: 900px) 925px, (min-width: 700px) 450px, calc(100vw - 48px)\" \/><\/div>\n<p><span class=\"custom-subheading-styles\">Transfers<\/span><span class=\"text-base text-black font-bold mx-0 my-2.5 p-0 block custom-text-styles\">&#8216;Part of me of still being in cycling is trying to become the best version of myself&#8217; \u2013 Human Powered Health pick up a former world champion<\/span><\/div>\n<div class=\"relative recirc-feed sponsored-card min-h-[250px]\" data-recirc-id=\"article-river-stacked-ads:native-cards\" data-mrf-recirculation=\"article-river-ads\" data-nosnippet data-ad-slot-path=\"feed-sponsored-post\" data-attribute-device=\"all\">\n<div class=\"max-w-full sponsored-post--placeholder animate-pulse\">\n<div class=\"relative!\"><span class=\"text-base text-black font-bold mx-0 my-2.5 p-0 block bg-gray-100\">\u00a0<br \/>\u00a0<\/span><\/div>\n<\/div>\n<\/div>\n<div>\n<div class=\"aspect-[var(--img-listing-aspect-ratio,16\/9)] relative mb-3.5\">\n    <source type=\"image\/webp\" srcset=\"https:\/\/cdn.mos.cms.futurecdn.net\/WAaMMNNaPS2hqxMGgXqgvd-840-80.jpg.webp 840w, https:\/\/cdn.mos.cms.futurecdn.net\/WAaMMNNaPS2hqxMGgXqgvd-650-80.jpg.webp 650w, https:\/\/cdn.mos.cms.futurecdn.net\/WAaMMNNaPS2hqxMGgXqgvd-500-80.jpg.webp 500w, https:\/\/cdn.mos.cms.futurecdn.net\/WAaMMNNaPS2hqxMGgXqgvd-450-80.jpg.webp 450w, https:\/\/cdn.mos.cms.futurecdn.net\/WAaMMNNaPS2hqxMGgXqgvd-320-80.jpg.webp 320w\" sizes=\"(min-width: 900px) 925px, (min-width: 700px) 450px, calc(100vw - 48px)\" \/><\/div>\n<p><span class=\"custom-subheading-styles\">Women&#8217;s Cycling<\/span><span class=\"text-base text-black font-bold mx-0 my-2.5 p-0 block custom-text-styles\">Elise Chabbey confirms her 2026 season is over as she reveals the reason for her absence from racing since April<\/span><\/div>\n<div class=\"relative recirc-feed sponsored-card min-h-[250px]\" data-recirc-id=\"article-river-stacked-ads:native-cards\" data-mrf-recirculation=\"article-river-ads\" data-nosnippet data-ad-slot-path=\"feed-sponsored-post\" data-attribute-device=\"all\">\n<div class=\"max-w-full sponsored-post--placeholder animate-pulse\">\n<div class=\"relative!\"><span class=\"text-base text-black font-bold mx-0 my-2.5 p-0 block bg-gray-100\">\u00a0<br \/>\u00a0<\/span><\/div>\n<\/div>\n<\/div>\n<div>\n<div class=\"aspect-[var(--img-listing-aspect-ratio,16\/9)] relative mb-3.5\">\n    <source type=\"image\/webp\" srcset=\"https:\/\/cdn.mos.cms.futurecdn.net\/RktS6xfeM3cRGVHJ8omGz6-840-80.jpg.webp 840w, https:\/\/cdn.mos.cms.futurecdn.net\/RktS6xfeM3cRGVHJ8omGz6-650-80.jpg.webp 650w, https:\/\/cdn.mos.cms.futurecdn.net\/RktS6xfeM3cRGVHJ8omGz6-500-80.jpg.webp 500w, https:\/\/cdn.mos.cms.futurecdn.net\/RktS6xfeM3cRGVHJ8omGz6-450-80.jpg.webp 450w, https:\/\/cdn.mos.cms.futurecdn.net\/RktS6xfeM3cRGVHJ8omGz6-320-80.jpg.webp 320w\" sizes=\"(min-width: 900px) 925px, (min-width: 700px) 450px, calc(100vw - 48px)\" \/><\/div>\n<p><span class=\"custom-subheading-styles\">Women&#8217;s Cycling<\/span><span class=\"text-base text-black font-bold mx-0 my-2.5 p-0 block custom-text-styles\">&#8216;New opportunity, a fresh page&#8217; \u2013 Kasia Niewiadoma-Phinney chases another Tour de France Femmes victory with team that delivers debuts for B\u00e4ckstedt, Kl\u00f6ser, Niedermaier<\/span><\/div>\n<div class=\"relative recirc-feed sponsored-card min-h-[250px]\" data-recirc-id=\"article-river-stacked-ads:native-cards\" data-mrf-recirculation=\"article-river-ads\" data-nosnippet data-ad-slot-path=\"feed-sponsored-post\" data-attribute-device=\"all\">\n<div class=\"max-w-full sponsored-post--placeholder animate-pulse\">\n<div class=\"relative!\"><span class=\"text-base text-black font-bold mx-0 my-2.5 p-0 block bg-gray-100\">\u00a0<br \/>\u00a0<\/span><\/div>\n<\/div>\n<\/div>\n<div>\n<div class=\"aspect-[var(--img-listing-aspect-ratio,16\/9)] relative mb-3.5\">\n    <source type=\"image\/webp\" srcset=\"https:\/\/cdn.mos.cms.futurecdn.net\/cxdBUbUNkEmBxuAnRMLd4e-840-80.jpg.webp 840w, https:\/\/cdn.mos.cms.futurecdn.net\/cxdBUbUNkEmBxuAnRMLd4e-650-80.jpg.webp 650w, https:\/\/cdn.mos.cms.futurecdn.net\/cxdBUbUNkEmBxuAnRMLd4e-500-80.jpg.webp 500w, https:\/\/cdn.mos.cms.futurecdn.net\/cxdBUbUNkEmBxuAnRMLd4e-450-80.jpg.webp 450w, https:\/\/cdn.mos.cms.futurecdn.net\/cxdBUbUNkEmBxuAnRMLd4e-320-80.jpg.webp 320w\" sizes=\"(min-width: 900px) 925px, (min-width: 700px) 450px, calc(100vw - 48px)\" \/><\/div>\n<p><span class=\"custom-subheading-styles\">Women&#8217;s Cycling<\/span><span class=\"text-base text-black font-bold mx-0 my-2.5 p-0 block custom-text-styles\">&#8216;The hardest week I&#8217;ve done by far all year&#8217; \u2013 Amber Pate returns to racing at Tour of Britain Women after six months away due to pancreatic tumour<\/span><\/div>\n<div class=\"relative recirc-feed sponsored-card min-h-[250px]\" data-recirc-id=\"article-river-stacked-ads:native-cards\" data-mrf-recirculation=\"article-river-ads\" data-nosnippet data-ad-slot-path=\"feed-sponsored-post\" data-attribute-device=\"all\">\n<div class=\"max-w-full sponsored-post--placeholder animate-pulse\">\n<div class=\"relative!\"><span class=\"text-base text-black font-bold mx-0 my-2.5 p-0 block bg-gray-100\">\u00a0<br \/>\u00a0<\/span><\/div>\n<\/div>\n<\/div>\n<div>\n<div class=\"aspect-[var(--img-listing-aspect-ratio,16\/9)] relative mb-3.5\">\n    <source type=\"image\/webp\" srcset=\"https:\/\/cdn.mos.cms.futurecdn.net\/mdqopQBsyVu8WSwCgaooQM-840-80.jpg.webp 840w, https:\/\/cdn.mos.cms.futurecdn.net\/mdqopQBsyVu8WSwCgaooQM-650-80.jpg.webp 650w, https:\/\/cdn.mos.cms.futurecdn.net\/mdqopQBsyVu8WSwCgaooQM-500-80.jpg.webp 500w, https:\/\/cdn.mos.cms.futurecdn.net\/mdqopQBsyVu8WSwCgaooQM-450-80.jpg.webp 450w, https:\/\/cdn.mos.cms.futurecdn.net\/mdqopQBsyVu8WSwCgaooQM-320-80.jpg.webp 320w\" sizes=\"(min-width: 900px) 925px, (min-width: 700px) 450px, calc(100vw - 48px)\" \/><\/div>\n<p><span class=\"custom-subheading-styles\">Teams &amp; Riders<\/span><span class=\"text-base text-black font-bold mx-0 my-2.5 p-0 block custom-text-styles\">&#8216;Big shock to the system&#8217; &#8211; Former WorldTour rider Veronica Ewers resumes slow return to peloton with &#8216;experiment&#8217; at French ProTeam&#8217;s Tour de France Femmes training camp<\/span><\/div>\n<div class=\"relative recirc-feed sponsored-card min-h-[250px]\" data-recirc-id=\"article-river-stacked-ads:native-cards\" data-mrf-recirculation=\"article-river-ads\" data-nosnippet data-ad-slot-path=\"feed-sponsored-post\" data-attribute-device=\"all\">\n<div class=\"max-w-full sponsored-post--placeholder animate-pulse\">\n<div class=\"relative!\"><span class=\"text-base text-black font-bold mx-0 my-2.5 p-0 block bg-gray-100\">\u00a0<br \/>\u00a0<\/span><\/div>\n<\/div>\n<\/div>\n<\/div>\n<\/div>\n<\/aside>\n<aside class=\"w-full\" data-nosnippet data-mrf-recirculation=\"article-river-stacked\">\n<div data-recirc-id=\"article-river-stacked-solr:latest-category\">\n<div class=\"text-white py-4 px-3 mb-4 bg-[#333] uppercase font-bold custom-header-styles\">Latest in Women&#8217;s Cycling<\/div>\n<div class=\"grid grid-cols-1 gap-4 mt-4 mb-5\">\n<div>\n<div class=\"aspect-[var(--img-listing-aspect-ratio,16\/9)] relative mb-3.5\">\n    <source type=\"image\/webp\" srcset=\"https:\/\/cdn.mos.cms.futurecdn.net\/LxEHaFBfMyo2nFXMDykbbi-840-80.jpg.webp 840w, https:\/\/cdn.mos.cms.futurecdn.net\/LxEHaFBfMyo2nFXMDykbbi-650-80.jpg.webp 650w, https:\/\/cdn.mos.cms.futurecdn.net\/LxEHaFBfMyo2nFXMDykbbi-500-80.jpg.webp 500w, https:\/\/cdn.mos.cms.futurecdn.net\/LxEHaFBfMyo2nFXMDykbbi-450-80.jpg.webp 450w, https:\/\/cdn.mos.cms.futurecdn.net\/LxEHaFBfMyo2nFXMDykbbi-320-80.jpg.webp 320w\" sizes=\"(min-width: 900px) 925px, (min-width: 700px) 450px, calc(100vw - 48px)\" \/><\/div>\n<p><span class=\"custom-subheading-styles\">Women&#8217;s Cycling<\/span><span class=\"text-base text-black font-bold mx-0 my-2.5 p-0 block custom-text-styles\">Former British champion Pfeiffer Georgi ends 8-year Picnic-PostNL spell to join UAE Team L&#8217;IMAD<\/span><\/div>\n<div class=\"relative recirc-feed sponsored-card min-h-[250px]\" data-recirc-id=\"article-river-stacked-ads:native-cards\" data-mrf-recirculation=\"article-river-ads\" data-nosnippet data-ad-slot-path=\"feed-sponsored-post\" data-attribute-device=\"all\">\n<div class=\"max-w-full sponsored-post--placeholder animate-pulse\">\n<div class=\"relative!\"><span class=\"text-base text-black font-bold mx-0 my-2.5 p-0 block bg-gray-100\">\u00a0<br \/>\u00a0<\/span><\/div>\n<\/div>\n<\/div>\n<div>\n<div class=\"aspect-[var(--img-listing-aspect-ratio,16\/9)] relative mb-3.5\">\n    <source type=\"image\/webp\" srcset=\"https:\/\/cdn.mos.cms.futurecdn.net\/xz5gEu7yBu4E9KZWwpsbAi-840-80.jpg.webp 840w, https:\/\/cdn.mos.cms.futurecdn.net\/xz5gEu7yBu4E9KZWwpsbAi-650-80.jpg.webp 650w, https:\/\/cdn.mos.cms.futurecdn.net\/xz5gEu7yBu4E9KZWwpsbAi-500-80.jpg.webp 500w, https:\/\/cdn.mos.cms.futurecdn.net\/xz5gEu7yBu4E9KZWwpsbAi-450-80.jpg.webp 450w, https:\/\/cdn.mos.cms.futurecdn.net\/xz5gEu7yBu4E9KZWwpsbAi-320-80.jpg.webp 320w\" sizes=\"(min-width: 900px) 925px, (min-width: 700px) 450px, calc(100vw - 48px)\" \/><\/div>\n<p><span class=\"custom-subheading-styles\">Transfers<\/span><span class=\"text-base text-black font-bold mx-0 my-2.5 p-0 block custom-text-styles\">Shirin van Anrooij makes &#8216;bold switch&#8217; to Canyon-SRAM, with transfer to come into force before 2026 is over<\/span><\/div>\n<div class=\"relative recirc-feed sponsored-card min-h-[250px]\" data-recirc-id=\"article-river-stacked-ads:native-cards\" data-mrf-recirculation=\"article-river-ads\" data-nosnippet data-ad-slot-path=\"feed-sponsored-post\" data-attribute-device=\"all\">\n<div class=\"max-w-full sponsored-post--placeholder animate-pulse\">\n<div class=\"relative!\"><span class=\"text-base text-black font-bold mx-0 my-2.5 p-0 block bg-gray-100\">\u00a0<br \/>\u00a0<\/span><\/div>\n<\/div>\n<\/div>\n<div>\n<div class=\"aspect-[var(--img-listing-aspect-ratio,16\/9)] relative mb-3.5\">\n    <source type=\"image\/webp\" srcset=\"https:\/\/cdn.mos.cms.futurecdn.net\/UEDpMSrbnELU5BTMTafrh3-840-80.jpg.webp 840w, https:\/\/cdn.mos.cms.futurecdn.net\/UEDpMSrbnELU5BTMTafrh3-650-80.jpg.webp 650w, https:\/\/cdn.mos.cms.futurecdn.net\/UEDpMSrbnELU5BTMTafrh3-500-80.jpg.webp 500w, https:\/\/cdn.mos.cms.futurecdn.net\/UEDpMSrbnELU5BTMTafrh3-450-80.jpg.webp 450w, https:\/\/cdn.mos.cms.futurecdn.net\/UEDpMSrbnELU5BTMTafrh3-320-80.jpg.webp 320w\" sizes=\"(min-width: 900px) 925px, (min-width: 700px) 450px, calc(100vw - 48px)\" \/><\/div>\n<p><span class=\"custom-subheading-styles\">Women&#8217;s Cycling<\/span><span class=\"text-base text-black font-bold mx-0 my-2.5 p-0 block custom-text-styles\">Kreiz Breizh F\u00e9minin: Loes Adegeest victorious on &#8216;a brutal course&#8217; out sprinting the late breakaway to take a first win of 2026<\/span><\/div>\n<div class=\"relative recirc-feed sponsored-card min-h-[250px]\" data-recirc-id=\"article-river-stacked-ads:native-cards\" data-mrf-recirculation=\"article-river-ads\" data-nosnippet data-ad-slot-path=\"feed-sponsored-post\" data-attribute-device=\"all\">\n<div class=\"max-w-full sponsored-post--placeholder animate-pulse\">\n<div class=\"relative!\"><span class=\"text-base text-black font-bold mx-0 my-2.5 p-0 block bg-gray-100\">\u00a0<br \/>\u00a0<\/span><\/div>\n<\/div>\n<\/div>\n<div>\n<div class=\"aspect-[var(--img-listing-aspect-ratio,16\/9)] relative mb-3.5\">\n    <source type=\"image\/webp\" srcset=\"https:\/\/cdn.mos.cms.futurecdn.net\/iWrdmw2peqCWyxXa3WoJVc-840-80.jpg.webp 840w, https:\/\/cdn.mos.cms.futurecdn.net\/iWrdmw2peqCWyxXa3WoJVc-650-80.jpg.webp 650w, https:\/\/cdn.mos.cms.futurecdn.net\/iWrdmw2peqCWyxXa3WoJVc-500-80.jpg.webp 500w, https:\/\/cdn.mos.cms.futurecdn.net\/iWrdmw2peqCWyxXa3WoJVc-450-80.jpg.webp 450w, https:\/\/cdn.mos.cms.futurecdn.net\/iWrdmw2peqCWyxXa3WoJVc-320-80.jpg.webp 320w\" sizes=\"(min-width: 900px) 925px, (min-width: 700px) 450px, calc(100vw - 48px)\" \/><\/div>\n<p><span class=\"custom-subheading-styles\">Women&#8217;s Cycling<\/span><span class=\"text-base text-black font-bold mx-0 my-2.5 p-0 block custom-text-styles\">UCI Mountain Bike World Championships: Italy comes from behind to claim team relay<\/span><\/div>\n<div class=\"relative recirc-feed sponsored-card min-h-[250px]\" data-recirc-id=\"article-river-stacked-ads:native-cards\" data-mrf-recirculation=\"article-river-ads\" data-nosnippet data-ad-slot-path=\"feed-sponsored-post\" data-attribute-device=\"all\">\n<div class=\"max-w-full sponsored-post--placeholder animate-pulse\">\n<div class=\"relative!\"><span class=\"text-base text-black font-bold mx-0 my-2.5 p-0 block bg-gray-100\">\u00a0<br \/>\u00a0<\/span><\/div>\n<\/div>\n<\/div>\n<div>\n<div class=\"aspect-[var(--img-listing-aspect-ratio,16\/9)] relative mb-3.5\">\n    <source type=\"image\/webp\" srcset=\"https:\/\/cdn.mos.cms.futurecdn.net\/6nEGi3LHNPsKibQZtPpSgi-840-80.jpg.webp 840w, https:\/\/cdn.mos.cms.futurecdn.net\/6nEGi3LHNPsKibQZtPpSgi-650-80.jpg.webp 650w, https:\/\/cdn.mos.cms.futurecdn.net\/6nEGi3LHNPsKibQZtPpSgi-500-80.jpg.webp 500w, https:\/\/cdn.mos.cms.futurecdn.net\/6nEGi3LHNPsKibQZtPpSgi-450-80.jpg.webp 450w, https:\/\/cdn.mos.cms.futurecdn.net\/6nEGi3LHNPsKibQZtPpSgi-320-80.jpg.webp 320w\" sizes=\"(min-width: 900px) 925px, (min-width: 700px) 450px, calc(100vw - 48px)\" \/><\/div>\n<p><span class=\"custom-subheading-styles\">Women&#8217;s Cycling<\/span><span class=\"text-base text-black font-bold mx-0 my-2.5 p-0 block custom-text-styles\">Caroline Andersson joins AG Insurance-Soudal in major boost for Kim Le Court-Pienaar&#8217;s support squad \u2013 Analysis<\/span><\/div>\n<div class=\"relative recirc-feed sponsored-card min-h-[250px]\" data-recirc-id=\"article-river-stacked-ads:native-cards\" data-mrf-recirculation=\"article-river-ads\" data-nosnippet data-ad-slot-path=\"feed-sponsored-post\" data-attribute-device=\"all\">\n<div class=\"max-w-full sponsored-post--placeholder animate-pulse\">\n<div class=\"relative!\"><span class=\"text-base text-black font-bold mx-0 my-2.5 p-0 block bg-gray-100\">\u00a0<br \/>\u00a0<\/span><\/div>\n<\/div>\n<\/div>\n<div>\n<div class=\"aspect-[var(--img-listing-aspect-ratio,16\/9)] relative mb-3.5\">\n    <source type=\"image\/webp\" srcset=\"https:\/\/cdn.mos.cms.futurecdn.net\/DxNyktoGMPd4BiVQfiPj2h-840-80.jpg.webp 840w, https:\/\/cdn.mos.cms.futurecdn.net\/DxNyktoGMPd4BiVQfiPj2h-650-80.jpg.webp 650w, https:\/\/cdn.mos.cms.futurecdn.net\/DxNyktoGMPd4BiVQfiPj2h-500-80.jpg.webp 500w, https:\/\/cdn.mos.cms.futurecdn.net\/DxNyktoGMPd4BiVQfiPj2h-450-80.jpg.webp 450w, https:\/\/cdn.mos.cms.futurecdn.net\/DxNyktoGMPd4BiVQfiPj2h-320-80.jpg.webp 320w\" sizes=\"(min-width: 900px) 925px, (min-width: 700px) 450px, calc(100vw - 48px)\" \/><\/div>\n<p><span class=\"custom-subheading-styles\">Pro Cycling<\/span><span class=\"text-base text-black font-bold mx-0 my-2.5 p-0 block custom-text-styles\">Pedalling hard to realise the African dream \u2013 Team Amani&#8217;s two-year plan for a Tour de France Femmes start<\/span><\/div>\n<div class=\"relative recirc-feed sponsored-card min-h-[250px]\" data-recirc-id=\"article-river-stacked-ads:native-cards\" data-mrf-recirculation=\"article-river-ads\" data-nosnippet data-ad-slot-path=\"feed-sponsored-post\" data-attribute-device=\"all\">\n<div class=\"max-w-full sponsored-post--placeholder animate-pulse\">\n<div class=\"relative!\"><span class=\"text-base text-black font-bold mx-0 my-2.5 p-0 block bg-gray-100\">\u00a0<br \/>\u00a0<\/span><\/div>\n<\/div>\n<\/div>\n<\/div>\n<\/div>\n<\/aside>\n<aside class=\"w-full\" data-nosnippet data-mrf-recirculation=\"article-river-stacked\">\n<div data-recirc-id=\"article-river-stacked-solr:latest-articletype\">\n<div class=\"text-white py-4 px-3 mb-4 bg-[#333] uppercase font-bold custom-header-styles\">Latest in News<\/div>\n<div class=\"grid grid-cols-1 gap-4 mt-4 mb-5\">\n<div>\n<div class=\"aspect-[var(--img-listing-aspect-ratio,16\/9)] relative mb-3.5\">\n    <source type=\"image\/webp\" srcset=\"https:\/\/cdn.mos.cms.futurecdn.net\/u9UuYeqv9RGqM23uTbJXx9-840-80.jpg.webp 840w, https:\/\/cdn.mos.cms.futurecdn.net\/u9UuYeqv9RGqM23uTbJXx9-650-80.jpg.webp 650w, https:\/\/cdn.mos.cms.futurecdn.net\/u9UuYeqv9RGqM23uTbJXx9-500-80.jpg.webp 500w, https:\/\/cdn.mos.cms.futurecdn.net\/u9UuYeqv9RGqM23uTbJXx9-450-80.jpg.webp 450w, https:\/\/cdn.mos.cms.futurecdn.net\/u9UuYeqv9RGqM23uTbJXx9-320-80.jpg.webp 320w\" sizes=\"(min-width: 900px) 925px, (min-width: 700px) 450px, calc(100vw - 48px)\" \/><\/div>\n<p><span class=\"custom-subheading-styles\">Teams &amp; Riders<\/span><span class=\"text-base text-black font-bold mx-0 my-2.5 p-0 block custom-text-styles\">&#8216;A good day to try something&#8217; &#8211; Felix Gall upbeat after aggressive final ascent at Vuelta a Espa\u00f1a<\/span><\/div>\n<div class=\"relative recirc-feed sponsored-card min-h-[250px]\" data-recirc-id=\"article-river-stacked-ads:native-cards\" data-mrf-recirculation=\"article-river-ads\" data-nosnippet data-ad-slot-path=\"feed-sponsored-post\" data-attribute-device=\"all\">\n<div class=\"max-w-full sponsored-post--placeholder animate-pulse\">\n<div class=\"relative!\"><span class=\"text-base text-black font-bold mx-0 my-2.5 p-0 block bg-gray-100\">\u00a0<br \/>\u00a0<\/span><\/div>\n<\/div>\n<\/div>\n<div>\n<div class=\"aspect-[var(--img-listing-aspect-ratio,16\/9)] relative mb-3.5\">\n    <source type=\"image\/webp\" srcset=\"https:\/\/cdn.mos.cms.futurecdn.net\/yt79PW2pJtSFxkDjt7Nz65-840-80.jpg.webp 840w, https:\/\/cdn.mos.cms.futurecdn.net\/yt79PW2pJtSFxkDjt7Nz65-650-80.jpg.webp 650w, https:\/\/cdn.mos.cms.futurecdn.net\/yt79PW2pJtSFxkDjt7Nz65-500-80.jpg.webp 500w, https:\/\/cdn.mos.cms.futurecdn.net\/yt79PW2pJtSFxkDjt7Nz65-450-80.jpg.webp 450w, https:\/\/cdn.mos.cms.futurecdn.net\/yt79PW2pJtSFxkDjt7Nz65-320-80.jpg.webp 320w\" sizes=\"(min-width: 900px) 925px, (min-width: 700px) 450px, calc(100vw - 48px)\" \/><\/div>\n<p><span class=\"custom-subheading-styles\">Racing<\/span><span class=\"text-base text-black font-bold mx-0 my-2.5 p-0 block custom-text-styles\">&#8216;I wasn&#8217;t angry at all&#8217; &#8211; Vuelta a Espa\u00f1a leader Tadej Poga\u010dar denies he attacked on Aram\u00f3n Valdelinares finish because he was upset<\/span><\/div>\n<div class=\"relative recirc-feed sponsored-card min-h-[250px]\" data-recirc-id=\"article-river-stacked-ads:native-cards\" data-mrf-recirculation=\"article-river-ads\" data-nosnippet data-ad-slot-path=\"feed-sponsored-post\" data-attribute-device=\"all\">\n<div class=\"max-w-full sponsored-post--placeholder animate-pulse\">\n<div class=\"relative!\"><span class=\"text-base text-black font-bold mx-0 my-2.5 p-0 block bg-gray-100\">\u00a0<br \/>\u00a0<\/span><\/div>\n<\/div>\n<\/div>\n<div>\n<div class=\"aspect-[var(--img-listing-aspect-ratio,16\/9)] relative mb-3.5\">\n    <source type=\"image\/webp\" srcset=\"https:\/\/cdn.mos.cms.futurecdn.net\/cm6jjADNpv2DyLYYmYBJnM-840-80.jpg.webp 840w, https:\/\/cdn.mos.cms.futurecdn.net\/cm6jjADNpv2DyLYYmYBJnM-650-80.jpg.webp 650w, https:\/\/cdn.mos.cms.futurecdn.net\/cm6jjADNpv2DyLYYmYBJnM-500-80.jpg.webp 500w, https:\/\/cdn.mos.cms.futurecdn.net\/cm6jjADNpv2DyLYYmYBJnM-450-80.jpg.webp 450w, https:\/\/cdn.mos.cms.futurecdn.net\/cm6jjADNpv2DyLYYmYBJnM-320-80.jpg.webp 320w\" sizes=\"(min-width: 900px) 925px, (min-width: 700px) 450px, calc(100vw - 48px)\" \/><\/div>\n<p><span class=\"custom-subheading-styles\">Teams &amp; Riders<\/span><span class=\"text-base text-black font-bold mx-0 my-2.5 p-0 block custom-text-styles\">&#8216;I didn&#8217;t have confidence in myself&#8217; \u2013 Wout van Aert bags green jersey but regrets missed opportunity in Vuelta a Espa\u00f1a breakaway<\/span><\/div>\n<div class=\"relative recirc-feed sponsored-card min-h-[250px]\" data-recirc-id=\"article-river-stacked-ads:native-cards\" data-mrf-recirculation=\"article-river-ads\" data-nosnippet data-ad-slot-path=\"feed-sponsored-post\" data-attribute-device=\"all\">\n<div class=\"max-w-full sponsored-post--placeholder animate-pulse\">\n<div class=\"relative!\"><span class=\"text-base text-black font-bold mx-0 my-2.5 p-0 block bg-gray-100\">\u00a0<br \/>\u00a0<\/span><\/div>\n<\/div>\n<\/div>\n<div>\n<div class=\"aspect-[var(--img-listing-aspect-ratio,16\/9)] relative mb-3.5\">\n    <source type=\"image\/webp\" srcset=\"https:\/\/cdn.mos.cms.futurecdn.net\/urUeDCWicNVcKCHSxJU4wY-840-80.jpg.webp 840w, https:\/\/cdn.mos.cms.futurecdn.net\/urUeDCWicNVcKCHSxJU4wY-650-80.jpg.webp 650w, https:\/\/cdn.mos.cms.futurecdn.net\/urUeDCWicNVcKCHSxJU4wY-500-80.jpg.webp 500w, https:\/\/cdn.mos.cms.futurecdn.net\/urUeDCWicNVcKCHSxJU4wY-450-80.jpg.webp 450w, https:\/\/cdn.mos.cms.futurecdn.net\/urUeDCWicNVcKCHSxJU4wY-320-80.jpg.webp 320w\" sizes=\"(min-width: 900px) 925px, (min-width: 700px) 450px, calc(100vw - 48px)\" \/><\/div>\n<p><span class=\"custom-subheading-styles\">Teams &amp; Riders<\/span><span class=\"text-base text-black font-bold mx-0 my-2.5 p-0 block custom-text-styles\">&#8216;I\u2019ll probably need a season where I spend more time on the mountain bike&#8217; &#8211; Mathieu van der Poel realistic ahead of the UCI Mountain Bike World Championships<\/span><\/div>\n<div class=\"relative recirc-feed sponsored-card min-h-[250px]\" data-recirc-id=\"article-river-stacked-ads:native-cards\" data-mrf-recirculation=\"article-river-ads\" data-nosnippet data-ad-slot-path=\"feed-sponsored-post\" data-attribute-device=\"all\">\n<div class=\"max-w-full sponsored-post--placeholder animate-pulse\">\n<div class=\"relative!\"><span class=\"text-base text-black font-bold mx-0 my-2.5 p-0 block bg-gray-100\">\u00a0<br \/>\u00a0<\/span><\/div>\n<\/div>\n<\/div>\n<div>\n<div class=\"aspect-[var(--img-listing-aspect-ratio,16\/9)] relative mb-3.5\">\n    <source type=\"image\/webp\" srcset=\"https:\/\/cdn.mos.cms.futurecdn.net\/8BBmwDdaLF9SPqhiJM4PzJ-840-80.jpg.webp 840w, https:\/\/cdn.mos.cms.futurecdn.net\/8BBmwDdaLF9SPqhiJM4PzJ-650-80.jpg.webp 650w, https:\/\/cdn.mos.cms.futurecdn.net\/8BBmwDdaLF9SPqhiJM4PzJ-500-80.jpg.webp 500w, https:\/\/cdn.mos.cms.futurecdn.net\/8BBmwDdaLF9SPqhiJM4PzJ-450-80.jpg.webp 450w, https:\/\/cdn.mos.cms.futurecdn.net\/8BBmwDdaLF9SPqhiJM4PzJ-320-80.jpg.webp 320w\" sizes=\"(min-width: 900px) 925px, (min-width: 700px) 450px, calc(100vw - 48px)\" \/><\/div>\n<p><span class=\"custom-subheading-styles\">Racing<\/span><span class=\"text-base text-black font-bold mx-0 my-2.5 p-0 block custom-text-styles\">Did dehydration play a role in Tadej Poga\u010dar&#8217;s failed solo move at Vuelta a Espa\u00f1a? World champion says no but was denied a bottle and has a few fuelling fails to his name<\/span><\/div>\n<div class=\"relative recirc-feed sponsored-card min-h-[250px]\" data-recirc-id=\"article-river-stacked-ads:native-cards\" data-mrf-recirculation=\"article-river-ads\" data-nosnippet data-ad-slot-path=\"feed-sponsored-post\" data-attribute-device=\"all\">\n<div class=\"max-w-full sponsored-post--placeholder animate-pulse\">\n<div class=\"relative!\"><span class=\"text-base text-black font-bold mx-0 my-2.5 p-0 block bg-gray-100\">\u00a0<br \/>\u00a0<\/span><\/div>\n<\/div>\n<\/div>\n<div>\n<div class=\"aspect-[var(--img-listing-aspect-ratio,16\/9)] relative mb-3.5\">\n    <source type=\"image\/webp\" srcset=\"https:\/\/cdn.mos.cms.futurecdn.net\/LxEHaFBfMyo2nFXMDykbbi-840-80.jpg.webp 840w, https:\/\/cdn.mos.cms.futurecdn.net\/LxEHaFBfMyo2nFXMDykbbi-650-80.jpg.webp 650w, https:\/\/cdn.mos.cms.futurecdn.net\/LxEHaFBfMyo2nFXMDykbbi-500-80.jpg.webp 500w, https:\/\/cdn.mos.cms.futurecdn.net\/LxEHaFBfMyo2nFXMDykbbi-450-80.jpg.webp 450w, https:\/\/cdn.mos.cms.futurecdn.net\/LxEHaFBfMyo2nFXMDykbbi-320-80.jpg.webp 320w\" sizes=\"(min-width: 900px) 925px, (min-width: 700px) 450px, calc(100vw - 48px)\" \/><\/div>\n<p><span class=\"custom-subheading-styles\">Women&#8217;s Cycling<\/span><span class=\"text-base text-black font-bold mx-0 my-2.5 p-0 block custom-text-styles\">Former British champion Pfeiffer Georgi ends 8-year Picnic-PostNL spell to join UAE Team L&#8217;IMAD<\/span><\/div>\n<div class=\"relative recirc-feed sponsored-card min-h-[250px]\" data-recirc-id=\"article-river-stacked-ads:native-cards\" data-mrf-recirculation=\"article-river-ads\" data-nosnippet data-ad-slot-path=\"feed-sponsored-post\" data-attribute-device=\"all\">\n<div class=\"max-w-full sponsored-post--placeholder animate-pulse\">\n<div class=\"relative!\"><span class=\"text-base text-black font-bold mx-0 my-2.5 p-0 block bg-gray-100\">\u00a0<br \/>\u00a0<\/span><\/div>\n<\/div>\n<\/div>\n<\/div>\n<\/div>\n<\/aside>\n<\/section>\n<\/div>\n<\/div>\n<\/div>\n<div id=\"widgetArea17\" class=\"widget-area md:basis-1\/3 widget-area-g-md-vp-1-3 widget-area-g-lg-vp-1-3 widget-area-g-xl-vp-1-3 page-widget-area-17\">\n<div data-widget-type=\"dynamic\" id=\"popular-data\" class=\"clear-both widget widget-dynamic widget-popular-data widget-dynamic-popular-data widget-dynamic-fter-popular-box\">\n<div class=\"wdn-fte-pb pos-relative space-t20\n\"><\/p>\n<div class=\"slice-container popular-box-slice\">\n<section class=\"popular-box\" data-component-name=\"Slice:PopularBox\">\n<div class=\"popular-box__label\">\n<div class=\"popular-box__label__tab popular-box__label__tab--active\" role=\"heading\">\nLATEST ARTICLES\n<\/div>\n<\/div>\n<ol class=\"popular-box__articles-list popular-box__articles-list--active\">\n<li class=\"popular-box__article-list\">\n<div class=\"popular-box__article-list__container\">\n<div class=\"popular-box__article-list__image-wrapper\">\n<div>\n<source type=\"image\/webp\" srcset=\"https:\/\/cdn.mos.cms.futurecdn.net\/u9UuYeqv9RGqM23uTbJXx9-1280-80.jpg.webp 1280w, https:\/\/cdn.mos.cms.futurecdn.net\/u9UuYeqv9RGqM23uTbJXx9-720-80.jpg.webp 720w, https:\/\/cdn.mos.cms.futurecdn.net\/u9UuYeqv9RGqM23uTbJXx9-640-80.jpg.webp 640w, https:\/\/cdn.mos.cms.futurecdn.net\/u9UuYeqv9RGqM23uTbJXx9-320-80.jpg.webp 320w\" sizes=\"99vw\" \/><\/div>\n<\/div>\n<div class=\"popular-box__article-list__content\">\n<div class=\"popular-box__article-list__number-text\">1<\/div>\n<div class=\"popular-box__article-list__heading\">\n<p>&#8216;A good day to try something&#8217; &#8211; Felix Gall upbeat after aggressive final ascent at Vuelta a Espa\u00f1a<\/p>\n<\/div>\n<\/div>\n<\/div>\n<\/li>\n<li class=\"popular-box__article-list\">\n<div class=\"popular-box__article-list__container\">\n<div class=\"popular-box__article-list__content\">\n<div class=\"popular-box__article-list__number-text\">2<\/div>\n<div class=\"popular-box__article-list__heading\">\n<p>&#8216;I wasn&#8217;t angry at all&#8217; &#8211; Vuelta a Espa\u00f1a leader Tadej Poga\u010dar denies he attacked on Aram\u00f3n Valdelinares finish because he was upset<\/p>\n<\/div>\n<\/div>\n<\/div>\n<\/li>\n<li class=\"popular-box__article-list\">\n<div class=\"popular-box__article-list__container\">\n<div class=\"popular-box__article-list__content\">\n<div class=\"popular-box__article-list__number-text\">3<\/div>\n<div class=\"popular-box__article-list__heading\">\n<p>&#8216;I didn&#8217;t have confidence in myself&#8217; \u2013 Wout van Aert bags green jersey but regrets missed opportunity in Vuelta a Espa\u00f1a breakaway<\/p>\n<\/div>\n<\/div>\n<\/div>\n<\/li>\n<li class=\"popular-box__article-list\">\n<div class=\"popular-box__article-list__container\">\n<div class=\"popular-box__article-list__content\">\n<div class=\"popular-box__article-list__number-text\">4<\/div>\n<div class=\"popular-box__article-list__heading\">\n<p>&#8216;I\u2019ll probably need a season where I spend more time on the mountain bike&#8217; &#8211; Mathieu van der Poel realistic ahead of the UCI Mountain Bike World Championships<\/p>\n<\/div>\n<\/div>\n<\/div>\n<\/li>\n<li class=\"popular-box__article-list\">\n<div class=\"popular-box__article-list__container\">\n<div class=\"popular-box__article-list__content\">\n<div class=\"popular-box__article-list__number-text\">5<\/div>\n<div class=\"popular-box__article-list__heading\">\n<p>Vuelta a Espa\u00f1a: Andreas Leknessund, Tobias Johannessen solo away from Wout van Aert in Uno-X Mobility 1-2 on stage 7<\/p>\n<\/div>\n<\/div>\n<\/div>\n<\/li>\n<\/ol>\n<\/section>\n<\/div>\n<\/div>\n<\/div>\n<\/div>\n<\/div>\n<\/article>\n<div class=\"news-article\">\n<header data-component-name=\"Article:Hero\">\n<nav class=\"breadcrumb\" aria-label=\"Breadcrumbs\">\n<ol>\n<li>\nPro Cycling\n<\/li>\n<li>\nRacing\n<\/li>\n<li>\nWomen&#8217;s Cycling\n<\/li>\n<li>\nRoad\n<\/li>\n<\/ol>\n<\/nav>\n<h1>&#8216;Motherhood and elite-level sports are entirely compatible&#8217; &#8211; Sandra Alonso targets Paris-Roubaix, returning after childbirth and storming the Spanish club scene<\/h1>\n<div class=\"byline-social\">\n<div class=\"vds-byline-block flex flex-row flex-nowrap my-1.5 gap-2 text-left items-start justify-start\" data-component-name=\"Article:BylineBlock\">\n<p>News<\/p>\n<div class=\"my-auto vds-simple-byline\"><span class=\"inline-block vds-author\"><br \/>\nBy<br \/>\nOwen Rogers <\/span><\/p>\n<div class=\"flex gap-1 vds-byline-with-avatar__meta\"><span class=\"vds-date block font-normal tracking-normal normal-case text-xs\"><br \/>\nPublished<br \/>\n<time data-component-name=\"UI:DateTime\" datetime=\"2026-08-28T13:25:18Z\" class=\"relative-date\"><br \/>\n28 August 2026<br \/>\n<\/time><\/span><\/div>\n<\/div>\n<\/div>\n<p class=\"strapline\">The Spanish rider has signed with Laboral Kutxa-Fundaci\u00f3n Euskadi for 2027<\/p>\n<\/div>\n<aside class=\"text-gray-700 flex items-center mx-0 my-5 p-0 justify-start text-left\" id=\"affiliate-disclaimer\" data-component-name=\"AffiliateDisclaimer\" data-hawk-message=\"Affiliate disclaimer removed because hawk deemed there are no affiliate links on this page\">\n<p class=\"text-[color:var(--affiliate-disclaimer--text-color,inherit)] mb-2 text-[length:var(--affiliate-disclaimer--font-size,0.75rem)] leading-[18px] md:text-[13px] [&amp;&gt;a]:text-inherit [&amp;&gt;a]:underline\">\nWhen you purchase through links on our site, we may earn an affiliate commission. Here\u2019s how it works.\n<\/p>\n<\/aside>\n<\/header>\n<\/div>\n<div id=\"article-body\" class=\"text-copy bodyCopy auto paywall-locker\">\n<div data-analytics-id=\"utility-bar\" id=\"utility-bar\" class=\"font-ui-heading flex justify-between items-center py-2 border-t border-b border-gray-300 border-solid mb-5 mx-auto\" data-component-name=\"UtilityBar\" data-mrf-recirculation=\"utility-bar\">\n<div class=\"flex gap-2 text-[#333] subcontainer\">\n<div class=\"relative tooltip-container\" role=\"tooltip\">\n<div data-component-name=\"Social:Dropdown\" role=\"menu\" id=\"utilitybar__dropdown--share\" aria-labelledby=\"utilitybar__button--share\" class=\"absolute left-0 top-full w-44 bg-white rounded-md shadow-md border border-neutral-200 z-[9996] list-none m-0 py-2 px-3 border-solid\">\n<ul class=\"m-0!\">\n<li class=\"!p-0 !m-0 list-none border-b border-gray-200 border-solid\">\n<li class=\"!p-0 !m-0 list-none border-b border-gray-200 border-solid\">\n<p>Facebook<\/p>\n<\/li>\n<li class=\"!p-0 !m-0 list-none border-b border-gray-200 border-solid\">\n<p>X<\/p>\n<\/li>\n<li class=\"!p-0 !m-0 list-none border-b border-gray-200 border-solid\">\n<p>Pinterest<\/p>\n<\/li>\n<li class=\"!p-0 !m-0 list-none border-b border-gray-200 border-solid\">\n<p>Email<\/p>\n<\/li>\n<\/ul>\n<\/div>\n<div class=\"font-ui-heading max-sm:hidden tooltip absolute left-1\/2 bg-gray-900 text-white text-xs leading-none px-3 py-1.5 rounded-md z-[10001] whitespace-nowrap\" id=\"tooltip-share-this-article\" role=\"tooltip\" aria-hidden=\"true\">\nShare this article\n<\/div>\n<\/div>\n<div class=\"relative tooltip-container\" role=\"tooltip\"><span class=\"ml-1 inline-flex h-5 px-2 shrink-0 items-center justify-center self-center overflow-hidden whitespace-nowrap rounded-[10px] bg-primary-500 text-[11px] leading-none font-ui-heading font-semibold text-white\">0<\/span><\/p>\n<div class=\"font-ui-heading max-sm:hidden tooltip absolute left-1\/2 bg-gray-900 text-white text-xs leading-none px-3 py-1.5 rounded-md z-[10001] whitespace-nowrap\" id=\"tooltip-join-the-conversation\" role=\"tooltip\" aria-hidden=\"true\">\nJoin the conversation\n<\/div>\n<\/div>\n<\/div>\n<div class=\"flex gap-2 text-[#333] subcontainer\">\n<div class=\"relative tooltip-container\" role=\"tooltip\">\n<p>Follow us<\/p>\n<div class=\"font-ui-heading max-sm:hidden tooltip absolute left-1\/2 bg-gray-900 text-white text-xs leading-none px-3 py-1.5 rounded-md z-[10001] whitespace-nowrap\" id=\"tooltip-add-us-as-a-preferred-source-on-google\" role=\"tooltip\" aria-hidden=\"true\">\nAdd us as a preferred source on Google\n<\/div>\n<\/div>\n<div class=\"relative tooltip-container\" role=\"tooltip\">\n<div class=\"font-ui-heading max-sm:hidden tooltip absolute left-1\/2 bg-gray-900 text-white text-xs leading-none px-3 py-1.5 rounded-md z-[10001] whitespace-nowrap\" id=\"tooltip-subscribe-to-our-newsletter\" role=\"tooltip\" aria-hidden=\"true\">\nSubscribe to our newsletter\n<\/div>\n<\/div>\n<\/div>\n<\/div>\n<p id=\"elk-fd1e6f58-a2e0-11f1-90da-01f843e23ea2\">After leaving the professional peloton in 2025 to have her first child, Sandra Alonso will return in 2027 having signed a single-season deal with the Spanish ProTeam, Laboral Kutxa-Fundaci\u00f3n Euskadi.<\/p>\n<p>Alonso rode for a variety of teams between 2018 and the spring of 2025, spending the final four of those years with the WorldTour Ceratizit team and riding her last race with the German squad last April. Now, after a successful return with the Eneicat-Be Call club team, she has been snapped up by her home squad.<\/p>\n<p id=\"elk-fd1e6f58-a2e0-11f1-90da-01f843e23ea2-2\" aria-hidden=\"true\" class=\"kiosq-b\">A strong all-rounder with a good time trial, Alonso has four wins to her name, including the victory at the WorldTour level Tour of Guangxi in 2024, and a stage at the Th\u00fcringen Rundfahrt that same year.<\/p>\n<div class=\"my-6 w-full overflow-hidden rounded-[10px] lg:my-8\" data-component-name=\"JwPlayer:Carousel\" data-jwp-carousel data-jwp-carousel-payload=\"{&quot;ids&quot;:{&quot;playerID&quot;:&quot;jYDCcabO&quot;,&quot;searchPlaylistID&quot;:&quot;gwjdoYHD&quot;,&quot;divID&quot;:&quot;botr_gwjdoYHD_jYDCcabO_div&quot;,&quot;fallbackPlaylistID&quot;:&quot;gwjdoYHD&quot;,&quot;fallbackDivID&quot;:&quot;botr_gwjdoYHD_jYDCcabO_div&quot;,&quot;key&quot;:&quot;X9\/mXVGac0NphghLH9hZaqWA5d3dhAM\/Ih07grnEyMLjuO2E&quot;,&quot;tintLogo&quot;:true,&quot;useSearchPlaylist&quot;:false,&quot;enabled&quot;:true},&quot;signPostingEnabled&quot;:true,&quot;signPostingLinkEnabled&quot;:true,&quot;waitForAdLoad&quot;:false,&quot;hidePlayerOnDesktop&quot;:false,&quot;hidePlayerOnMobile&quot;:false,&quot;hidePlayerOnTablet&quot;:false}\">\n<div class=\"flex flex-nowrap items-center justify-between gap-3 bg-zinc-900 px-[14px] py-3\" data-jwp-carousel-header>\n<div class=\"flex min-w-0 shrink items-center\"><span class=\"inline-flex items-center gap-1.5 text-sm font-article-heading capitalize leading-5 text-white whitespace-nowrap\"><span class=\"jwp-carousel-title-desktop\">Latest Videos From<\/span><span class=\"jwp-carousel-brand\">Cyclingnews<\/span><\/span><\/div>\n<\/div>\n<div class=\"min-h-[44px] bg-zinc-900 px-[14px] py-3\" data-jwp-carousel-signposting><a class=\"invisible block truncate text-sm font-bold leading-5 text-white underline decoration-solid underline-offset-2\" data-jwp-carousel-signposting-link href target=\"_blank\" rel=\"noopener noreferrer\"><span data-jwp-carousel-signposting-title>Watch full video here: <\/span><\/a><\/div>\n<\/div>\n<p aria-hidden=\"true\" class=\"kiosq-b\">Her last race before pregnancy was in April 2025, at the Grand Prix Surf City in El Salvador, and she gave birth last December, just as the Ceratizit team went out of business after 10 seasons in the peloton.<\/p>\n<p aria-hidden=\"true\" class=\"kiosq-b\">While other riders have successfully returned to competition after giving birth, remarkably Alonso was back in January, riding a national level race in the UAE, before racing the 2.1 level Vuelta a Extremadura with the Spanish national squad in March. Having been snapped up by Eneicat, she then took third place in her first outing, the GP Ciudad de Eibar.<\/p>\n<aside data-component-name=\"Recirculation:ArticleRiver\" data-recirculation-type=\"inline\" data-mrf-recirculation=\"Trending Bar\" data-nosnippet class=\"clear-both pt-2 pb-0 mb-4\"><span class=\"\n            flex\n            after:content-[&apos;&apos;] after:flex-1 after:ml-4 after:my-[0.7rem] after:border-t after:border-solid after:border-t-[#ccc]\n            before:content-[&apos;&apos;] before:flex-1 before:mr-4 before:my-[0.7rem] before:border-t before:border-solid before:border-t-[#ccc]\n            font-article-heading pb-0 text-[length:var(--article-river-title--font-size,1em)] uppercase sm:text-[length:var(--article-river-title--font-size,0.875em)] font-bold\n        \"><br \/>\n            You may like<br \/>\n        <\/span><\/p>\n<ul class=\"flex flex-col gap-0 m-0 max-w-full\">\n<li class=\"m-0 list-none border-b border-solid border-[#ededed] py-2\" data-recirculation-id=\"recirculation-card-1\" id=\"recirculation-inline-1\" data-analytics-id=\"recirculation-inline-1\" data-mrf-recirculation=\"recirculation-inline-1\">\n    <source type=\"image\/webp\" srcset=\"https:\/\/cdn.mos.cms.futurecdn.net\/CBaMYsprNPmxBYpwrPCq5-250-80.jpg.webp 250w, https:\/\/cdn.mos.cms.futurecdn.net\/CBaMYsprNPmxBYpwrPCq5-150-80.jpg.webp 150w\" sizes=\"150px\" \/><span class=\"w-full text-base font-[var(--article-river-item--font-weight,500)] font-article-heading line-clamp-3 md:line-clamp-2\">Former world champion Lizzie Deignan takes up sports director role with British Cycling ahead of LA Olympics<\/span><\/li>\n<li class=\"m-0 list-none border-b border-solid border-[#ededed] py-2\" data-recirculation-id=\"recirculation-card-2\" id=\"recirculation-inline-2\" data-analytics-id=\"recirculation-inline-2\" data-mrf-recirculation=\"recirculation-inline-2\">\n    <source type=\"image\/webp\" srcset=\"https:\/\/cdn.mos.cms.futurecdn.net\/duXSrJTJ8uLBWnPzkVkHrb-250-80.jpg.webp 250w, https:\/\/cdn.mos.cms.futurecdn.net\/duXSrJTJ8uLBWnPzkVkHrb-150-80.jpg.webp 150w\" sizes=\"150px\" \/><span class=\"w-full text-base font-[var(--article-river-item--font-weight,500)] font-article-heading line-clamp-3 md:line-clamp-2\">&#8216;Part of me of still being in cycling is trying to become the best version of myself&#8217; \u2013 Human Powered Health pick up a former world champion<\/span><\/li>\n<li class=\"m-0 list-none border-b border-solid border-[#ccc] py-2\" data-recirculation-id=\"recirculation-card-3\" id=\"recirculation-inline-3\" data-analytics-id=\"recirculation-inline-3\" data-mrf-recirculation=\"recirculation-inline-3\">\n    <source type=\"image\/webp\" srcset=\"https:\/\/cdn.mos.cms.futurecdn.net\/WAaMMNNaPS2hqxMGgXqgvd-250-80.jpg.webp 250w, https:\/\/cdn.mos.cms.futurecdn.net\/WAaMMNNaPS2hqxMGgXqgvd-150-80.jpg.webp 150w\" sizes=\"150px\" \/><span class=\"w-full text-base font-[var(--article-river-item--font-weight,500)] font-article-heading line-clamp-3 md:line-clamp-2\">Elise Chabbey confirms her 2026 season is over as she reveals the reason for her absence from racing since April<\/span><\/li>\n<\/ul>\n<\/aside>\n<p aria-hidden=\"true\" class=\"kiosq-b\">Though her only victories this year have come at the National level, she\u2019s bagged a string of top 10s at .1 and .Pro races, took third in the Spanish time trial championships and fifth in the road race, and last week took second place at the Mediterranean Games time trial.<\/p>\n<p aria-hidden=\"true\" class=\"kiosq-b\">With her future now secure, she is currently competing in the 2.2 Giro Della Toscana, where she finished sixth in Thursday\u2019s prologue.<\/p>\n<div id=\"slice-container-newsletterForm-articleInbodyContent-EtWRrtABhSh6iis7Hgj84o\" class=\"slice-container newsletter-inbodyContent-slice newsletterForm-articleInbodyContent-EtWRrtABhSh6iis7Hgj84o slice-container-newsletterForm\">\n<div data-hydrate=\"true\" class=\"newsletter-form__wrapper newsletter-form__wrapper--inbodyContent\">\n<div class=\"newsletter-form__container\">\n<section class=\"newsletter-form__top-bar\">\n<div class=\"newsletter-form__header\">Get The Leadout Newsletter<\/div>\n<\/section>\n<section class=\"newsletter-form__main-section\">\n<p class=\"newsletter-form__strapline\">The latest race content, interviews, features, reviews and expert buying guides, direct to your inbox!<\/p>\n<footer class=\"newsletter-form__footer \">By submitting your information you agree to the Terms &amp; Conditions and Privacy Policy and are aged 16 or over.<\/footer>\n<\/section>\n<\/div>\n<\/div>\n<\/div>\n<p aria-hidden=\"true\" class=\"kiosq-b\">&#8220;Signing with Laboral Kutxa-Euskadi is a source of pride and the best reward for all the effort I\u2019ve put in this year,&#8221; Alonso said in a team press release. &#8220;I feel I still have a lot to offer in cycling, and I\u2019m approaching this opportunity with the excitement of someone starting their first year as a professional. I\u2019ve come back stronger, with renewed enthusiasm, and having demonstrated a high level of competitiveness.<\/p>\n<p aria-hidden=\"true\" class=\"kiosq-b\">&#8220;After several years in the WorldTour, I hope to bring that experience to a squad full of young talent &#8211; especially Basque rider &#8211; to guide them, grow together, and achieve great results.<\/p>\n<p aria-hidden=\"true\" class=\"kiosq-b\">&#8220;Among my major goals is racing Paris-Roubaix again &#8211; a unique, historic event I\u2019ve held dear since finishing tenth in 2022 &#8211; as well as returning to the Tour de France, an impressive race I completed in its first three editions.<\/p>\n<p aria-hidden=\"true\" class=\"kiosq-b\">&#8220;I want to express my deep gratitude to my family for their support throughout this challenging process; to my coach for believing in me and guiding me; and, of course, to Laboral Kutxa-Euskadi for putting their faith in me for this project.<\/p>\n<p aria-hidden=\"true\" class=\"kiosq-b\">&#8220;I\u2019m also grateful for the constant support from the fans &#8211; messages calling me a fighter, a role model, a warrior &#8211; which truly motivate me. I hope my experience helps show that motherhood and elite-level sports are entirely compatible.&#8221;<\/p>\n<p id=\"elk-fd1e70b6-a2e0-11f1-b46e-95896a0d5d8b\" aria-hidden=\"true\" class=\"kiosq-b\"><strong>For unbeatable coverage across road, gravel and tech, subscribe to Cyclingnews. You&#8217;ll get comprehensive race coverage of La Vuelta a Espa\u00f1a, subscriber-exclusive analysis from our expert columnists, in-depth features and industry-leading tech insight. Plus, the Cyclingnews app lets you follow the action wherever you go! <\/strong><strong>Join today.<\/strong><\/p>\n<\/div>\n<p>[analyse_source url=&#8221;https:\/\/www.cyclingnews.com\/pro-cycling\/womens-cycling\/motherhood-and-elite-level-sports-are-entirely-compatible-sandra-alonso-targets-paris-roubaix-returning-after-childbirth-and-storming-the-spanish-club-scene\/&#8221;]<\/p>\n","protected":false},"excerpt":{"rendered":"<p>[analyse_image type=&#8221;featured&#8221; src=&#8221;https:\/\/cdn.mos.cms.futurecdn.net\/vSdkiAvEmYY6WQZwHJEjhW-2560-80.jpg&#8221;] 1 &#8216;The hardest week I&#8217;ve done by far all year&#8217; \u2013 Amber Pate returns to racing at Tour of Britain Women after six months away due to pancreatic tumour 2 Shirin van Anrooij makes &#8216;bold switch&#8217; to Canyon-SRAM, with transfer to come into force before 2026 is over 3 Cycling transfers \u2013 [&hellip;]<\/p>\n","protected":false},"author":1,"featured_media":0,"comment_status":"open","ping_status":"","sticky":false,"template":"","format":"standard","meta":{"footnotes":""},"categories":[2],"tags":[226,68],"class_list":["post-2117393","post","type-post","status-publish","format-standard","hentry","category-politics","tag-crawlmanager","tag-cyclingnews-com"],"_links":{"self":[{"href":"https:\/\/analyse.optim.biz\/index.php?rest_route=\/wp\/v2\/posts\/2117393","targetHints":{"allow":["GET"]}}],"collection":[{"href":"https:\/\/analyse.optim.biz\/index.php?rest_route=\/wp\/v2\/posts"}],"about":[{"href":"https:\/\/analyse.optim.biz\/index.php?rest_route=\/wp\/v2\/types\/post"}],"author":[{"embeddable":true,"href":"https:\/\/analyse.optim.biz\/index.php?rest_route=\/wp\/v2\/users\/1"}],"replies":[{"embeddable":true,"href":"https:\/\/analyse.optim.biz\/index.php?rest_route=%2Fwp%2Fv2%2Fcomments&post=2117393"}],"version-history":[{"count":0,"href":"https:\/\/analyse.optim.biz\/index.php?rest_route=\/wp\/v2\/posts\/2117393\/revisions"}],"wp:attachment":[{"href":"https:\/\/analyse.optim.biz\/index.php?rest_route=%2Fwp%2Fv2%2Fmedia&parent=2117393"}],"wp:term":[{"taxonomy":"category","embeddable":true,"href":"https:\/\/analyse.optim.biz\/index.php?rest_route=%2Fwp%2Fv2%2Fcategories&post=2117393"},{"taxonomy":"post_tag","embeddable":true,"href":"https:\/\/analyse.optim.biz\/index.php?rest_route=%2Fwp%2Fv2%2Ftags&post=2117393"}],"curies":[{"name":"wp","href":"https:\/\/api.w.org\/{rel}","templated":true}]}}