{"id":2117379,"date":"2026-08-26T18:05:08","date_gmt":"2026-08-26T15:05:08","guid":{"rendered":"https:\/\/analyse.optim.biz\/?p=2117379"},"modified":"2026-08-26T18:05:08","modified_gmt":"2026-08-26T15:05:08","slug":"2026-vuelta-a-espana-penalties-fines-and-yellow-cards-xds-astanas-alessandro-romele-gets-yellow-card-for-improper-conduct-that-caused-crash-in-vuelta-a-espana-stage-7","status":"publish","type":"post","link":"https:\/\/analyse.optim.biz\/?p=2117379","title":{"rendered":"2026 Vuelta a Espa\u00f1a penalties, fines and yellow cards &#8211; XDS Astana&#8217;s Alessandro Romele gets yellow card for &#8216;improper conduct&#8217; that caused crash in Vuelta a Espa\u00f1a stage 7"},"content":{"rendered":"<p>[analyse_image type=&#8221;featured&#8221; src=&#8221;https:\/\/cdn.mos.cms.futurecdn.net\/CT5zmMV4ht4nefcttNfpyj-2000-80.jpg&#8221;]<\/p>\n<article class=\"m-0 box-border flex flex-row items-center pr-2.5 gap-[15px] w-[278px] h-20 flex-none upnext-article-divider\" role=\"listitem\" aria-label=\"Recommended article 1 of 3\">\n<div class=\"relative flex-none w-20 h-20\">\n<p>    <img decoding=\"async\" src=\"https:\/\/cdn.mos.cms.futurecdn.net\/gb83HzBMqhypFmjmZNAvnQ.jpg\" alt=\"Wout van Aert hikes through the hail in the parking lot amid team cars and bikes\" loading=\"lazy\" class=\"rounded-[var(--image--border-radius,0)] w-20 h-20 object-cover flex-none rounded-lg\"><\/p>\n<div class=\"flex items-center justify-center absolute w-4 h-6 left-0 top-0 bg-white\/90 flex-none z-[1]\" aria-hidden=\"true\">\n                                    <span class=\"font-normal text-base leading-[17px] tracking-[1.3px] uppercase text-black flex-none\">1<\/span>\n                                <\/div>\n<\/p><\/div>\n<div class=\"flex flex-col items-center justify-center gap-1.5 w-[173px] h-20 flex-none\">\n<p class=\"font-article-heading font-medium text-base leading-[21px] text-gray-800 w-[173px] line-clamp-3 group-hover:underline\">\n                                    Tadej Poga\u010dar pulls over peloton as hail storm cancels finale of Vuelta a Espa\u00f1a stage 3\n                                <\/p>\n<\/p><\/div>\n<\/article>\n<article class=\"m-0 box-border flex flex-row items-center pr-2.5 gap-[15px] w-[278px] h-20 flex-none upnext-article-divider\" role=\"listitem\" aria-label=\"Recommended article 2 of 3\">\n<div class=\"relative flex-none w-20 h-20\">\n<p>    <img decoding=\"async\" src=\"https:\/\/cdn.mos.cms.futurecdn.net\/2YFiENWeo62WR9ixcZRWZS.jpg\" alt=\"FONT-ROMEU, FRANCE - AUGUST 24: Tadej Pogacar of Slovenia and UAE Team Emirates XRG - Red Leader Jersey competes during the La Vuelta - 81st Tour of Spain 2026, Stage 3 a 174km from Gruissan - Aude to Font Romeu 1941m \/ #UCIWT \/ on August 24, 2026 in Font Romeu, France. (Photo by Tim de Waele\/Getty Images)\" loading=\"lazy\" class=\"rounded-[var(--image--border-radius,0)] w-20 h-20 object-cover flex-none rounded-lg\"><\/p>\n<div class=\"flex items-center justify-center absolute w-[18px] h-6 left-0 top-0 bg-white\/90 flex-none z-[1]\" aria-hidden=\"true\">\n                                    <span class=\"font-normal text-base leading-[17px] tracking-[1.3px] uppercase text-black flex-none\">2<\/span>\n                                <\/div>\n<\/p><\/div>\n<div class=\"flex flex-col items-center justify-center gap-1.5 w-[173px] h-20 flex-none\">\n<p class=\"font-article-heading font-medium text-base leading-[21px] text-gray-800 w-[173px] line-clamp-3 group-hover:underline\">\n                                    As it happened: Vuelta a Espa\u00f1a stage 3 comes to a premature end\n                                <\/p>\n<\/p><\/div>\n<\/article>\n<article class=\"m-0 box-border flex flex-row items-center pr-2.5 gap-[15px] w-[278px] h-20 flex-none\" role=\"listitem\" aria-label=\"Recommended article 3 of 3\">\n<div class=\"relative flex-none w-20 h-20\">\n<p>    <img decoding=\"async\" src=\"https:\/\/cdn.mos.cms.futurecdn.net\/vETsTHza7k737YsxL2SqkR.jpg\" alt=\"ANDORRA LA VELLA, ANDORRA - AUGUST 25: Tadej Pogacar of Slovenia and UAE Team Emirates XRG - Red Leader Jersey attacks in the breakaway during the La Vuelta - 81st Tour of Spain 2026, Stage 4 a 104.8km from Andorra la Vella to Andorra la Vella \/ #UCIWT \/ on August 25, 2026 in Andorra la Vella, Andorra. (Photo by Tim de Waele\/Getty Images)\" loading=\"lazy\" class=\"rounded-[var(--image--border-radius,0)] w-20 h-20 object-cover flex-none rounded-lg\"><\/p>\n<div class=\"flex items-center justify-center absolute w-[18px] h-6 left-0 top-0 bg-white\/90 flex-none z-[1]\" aria-hidden=\"true\">\n                                    <span class=\"font-normal text-base leading-[17px] tracking-[1.3px] uppercase text-black flex-none\">3<\/span>\n                                <\/div>\n<\/p><\/div>\n<div class=\"flex flex-col items-center justify-center gap-1.5 w-[173px] h-20 flex-none\">\n<p class=\"font-article-heading font-medium text-base leading-[21px] text-gray-800 w-[173px] line-clamp-3 group-hover:underline\">\n                                    As it happened: Domination on stage 4 of the Vuelta a Espa\u00f1a with a long-range solo move in Andorra\n                                <\/p>\n<\/p><\/div>\n<\/article>\n<article class=\"page-content-onecol flex-1\nnews-article article\n\"><\/p>\n<div class=\"widget-area-group widget-area-group-2col flex flex-wrap box-border\">\n<div id=\"widgetArea16\" class=\"widget-area basis-full md:basis-2\/3 widget-area-g-md-vp-2-3 widget-area-g-lg-vp-2-3 widget-area-g-xl-vp-2-3 page-widget-area-16\">\n<div data-widget-type=\"hero\" id=\"hero\" class=\"clear-both widget widget-hero widget-hero widget-hero-hero widget-hero widget-hero-fter-news\">\n<div class=\"clear-both widget-header\">\n<\/div>\n<div class=\"news-article\">\n<header data-component-name=\"Article:Hero\">\n<div id=\"kiosq-metered-message\" class=\"kiosq-metered-message-content\"><\/div>\n<nav class=\"breadcrumb\" aria-label=\"Breadcrumbs\">\n<ol>\n<li>\nPro Cycling\n<\/li>\n<li>\nRacing\n<\/li>\n<li>\nRoad\n<\/li>\n<li>\nVuelta a Espa\u00f1a\n<\/li>\n<\/ol>\n<\/nav>\n<h1>2026 Vuelta a Espa\u00f1a penalties, fines and yellow cards &#8211; XDS Astana&#8217;s Alessandro Romele gets yellow card for &#8216;improper conduct&#8217; that caused crash in Vuelta a Espa\u00f1a stage 7<\/h1>\n<div class=\"byline-social\">\n<div class=\"vds-byline-block flex flex-row flex-nowrap my-1.5 gap-2 text-left items-start justify-start\" data-component-name=\"Article:BylineBlock\">\n<p>News<\/p>\n<div class=\"my-auto vds-simple-byline\">\n<span class=\"inline-block vds-author\"><br \/>\nBy<br \/>\nKirsten Frattini <\/span><br \/>\n<span class=\"inline-block h-3 my-auto border-l border-solid vds-simple-byline__divider max-sm:hidden\"><\/span><\/p>\n<div class=\"flex gap-1 vds-byline-with-avatar__meta\">\n<span class=\"vds-date block font-normal tracking-normal normal-case text-xs\"><br \/>\nLast updated<br \/>\n<time data-component-name=\"UI:DateTime\" datetime=\"2026-08-28T18:26:28Z\" class=\"relative-date\"><br \/>\n28 August 2026<br \/>\n<\/time><br \/>\n<\/span>\n<\/div>\n<\/div>\n<\/div>\n<p class=\"strapline\">Luca Boven hit the deck after Romele lost control on a speed hump<\/p>\n<\/div>\n<aside class=\"text-gray-700 flex items-center mx-0 my-5 p-0 justify-start text-left\" id=\"affiliate-disclaimer\" data-component-name=\"AffiliateDisclaimer\" data-hawk-message=\"Affiliate disclaimer removed because hawk deemed there are no affiliate links on this page\">\n<p class=\"text-[color:var(--affiliate-disclaimer--text-color,inherit)] mb-2 text-[length:var(--affiliate-disclaimer--font-size,0.75rem)] leading-[18px] md:text-[13px] [&amp;&gt;a]:text-inherit [&amp;&gt;a]:underline\">\nWhen you purchase through links on our site, we may earn an affiliate commission. Here\u2019s how it works.\n<\/p>\n<\/aside>\n<\/header>\n<\/div>\n<\/div>\n<div data-widget-type=\"contentparsed\" id=\"content\" class=\"clear-both widget widget-contentparsed widget-content widget-contentparsed-content widget-content-parsed widget-content-parsed-content_document \">\n<div class=\"wcp-item-content\">\n<section class=\"content-wrapper\">\n<div class=\"box less-space hero-image-wrapper\">\n<figure class=\"mb-0\">\n<p><img decoding=\"async\" src=\"https:\/\/cdn.mos.cms.futurecdn.net\/CT5zmMV4ht4nefcttNfpyj.jpg\" alt=\"Alessandro Romele (L) in the sprint on stage 5\" class=\"rounded-[var(--image--border-radius,0)] block-image-ads hero-image absolute top-0 left-0 w-full h-full object-center\" data-component-name=\"Image\"><figcaption class=\"font-article-copy text-(--image--text--color) font-article-copy mt-2\"> <span class=\"caption-text font-article-copy\">Alessandro Romele, Vincenzo Albanese, Axel Laurance, Orluis Aular, Matthew Brennan, Jordi Meeus prepare to sprint at finish line during the La Vuelta<\/span><br \/>\n<span class=\"credit font-article-copy\">(Image credit: Getty Images)<\/span><br \/>\n<\/figcaption><\/figure>\n<\/div>\n<div data-component-name=\"Article:JumpTo\" class=\"contents\" data-only-inline=\"0\">\n<div class=\"visible flex flex-row flex-nowrap sticky max-lg:-ml-5 top-[var(--site-header-height,60px)] sm:top-0 z-[9994] w-screen lg:w-full h-[50px] bg-white p-0 mb-5 border-neutral-200 border border-solid xl:hidden\" data-component-name=\"Article:JumpTo:Variants:Inline\" data-analytics-id=\"sticky-nav\" id=\"sticky-nav--inline\" data-mrf-recirculation=\"sticky-nav\">\n<div class=\"flex flex-row w-full h-full overflow-x-scroll overflow-y-hidden tracking-normal overscroll-x-contain\" id=\"sticky-nav__scroll-container\">\n<span class=\"pl-4 my-auto text-base font-semibold font-article-heading lg:pl-3 lg:text-sm whitespace-nowrap uppercase\">Jump To:<\/span><\/p>\n<ul class=\"flex flex-row w-auto border-y-0\">\n<li class=\"inline-flex after:content-[&apos;&apos;] after:inline-block after:relative after:h-3\/6 after:w-px after:bg-neutral-200 after:top-1\/4\nborder-b-[3px] border-b-(--jumpto-underline-color) border-solid font-semibold \" data-component-name=\"Article:JumpTo:Inline:Link\">\n<p>Stage 1-4<\/p>\n<\/li>\n<li class=\"inline-flex after:content-[&apos;&apos;] after:inline-block after:relative after:h-3\/6 after:w-px after:bg-neutral-200 after:top-1\/4\n\" data-component-name=\"Article:JumpTo:Inline:Link\">\n<p>Stage 5<\/p>\n<\/li>\n<li class=\"inline-flex after:content-[&apos;&apos;] after:inline-block after:relative after:h-3\/6 after:w-px after:bg-neutral-200 after:top-1\/4\n\" data-component-name=\"Article:JumpTo:Inline:Link\">\n<p>Stage 7<\/p>\n<\/li>\n<\/ul>\n<\/div>\n<\/div>\n<\/div>\n<div id=\"article-body\" class=\"text-copy bodyCopy auto paywall-locker\">\n<div data-analytics-id=\"utility-bar\" id=\"utility-bar\" class=\"font-ui-heading flex justify-between items-center py-2 border-t border-b border-gray-300 border-solid mb-5 mx-auto\" data-component-name=\"UtilityBar\" data-mrf-recirculation=\"utility-bar\">\n<div class=\"flex gap-2 text-[#333] subcontainer\">\n<div class=\"relative tooltip-container\" role=\"tooltip\">\n<div data-component-name=\"Social:Dropdown\" role=\"menu\" id=\"utilitybar__dropdown--share\" aria-labelledby=\"utilitybar__button--share\" class=\"absolute left-0 top-full w-44 bg-white rounded-md shadow-md border border-neutral-200 z-[9996] list-none m-0 py-2 px-3 border-solid\">\n<ul class=\"m-0!\">\n<li class=\"!p-0 !m-0 list-none border-b border-gray-200 border-solid\">\n<\/li>\n<li class=\"!p-0 !m-0 list-none border-b border-gray-200 border-solid\">\n<p>Facebook<\/p>\n<\/li>\n<li class=\"!p-0 !m-0 list-none border-b border-gray-200 border-solid\">\n<p>X<\/p>\n<\/li>\n<li class=\"!p-0 !m-0 list-none border-b border-gray-200 border-solid\">\n<p>Pinterest<\/p>\n<\/li>\n<li class=\"!p-0 !m-0 list-none border-b border-gray-200 border-solid\">\n<p>Email<\/p>\n<\/li>\n<\/ul>\n<\/div>\n<div class=\"font-ui-heading max-sm:hidden tooltip absolute left-1\/2 bg-gray-900 text-white text-xs leading-none px-3 py-1.5 rounded-md z-[10001] whitespace-nowrap\" id=\"tooltip-share-this-article\" role=\"tooltip\" aria-hidden=\"true\">\nShare this article\n<\/div>\n<\/div>\n<div class=\"relative tooltip-container\" role=\"tooltip\">\n<p>    <span class=\"ml-1 inline-flex h-5 px-2 shrink-0 items-center justify-center self-center overflow-hidden whitespace-nowrap rounded-[10px] bg-primary-500 text-[11px] leading-none font-ui-heading font-semibold text-white\">0<\/span><\/p>\n<div class=\"font-ui-heading max-sm:hidden tooltip absolute left-1\/2 bg-gray-900 text-white text-xs leading-none px-3 py-1.5 rounded-md z-[10001] whitespace-nowrap\" id=\"tooltip-join-the-conversation\" role=\"tooltip\" aria-hidden=\"true\">\nJoin the conversation\n<\/div>\n<\/div>\n<\/div>\n<div class=\"flex gap-2 text-[#333] subcontainer\">\n<div class=\"relative tooltip-container\" role=\"tooltip\">\n<p>Follow us<\/p>\n<div class=\"font-ui-heading max-sm:hidden tooltip absolute left-1\/2 bg-gray-900 text-white text-xs leading-none px-3 py-1.5 rounded-md z-[10001] whitespace-nowrap\" id=\"tooltip-add-us-as-a-preferred-source-on-google\" role=\"tooltip\" aria-hidden=\"true\">\nAdd us as a preferred source on Google\n<\/div>\n<\/div>\n<div class=\"relative tooltip-container\" role=\"tooltip\">\n<div class=\"font-ui-heading max-sm:hidden tooltip absolute left-1\/2 bg-gray-900 text-white text-xs leading-none px-3 py-1.5 rounded-md z-[10001] whitespace-nowrap\" id=\"tooltip-subscribe-to-our-newsletter\" role=\"tooltip\" aria-hidden=\"true\">\nSubscribe to our newsletter\n<\/div>\n<\/div>\n<\/div>\n<\/div>\n<p id=\"elk-ae799bfe-9c0d-11f1-b848-e141ccb011c9\">Alessandro Romele (XDS Astana) earned a yellow card during stage 7 of the 2026 Vuelta a Espa\u00f1a after sparking an unfortunate crash for Lotto-Intermarch\u00e9&#8217;s Luca Boven.<\/p>\n<div id=\"ad-unit-1\" class=\"ad-unit\"><\/div>\n<p>Romele appeared to be standing stiff-legged on his bike, perhaps stretching, as the peloton freewheeled through a town, but when he hit a speed hump, he lost control and swerved to the right, pushing Boven into the kerb.<\/p>\n<p><a id=\"elk-seasonal\"><\/a><\/p>\n<aside data-article-category=\"pro-cycling\" data-block-type=\"embed\" data-render-type=\"fte\" data-skip=\"dealsy\" data-widget-type=\"seasonal\" class=\"ecom-root\"><\/aside>\n<p id=\"elk-ae799bfe-9c0d-11f1-b848-e141ccb011c9-2\" aria-hidden=\"true\" class=\"kiosq-b\">The Belgian had nowhere to go, and tumbled onto the pavement on his backside. Although he was eventually able to get back up and finish the stage, he came across the line dead last, 33 minutes behind stage winner Andreas Leknessund (Uno-X Mobility).<\/p>\n<div class=\"my-6 w-full overflow-hidden rounded-[10px] lg:my-8\" data-component-name=\"JwPlayer:Carousel\" data-jwp-carousel data-jwp-carousel-payload=\"{&quot;ids&quot;:{&quot;playerID&quot;:&quot;jYDCcabO&quot;,&quot;searchPlaylistID&quot;:&quot;gwjdoYHD&quot;,&quot;divID&quot;:&quot;botr_gwjdoYHD_jYDCcabO_div&quot;,&quot;fallbackPlaylistID&quot;:&quot;gwjdoYHD&quot;,&quot;fallbackDivID&quot;:&quot;botr_gwjdoYHD_jYDCcabO_div&quot;,&quot;key&quot;:&quot;X9\/mXVGac0NphghLH9hZaqWA5d3dhAM\/Ih07grnEyMLjuO2E&quot;,&quot;tintLogo&quot;:true,&quot;useSearchPlaylist&quot;:false,&quot;enabled&quot;:true},&quot;signPostingEnabled&quot;:true,&quot;signPostingLinkEnabled&quot;:true,&quot;waitForAdLoad&quot;:false,&quot;hidePlayerOnDesktop&quot;:false,&quot;hidePlayerOnMobile&quot;:false,&quot;hidePlayerOnTablet&quot;:false}\">\n<div class=\"flex flex-nowrap items-center justify-between gap-3 bg-zinc-900 px-[14px] py-3\" data-jwp-carousel-header>\n<div class=\"flex min-w-0 shrink items-center\"><span class=\"inline-flex items-center gap-1.5 text-sm font-article-heading capitalize leading-5 text-white whitespace-nowrap\"><span class=\"jwp-carousel-title-mobile\"><\/span><span class=\"jwp-carousel-title-desktop\">Latest Videos From<\/span><span class=\"jwp-carousel-brand\">Cyclingnews<\/span><\/span><\/div>\n<\/div>\n<div class=\"aspect-video w-full min-h-[200px] lg:min-h-[330px] relative overflow-hidden bg-black\" data-jwp-carousel-container>\n<div class=\"absolute inset-0 size-full\" data-jwp-carousel-player-host><\/div>\n<div class=\"absolute inset-0 size-full items-center justify-center bg-white\" data-jwp-carousel-fallback><\/div>\n<\/div>\n<div class=\"min-h-[44px] bg-zinc-900 px-[14px] py-3\" data-jwp-carousel-signposting><a class=\"invisible block truncate text-sm font-bold leading-5 text-white underline decoration-solid underline-offset-2\" data-jwp-carousel-signposting-link href target=\"_blank\" rel=\"noopener noreferrer\"><span data-jwp-carousel-signposting-title>Watch full video here: <\/span><\/a><\/div>\n<\/div>\n<p aria-hidden=\"true\" class=\"kiosq-b\">The dicey move earned Romele a yellow card for &#8216;Improper conduct that endangers others&#8217;, according to the race communique.<\/p>\n<div id=\"ad-unit-2\" class=\"ad-unit\"><\/div>\n<div class=\"see-more see-more--clipped kiosq-b\" id=\"elk-2093350407804223941\" aria-hidden=\"true\">\n<figure>\n<blockquote class=\"twitter-tweet hawk-ignore\" data-lang=\"en\" cite=\"https:\/\/twitter.com\/cantworkitout\/status\/2093350407804223941\">\n<p lang=\"en\" dir=\"ltr\">\ud83e\udd76 El golpetazo de Luca van Boven tras ser cerrado por un corredor de Astana.#LaVuelta26 #LaCasadelCiclismo pic.twitter.com\/n2HYZv5vEAAugust 28, 2026<\/p>\n<\/blockquote>\n<\/figure>\n<div class=\"see-more__filter\"><\/div>\n<\/div>\n<p id=\"elk-fcb46e46-a30d-11f1-b83e-058b084f7104\" aria-hidden=\"true\" class=\"kiosq-b\">It was the third yellow card of the race after two were handed out on stage 5 after some dicey actions in the reduced bunch sprint into Terres de l&#8217;Ebre.<\/p>\n<aside data-component-name=\"Recirculation:ArticleRiver\" data-recirculation-type=\"inline\" data-mrf-recirculation=\"Trending Bar\" data-nosnippet class=\"clear-both pt-2 pb-0 mb-4\">\n        <span class=\"\n            flex\n            after:content-[&apos;&apos;] after:flex-1 after:ml-4 after:my-[0.7rem] after:border-t after:border-solid after:border-t-[#ccc]\n            before:content-[&apos;&apos;] before:flex-1 before:mr-4 before:my-[0.7rem] before:border-t before:border-solid before:border-t-[#ccc]\n            font-article-heading pb-0 text-[length:var(--article-river-title--font-size,1em)] uppercase sm:text-[length:var(--article-river-title--font-size,0.875em)] font-bold\n        \"><br \/>\n            You may like<br \/>\n        <\/span><\/p>\n<ul class=\"flex flex-col gap-0 m-0 max-w-full\">\n<li class=\"m-0 list-none border-b border-solid border-[#ededed] py-2\" data-recirculation-id=\"recirculation-card-1\" id=\"recirculation-inline-1\" data-analytics-id=\"recirculation-inline-1\" data-mrf-recirculation=\"recirculation-inline-1\">\n<p>    <img decoding=\"async\" src=\"https:\/\/cdn.mos.cms.futurecdn.net\/iwsWCGTeFNxYAbspuFLLZR.jpg\" alt=\"Visma-Lease a Bike rider Sepp Kuss was cited twice on stage 20 of the Tour de France for littering\" loading=\"lazy\" class=\"rounded-[var(--image--border-radius,0)] aspect-square size-[75px] object-cover shrink-0 rounded-lg\"><\/p>\n<p>                        <span class=\"w-full text-base font-[var(--article-river-item--font-weight,500)] font-article-heading line-clamp-3 md:line-clamp-2\">Tour de France penalties, fines and yellow cards \u2013 Three riders found guilty of infractions on stage 20 with Sepp Kuss hardest hit for littering<\/span><\/p>\n<\/li>\n<li class=\"m-0 list-none border-b border-solid border-[#ededed] py-2\" data-recirculation-id=\"recirculation-card-2\" id=\"recirculation-inline-2\" data-analytics-id=\"recirculation-inline-2\" data-mrf-recirculation=\"recirculation-inline-2\">\n<p>    <img decoding=\"async\" src=\"https:\/\/cdn.mos.cms.futurecdn.net\/JzdkqXgEpAJTDNXBucpbK4.jpg\" alt=\"A general view of the Giro d&amp;#039;Italia Women - a small group ahead of the race convoy\" loading=\"lazy\" class=\"rounded-[var(--image--border-radius,0)] aspect-square size-[75px] object-cover shrink-0 rounded-lg\"><\/p>\n<p>                        <span class=\"w-full text-base font-[var(--article-river-item--font-weight,500)] font-article-heading line-clamp-3 md:line-clamp-2\">Giro d&#8217;Italia Women penalties, fines \u2013 AG Insurance Soudal adds three more yellow cards on final day of racing<\/span><\/p>\n<\/li>\n<li class=\"m-0 list-none border-b border-solid border-[#ccc] py-2\" data-recirculation-id=\"recirculation-card-3\" id=\"recirculation-inline-3\" data-analytics-id=\"recirculation-inline-3\" data-mrf-recirculation=\"recirculation-inline-3\">\n<p>    <img decoding=\"async\" src=\"https:\/\/cdn.mos.cms.futurecdn.net\/TnA5PhYJg5UTfb7uEu9qaH.jpg\" alt=\"NICE, FRANCE - AUGUST 08: A general view of the peloton competing during the 5th Tour de France Femmes 2026, Stage 8 a 171.9km stage from Sisteron to Nice \/ #UCIWWT \/ on August 08, 2026 in Nice, France. (Photo by Tim de Waele\/Getty Images)\" loading=\"lazy\" class=\"rounded-[var(--image--border-radius,0)] aspect-square size-[75px] object-cover shrink-0 rounded-lg\"><\/p>\n<p>                        <span class=\"w-full text-base font-[var(--article-river-item--font-weight,500)] font-article-heading line-clamp-3 md:line-clamp-2\">Tour de France Femmes 2026: All the yellow cards, fines, and penalties from across the nine days of racing<\/span><\/p>\n<\/li>\n<\/ul>\n<\/aside>\n<p aria-hidden=\"true\" class=\"kiosq-b\">Alexey Lutsenko (NSN Cycling) was given a yellow card for deviating from his line in the sprint, while Orluis Aular (Movistar) was relegated from sixth place to 89th, was given a yellow card and docked eight points for elbowing another rider during the sprint.<\/p>\n<p aria-hidden=\"true\" class=\"kiosq-b\">Over the three weeks and 21 days of racing in a Grand Tour, there are many chances for riders and teams to break rules \u2013 purposefully or inadvertently.<\/p>\n<div id=\"slice-container-newsletterForm-articleInbodyContent-ftGeKXT3tL9ddGVpycAV4Z\" class=\"slice-container newsletter-inbodyContent-slice newsletterForm-articleInbodyContent-ftGeKXT3tL9ddGVpycAV4Z slice-container-newsletterForm\">\n<div data-hydrate=\"true\" class=\"newsletter-form__wrapper newsletter-form__wrapper--inbodyContent\">\n<div class=\"newsletter-form__container\">\n<section class=\"newsletter-form__top-bar\">\n<div class=\"newsletter-form__header\">Get The Leadout Newsletter<\/div>\n<\/section>\n<section class=\"newsletter-form__main-section\">\n<p class=\"newsletter-form__strapline\">The latest race content, interviews, features, reviews and expert buying guides, direct to your inbox!<\/p>\n<footer class=\"newsletter-form__footer \">By submitting your information you agree to the Terms &amp; Conditions and Privacy Policy and are aged 16 or over.<\/footer>\n<\/section>\n<\/div>\n<\/div>\n<\/div>\n<p aria-hidden=\"true\" class=\"kiosq-b\">Penalties can be issued for many things, from small issues like feeding too late in a stage or dropping litter outside the designated zone to bigger ones like dangerous sprint deviations and\/or prolonged sticky bottles.<\/p>\n<p aria-hidden=\"true\" class=\"kiosq-b\">Punishments can include cash fines, ranging from a few hundred Swiss francs to the thousands (fines are always issued in Swiss francs, CHF, the currency of the UCI). Riders can also be punished with time deductions, point deductions in certain classifications, relegation, even disqualification for the most serious infringements.<\/p>\n<p aria-hidden=\"true\" class=\"kiosq-b\">Penalties are generally proportional to the offence; for example, dropping litter may result in a cash fine, but a sticky bottle that saves time might earn a time penalty. Cash fines are generally deducted from the team&#8217;s prize money haul at the end of the race.<\/p>\n<aside data-component-name=\"Recirculation:ArticleRiver\" data-recirculation-type=\"inline\" data-mrf-recirculation=\"Trending Bar\" data-nosnippet class=\"clear-both pt-2 pb-0 mb-4\">\n        <span class=\"\n            flex\n            after:content-[&apos;&apos;] after:flex-1 after:ml-4 after:my-[0.7rem] after:border-t after:border-solid after:border-t-[#ccc]\n            before:content-[&apos;&apos;] before:flex-1 before:mr-4 before:my-[0.7rem] before:border-t before:border-solid before:border-t-[#ccc]\n            font-article-heading pb-0 text-[length:var(--article-river-title--font-size,1em)] uppercase sm:text-[length:var(--article-river-title--font-size,0.875em)] font-bold\n        \"><br \/>\n            What to read next<br \/>\n        <\/span><\/p>\n<ul class=\"flex flex-col gap-0 m-0 max-w-full\">\n<li class=\"m-0 list-none border-b border-solid border-[#ededed] py-2\" data-recirculation-id=\"recirculation-card-1\" id=\"recirculation-inline-2-1\" data-analytics-id=\"recirculation-2-inline-1\" data-mrf-recirculation=\"recirculation-2-inline-1\">\n<p>    <img decoding=\"async\" src=\"https:\/\/cdn.mos.cms.futurecdn.net\/yELL6oysNwvGnFHyk6iWd3.jpg\" alt=\"Beloki walks through the hail after stage 3 was cancelled\" loading=\"lazy\" class=\"rounded-[var(--image--border-radius,0)] aspect-square size-[75px] object-cover shrink-0 rounded-lg\"><\/p>\n<p>                        <span class=\"w-full text-base font-[var(--article-river-item--font-weight,500)] font-article-heading line-clamp-3 md:line-clamp-2\">Vuelta a Espa\u00f1a 2026 abandons \u2013\u00a0Tarling and Beloki exit during stage 6<\/span><\/p>\n<\/li>\n<li class=\"m-0 list-none border-b border-solid border-[#ededed] py-2\" data-recirculation-id=\"recirculation-card-2\" id=\"recirculation-inline-2-2\" data-analytics-id=\"recirculation-2-inline-2\" data-mrf-recirculation=\"recirculation-2-inline-2\">\n<p>    <img decoding=\"async\" src=\"https:\/\/cdn.mos.cms.futurecdn.net\/RkQ3caWJuvJd7TgKNKdKKn.jpg\" alt=\"Sepp Kuss, showing part of a tooth he lost in week two, accepts the prize as most combative rider after stage 20\" loading=\"lazy\" class=\"rounded-[var(--image--border-radius,0)] aspect-square size-[75px] object-cover shrink-0 rounded-lg\"><\/p>\n<p>                        <span class=\"w-full text-base font-[var(--article-river-item--font-weight,500)] font-article-heading line-clamp-3 md:line-clamp-2\">Sepp Kuss hit with big fine, time loss and points deduction for littering at Tour de France<\/span><\/p>\n<\/li>\n<li class=\"m-0 list-none border-b border-solid border-[#ccc] py-2\" data-recirculation-id=\"recirculation-card-3\" id=\"recirculation-inline-2-3\" data-analytics-id=\"recirculation-2-inline-3\" data-mrf-recirculation=\"recirculation-2-inline-3\">\n<p>    <img decoding=\"async\" src=\"https:\/\/cdn.mos.cms.futurecdn.net\/CPxWbXXnNwNbQkNsPJbekJ.jpg\" alt=\"MANOSQUE, MONACO - AUGUST 23: A general view of Matthew Brennan of Great Britain and Team Visma | Lease a Bike, Mads Pedersen of Denmark and Team Lidl - Trek sprint at finish line during the La Vuelta - 81st Tour of Spain 2026, Stage 2 a 214.3km from Monaco to Manosque 408m \/ #UCIWT \/ on August 23, 2026 in Manosque, Monaco. (Photo by Alexander Hassenstein\/Getty Images)\" loading=\"lazy\" class=\"rounded-[var(--image--border-radius,0)] aspect-square size-[75px] object-cover shrink-0 rounded-lg\"><\/p>\n<p>                        <span class=\"w-full text-base font-[var(--article-river-item--font-weight,500)] font-article-heading line-clamp-3 md:line-clamp-2\">As it happened: British sensation steals the show in first road stage at La Vuelta a Espa\u00f1a 2026<\/span><\/p>\n<\/li>\n<\/ul>\n<\/aside>\n<p aria-hidden=\"true\" class=\"kiosq-b\">Dangerous infractions can also earn a rider a yellow card, a system introduced a couple of years ago. If a rider or staff member receives more than one yellow card in the same race, they are disqualified and suspended for seven days. Three in 30 days earns a 14-day suspension, whilst six in a year means a 30-day suspension \u2013 though this is yet to happen.<\/p>\n<p aria-hidden=\"true\" class=\"kiosq-b\">The race jury hands out penalties and records them in each day&#8217;s communiqu\u00e9.<\/p>\n<p aria-hidden=\"true\" class=\"kiosq-b\">We are tracking all penalties handed out during the 2026 Vuelta a Espa\u00f1a.<\/p>\n<p aria-hidden=\"true\" class=\"kiosq-b\"><strong>For unbeatable coverage across road, gravel and tech, subscribe to Cyclingnews. You&#8217;ll get comprehensive race coverage of La Vuelta a Espa\u00f1a, subscriber-exclusive analysis from our expert columnists, in-depth features and industry-leading tech insight. Plus, the Cyclingnews app lets you follow the action wherever you go! <\/strong><u><strong>Join today.<\/strong><\/u><\/p>\n<p><a id=\"elk-ae799d20-9c0d-11f1-bf21-f5b5dc08edf7\" aria-hidden=\"true\" class=\"kiosq-b\"><\/a><\/p>\n<h2 id=\"vuelta-a-espana-2026-fines-penalties-and-yellow-cards-3\" aria-hidden=\"true\" class=\"kiosq-b\">Vuelta a Espa\u00f1a 2026 fines, penalties and yellow cards<\/h2>\n<p><a id=\"elk-stage-1-4\" aria-hidden=\"true\" class=\"kiosq-b\"><\/a><\/p>\n<h3 class=\"article-body__section kiosq-b\" id=\"section-stage-1-4\" aria-hidden=\"true\"><span>Stage 1-4<\/span><\/h3>\n<ul id=\"elk-838c2eba-a172-11f1-9915-d90996107c32\" aria-hidden=\"true\" class=\"kiosq-b\">\n<li>None<\/li>\n<\/ul>\n<p><a id=\"elk-stage-5\" aria-hidden=\"true\" class=\"kiosq-b\"><\/a><\/p>\n<h3 class=\"article-body__section kiosq-b\" id=\"section-stage-5\" aria-hidden=\"true\"><span>Stage 5<\/span><\/h3>\n<ul id=\"elk-838c2f82-a172-11f1-a0ed-5f82c657c037\" aria-hidden=\"true\" class=\"kiosq-b\">\n<li>Alexey Lutsenko (NSN Cycling): Deviation from the chosen line that endangers another rider during the final sprint (blow from the elbow) &#8211; Yellow card<\/li>\n<li>Orluis Aular (Movistar): Deviation from the chosen line that endangers another rider during the final sprint (blow from the elbow) &#8211; Yellow card, Relegation, -8 points toward green jersey<\/li>\n<li>Sven Vanthourenhout (Red Bull-Bora-Hansgrohe DS) &#8211; Rider disposing of waste or other objects outside of litter zones, or not returned to team or organisation staff &#8211; 500CHF fine<\/li>\n<\/ul>\n<p><a id=\"elk-stage-7\" aria-hidden=\"true\" class=\"kiosq-b\"><\/a><\/p>\n<h3 class=\"article-body__section kiosq-b\" id=\"section-stage-7\" aria-hidden=\"true\"><span>Stage 7<\/span><\/h3>\n<ul id=\"elk-fcb46f5e-a30d-11f1-9b50-fb6454cb06bd\" aria-hidden=\"true\" class=\"kiosq-b\">\n<li>Alessandro Romele (XDS Astana) &#8211; yellow card for &#8216;Improper conduct that endangers others&#8217;<\/li>\n<li>Irregular feeding: Alexey Lutsenko (NSN), Lorenzo Fortunato and Hekok Mulueberhan (XDS Astana) &#8211; 200CHF each. Also, Decathlon DS Cyril Dessel, XDS Astana DS Alexandr Shefer, and NSN DS Jonathan McCarty 500CHF each.<\/li>\n<\/ul>\n<\/div>\n<div id=\"kiosq-app-paywall-js\"><\/div>\n<div id=\"this-will-be-used-for-mpu-2\"><\/div>\n<div id=\"slice-container-authorBio-ftGeKXT3tL9ddGVpycAV4Z\" class=\"slice-container slice-author-bio authorBio-ftGeKXT3tL9ddGVpycAV4Z slice-container-authorBio\">\n<div class=\"author author__default-layout author--separator author--collapsible\" data-hydrate=\"true\">\n<div class=\"author__header\">\n<div class=\"author__avatar-block\">\n<figure class=\"image-wrapped__wrapper\" data-bordeaux-image-check=\"false\">\n<div class=\"image-wrapped__widthsetter\">\n<div class=\"image-wrapped__aspect-padding\">\n<div><img decoding=\"async\" src=\"https:\/\/cdn.mos.cms.futurecdn.net\/xp8TRbwoGZ3CJANhg7sBy4.jpg\" alt=\"Kirsten Frattini\" class=\"author__avatar image-wrapped__image image__image\" loading=\"lazy\"><\/div>\n<\/div>\n<\/div>\n<\/figure>\n<\/div>\n<div class=\"author__heading\">\n<div class=\"author__name\">Kirsten Frattini<\/div>\n<div class=\"author__social\">\n<nav class=\"button-social-group author__social-buttons\" aria-labelledby=\"button-social-group- author__social-buttons\">\n<div id=\"button-social-group- author__social-buttons\">Social Links Navigation<\/div>\n<p><span class=\"button-social__icon\"><\/span><span class=\"button-social__icon\"><\/span><span class=\"button-social__icon\"><\/span><span class=\"button-social__icon button-social__icon-website\"><\/span><span class=\"button-social__icon button-social__icon-email\"><\/span><\/nav>\n<\/div>\n<div class=\"author__role\">Editor<\/div>\n<\/div>\n<\/div>\n<div class=\"author__bio-wrapper\">\n<div class=\"author__biography\">\n<p>Kirsten Frattini has been the Editor of Cyclingnews since December 2025, overseeing editorial operations and output across the brand and delivering quality, engaging content.<\/p>\n<p>She manages global budgets, racing &amp; events, production scheduling, and contributor commissions, collaborating across content sections and teams in the UK, Europe, North America, and Australia to ensure audience and subscription growth across the brand.<\/p>\n<p>Kirsten has a background in Kinesiology and Health Science. She has been involved in cycling from the community and grassroots level to professional cycling&#8217;s biggest races, reporting on the WorldTour, Spring Classics, Tours de France, World Championships and Olympic Games.<\/p>\n<\/div>\n<\/div>\n<\/div>\n<\/div>\n<\/section>\n<div id=\"viafoura-comments\" aria-hidden=\"true\"><\/div>\n<div class=\"relative max-w-[1070px] viafoura-twig-component mt-6 mx-4 lg:mx-0\" data-component-name=\"Viafoura:Comments\" data-nosnippet data-community-guidelines-text=\"&lt;p class=&apos;vfcustom-community-guidelines&apos;&gt;Please follow our &lt;a href=&quot;https:\/\/www.cyclingnews.com\/about\/#section-community-guidelines&quot; target=&quot;_blank&quot;&gt;community guidelines&lt;\/a&gt;.&lt;\/p&gt;\" data-join-the-conversation-text=\"Join the Conversation\">\n<div class=\"relative h-(--truncate-height) sm:h-(--truncate-desktop-height) overflow-hidden transition-[height] duration-150\" data-test-id=\"container\" data-component-name=\"Util:Truncate\" id=\"viafoura-comments-container\">\n<div class=\"relative z-10 viafoura rounded-[var(--comment-widget-border-radius,0)]\" id=\"viafoura-comment-wrapper\" data-test-id=\"content\">\n<div class=\"viafoura\">\n<div>\n<\/div>\n<\/div>\n<\/div>\n<div class=\"absolute bg-gradient-to-t from-[var(--truncate-gradient-color,white)] from-50% h-28 z-20 w-full bottom-0 flex items-end justify-center px-0 rounded-none\">\n<\/div>\n<\/div>\n<div class=\"absolute top-0 left-0 w-full h-full flex items-center justify-center z-50 bg-white\/90 border-1 rounded-b-[var(--comment-widget-border-radius,0)]\">\n<div class=\"p-2 text-center\">\n<p class=\"mb-3 text-lg!\">You must confirm your public display name before commenting<\/p>\n<p class=\"mb-3 text-sm!\">Please logout and then login again, you will then be prompted to enter your display name.<\/p>\n<\/div>\n<\/div>\n<\/div>\n<div class=\"infinite-container\" data-analytics-id=\"infinite-container\" data-component-name=\"SponsoredScroll\" data-mrf-recirculation=\"infinite-container\">\n<div class=\"infinite-trigger\" aria-hidden=\"true\"><\/div>\n<\/div>\n<section class=\"mx-2 my-5 sm:mx-0\">\n<aside class=\"w-full\" data-nosnippet data-mrf-recirculation=\"article-river-stacked\">\n<div data-recirc-id=\"article-river-stacked-adviser:hybrid\">\n<div class=\"text-white py-4 px-3 mb-4 bg-[#333] uppercase font-bold custom-header-styles\">Read more<\/div>\n<div class=\"grid grid-cols-1 gap-4 mt-4 mb-5\">\n<div>\n<div class=\"aspect-[var(--img-listing-aspect-ratio,16\/9)] relative mb-3.5\">\n<p>    <img decoding=\"async\" src=\"https:\/\/cdn.mos.cms.futurecdn.net\/iwsWCGTeFNxYAbspuFLLZR.jpg\" alt=\"Visma-Lease a Bike rider Sepp Kuss was cited twice on stage 20 of the Tour de France for littering\" loading=\"lazy\" class=\"rounded-[var(--image--border-radius,0)] object-cover w-full h-full\"><\/p><\/div>\n<p>                                                                                                <span class=\"custom-subheading-styles\">Racing<\/span><\/p>\n<p>                            <span class=\"text-base text-black font-bold mx-0 my-2.5 p-0 block custom-text-styles\">Tour de France penalties, fines and yellow cards \u2013 Three riders found guilty of infractions on stage 20 with Sepp Kuss hardest hit for littering<\/span><\/p><\/div>\n<div class=\"relative recirc-feed sponsored-card min-h-[250px]\" data-recirc-id=\"article-river-stacked-ads:native-cards\" data-mrf-recirculation=\"article-river-ads\" data-nosnippet data-ad-slot-path=\"feed-sponsored-post\" data-attribute-device=\"all\">\n<div class=\"sponsored-post max-w-full [&amp;.sponsored-post--loaded+.sponsored-post--placeholder]:hidden [&amp;[data-bordeaux-hook-loaded]+.sponsored-post--placeholder]:hidden\"><\/div>\n<div class=\"max-w-full sponsored-post--placeholder animate-pulse\">\n<div class=\"relative!\">\n            <span class=\"font-ui-heading bg-(--ad-slot-badge-bg-color) absolute text-xs font-bold leading-[14px] tracking-normal text-left text-white px-2.5 py-[5px] left-0 top-0 empty:hidden\"><\/span><\/p>\n<div class=\"aspect-[var(--img-listing-aspect-ratio,16\/9)] relative bg-gray-200\"><\/div>\n<p>            <span class=\"text-base text-black font-bold mx-0 my-2.5 p-0 block bg-gray-100\">\u00a0<br \/>\u00a0<\/span>\n        <\/div>\n<\/p><\/div>\n<\/div>\n<div>\n<div class=\"aspect-[var(--img-listing-aspect-ratio,16\/9)] relative mb-3.5\">\n<p>    <img decoding=\"async\" src=\"https:\/\/cdn.mos.cms.futurecdn.net\/JzdkqXgEpAJTDNXBucpbK4.jpg\" alt=\"A general view of the Giro d&amp;#039;Italia Women - a small group ahead of the race convoy\" loading=\"lazy\" class=\"rounded-[var(--image--border-radius,0)] object-cover w-full h-full\"><\/p><\/div>\n<p>                                                                                                <span class=\"custom-subheading-styles\">Women&#8217;s Cycling<\/span><\/p>\n<p>                            <span class=\"text-base text-black font-bold mx-0 my-2.5 p-0 block custom-text-styles\">Giro d&#8217;Italia Women penalties, fines \u2013 AG Insurance Soudal adds three more yellow cards on final day of racing<\/span><\/p><\/div>\n<div class=\"relative recirc-feed sponsored-card min-h-[250px]\" data-recirc-id=\"article-river-stacked-ads:native-cards\" data-mrf-recirculation=\"article-river-ads\" data-nosnippet data-ad-slot-path=\"feed-sponsored-post\" data-attribute-device=\"all\">\n<div class=\"sponsored-post max-w-full [&amp;.sponsored-post--loaded+.sponsored-post--placeholder]:hidden [&amp;[data-bordeaux-hook-loaded]+.sponsored-post--placeholder]:hidden\"><\/div>\n<div class=\"max-w-full sponsored-post--placeholder animate-pulse\">\n<div class=\"relative!\">\n            <span class=\"font-ui-heading bg-(--ad-slot-badge-bg-color) absolute text-xs font-bold leading-[14px] tracking-normal text-left text-white px-2.5 py-[5px] left-0 top-0 empty:hidden\"><\/span><\/p>\n<div class=\"aspect-[var(--img-listing-aspect-ratio,16\/9)] relative bg-gray-200\"><\/div>\n<p>            <span class=\"text-base text-black font-bold mx-0 my-2.5 p-0 block bg-gray-100\">\u00a0<br \/>\u00a0<\/span>\n        <\/div>\n<\/p><\/div>\n<\/div>\n<div>\n<div class=\"aspect-[var(--img-listing-aspect-ratio,16\/9)] relative mb-3.5\">\n<p>    <img decoding=\"async\" src=\"https:\/\/cdn.mos.cms.futurecdn.net\/TnA5PhYJg5UTfb7uEu9qaH.jpg\" alt=\"NICE, FRANCE - AUGUST 08: A general view of the peloton competing during the 5th Tour de France Femmes 2026, Stage 8 a 171.9km stage from Sisteron to Nice \/ #UCIWWT \/ on August 08, 2026 in Nice, France. (Photo by Tim de Waele\/Getty Images)\" loading=\"lazy\" class=\"rounded-[var(--image--border-radius,0)] object-cover w-full h-full\"><\/p><\/div>\n<p>                                                                                                <span class=\"custom-subheading-styles\">Women&#8217;s Cycling<\/span><\/p>\n<p>                            <span class=\"text-base text-black font-bold mx-0 my-2.5 p-0 block custom-text-styles\">Tour de France Femmes 2026: All the yellow cards, fines, and penalties from across the nine days of racing<\/span><\/p><\/div>\n<div class=\"relative recirc-feed sponsored-card min-h-[250px]\" data-recirc-id=\"article-river-stacked-ads:native-cards\" data-mrf-recirculation=\"article-river-ads\" data-nosnippet data-ad-slot-path=\"feed-sponsored-post\" data-attribute-device=\"all\">\n<div class=\"sponsored-post max-w-full [&amp;.sponsored-post--loaded+.sponsored-post--placeholder]:hidden [&amp;[data-bordeaux-hook-loaded]+.sponsored-post--placeholder]:hidden\"><\/div>\n<div class=\"max-w-full sponsored-post--placeholder animate-pulse\">\n<div class=\"relative!\">\n            <span class=\"font-ui-heading bg-(--ad-slot-badge-bg-color) absolute text-xs font-bold leading-[14px] tracking-normal text-left text-white px-2.5 py-[5px] left-0 top-0 empty:hidden\"><\/span><\/p>\n<div class=\"aspect-[var(--img-listing-aspect-ratio,16\/9)] relative bg-gray-200\"><\/div>\n<p>            <span class=\"text-base text-black font-bold mx-0 my-2.5 p-0 block bg-gray-100\">\u00a0<br \/>\u00a0<\/span>\n        <\/div>\n<\/p><\/div>\n<\/div>\n<div>\n<div class=\"aspect-[var(--img-listing-aspect-ratio,16\/9)] relative mb-3.5\">\n<p>    <img decoding=\"async\" src=\"https:\/\/cdn.mos.cms.futurecdn.net\/yELL6oysNwvGnFHyk6iWd3.jpg\" alt=\"Beloki walks through the hail after stage 3 was cancelled\" loading=\"lazy\" class=\"rounded-[var(--image--border-radius,0)] object-cover w-full h-full\"><\/p><\/div>\n<p>                                                                                                <span class=\"custom-subheading-styles\">Racing<\/span><\/p>\n<p>                            <span class=\"text-base text-black font-bold mx-0 my-2.5 p-0 block custom-text-styles\">Vuelta a Espa\u00f1a 2026 abandons \u2013\u00a0Tarling and Beloki exit during stage 6<\/span><\/p><\/div>\n<div class=\"relative recirc-feed sponsored-card min-h-[250px]\" data-recirc-id=\"article-river-stacked-ads:native-cards\" data-mrf-recirculation=\"article-river-ads\" data-nosnippet data-ad-slot-path=\"feed-sponsored-post\" data-attribute-device=\"all\">\n<div class=\"sponsored-post max-w-full [&amp;.sponsored-post--loaded+.sponsored-post--placeholder]:hidden [&amp;[data-bordeaux-hook-loaded]+.sponsored-post--placeholder]:hidden\"><\/div>\n<div class=\"max-w-full sponsored-post--placeholder animate-pulse\">\n<div class=\"relative!\">\n            <span class=\"font-ui-heading bg-(--ad-slot-badge-bg-color) absolute text-xs font-bold leading-[14px] tracking-normal text-left text-white px-2.5 py-[5px] left-0 top-0 empty:hidden\"><\/span><\/p>\n<div class=\"aspect-[var(--img-listing-aspect-ratio,16\/9)] relative bg-gray-200\"><\/div>\n<p>            <span class=\"text-base text-black font-bold mx-0 my-2.5 p-0 block bg-gray-100\">\u00a0<br \/>\u00a0<\/span>\n        <\/div>\n<\/p><\/div>\n<\/div>\n<div>\n<div class=\"aspect-[var(--img-listing-aspect-ratio,16\/9)] relative mb-3.5\">\n<p>    <img decoding=\"async\" src=\"https:\/\/cdn.mos.cms.futurecdn.net\/RkQ3caWJuvJd7TgKNKdKKn.jpg\" alt=\"Sepp Kuss, showing part of a tooth he lost in week two, accepts the prize as most combative rider after stage 20\" loading=\"lazy\" class=\"rounded-[var(--image--border-radius,0)] object-cover w-full h-full\"><\/p><\/div>\n<p>                                                                                                <span class=\"custom-subheading-styles\">Teams &amp; Riders<\/span><\/p>\n<p>                            <span class=\"text-base text-black font-bold mx-0 my-2.5 p-0 block custom-text-styles\">Sepp Kuss hit with big fine, time loss and points deduction for littering at Tour de France<\/span><\/p><\/div>\n<div class=\"relative recirc-feed sponsored-card min-h-[250px]\" data-recirc-id=\"article-river-stacked-ads:native-cards\" data-mrf-recirculation=\"article-river-ads\" data-nosnippet data-ad-slot-path=\"feed-sponsored-post\" data-attribute-device=\"all\">\n<div class=\"sponsored-post max-w-full [&amp;.sponsored-post--loaded+.sponsored-post--placeholder]:hidden [&amp;[data-bordeaux-hook-loaded]+.sponsored-post--placeholder]:hidden\"><\/div>\n<div class=\"max-w-full sponsored-post--placeholder animate-pulse\">\n<div class=\"relative!\">\n            <span class=\"font-ui-heading bg-(--ad-slot-badge-bg-color) absolute text-xs font-bold leading-[14px] tracking-normal text-left text-white px-2.5 py-[5px] left-0 top-0 empty:hidden\"><\/span><\/p>\n<div class=\"aspect-[var(--img-listing-aspect-ratio,16\/9)] relative bg-gray-200\"><\/div>\n<p>            <span class=\"text-base text-black font-bold mx-0 my-2.5 p-0 block bg-gray-100\">\u00a0<br \/>\u00a0<\/span>\n        <\/div>\n<\/p><\/div>\n<\/div>\n<div>\n<div class=\"aspect-[var(--img-listing-aspect-ratio,16\/9)] relative mb-3.5\">\n<p>    <img decoding=\"async\" src=\"https:\/\/cdn.mos.cms.futurecdn.net\/CPxWbXXnNwNbQkNsPJbekJ.jpg\" alt=\"MANOSQUE, MONACO - AUGUST 23: A general view of Matthew Brennan of Great Britain and Team Visma | Lease a Bike, Mads Pedersen of Denmark and Team Lidl - Trek sprint at finish line during the La Vuelta - 81st Tour of Spain 2026, Stage 2 a 214.3km from Monaco to Manosque 408m \/ #UCIWT \/ on August 23, 2026 in Manosque, Monaco. (Photo by Alexander Hassenstein\/Getty Images)\" loading=\"lazy\" class=\"rounded-[var(--image--border-radius,0)] object-cover w-full h-full\"><\/p><\/div>\n<p>                                                                                                <span class=\"custom-subheading-styles\">Racing<\/span><\/p>\n<p>                            <span class=\"text-base text-black font-bold mx-0 my-2.5 p-0 block custom-text-styles\">As it happened: British sensation steals the show in first road stage at La Vuelta a Espa\u00f1a 2026<\/span><\/p><\/div>\n<div class=\"relative recirc-feed sponsored-card min-h-[250px]\" data-recirc-id=\"article-river-stacked-ads:native-cards\" data-mrf-recirculation=\"article-river-ads\" data-nosnippet data-ad-slot-path=\"feed-sponsored-post\" data-attribute-device=\"all\">\n<div class=\"sponsored-post max-w-full [&amp;.sponsored-post--loaded+.sponsored-post--placeholder]:hidden [&amp;[data-bordeaux-hook-loaded]+.sponsored-post--placeholder]:hidden\"><\/div>\n<div class=\"max-w-full sponsored-post--placeholder animate-pulse\">\n<div class=\"relative!\">\n            <span class=\"font-ui-heading bg-(--ad-slot-badge-bg-color) absolute text-xs font-bold leading-[14px] tracking-normal text-left text-white px-2.5 py-[5px] left-0 top-0 empty:hidden\"><\/span><\/p>\n<div class=\"aspect-[var(--img-listing-aspect-ratio,16\/9)] relative bg-gray-200\"><\/div>\n<p>            <span class=\"text-base text-black font-bold mx-0 my-2.5 p-0 block bg-gray-100\">\u00a0<br \/>\u00a0<\/span>\n        <\/div>\n<\/p><\/div>\n<\/div><\/div>\n<\/p><\/div>\n<\/aside>\n<aside class=\"w-full\" data-nosnippet data-mrf-recirculation=\"article-river-stacked\">\n<div data-recirc-id=\"article-river-stacked-solr:latest-category\">\n<div class=\"text-white py-4 px-3 mb-4 bg-[#333] uppercase font-bold custom-header-styles\">Latest in Racing<\/div>\n<div class=\"grid grid-cols-1 gap-4 mt-4 mb-5\">\n<div>\n<div class=\"aspect-[var(--img-listing-aspect-ratio,16\/9)] relative mb-3.5\">\n<p>    <img decoding=\"async\" src=\"https:\/\/cdn.mos.cms.futurecdn.net\/yt79PW2pJtSFxkDjt7Nz65.jpg\" alt=\"Pogacar makes a peace sign as he finishes stage 7 in the red jersey\" loading=\"lazy\" class=\"rounded-[var(--image--border-radius,0)] object-cover w-full h-full\"><\/p><\/div>\n<p>                                                                                                <span class=\"custom-subheading-styles\">Racing<\/span><\/p>\n<p>                            <span class=\"text-base text-black font-bold mx-0 my-2.5 p-0 block custom-text-styles\">&#8216;I wasn&#8217;t angry at all&#8217; &#8211; Vuelta a Espa\u00f1a leader Tadej Poga\u010dar denies he attacked on Aram\u00f3n Valdelinares finish because he was upset<\/span><\/p><\/div>\n<div class=\"relative recirc-feed sponsored-card min-h-[250px]\" data-recirc-id=\"article-river-stacked-ads:native-cards\" data-mrf-recirculation=\"article-river-ads\" data-nosnippet data-ad-slot-path=\"feed-sponsored-post\" data-attribute-device=\"all\">\n<div class=\"sponsored-post max-w-full [&amp;.sponsored-post--loaded+.sponsored-post--placeholder]:hidden [&amp;[data-bordeaux-hook-loaded]+.sponsored-post--placeholder]:hidden\"><\/div>\n<div class=\"max-w-full sponsored-post--placeholder animate-pulse\">\n<div class=\"relative!\">\n            <span class=\"font-ui-heading bg-(--ad-slot-badge-bg-color) absolute text-xs font-bold leading-[14px] tracking-normal text-left text-white px-2.5 py-[5px] left-0 top-0 empty:hidden\"><\/span><\/p>\n<div class=\"aspect-[var(--img-listing-aspect-ratio,16\/9)] relative bg-gray-200\"><\/div>\n<p>            <span class=\"text-base text-black font-bold mx-0 my-2.5 p-0 block bg-gray-100\">\u00a0<br \/>\u00a0<\/span>\n        <\/div>\n<\/p><\/div>\n<\/div>\n<div>\n<div class=\"aspect-[var(--img-listing-aspect-ratio,16\/9)] relative mb-3.5\">\n<p>    <img decoding=\"async\" src=\"https:\/\/cdn.mos.cms.futurecdn.net\/7d6FJ3mhLbq94pfqzgq9TG.jpg\" alt=\"ARAMON VALDELINARES, SPAIN - AUGUST 29: Andreas Leknessund of Norway and Team Uno-X Mobility during the La Vuelta - 81st Tour of Spain 2026, Stage 7 a 149.48m stage from Vall d&amp;amp;apos;Alba to Aramon Valdelinares 1965m \/ #UCIWT \/ on August 29, 2026 in Aramon Valdelinares, Spain. (Photo by Alexander Hassenstein\/Getty Images)\" loading=\"lazy\" class=\"rounded-[var(--image--border-radius,0)] object-cover w-full h-full\"><\/p><\/div>\n<p>                                                                                                <span class=\"custom-subheading-styles\">Racing<\/span><\/p>\n<p>                            <span class=\"text-base text-black font-bold mx-0 my-2.5 p-0 block custom-text-styles\">Vuelta a Espa\u00f1a: Andreas Leknessund, Tobias Johannessen solo away from Wout van Aert in Uno-X Mobility 1-2 on stage 7<\/span><\/p><\/div>\n<div class=\"relative recirc-feed sponsored-card min-h-[250px]\" data-recirc-id=\"article-river-stacked-ads:native-cards\" data-mrf-recirculation=\"article-river-ads\" data-nosnippet data-ad-slot-path=\"feed-sponsored-post\" data-attribute-device=\"all\">\n<div class=\"sponsored-post max-w-full [&amp;.sponsored-post--loaded+.sponsored-post--placeholder]:hidden [&amp;[data-bordeaux-hook-loaded]+.sponsored-post--placeholder]:hidden\"><\/div>\n<div class=\"max-w-full sponsored-post--placeholder animate-pulse\">\n<div class=\"relative!\">\n            <span class=\"font-ui-heading bg-(--ad-slot-badge-bg-color) absolute text-xs font-bold leading-[14px] tracking-normal text-left text-white px-2.5 py-[5px] left-0 top-0 empty:hidden\"><\/span><\/p>\n<div class=\"aspect-[var(--img-listing-aspect-ratio,16\/9)] relative bg-gray-200\"><\/div>\n<p>            <span class=\"text-base text-black font-bold mx-0 my-2.5 p-0 block bg-gray-100\">\u00a0<br \/>\u00a0<\/span>\n        <\/div>\n<\/p><\/div>\n<\/div>\n<div>\n<div class=\"aspect-[var(--img-listing-aspect-ratio,16\/9)] relative mb-3.5\">\n<p>    <img decoding=\"async\" src=\"https:\/\/cdn.mos.cms.futurecdn.net\/8BBmwDdaLF9SPqhiJM4PzJ.jpg\" alt=\"Tadej Pogacar of Slovenia and UAE Team Emirates XRG - Red Leader Jersey cools down during the La Vuelta - 81st Tour of Spain 2026, Stage 4 a 104.8km from Andorra la Vella to Andorra la Vella \/ #UCIWT \/ on August 25, 2026 in Andorra la Vella, Andorra. (Photo by Tim de Waele\/Getty Images)\" loading=\"lazy\" class=\"rounded-[var(--image--border-radius,0)] object-cover w-full h-full\"><\/p><\/div>\n<p>                                                                                                <span class=\"custom-subheading-styles\">Racing<\/span><\/p>\n<p>                            <span class=\"text-base text-black font-bold mx-0 my-2.5 p-0 block custom-text-styles\">Did dehydration play a role in Tadej Poga\u010dar&#8217;s failed solo move at Vuelta a Espa\u00f1a? World champion says no but was denied a bottle and has a few fuelling fails to his name<\/span><\/p><\/div>\n<div class=\"relative recirc-feed sponsored-card min-h-[250px]\" data-recirc-id=\"article-river-stacked-ads:native-cards\" data-mrf-recirculation=\"article-river-ads\" data-nosnippet data-ad-slot-path=\"feed-sponsored-post\" data-attribute-device=\"all\">\n<div class=\"sponsored-post max-w-full [&amp;.sponsored-post--loaded+.sponsored-post--placeholder]:hidden [&amp;[data-bordeaux-hook-loaded]+.sponsored-post--placeholder]:hidden\"><\/div>\n<div class=\"max-w-full sponsored-post--placeholder animate-pulse\">\n<div class=\"relative!\">\n            <span class=\"font-ui-heading bg-(--ad-slot-badge-bg-color) absolute text-xs font-bold leading-[14px] tracking-normal text-left text-white px-2.5 py-[5px] left-0 top-0 empty:hidden\"><\/span><\/p>\n<div class=\"aspect-[var(--img-listing-aspect-ratio,16\/9)] relative bg-gray-200\"><\/div>\n<p>            <span class=\"text-base text-black font-bold mx-0 my-2.5 p-0 block bg-gray-100\">\u00a0<br \/>\u00a0<\/span>\n        <\/div>\n<\/p><\/div>\n<\/div>\n<div>\n<div class=\"aspect-[var(--img-listing-aspect-ratio,16\/9)] relative mb-3.5\">\n<p>    <img decoding=\"async\" src=\"https:\/\/cdn.mos.cms.futurecdn.net\/vSdkiAvEmYY6WQZwHJEjhW.jpg\" alt=\"Sandra Alonso (Sprint Cycling) \" loading=\"lazy\" class=\"rounded-[var(--image--border-radius,0)] object-cover w-full h-full\"><\/p><\/div>\n<p>                                                                                                <span class=\"custom-subheading-styles\">Women&#8217;s Cycling<\/span><\/p>\n<p>                            <span class=\"text-base text-black font-bold mx-0 my-2.5 p-0 block custom-text-styles\">&#8216;Motherhood and elite-level sports are entirely compatible&#8217; &#8211; Sandra Alonso targets Paris-Roubaix, returning after childbirth and storming the Spanish club scene<\/span><\/p><\/div>\n<div class=\"relative recirc-feed sponsored-card min-h-[250px]\" data-recirc-id=\"article-river-stacked-ads:native-cards\" data-mrf-recirculation=\"article-river-ads\" data-nosnippet data-ad-slot-path=\"feed-sponsored-post\" data-attribute-device=\"all\">\n<div class=\"sponsored-post max-w-full [&amp;.sponsored-post--loaded+.sponsored-post--placeholder]:hidden [&amp;[data-bordeaux-hook-loaded]+.sponsored-post--placeholder]:hidden\"><\/div>\n<div class=\"max-w-full sponsored-post--placeholder animate-pulse\">\n<div class=\"relative!\">\n            <span class=\"font-ui-heading bg-(--ad-slot-badge-bg-color) absolute text-xs font-bold leading-[14px] tracking-normal text-left text-white px-2.5 py-[5px] left-0 top-0 empty:hidden\"><\/span><\/p>\n<div class=\"aspect-[var(--img-listing-aspect-ratio,16\/9)] relative bg-gray-200\"><\/div>\n<p>            <span class=\"text-base text-black font-bold mx-0 my-2.5 p-0 block bg-gray-100\">\u00a0<br \/>\u00a0<\/span>\n        <\/div>\n<\/p><\/div>\n<\/div>\n<div>\n<div class=\"aspect-[var(--img-listing-aspect-ratio,16\/9)] relative mb-3.5\">\n<p>    <img decoding=\"async\" src=\"https:\/\/cdn.mos.cms.futurecdn.net\/LxEHaFBfMyo2nFXMDykbbi.jpg\" alt=\"OUDENAARDE, BELGIUM - APRIL 05: Pfeiffer Georgi of Great Britain and Team Picnic PostNL prior to the 23rd Tour of Flanders 2026 - Ronde van Vlaanderen - Women&amp;#039;s Elite a 164.1km one day race from Oudenaarde to Oudenaarde \/ #UCIWWT \/ on April 05, 2026 in Oudenaarde, Belgium. (Photo by Luc Claessen\/Getty Images)\" loading=\"lazy\" class=\"rounded-[var(--image--border-radius,0)] object-cover w-full h-full\"><\/p><\/div>\n<p>                                                                                                <span class=\"custom-subheading-styles\">Women&#8217;s Cycling<\/span><\/p>\n<p>                            <span class=\"text-base text-black font-bold mx-0 my-2.5 p-0 block custom-text-styles\">Former British champion Pfeiffer Georgi ends 8-year Picnic-PostNL spell to join UAE Team L&#8217;IMAD<\/span><\/p><\/div>\n<div class=\"relative recirc-feed sponsored-card min-h-[250px]\" data-recirc-id=\"article-river-stacked-ads:native-cards\" data-mrf-recirculation=\"article-river-ads\" data-nosnippet data-ad-slot-path=\"feed-sponsored-post\" data-attribute-device=\"all\">\n<div class=\"sponsored-post max-w-full [&amp;.sponsored-post--loaded+.sponsored-post--placeholder]:hidden [&amp;[data-bordeaux-hook-loaded]+.sponsored-post--placeholder]:hidden\"><\/div>\n<div class=\"max-w-full sponsored-post--placeholder animate-pulse\">\n<div class=\"relative!\">\n            <span class=\"font-ui-heading bg-(--ad-slot-badge-bg-color) absolute text-xs font-bold leading-[14px] tracking-normal text-left text-white px-2.5 py-[5px] left-0 top-0 empty:hidden\"><\/span><\/p>\n<div class=\"aspect-[var(--img-listing-aspect-ratio,16\/9)] relative bg-gray-200\"><\/div>\n<p>            <span class=\"text-base text-black font-bold mx-0 my-2.5 p-0 block bg-gray-100\">\u00a0<br \/>\u00a0<\/span>\n        <\/div>\n<\/p><\/div>\n<\/div>\n<div>\n<div class=\"aspect-[var(--img-listing-aspect-ratio,16\/9)] relative mb-3.5\">\n<p>    <img decoding=\"async\" src=\"https:\/\/cdn.mos.cms.futurecdn.net\/xugVTju2QKinpXhphFnyUe.jpg\" alt=\"Stage winner Tadej Pogacar of Slovenia and UAE Team Emirates XRG in the Red Leader&amp;#039;s Jersey competes in the breakaway passing through the Puerto El Bartolo gravel sector during the 2026 Vuelta a Espa\u00f1a. (Photo by Luis Gomez - Pool\/Getty Images)\" loading=\"lazy\" class=\"rounded-[var(--image--border-radius,0)] object-cover w-full h-full\"><\/p><\/div>\n<p>                                                                                                <span class=\"custom-subheading-styles\">Racing<\/span><\/p>\n<p>                            <span class=\"text-base text-black font-bold mx-0 my-2.5 p-0 block custom-text-styles\">&#8216;We don&#8217;t know if he was racing at 100%&#8217; \u2013 Rival sports director believes Vuelta a Espa\u00f1a leader Poga\u010dar&#8217;s failure to finish solo on stage 6 delivers mixed messages<\/span><\/p><\/div>\n<div class=\"relative recirc-feed sponsored-card min-h-[250px]\" data-recirc-id=\"article-river-stacked-ads:native-cards\" data-mrf-recirculation=\"article-river-ads\" data-nosnippet data-ad-slot-path=\"feed-sponsored-post\" data-attribute-device=\"all\">\n<div class=\"sponsored-post max-w-full [&amp;.sponsored-post--loaded+.sponsored-post--placeholder]:hidden [&amp;[data-bordeaux-hook-loaded]+.sponsored-post--placeholder]:hidden\"><\/div>\n<div class=\"max-w-full sponsored-post--placeholder animate-pulse\">\n<div class=\"relative!\">\n            <span class=\"font-ui-heading bg-(--ad-slot-badge-bg-color) absolute text-xs font-bold leading-[14px] tracking-normal text-left text-white px-2.5 py-[5px] left-0 top-0 empty:hidden\"><\/span><\/p>\n<div class=\"aspect-[var(--img-listing-aspect-ratio,16\/9)] relative bg-gray-200\"><\/div>\n<p>            <span class=\"text-base text-black font-bold mx-0 my-2.5 p-0 block bg-gray-100\">\u00a0<br \/>\u00a0<\/span>\n        <\/div>\n<\/p><\/div>\n<\/div><\/div>\n<\/p><\/div>\n<\/aside>\n<aside class=\"w-full\" data-nosnippet data-mrf-recirculation=\"article-river-stacked\">\n<div data-recirc-id=\"article-river-stacked-solr:latest-articletype\">\n<div class=\"text-white py-4 px-3 mb-4 bg-[#333] uppercase font-bold custom-header-styles\">Latest in News<\/div>\n<div class=\"grid grid-cols-1 gap-4 mt-4 mb-5\">\n<div>\n<div class=\"aspect-[var(--img-listing-aspect-ratio,16\/9)] relative mb-3.5\">\n<p>    <img decoding=\"async\" src=\"https:\/\/cdn.mos.cms.futurecdn.net\/u9UuYeqv9RGqM23uTbJXx9.jpg\" alt=\"Felix Gall of Austria and Team Decathlon CMA CGM and Tadej Pogacar of Slovenia and UAE Team Emirates XRG - Red Leader Jersey attack during the La Vuelta - 81st Tour of Spain 2026\" loading=\"lazy\" class=\"rounded-[var(--image--border-radius,0)] object-cover w-full h-full\"><\/p><\/div>\n<p>                                                                                                <span class=\"custom-subheading-styles\">Teams &amp; Riders<\/span><\/p>\n<p>                            <span class=\"text-base text-black font-bold mx-0 my-2.5 p-0 block custom-text-styles\">&#8216;A good day to try something&#8217; &#8211; Felix Gall upbeat after aggressive final ascent at Vuelta a Espa\u00f1a<\/span><\/p><\/div>\n<div class=\"relative recirc-feed sponsored-card min-h-[250px]\" data-recirc-id=\"article-river-stacked-ads:native-cards\" data-mrf-recirculation=\"article-river-ads\" data-nosnippet data-ad-slot-path=\"feed-sponsored-post\" data-attribute-device=\"all\">\n<div class=\"sponsored-post max-w-full [&amp;.sponsored-post--loaded+.sponsored-post--placeholder]:hidden [&amp;[data-bordeaux-hook-loaded]+.sponsored-post--placeholder]:hidden\"><\/div>\n<div class=\"max-w-full sponsored-post--placeholder animate-pulse\">\n<div class=\"relative!\">\n            <span class=\"font-ui-heading bg-(--ad-slot-badge-bg-color) absolute text-xs font-bold leading-[14px] tracking-normal text-left text-white px-2.5 py-[5px] left-0 top-0 empty:hidden\"><\/span><\/p>\n<div class=\"aspect-[var(--img-listing-aspect-ratio,16\/9)] relative bg-gray-200\"><\/div>\n<p>            <span class=\"text-base text-black font-bold mx-0 my-2.5 p-0 block bg-gray-100\">\u00a0<br \/>\u00a0<\/span>\n        <\/div>\n<\/p><\/div>\n<\/div>\n<div>\n<div class=\"aspect-[var(--img-listing-aspect-ratio,16\/9)] relative mb-3.5\">\n<p>    <img decoding=\"async\" src=\"https:\/\/cdn.mos.cms.futurecdn.net\/yt79PW2pJtSFxkDjt7Nz65.jpg\" alt=\"Pogacar makes a peace sign as he finishes stage 7 in the red jersey\" loading=\"lazy\" class=\"rounded-[var(--image--border-radius,0)] object-cover w-full h-full\"><\/p><\/div>\n<p>                                                                                                <span class=\"custom-subheading-styles\">Racing<\/span><\/p>\n<p>                            <span class=\"text-base text-black font-bold mx-0 my-2.5 p-0 block custom-text-styles\">&#8216;I wasn&#8217;t angry at all&#8217; &#8211; Vuelta a Espa\u00f1a leader Tadej Poga\u010dar denies he attacked on Aram\u00f3n Valdelinares finish because he was upset<\/span><\/p><\/div>\n<div class=\"relative recirc-feed sponsored-card min-h-[250px]\" data-recirc-id=\"article-river-stacked-ads:native-cards\" data-mrf-recirculation=\"article-river-ads\" data-nosnippet data-ad-slot-path=\"feed-sponsored-post\" data-attribute-device=\"all\">\n<div class=\"sponsored-post max-w-full [&amp;.sponsored-post--loaded+.sponsored-post--placeholder]:hidden [&amp;[data-bordeaux-hook-loaded]+.sponsored-post--placeholder]:hidden\"><\/div>\n<div class=\"max-w-full sponsored-post--placeholder animate-pulse\">\n<div class=\"relative!\">\n            <span class=\"font-ui-heading bg-(--ad-slot-badge-bg-color) absolute text-xs font-bold leading-[14px] tracking-normal text-left text-white px-2.5 py-[5px] left-0 top-0 empty:hidden\"><\/span><\/p>\n<div class=\"aspect-[var(--img-listing-aspect-ratio,16\/9)] relative bg-gray-200\"><\/div>\n<p>            <span class=\"text-base text-black font-bold mx-0 my-2.5 p-0 block bg-gray-100\">\u00a0<br \/>\u00a0<\/span>\n        <\/div>\n<\/p><\/div>\n<\/div>\n<div>\n<div class=\"aspect-[var(--img-listing-aspect-ratio,16\/9)] relative mb-3.5\">\n<p>    <img decoding=\"async\" src=\"https:\/\/cdn.mos.cms.futurecdn.net\/cm6jjADNpv2DyLYYmYBJnM.jpg\" alt=\"ARAMON VALDELINARES, SPAIN - AUGUST 29: Wout Van Aert of Belgium and Team Visma | Lease a Bike - Green Points Jersey leads the breakaway during the La Vuelta - 81st Tour of Spain 2026, Stage 7 a 149.48m stage from Vall d&amp;#039;Alba to Aramon Valdelinares 1965m \/ #UCIWT \/ on August 29, 2026 in Aramon Valdelinares, Spain. (Photo by Tim de Waele\/Getty Images)\" loading=\"lazy\" class=\"rounded-[var(--image--border-radius,0)] object-cover w-full h-full\"><\/p><\/div>\n<p>                                                                                                <span class=\"custom-subheading-styles\">Teams &amp; Riders<\/span><\/p>\n<p>                            <span class=\"text-base text-black font-bold mx-0 my-2.5 p-0 block custom-text-styles\">&#8216;I didn&#8217;t have confidence in myself&#8217; \u2013 Wout van Aert bags green jersey but regrets missed opportunity in Vuelta a Espa\u00f1a breakaway<\/span><\/p><\/div>\n<div class=\"relative recirc-feed sponsored-card min-h-[250px]\" data-recirc-id=\"article-river-stacked-ads:native-cards\" data-mrf-recirculation=\"article-river-ads\" data-nosnippet data-ad-slot-path=\"feed-sponsored-post\" data-attribute-device=\"all\">\n<div class=\"sponsored-post max-w-full [&amp;.sponsored-post--loaded+.sponsored-post--placeholder]:hidden [&amp;[data-bordeaux-hook-loaded]+.sponsored-post--placeholder]:hidden\"><\/div>\n<div class=\"max-w-full sponsored-post--placeholder animate-pulse\">\n<div class=\"relative!\">\n            <span class=\"font-ui-heading bg-(--ad-slot-badge-bg-color) absolute text-xs font-bold leading-[14px] tracking-normal text-left text-white px-2.5 py-[5px] left-0 top-0 empty:hidden\"><\/span><\/p>\n<div class=\"aspect-[var(--img-listing-aspect-ratio,16\/9)] relative bg-gray-200\"><\/div>\n<p>            <span class=\"text-base text-black font-bold mx-0 my-2.5 p-0 block bg-gray-100\">\u00a0<br \/>\u00a0<\/span>\n        <\/div>\n<\/p><\/div>\n<\/div>\n<div>\n<div class=\"aspect-[var(--img-listing-aspect-ratio,16\/9)] relative mb-3.5\">\n<p>    <img decoding=\"async\" src=\"https:\/\/cdn.mos.cms.futurecdn.net\/urUeDCWicNVcKCHSxJU4wY.jpg\" alt=\"Mathieu van der Poel of Nederlands trains ahead of the XCO race at the 2026 UCI Mountain Bike World Championships on August 28, 2026, in Val di Sole, Italy. (Photo by Piotr Staron\/Getty Images)\" loading=\"lazy\" class=\"rounded-[var(--image--border-radius,0)] object-cover w-full h-full\"><\/p><\/div>\n<p>                                                                                                <span class=\"custom-subheading-styles\">Teams &amp; Riders<\/span><\/p>\n<p>                            <span class=\"text-base text-black font-bold mx-0 my-2.5 p-0 block custom-text-styles\">&#8216;I\u2019ll probably need a season where I spend more time on the mountain bike&#8217; &#8211; Mathieu van der Poel realistic ahead of the UCI Mountain Bike World Championships<\/span><\/p><\/div>\n<div class=\"relative recirc-feed sponsored-card min-h-[250px]\" data-recirc-id=\"article-river-stacked-ads:native-cards\" data-mrf-recirculation=\"article-river-ads\" data-nosnippet data-ad-slot-path=\"feed-sponsored-post\" data-attribute-device=\"all\">\n<div class=\"sponsored-post max-w-full [&amp;.sponsored-post--loaded+.sponsored-post--placeholder]:hidden [&amp;[data-bordeaux-hook-loaded]+.sponsored-post--placeholder]:hidden\"><\/div>\n<div class=\"max-w-full sponsored-post--placeholder animate-pulse\">\n<div class=\"relative!\">\n            <span class=\"font-ui-heading bg-(--ad-slot-badge-bg-color) absolute text-xs font-bold leading-[14px] tracking-normal text-left text-white px-2.5 py-[5px] left-0 top-0 empty:hidden\"><\/span><\/p>\n<div class=\"aspect-[var(--img-listing-aspect-ratio,16\/9)] relative bg-gray-200\"><\/div>\n<p>            <span class=\"text-base text-black font-bold mx-0 my-2.5 p-0 block bg-gray-100\">\u00a0<br \/>\u00a0<\/span>\n        <\/div>\n<\/p><\/div>\n<\/div>\n<div>\n<div class=\"aspect-[var(--img-listing-aspect-ratio,16\/9)] relative mb-3.5\">\n<p>    <img decoding=\"async\" src=\"https:\/\/cdn.mos.cms.futurecdn.net\/8BBmwDdaLF9SPqhiJM4PzJ.jpg\" alt=\"Tadej Pogacar of Slovenia and UAE Team Emirates XRG - Red Leader Jersey cools down during the La Vuelta - 81st Tour of Spain 2026, Stage 4 a 104.8km from Andorra la Vella to Andorra la Vella \/ #UCIWT \/ on August 25, 2026 in Andorra la Vella, Andorra. (Photo by Tim de Waele\/Getty Images)\" loading=\"lazy\" class=\"rounded-[var(--image--border-radius,0)] object-cover w-full h-full\"><\/p><\/div>\n<p>                                                                                                <span class=\"custom-subheading-styles\">Racing<\/span><\/p>\n<p>                            <span class=\"text-base text-black font-bold mx-0 my-2.5 p-0 block custom-text-styles\">Did dehydration play a role in Tadej Poga\u010dar&#8217;s failed solo move at Vuelta a Espa\u00f1a? World champion says no but was denied a bottle and has a few fuelling fails to his name<\/span><\/p><\/div>\n<div class=\"relative recirc-feed sponsored-card min-h-[250px]\" data-recirc-id=\"article-river-stacked-ads:native-cards\" data-mrf-recirculation=\"article-river-ads\" data-nosnippet data-ad-slot-path=\"feed-sponsored-post\" data-attribute-device=\"all\">\n<div class=\"sponsored-post max-w-full [&amp;.sponsored-post--loaded+.sponsored-post--placeholder]:hidden [&amp;[data-bordeaux-hook-loaded]+.sponsored-post--placeholder]:hidden\"><\/div>\n<div class=\"max-w-full sponsored-post--placeholder animate-pulse\">\n<div class=\"relative!\">\n            <span class=\"font-ui-heading bg-(--ad-slot-badge-bg-color) absolute text-xs font-bold leading-[14px] tracking-normal text-left text-white px-2.5 py-[5px] left-0 top-0 empty:hidden\"><\/span><\/p>\n<div class=\"aspect-[var(--img-listing-aspect-ratio,16\/9)] relative bg-gray-200\"><\/div>\n<p>            <span class=\"text-base text-black font-bold mx-0 my-2.5 p-0 block bg-gray-100\">\u00a0<br \/>\u00a0<\/span>\n        <\/div>\n<\/p><\/div>\n<\/div>\n<div>\n<div class=\"aspect-[var(--img-listing-aspect-ratio,16\/9)] relative mb-3.5\">\n<p>    <img decoding=\"async\" src=\"https:\/\/cdn.mos.cms.futurecdn.net\/vSdkiAvEmYY6WQZwHJEjhW.jpg\" alt=\"Sandra Alonso (Sprint Cycling) \" loading=\"lazy\" class=\"rounded-[var(--image--border-radius,0)] object-cover w-full h-full\"><\/p><\/div>\n<p>                                                                                                <span class=\"custom-subheading-styles\">Women&#8217;s Cycling<\/span><\/p>\n<p>                            <span class=\"text-base text-black font-bold mx-0 my-2.5 p-0 block custom-text-styles\">&#8216;Motherhood and elite-level sports are entirely compatible&#8217; &#8211; Sandra Alonso targets Paris-Roubaix, returning after childbirth and storming the Spanish club scene<\/span><\/p><\/div>\n<div class=\"relative recirc-feed sponsored-card min-h-[250px]\" data-recirc-id=\"article-river-stacked-ads:native-cards\" data-mrf-recirculation=\"article-river-ads\" data-nosnippet data-ad-slot-path=\"feed-sponsored-post\" data-attribute-device=\"all\">\n<div class=\"sponsored-post max-w-full [&amp;.sponsored-post--loaded+.sponsored-post--placeholder]:hidden [&amp;[data-bordeaux-hook-loaded]+.sponsored-post--placeholder]:hidden\"><\/div>\n<div class=\"max-w-full sponsored-post--placeholder animate-pulse\">\n<div class=\"relative!\">\n            <span class=\"font-ui-heading bg-(--ad-slot-badge-bg-color) absolute text-xs font-bold leading-[14px] tracking-normal text-left text-white px-2.5 py-[5px] left-0 top-0 empty:hidden\"><\/span><\/p>\n<div class=\"aspect-[var(--img-listing-aspect-ratio,16\/9)] relative bg-gray-200\"><\/div>\n<p>            <span class=\"text-base text-black font-bold mx-0 my-2.5 p-0 block bg-gray-100\">\u00a0<br \/>\u00a0<\/span>\n        <\/div>\n<\/p><\/div>\n<\/div><\/div>\n<\/p><\/div>\n<\/aside>\n<\/section>\n<div class=\"related-articles-block\">\n<\/div>\n<\/div>\n<\/div>\n<div data-widget-type=\"ads\" id=\"ads-middle-1\" class=\"clear-both widget widget-ads widget-ads-middle-1 widget-ads-ads-middle-1 widget-no-data widget-ads-flexi_ads_middle1\">\n<div id=\"bdx_flexi_ads_middle1\" data-type=\"ads\" data-ads-type=\"bordeaux\" class=\"flexi_ads_middle1\"><\/div>\n<\/div>\n<\/div>\n<div id=\"widgetArea17\" class=\"widget-area md:basis-1\/3 widget-area-g-md-vp-1-3 widget-area-g-lg-vp-1-3 widget-area-g-xl-vp-1-3 page-widget-area-17\">\n<div data-widget-type=\"empty\" id=\"sidebar\" class=\"clear-both widget widget-empty widget-sidebar widget-empty-sidebar widget-no-data widget-empty\">\n<\/div>\n<div data-widget-type=\"empty\" id=\"sidebar-top\" class=\"clear-both widget widget-empty widget-sidebar-top widget-empty-sidebar-top ad-unit widget-no-data widget-empty\">\n<\/div>\n<div data-widget-type=\"contentparsed\" id=\"follow-us-on-google-news\" class=\"clear-both widget widget-contentparsed widget-follow-us-on-google-news widget-contentparsed-follow-us-on-google-news widget-content-parsed widget-content-parsed-curated \">\n<div class=\"wcp-item-content\">\n<\/div>\n<\/div>\n<div data-widget-type=\"empty\" id=\"sidebar-popular-top\" class=\"clear-both widget widget-empty widget-sidebar-popular-top widget-empty-sidebar-popular-top ad-unit widget-no-data widget-empty\">\n<\/div>\n<div data-widget-type=\"dynamic\" id=\"popular-data\" class=\"clear-both widget widget-dynamic widget-popular-data widget-dynamic-popular-data widget-dynamic-fter-popular-box\">\n<div class=\"clear-both widget-header\">\n<\/div>\n<div class=\"wdn-fte-pb pos-relative space-t20\n\"><\/p>\n<div class=\"slice-container popular-box-slice\">\n<section class=\"popular-box\" data-component-name=\"Slice:PopularBox\">\n<div class=\"popular-box__label\">\n<div class=\"popular-box__label__tab popular-box__label__tab--active\" role=\"heading\">\nLATEST ARTICLES\n<\/div>\n<\/div>\n<ol class=\"popular-box__articles-list popular-box__articles-list--active\">\n<li class=\"popular-box__article-list\">\n<div class=\"popular-box__article-list__container\">\n<div class=\"popular-box__article-list__image-wrapper\">\n<div>\n<p><img decoding=\"async\" src=\"https:\/\/cdn.mos.cms.futurecdn.net\/u9UuYeqv9RGqM23uTbJXx9.jpg\" alt=\"Felix Gall of Austria and Team Decathlon CMA CGM and Tadej Pogacar of Slovenia and UAE Team Emirates XRG - Red Leader Jersey attack during the La Vuelta - 81st Tour of Spain 2026\" loading=\"lazy\" class=\"rounded-[var(--image--border-radius,0)] popular-box__article-list__image image__image\"><\/p>\n<\/div>\n<\/div>\n<div class=\"popular-box__article-list__content\">\n<div class=\"popular-box__article-list__number-text\">1<\/div>\n<div class=\"popular-box__article-list__heading\">\n<p>&#8216;A good day to try something&#8217; &#8211; Felix Gall upbeat after aggressive final ascent at Vuelta a Espa\u00f1a<\/p>\n<\/div>\n<\/div>\n<\/div>\n<\/li>\n<li class=\"popular-box__article-list\">\n<div class=\"popular-box__article-list__container\">\n<div class=\"popular-box__article-list__content\">\n<div class=\"popular-box__article-list__number-text\">2<\/div>\n<div class=\"popular-box__article-list__heading\">\n<p>&#8216;I wasn&#8217;t angry at all&#8217; &#8211; Vuelta a Espa\u00f1a leader Tadej Poga\u010dar denies he attacked on Aram\u00f3n Valdelinares finish because he was upset<\/p>\n<\/div>\n<\/div>\n<\/div>\n<\/li>\n<li class=\"popular-box__article-list\">\n<div class=\"popular-box__article-list__container\">\n<div class=\"popular-box__article-list__content\">\n<div class=\"popular-box__article-list__number-text\">3<\/div>\n<div class=\"popular-box__article-list__heading\">\n<p>&#8216;I didn&#8217;t have confidence in myself&#8217; \u2013 Wout van Aert bags green jersey but regrets missed opportunity in Vuelta a Espa\u00f1a breakaway<\/p>\n<\/div>\n<\/div>\n<\/div>\n<\/li>\n<li class=\"popular-box__article-list\">\n<div class=\"popular-box__article-list__container\">\n<div class=\"popular-box__article-list__content\">\n<div class=\"popular-box__article-list__number-text\">4<\/div>\n<div class=\"popular-box__article-list__heading\">\n<p>&#8216;I\u2019ll probably need a season where I spend more time on the mountain bike&#8217; &#8211; Mathieu van der Poel realistic ahead of the UCI Mountain Bike World Championships<\/p>\n<\/div>\n<\/div>\n<\/div>\n<\/li>\n<li class=\"popular-box__article-list\">\n<div class=\"popular-box__article-list__container\">\n<div class=\"popular-box__article-list__content\">\n<div class=\"popular-box__article-list__number-text\">5<\/div>\n<div class=\"popular-box__article-list__heading\">\n<p>Vuelta a Espa\u00f1a: Andreas Leknessund, Tobias Johannessen solo away from Wout van Aert in Uno-X Mobility 1-2 on stage 7<\/p>\n<\/div>\n<\/div>\n<\/div>\n<\/li>\n<\/ol>\n<\/section>\n<\/div>\n<\/div>\n<\/div>\n<div data-widget-type=\"empty\" id=\"sidebar-popular-bottom\" class=\"clear-both widget widget-empty widget-sidebar-popular-bottom widget-empty-sidebar-popular-bottom ad-unit widget-no-data widget-empty\">\n<\/div>\n<\/div>\n<\/div>\n<\/article>\n<article class=\"page-content-onecol flex-1\nnews-article article\n\"><\/p>\n<div class=\"widget-area-group widget-area-group-2col flex flex-wrap box-border\">\n<div id=\"widgetArea16\" class=\"widget-area basis-full md:basis-2\/3 widget-area-g-md-vp-2-3 widget-area-g-lg-vp-2-3 widget-area-g-xl-vp-2-3 page-widget-area-16\">\n<div data-widget-type=\"hero\" id=\"hero\" class=\"clear-both widget widget-hero widget-hero widget-hero-hero widget-hero widget-hero-fter-news\">\n<div class=\"clear-both widget-header\">\n<\/div>\n<div class=\"news-article\">\n<header data-component-name=\"Article:Hero\">\n<div id=\"kiosq-metered-message\" class=\"kiosq-metered-message-content\"><\/div>\n<nav class=\"breadcrumb\" aria-label=\"Breadcrumbs\">\n<ol>\n<li>\nPro Cycling\n<\/li>\n<li>\nRacing\n<\/li>\n<li>\nRoad\n<\/li>\n<li>\nVuelta a Espa\u00f1a\n<\/li>\n<\/ol>\n<\/nav>\n<h1>2026 Vuelta a Espa\u00f1a penalties, fines and yellow cards &#8211; XDS Astana&#8217;s Alessandro Romele gets yellow card for &#8216;improper conduct&#8217; that caused crash in Vuelta a Espa\u00f1a stage 7<\/h1>\n<div class=\"byline-social\">\n<div class=\"vds-byline-block flex flex-row flex-nowrap my-1.5 gap-2 text-left items-start justify-start\" data-component-name=\"Article:BylineBlock\">\n<p>News<\/p>\n<div class=\"my-auto vds-simple-byline\">\n<span class=\"inline-block vds-author\"><br \/>\nBy<br \/>\nKirsten Frattini <\/span><br \/>\n<span class=\"inline-block h-3 my-auto border-l border-solid vds-simple-byline__divider max-sm:hidden\"><\/span><\/p>\n<div class=\"flex gap-1 vds-byline-with-avatar__meta\">\n<span class=\"vds-date block font-normal tracking-normal normal-case text-xs\"><br \/>\nLast updated<br \/>\n<time data-component-name=\"UI:DateTime\" datetime=\"2026-08-28T18:26:28Z\" class=\"relative-date\"><br \/>\n28 August 2026<br \/>\n<\/time><br \/>\n<\/span>\n<\/div>\n<\/div>\n<\/div>\n<p class=\"strapline\">Luca Boven hit the deck after Romele lost control on a speed hump<\/p>\n<\/div>\n<aside class=\"text-gray-700 flex items-center mx-0 my-5 p-0 justify-start text-left\" id=\"affiliate-disclaimer\" data-component-name=\"AffiliateDisclaimer\" data-hawk-message=\"Affiliate disclaimer removed because hawk deemed there are no affiliate links on this page\">\n<p class=\"text-[color:var(--affiliate-disclaimer--text-color,inherit)] mb-2 text-[length:var(--affiliate-disclaimer--font-size,0.75rem)] leading-[18px] md:text-[13px] [&amp;&gt;a]:text-inherit [&amp;&gt;a]:underline\">\nWhen you purchase through links on our site, we may earn an affiliate commission. Here\u2019s how it works.\n<\/p>\n<\/aside>\n<\/header>\n<\/div>\n<\/div>\n<div data-widget-type=\"contentparsed\" id=\"content\" class=\"clear-both widget widget-contentparsed widget-content widget-contentparsed-content widget-content-parsed widget-content-parsed-content_document \">\n<div class=\"wcp-item-content\">\n<section class=\"content-wrapper\">\n<div class=\"box less-space hero-image-wrapper\">\n<figure class=\"mb-0\">\n<p><img decoding=\"async\" src=\"https:\/\/cdn.mos.cms.futurecdn.net\/CT5zmMV4ht4nefcttNfpyj.jpg\" alt=\"Alessandro Romele (L) in the sprint on stage 5\" class=\"rounded-[var(--image--border-radius,0)] block-image-ads hero-image absolute top-0 left-0 w-full h-full object-center\" data-component-name=\"Image\"><figcaption class=\"font-article-copy text-(--image--text--color) font-article-copy mt-2\"> <span class=\"caption-text font-article-copy\">Alessandro Romele, Vincenzo Albanese, Axel Laurance, Orluis Aular, Matthew Brennan, Jordi Meeus prepare to sprint at finish line during the La Vuelta<\/span><br \/>\n<span class=\"credit font-article-copy\">(Image credit: Getty Images)<\/span><br \/>\n<\/figcaption><\/figure>\n<\/div>\n<div data-component-name=\"Article:JumpTo\" class=\"contents\" data-only-inline=\"0\">\n<div class=\"visible flex flex-row flex-nowrap sticky max-lg:-ml-5 top-[var(--site-header-height,60px)] sm:top-0 z-[9994] w-screen lg:w-full h-[50px] bg-white p-0 mb-5 border-neutral-200 border border-solid xl:hidden\" data-component-name=\"Article:JumpTo:Variants:Inline\" data-analytics-id=\"sticky-nav\" id=\"sticky-nav--inline\" data-mrf-recirculation=\"sticky-nav\">\n<div class=\"flex flex-row w-full h-full overflow-x-scroll overflow-y-hidden tracking-normal overscroll-x-contain\" id=\"sticky-nav__scroll-container\">\n<span class=\"pl-4 my-auto text-base font-semibold font-article-heading lg:pl-3 lg:text-sm whitespace-nowrap uppercase\">Jump To:<\/span><\/p>\n<ul class=\"flex flex-row w-auto border-y-0\">\n<li class=\"inline-flex after:content-[&apos;&apos;] after:inline-block after:relative after:h-3\/6 after:w-px after:bg-neutral-200 after:top-1\/4\nborder-b-[3px] border-b-(--jumpto-underline-color) border-solid font-semibold \" data-component-name=\"Article:JumpTo:Inline:Link\">\n<p>Stage 1-4<\/p>\n<\/li>\n<li class=\"inline-flex after:content-[&apos;&apos;] after:inline-block after:relative after:h-3\/6 after:w-px after:bg-neutral-200 after:top-1\/4\n\" data-component-name=\"Article:JumpTo:Inline:Link\">\n<p>Stage 5<\/p>\n<\/li>\n<li class=\"inline-flex after:content-[&apos;&apos;] after:inline-block after:relative after:h-3\/6 after:w-px after:bg-neutral-200 after:top-1\/4\n\" data-component-name=\"Article:JumpTo:Inline:Link\">\n<p>Stage 7<\/p>\n<\/li>\n<\/ul>\n<\/div>\n<\/div>\n<\/div>\n<div id=\"article-body\" class=\"text-copy bodyCopy auto paywall-locker\">\n<div data-analytics-id=\"utility-bar\" id=\"utility-bar\" class=\"font-ui-heading flex justify-between items-center py-2 border-t border-b border-gray-300 border-solid mb-5 mx-auto\" data-component-name=\"UtilityBar\" data-mrf-recirculation=\"utility-bar\">\n<div class=\"flex gap-2 text-[#333] subcontainer\">\n<div class=\"relative tooltip-container\" role=\"tooltip\">\n<div data-component-name=\"Social:Dropdown\" role=\"menu\" id=\"utilitybar__dropdown--share\" aria-labelledby=\"utilitybar__button--share\" class=\"absolute left-0 top-full w-44 bg-white rounded-md shadow-md border border-neutral-200 z-[9996] list-none m-0 py-2 px-3 border-solid\">\n<ul class=\"m-0!\">\n<li class=\"!p-0 !m-0 list-none border-b border-gray-200 border-solid\">\n<\/li>\n<li class=\"!p-0 !m-0 list-none border-b border-gray-200 border-solid\">\n<p>Facebook<\/p>\n<\/li>\n<li class=\"!p-0 !m-0 list-none border-b border-gray-200 border-solid\">\n<p>X<\/p>\n<\/li>\n<li class=\"!p-0 !m-0 list-none border-b border-gray-200 border-solid\">\n<p>Pinterest<\/p>\n<\/li>\n<li class=\"!p-0 !m-0 list-none border-b border-gray-200 border-solid\">\n<p>Email<\/p>\n<\/li>\n<\/ul>\n<\/div>\n<div class=\"font-ui-heading max-sm:hidden tooltip absolute left-1\/2 bg-gray-900 text-white text-xs leading-none px-3 py-1.5 rounded-md z-[10001] whitespace-nowrap\" id=\"tooltip-share-this-article\" role=\"tooltip\" aria-hidden=\"true\">\nShare this article\n<\/div>\n<\/div>\n<div class=\"relative tooltip-container\" role=\"tooltip\">\n<p>    <span class=\"ml-1 inline-flex h-5 px-2 shrink-0 items-center justify-center self-center overflow-hidden whitespace-nowrap rounded-[10px] bg-primary-500 text-[11px] leading-none font-ui-heading font-semibold text-white\">0<\/span><\/p>\n<div class=\"font-ui-heading max-sm:hidden tooltip absolute left-1\/2 bg-gray-900 text-white text-xs leading-none px-3 py-1.5 rounded-md z-[10001] whitespace-nowrap\" id=\"tooltip-join-the-conversation\" role=\"tooltip\" aria-hidden=\"true\">\nJoin the conversation\n<\/div>\n<\/div>\n<\/div>\n<div class=\"flex gap-2 text-[#333] subcontainer\">\n<div class=\"relative tooltip-container\" role=\"tooltip\">\n<p>Follow us<\/p>\n<div class=\"font-ui-heading max-sm:hidden tooltip absolute left-1\/2 bg-gray-900 text-white text-xs leading-none px-3 py-1.5 rounded-md z-[10001] whitespace-nowrap\" id=\"tooltip-add-us-as-a-preferred-source-on-google\" role=\"tooltip\" aria-hidden=\"true\">\nAdd us as a preferred source on Google\n<\/div>\n<\/div>\n<div class=\"relative tooltip-container\" role=\"tooltip\">\n<div class=\"font-ui-heading max-sm:hidden tooltip absolute left-1\/2 bg-gray-900 text-white text-xs leading-none px-3 py-1.5 rounded-md z-[10001] whitespace-nowrap\" id=\"tooltip-subscribe-to-our-newsletter\" role=\"tooltip\" aria-hidden=\"true\">\nSubscribe to our newsletter\n<\/div>\n<\/div>\n<\/div>\n<\/div>\n<p id=\"elk-ae799bfe-9c0d-11f1-b848-e141ccb011c9\">Alessandro Romele (XDS Astana) earned a yellow card during stage 7 of the 2026 Vuelta a Espa\u00f1a after sparking an unfortunate crash for Lotto-Intermarch\u00e9&#8217;s Luca Boven.<\/p>\n<div id=\"ad-unit-1\" class=\"ad-unit\"><\/div>\n<p>Romele appeared to be standing stiff-legged on his bike, perhaps stretching, as the peloton freewheeled through a town, but when he hit a speed hump, he lost control and swerved to the right, pushing Boven into the kerb.<\/p>\n<p><a id=\"elk-seasonal\"><\/a><\/p>\n<aside data-article-category=\"pro-cycling\" data-block-type=\"embed\" data-render-type=\"fte\" data-skip=\"dealsy\" data-widget-type=\"seasonal\" class=\"ecom-root\"><\/aside>\n<p id=\"elk-ae799bfe-9c0d-11f1-b848-e141ccb011c9-2\" aria-hidden=\"true\" class=\"kiosq-b\">The Belgian had nowhere to go, and tumbled onto the pavement on his backside. Although he was eventually able to get back up and finish the stage, he came across the line dead last, 33 minutes behind stage winner Andreas Leknessund (Uno-X Mobility).<\/p>\n<div class=\"my-6 w-full overflow-hidden rounded-[10px] lg:my-8\" data-component-name=\"JwPlayer:Carousel\" data-jwp-carousel data-jwp-carousel-payload=\"{&quot;ids&quot;:{&quot;playerID&quot;:&quot;jYDCcabO&quot;,&quot;searchPlaylistID&quot;:&quot;gwjdoYHD&quot;,&quot;divID&quot;:&quot;botr_gwjdoYHD_jYDCcabO_div&quot;,&quot;fallbackPlaylistID&quot;:&quot;gwjdoYHD&quot;,&quot;fallbackDivID&quot;:&quot;botr_gwjdoYHD_jYDCcabO_div&quot;,&quot;key&quot;:&quot;X9\/mXVGac0NphghLH9hZaqWA5d3dhAM\/Ih07grnEyMLjuO2E&quot;,&quot;tintLogo&quot;:true,&quot;useSearchPlaylist&quot;:false,&quot;enabled&quot;:true},&quot;signPostingEnabled&quot;:true,&quot;signPostingLinkEnabled&quot;:true,&quot;waitForAdLoad&quot;:false,&quot;hidePlayerOnDesktop&quot;:false,&quot;hidePlayerOnMobile&quot;:false,&quot;hidePlayerOnTablet&quot;:false}\">\n<div class=\"flex flex-nowrap items-center justify-between gap-3 bg-zinc-900 px-[14px] py-3\" data-jwp-carousel-header>\n<div class=\"flex min-w-0 shrink items-center\"><span class=\"inline-flex items-center gap-1.5 text-sm font-article-heading capitalize leading-5 text-white whitespace-nowrap\"><span class=\"jwp-carousel-title-mobile\"><\/span><span class=\"jwp-carousel-title-desktop\">Latest Videos From<\/span><span class=\"jwp-carousel-brand\">Cyclingnews<\/span><\/span><\/div>\n<\/div>\n<div class=\"aspect-video w-full min-h-[200px] lg:min-h-[330px] relative overflow-hidden bg-black\" data-jwp-carousel-container>\n<div class=\"absolute inset-0 size-full\" data-jwp-carousel-player-host><\/div>\n<div class=\"absolute inset-0 size-full items-center justify-center bg-white\" data-jwp-carousel-fallback><\/div>\n<\/div>\n<div class=\"min-h-[44px] bg-zinc-900 px-[14px] py-3\" data-jwp-carousel-signposting><a class=\"invisible block truncate text-sm font-bold leading-5 text-white underline decoration-solid underline-offset-2\" data-jwp-carousel-signposting-link href target=\"_blank\" rel=\"noopener noreferrer\"><span data-jwp-carousel-signposting-title>Watch full video here: <\/span><\/a><\/div>\n<\/div>\n<p aria-hidden=\"true\" class=\"kiosq-b\">The dicey move earned Romele a yellow card for &#8216;Improper conduct that endangers others&#8217;, according to the race communique.<\/p>\n<div id=\"ad-unit-2\" class=\"ad-unit\"><\/div>\n<div class=\"see-more see-more--clipped kiosq-b\" id=\"elk-2093350407804223941\" aria-hidden=\"true\">\n<figure>\n<blockquote class=\"twitter-tweet hawk-ignore\" data-lang=\"en\" cite=\"https:\/\/twitter.com\/cantworkitout\/status\/2093350407804223941\">\n<p lang=\"en\" dir=\"ltr\">\ud83e\udd76 El golpetazo de Luca van Boven tras ser cerrado por un corredor de Astana.#LaVuelta26 #LaCasadelCiclismo pic.twitter.com\/n2HYZv5vEAAugust 28, 2026<\/p>\n<\/blockquote>\n<\/figure>\n<div class=\"see-more__filter\"><\/div>\n<\/div>\n<p id=\"elk-fcb46e46-a30d-11f1-b83e-058b084f7104\" aria-hidden=\"true\" class=\"kiosq-b\">It was the third yellow card of the race after two were handed out on stage 5 after some dicey actions in the reduced bunch sprint into Terres de l&#8217;Ebre.<\/p>\n<aside data-component-name=\"Recirculation:ArticleRiver\" data-recirculation-type=\"inline\" data-mrf-recirculation=\"Trending Bar\" data-nosnippet class=\"clear-both pt-2 pb-0 mb-4\">\n        <span class=\"\n            flex\n            after:content-[&apos;&apos;] after:flex-1 after:ml-4 after:my-[0.7rem] after:border-t after:border-solid after:border-t-[#ccc]\n            before:content-[&apos;&apos;] before:flex-1 before:mr-4 before:my-[0.7rem] before:border-t before:border-solid before:border-t-[#ccc]\n            font-article-heading pb-0 text-[length:var(--article-river-title--font-size,1em)] uppercase sm:text-[length:var(--article-river-title--font-size,0.875em)] font-bold\n        \"><br \/>\n            You may like<br \/>\n        <\/span><\/p>\n<ul class=\"flex flex-col gap-0 m-0 max-w-full\">\n<li class=\"m-0 list-none border-b border-solid border-[#ededed] py-2\" data-recirculation-id=\"recirculation-card-1\" id=\"recirculation-inline-1\" data-analytics-id=\"recirculation-inline-1\" data-mrf-recirculation=\"recirculation-inline-1\">\n<p>    <img decoding=\"async\" src=\"https:\/\/cdn.mos.cms.futurecdn.net\/iwsWCGTeFNxYAbspuFLLZR.jpg\" alt=\"Visma-Lease a Bike rider Sepp Kuss was cited twice on stage 20 of the Tour de France for littering\" loading=\"lazy\" class=\"rounded-[var(--image--border-radius,0)] aspect-square size-[75px] object-cover shrink-0 rounded-lg\"><\/p>\n<p>                        <span class=\"w-full text-base font-[var(--article-river-item--font-weight,500)] font-article-heading line-clamp-3 md:line-clamp-2\">Tour de France penalties, fines and yellow cards \u2013 Three riders found guilty of infractions on stage 20 with Sepp Kuss hardest hit for littering<\/span><\/p>\n<\/li>\n<li class=\"m-0 list-none border-b border-solid border-[#ededed] py-2\" data-recirculation-id=\"recirculation-card-2\" id=\"recirculation-inline-2\" data-analytics-id=\"recirculation-inline-2\" data-mrf-recirculation=\"recirculation-inline-2\">\n<p>    <img decoding=\"async\" src=\"https:\/\/cdn.mos.cms.futurecdn.net\/JzdkqXgEpAJTDNXBucpbK4.jpg\" alt=\"A general view of the Giro d&amp;#039;Italia Women - a small group ahead of the race convoy\" loading=\"lazy\" class=\"rounded-[var(--image--border-radius,0)] aspect-square size-[75px] object-cover shrink-0 rounded-lg\"><\/p>\n<p>                        <span class=\"w-full text-base font-[var(--article-river-item--font-weight,500)] font-article-heading line-clamp-3 md:line-clamp-2\">Giro d&#8217;Italia Women penalties, fines \u2013 AG Insurance Soudal adds three more yellow cards on final day of racing<\/span><\/p>\n<\/li>\n<li class=\"m-0 list-none border-b border-solid border-[#ccc] py-2\" data-recirculation-id=\"recirculation-card-3\" id=\"recirculation-inline-3\" data-analytics-id=\"recirculation-inline-3\" data-mrf-recirculation=\"recirculation-inline-3\">\n<p>    <img decoding=\"async\" src=\"https:\/\/cdn.mos.cms.futurecdn.net\/TnA5PhYJg5UTfb7uEu9qaH.jpg\" alt=\"NICE, FRANCE - AUGUST 08: A general view of the peloton competing during the 5th Tour de France Femmes 2026, Stage 8 a 171.9km stage from Sisteron to Nice \/ #UCIWWT \/ on August 08, 2026 in Nice, France. (Photo by Tim de Waele\/Getty Images)\" loading=\"lazy\" class=\"rounded-[var(--image--border-radius,0)] aspect-square size-[75px] object-cover shrink-0 rounded-lg\"><\/p>\n<p>                        <span class=\"w-full text-base font-[var(--article-river-item--font-weight,500)] font-article-heading line-clamp-3 md:line-clamp-2\">Tour de France Femmes 2026: All the yellow cards, fines, and penalties from across the nine days of racing<\/span><\/p>\n<\/li>\n<\/ul>\n<\/aside>\n<p aria-hidden=\"true\" class=\"kiosq-b\">Alexey Lutsenko (NSN Cycling) was given a yellow card for deviating from his line in the sprint, while Orluis Aular (Movistar) was relegated from sixth place to 89th, was given a yellow card and docked eight points for elbowing another rider during the sprint.<\/p>\n<p aria-hidden=\"true\" class=\"kiosq-b\">Over the three weeks and 21 days of racing in a Grand Tour, there are many chances for riders and teams to break rules \u2013 purposefully or inadvertently.<\/p>\n<div id=\"slice-container-newsletterForm-articleInbodyContent-ftGeKXT3tL9ddGVpycAV4Z\" class=\"slice-container newsletter-inbodyContent-slice newsletterForm-articleInbodyContent-ftGeKXT3tL9ddGVpycAV4Z slice-container-newsletterForm\">\n<div data-hydrate=\"true\" class=\"newsletter-form__wrapper newsletter-form__wrapper--inbodyContent\">\n<div class=\"newsletter-form__container\">\n<section class=\"newsletter-form__top-bar\">\n<div class=\"newsletter-form__header\">Get The Leadout Newsletter<\/div>\n<\/section>\n<section class=\"newsletter-form__main-section\">\n<p class=\"newsletter-form__strapline\">The latest race content, interviews, features, reviews and expert buying guides, direct to your inbox!<\/p>\n<footer class=\"newsletter-form__footer \">By submitting your information you agree to the Terms &amp; Conditions and Privacy Policy and are aged 16 or over.<\/footer>\n<\/section>\n<\/div>\n<\/div>\n<\/div>\n<p aria-hidden=\"true\" class=\"kiosq-b\">Penalties can be issued for many things, from small issues like feeding too late in a stage or dropping litter outside the designated zone to bigger ones like dangerous sprint deviations and\/or prolonged sticky bottles.<\/p>\n<p aria-hidden=\"true\" class=\"kiosq-b\">Punishments can include cash fines, ranging from a few hundred Swiss francs to the thousands (fines are always issued in Swiss francs, CHF, the currency of the UCI). Riders can also be punished with time deductions, point deductions in certain classifications, relegation, even disqualification for the most serious infringements.<\/p>\n<p aria-hidden=\"true\" class=\"kiosq-b\">Penalties are generally proportional to the offence; for example, dropping litter may result in a cash fine, but a sticky bottle that saves time might earn a time penalty. Cash fines are generally deducted from the team&#8217;s prize money haul at the end of the race.<\/p>\n<aside data-component-name=\"Recirculation:ArticleRiver\" data-recirculation-type=\"inline\" data-mrf-recirculation=\"Trending Bar\" data-nosnippet class=\"clear-both pt-2 pb-0 mb-4\">\n        <span class=\"\n            flex\n            after:content-[&apos;&apos;] after:flex-1 after:ml-4 after:my-[0.7rem] after:border-t after:border-solid after:border-t-[#ccc]\n            before:content-[&apos;&apos;] before:flex-1 before:mr-4 before:my-[0.7rem] before:border-t before:border-solid before:border-t-[#ccc]\n            font-article-heading pb-0 text-[length:var(--article-river-title--font-size,1em)] uppercase sm:text-[length:var(--article-river-title--font-size,0.875em)] font-bold\n        \"><br \/>\n            What to read next<br \/>\n        <\/span><\/p>\n<ul class=\"flex flex-col gap-0 m-0 max-w-full\">\n<li class=\"m-0 list-none border-b border-solid border-[#ededed] py-2\" data-recirculation-id=\"recirculation-card-1\" id=\"recirculation-inline-2-1\" data-analytics-id=\"recirculation-2-inline-1\" data-mrf-recirculation=\"recirculation-2-inline-1\">\n<p>    <img decoding=\"async\" src=\"https:\/\/cdn.mos.cms.futurecdn.net\/yELL6oysNwvGnFHyk6iWd3.jpg\" alt=\"Beloki walks through the hail after stage 3 was cancelled\" loading=\"lazy\" class=\"rounded-[var(--image--border-radius,0)] aspect-square size-[75px] object-cover shrink-0 rounded-lg\"><\/p>\n<p>                        <span class=\"w-full text-base font-[var(--article-river-item--font-weight,500)] font-article-heading line-clamp-3 md:line-clamp-2\">Vuelta a Espa\u00f1a 2026 abandons \u2013\u00a0Tarling and Beloki exit during stage 6<\/span><\/p>\n<\/li>\n<li class=\"m-0 list-none border-b border-solid border-[#ededed] py-2\" data-recirculation-id=\"recirculation-card-2\" id=\"recirculation-inline-2-2\" data-analytics-id=\"recirculation-2-inline-2\" data-mrf-recirculation=\"recirculation-2-inline-2\">\n<p>    <img decoding=\"async\" src=\"https:\/\/cdn.mos.cms.futurecdn.net\/RkQ3caWJuvJd7TgKNKdKKn.jpg\" alt=\"Sepp Kuss, showing part of a tooth he lost in week two, accepts the prize as most combative rider after stage 20\" loading=\"lazy\" class=\"rounded-[var(--image--border-radius,0)] aspect-square size-[75px] object-cover shrink-0 rounded-lg\"><\/p>\n<p>                        <span class=\"w-full text-base font-[var(--article-river-item--font-weight,500)] font-article-heading line-clamp-3 md:line-clamp-2\">Sepp Kuss hit with big fine, time loss and points deduction for littering at Tour de France<\/span><\/p>\n<\/li>\n<li class=\"m-0 list-none border-b border-solid border-[#ccc] py-2\" data-recirculation-id=\"recirculation-card-3\" id=\"recirculation-inline-2-3\" data-analytics-id=\"recirculation-2-inline-3\" data-mrf-recirculation=\"recirculation-2-inline-3\">\n<p>    <img decoding=\"async\" src=\"https:\/\/cdn.mos.cms.futurecdn.net\/CPxWbXXnNwNbQkNsPJbekJ.jpg\" alt=\"MANOSQUE, MONACO - AUGUST 23: A general view of Matthew Brennan of Great Britain and Team Visma | Lease a Bike, Mads Pedersen of Denmark and Team Lidl - Trek sprint at finish line during the La Vuelta - 81st Tour of Spain 2026, Stage 2 a 214.3km from Monaco to Manosque 408m \/ #UCIWT \/ on August 23, 2026 in Manosque, Monaco. (Photo by Alexander Hassenstein\/Getty Images)\" loading=\"lazy\" class=\"rounded-[var(--image--border-radius,0)] aspect-square size-[75px] object-cover shrink-0 rounded-lg\"><\/p>\n<p>                        <span class=\"w-full text-base font-[var(--article-river-item--font-weight,500)] font-article-heading line-clamp-3 md:line-clamp-2\">As it happened: British sensation steals the show in first road stage at La Vuelta a Espa\u00f1a 2026<\/span><\/p>\n<\/li>\n<\/ul>\n<\/aside>\n<p aria-hidden=\"true\" class=\"kiosq-b\">Dangerous infractions can also earn a rider a yellow card, a system introduced a couple of years ago. If a rider or staff member receives more than one yellow card in the same race, they are disqualified and suspended for seven days. Three in 30 days earns a 14-day suspension, whilst six in a year means a 30-day suspension \u2013 though this is yet to happen.<\/p>\n<p aria-hidden=\"true\" class=\"kiosq-b\">The race jury hands out penalties and records them in each day&#8217;s communiqu\u00e9.<\/p>\n<p aria-hidden=\"true\" class=\"kiosq-b\">We are tracking all penalties handed out during the 2026 Vuelta a Espa\u00f1a.<\/p>\n<p aria-hidden=\"true\" class=\"kiosq-b\"><strong>For unbeatable coverage across road, gravel and tech, subscribe to Cyclingnews. You&#8217;ll get comprehensive race coverage of La Vuelta a Espa\u00f1a, subscriber-exclusive analysis from our expert columnists, in-depth features and industry-leading tech insight. Plus, the Cyclingnews app lets you follow the action wherever you go! <\/strong><u><strong>Join today.<\/strong><\/u><\/p>\n<p><a id=\"elk-ae799d20-9c0d-11f1-bf21-f5b5dc08edf7\" aria-hidden=\"true\" class=\"kiosq-b\"><\/a><\/p>\n<h2 id=\"vuelta-a-espana-2026-fines-penalties-and-yellow-cards-3\" aria-hidden=\"true\" class=\"kiosq-b\">Vuelta a Espa\u00f1a 2026 fines, penalties and yellow cards<\/h2>\n<p><a id=\"elk-stage-1-4\" aria-hidden=\"true\" class=\"kiosq-b\"><\/a><\/p>\n<h3 class=\"article-body__section kiosq-b\" id=\"section-stage-1-4\" aria-hidden=\"true\"><span>Stage 1-4<\/span><\/h3>\n<ul id=\"elk-838c2eba-a172-11f1-9915-d90996107c32\" aria-hidden=\"true\" class=\"kiosq-b\">\n<li>None<\/li>\n<\/ul>\n<p><a id=\"elk-stage-5\" aria-hidden=\"true\" class=\"kiosq-b\"><\/a><\/p>\n<h3 class=\"article-body__section kiosq-b\" id=\"section-stage-5\" aria-hidden=\"true\"><span>Stage 5<\/span><\/h3>\n<ul id=\"elk-838c2f82-a172-11f1-a0ed-5f82c657c037\" aria-hidden=\"true\" class=\"kiosq-b\">\n<li>Alexey Lutsenko (NSN Cycling): Deviation from the chosen line that endangers another rider during the final sprint (blow from the elbow) &#8211; Yellow card<\/li>\n<li>Orluis Aular (Movistar): Deviation from the chosen line that endangers another rider during the final sprint (blow from the elbow) &#8211; Yellow card, Relegation, -8 points toward green jersey<\/li>\n<li>Sven Vanthourenhout (Red Bull-Bora-Hansgrohe DS) &#8211; Rider disposing of waste or other objects outside of litter zones, or not returned to team or organisation staff &#8211; 500CHF fine<\/li>\n<\/ul>\n<p><a id=\"elk-stage-7\" aria-hidden=\"true\" class=\"kiosq-b\"><\/a><\/p>\n<h3 class=\"article-body__section kiosq-b\" id=\"section-stage-7\" aria-hidden=\"true\"><span>Stage 7<\/span><\/h3>\n<ul id=\"elk-fcb46f5e-a30d-11f1-9b50-fb6454cb06bd\" aria-hidden=\"true\" class=\"kiosq-b\">\n<li>Alessandro Romele (XDS Astana) &#8211; yellow card for &#8216;Improper conduct that endangers others&#8217;<\/li>\n<li>Irregular feeding: Alexey Lutsenko (NSN), Lorenzo Fortunato and Hekok Mulueberhan (XDS Astana) &#8211; 200CHF each. Also, Decathlon DS Cyril Dessel, XDS Astana DS Alexandr Shefer, and NSN DS Jonathan McCarty 500CHF each.<\/li>\n<\/ul>\n<\/div>\n<div id=\"kiosq-app-paywall-js\"><\/div>\n<div id=\"this-will-be-used-for-mpu-2\"><\/div>\n<div id=\"slice-container-authorBio-ftGeKXT3tL9ddGVpycAV4Z\" class=\"slice-container slice-author-bio authorBio-ftGeKXT3tL9ddGVpycAV4Z slice-container-authorBio\">\n<div class=\"author author__default-layout author--separator author--collapsible\" data-hydrate=\"true\">\n<div class=\"author__header\">\n<div class=\"author__avatar-block\">\n<figure class=\"image-wrapped__wrapper\" data-bordeaux-image-check=\"false\">\n<div class=\"image-wrapped__widthsetter\">\n<div class=\"image-wrapped__aspect-padding\">\n<div><img decoding=\"async\" src=\"https:\/\/cdn.mos.cms.futurecdn.net\/xp8TRbwoGZ3CJANhg7sBy4.jpg\" alt=\"Kirsten Frattini\" class=\"author__avatar image-wrapped__image image__image\" loading=\"lazy\"><\/div>\n<\/div>\n<\/div>\n<\/figure>\n<\/div>\n<div class=\"author__heading\">\n<div class=\"author__name\">Kirsten Frattini<\/div>\n<div class=\"author__social\">\n<nav class=\"button-social-group author__social-buttons\" aria-labelledby=\"button-social-group- author__social-buttons\">\n<div id=\"button-social-group- author__social-buttons\">Social Links Navigation<\/div>\n<p><span class=\"button-social__icon\"><\/span><span class=\"button-social__icon\"><\/span><span class=\"button-social__icon\"><\/span><span class=\"button-social__icon button-social__icon-website\"><\/span><span class=\"button-social__icon button-social__icon-email\"><\/span><\/nav>\n<\/div>\n<div class=\"author__role\">Editor<\/div>\n<\/div>\n<\/div>\n<div class=\"author__bio-wrapper\">\n<div class=\"author__biography\">\n<p>Kirsten Frattini has been the Editor of Cyclingnews since December 2025, overseeing editorial operations and output across the brand and delivering quality, engaging content.<\/p>\n<p>She manages global budgets, racing &amp; events, production scheduling, and contributor commissions, collaborating across content sections and teams in the UK, Europe, North America, and Australia to ensure audience and subscription growth across the brand.<\/p>\n<p>Kirsten has a background in Kinesiology and Health Science. She has been involved in cycling from the community and grassroots level to professional cycling&#8217;s biggest races, reporting on the WorldTour, Spring Classics, Tours de France, World Championships and Olympic Games.<\/p>\n<\/div>\n<\/div>\n<\/div>\n<\/div>\n<\/section>\n<div id=\"viafoura-comments\" aria-hidden=\"true\"><\/div>\n<div class=\"relative max-w-[1070px] viafoura-twig-component mt-6 mx-4 lg:mx-0\" data-component-name=\"Viafoura:Comments\" data-nosnippet data-community-guidelines-text=\"&lt;p class=&apos;vfcustom-community-guidelines&apos;&gt;Please follow our &lt;a href=&quot;https:\/\/www.cyclingnews.com\/about\/#section-community-guidelines&quot; target=&quot;_blank&quot;&gt;community guidelines&lt;\/a&gt;.&lt;\/p&gt;\" data-join-the-conversation-text=\"Join the Conversation\">\n<div class=\"relative h-(--truncate-height) sm:h-(--truncate-desktop-height) overflow-hidden transition-[height] duration-150\" data-test-id=\"container\" data-component-name=\"Util:Truncate\" id=\"viafoura-comments-container\">\n<div class=\"relative z-10 viafoura rounded-[var(--comment-widget-border-radius,0)]\" id=\"viafoura-comment-wrapper\" data-test-id=\"content\">\n<div class=\"viafoura\">\n<div>\n<\/div>\n<\/div>\n<\/div>\n<div class=\"absolute bg-gradient-to-t from-[var(--truncate-gradient-color,white)] from-50% h-28 z-20 w-full bottom-0 flex items-end justify-center px-0 rounded-none\">\n<\/div>\n<\/div>\n<div class=\"absolute top-0 left-0 w-full h-full flex items-center justify-center z-50 bg-white\/90 border-1 rounded-b-[var(--comment-widget-border-radius,0)]\">\n<div class=\"p-2 text-center\">\n<p class=\"mb-3 text-lg!\">You must confirm your public display name before commenting<\/p>\n<p class=\"mb-3 text-sm!\">Please logout and then login again, you will then be prompted to enter your display name.<\/p>\n<\/div>\n<\/div>\n<\/div>\n<div class=\"infinite-container\" data-analytics-id=\"infinite-container\" data-component-name=\"SponsoredScroll\" data-mrf-recirculation=\"infinite-container\">\n<div class=\"infinite-trigger\" aria-hidden=\"true\"><\/div>\n<\/div>\n<section class=\"mx-2 my-5 sm:mx-0\">\n<aside class=\"w-full\" data-nosnippet data-mrf-recirculation=\"article-river-stacked\">\n<div data-recirc-id=\"article-river-stacked-adviser:hybrid\">\n<div class=\"text-white py-4 px-3 mb-4 bg-[#333] uppercase font-bold custom-header-styles\">Read more<\/div>\n<div class=\"grid grid-cols-1 gap-4 mt-4 mb-5\">\n<div>\n<div class=\"aspect-[var(--img-listing-aspect-ratio,16\/9)] relative mb-3.5\">\n<p>    <img decoding=\"async\" src=\"https:\/\/cdn.mos.cms.futurecdn.net\/iwsWCGTeFNxYAbspuFLLZR.jpg\" alt=\"Visma-Lease a Bike rider Sepp Kuss was cited twice on stage 20 of the Tour de France for littering\" loading=\"lazy\" class=\"rounded-[var(--image--border-radius,0)] object-cover w-full h-full\"><\/p><\/div>\n<p>                                                                                                <span class=\"custom-subheading-styles\">Racing<\/span><\/p>\n<p>                            <span class=\"text-base text-black font-bold mx-0 my-2.5 p-0 block custom-text-styles\">Tour de France penalties, fines and yellow cards \u2013 Three riders found guilty of infractions on stage 20 with Sepp Kuss hardest hit for littering<\/span><\/p><\/div>\n<div class=\"relative recirc-feed sponsored-card min-h-[250px]\" data-recirc-id=\"article-river-stacked-ads:native-cards\" data-mrf-recirculation=\"article-river-ads\" data-nosnippet data-ad-slot-path=\"feed-sponsored-post\" data-attribute-device=\"all\">\n<div class=\"sponsored-post max-w-full [&amp;.sponsored-post--loaded+.sponsored-post--placeholder]:hidden [&amp;[data-bordeaux-hook-loaded]+.sponsored-post--placeholder]:hidden\"><\/div>\n<div class=\"max-w-full sponsored-post--placeholder animate-pulse\">\n<div class=\"relative!\">\n            <span class=\"font-ui-heading bg-(--ad-slot-badge-bg-color) absolute text-xs font-bold leading-[14px] tracking-normal text-left text-white px-2.5 py-[5px] left-0 top-0 empty:hidden\"><\/span><\/p>\n<div class=\"aspect-[var(--img-listing-aspect-ratio,16\/9)] relative bg-gray-200\"><\/div>\n<p>            <span class=\"text-base text-black font-bold mx-0 my-2.5 p-0 block bg-gray-100\">\u00a0<br \/>\u00a0<\/span>\n        <\/div>\n<\/p><\/div>\n<\/div>\n<div>\n<div class=\"aspect-[var(--img-listing-aspect-ratio,16\/9)] relative mb-3.5\">\n<p>    <img decoding=\"async\" src=\"https:\/\/cdn.mos.cms.futurecdn.net\/JzdkqXgEpAJTDNXBucpbK4.jpg\" alt=\"A general view of the Giro d&amp;#039;Italia Women - a small group ahead of the race convoy\" loading=\"lazy\" class=\"rounded-[var(--image--border-radius,0)] object-cover w-full h-full\"><\/p><\/div>\n<p>                                                                                                <span class=\"custom-subheading-styles\">Women&#8217;s Cycling<\/span><\/p>\n<p>                            <span class=\"text-base text-black font-bold mx-0 my-2.5 p-0 block custom-text-styles\">Giro d&#8217;Italia Women penalties, fines \u2013 AG Insurance Soudal adds three more yellow cards on final day of racing<\/span><\/p><\/div>\n<div class=\"relative recirc-feed sponsored-card min-h-[250px]\" data-recirc-id=\"article-river-stacked-ads:native-cards\" data-mrf-recirculation=\"article-river-ads\" data-nosnippet data-ad-slot-path=\"feed-sponsored-post\" data-attribute-device=\"all\">\n<div class=\"sponsored-post max-w-full [&amp;.sponsored-post--loaded+.sponsored-post--placeholder]:hidden [&amp;[data-bordeaux-hook-loaded]+.sponsored-post--placeholder]:hidden\"><\/div>\n<div class=\"max-w-full sponsored-post--placeholder animate-pulse\">\n<div class=\"relative!\">\n            <span class=\"font-ui-heading bg-(--ad-slot-badge-bg-color) absolute text-xs font-bold leading-[14px] tracking-normal text-left text-white px-2.5 py-[5px] left-0 top-0 empty:hidden\"><\/span><\/p>\n<div class=\"aspect-[var(--img-listing-aspect-ratio,16\/9)] relative bg-gray-200\"><\/div>\n<p>            <span class=\"text-base text-black font-bold mx-0 my-2.5 p-0 block bg-gray-100\">\u00a0<br \/>\u00a0<\/span>\n        <\/div>\n<\/p><\/div>\n<\/div>\n<div>\n<div class=\"aspect-[var(--img-listing-aspect-ratio,16\/9)] relative mb-3.5\">\n<p>    <img decoding=\"async\" src=\"https:\/\/cdn.mos.cms.futurecdn.net\/TnA5PhYJg5UTfb7uEu9qaH.jpg\" alt=\"NICE, FRANCE - AUGUST 08: A general view of the peloton competing during the 5th Tour de France Femmes 2026, Stage 8 a 171.9km stage from Sisteron to Nice \/ #UCIWWT \/ on August 08, 2026 in Nice, France. (Photo by Tim de Waele\/Getty Images)\" loading=\"lazy\" class=\"rounded-[var(--image--border-radius,0)] object-cover w-full h-full\"><\/p><\/div>\n<p>                                                                                                <span class=\"custom-subheading-styles\">Women&#8217;s Cycling<\/span><\/p>\n<p>                            <span class=\"text-base text-black font-bold mx-0 my-2.5 p-0 block custom-text-styles\">Tour de France Femmes 2026: All the yellow cards, fines, and penalties from across the nine days of racing<\/span><\/p><\/div>\n<div class=\"relative recirc-feed sponsored-card min-h-[250px]\" data-recirc-id=\"article-river-stacked-ads:native-cards\" data-mrf-recirculation=\"article-river-ads\" data-nosnippet data-ad-slot-path=\"feed-sponsored-post\" data-attribute-device=\"all\">\n<div class=\"sponsored-post max-w-full [&amp;.sponsored-post--loaded+.sponsored-post--placeholder]:hidden [&amp;[data-bordeaux-hook-loaded]+.sponsored-post--placeholder]:hidden\"><\/div>\n<div class=\"max-w-full sponsored-post--placeholder animate-pulse\">\n<div class=\"relative!\">\n            <span class=\"font-ui-heading bg-(--ad-slot-badge-bg-color) absolute text-xs font-bold leading-[14px] tracking-normal text-left text-white px-2.5 py-[5px] left-0 top-0 empty:hidden\"><\/span><\/p>\n<div class=\"aspect-[var(--img-listing-aspect-ratio,16\/9)] relative bg-gray-200\"><\/div>\n<p>            <span class=\"text-base text-black font-bold mx-0 my-2.5 p-0 block bg-gray-100\">\u00a0<br \/>\u00a0<\/span>\n        <\/div>\n<\/p><\/div>\n<\/div>\n<div>\n<div class=\"aspect-[var(--img-listing-aspect-ratio,16\/9)] relative mb-3.5\">\n<p>    <img decoding=\"async\" src=\"https:\/\/cdn.mos.cms.futurecdn.net\/yELL6oysNwvGnFHyk6iWd3.jpg\" alt=\"Beloki walks through the hail after stage 3 was cancelled\" loading=\"lazy\" class=\"rounded-[var(--image--border-radius,0)] object-cover w-full h-full\"><\/p><\/div>\n<p>                                                                                                <span class=\"custom-subheading-styles\">Racing<\/span><\/p>\n<p>                            <span class=\"text-base text-black font-bold mx-0 my-2.5 p-0 block custom-text-styles\">Vuelta a Espa\u00f1a 2026 abandons \u2013\u00a0Tarling and Beloki exit during stage 6<\/span><\/p><\/div>\n<div class=\"relative recirc-feed sponsored-card min-h-[250px]\" data-recirc-id=\"article-river-stacked-ads:native-cards\" data-mrf-recirculation=\"article-river-ads\" data-nosnippet data-ad-slot-path=\"feed-sponsored-post\" data-attribute-device=\"all\">\n<div class=\"sponsored-post max-w-full [&amp;.sponsored-post--loaded+.sponsored-post--placeholder]:hidden [&amp;[data-bordeaux-hook-loaded]+.sponsored-post--placeholder]:hidden\"><\/div>\n<div class=\"max-w-full sponsored-post--placeholder animate-pulse\">\n<div class=\"relative!\">\n            <span class=\"font-ui-heading bg-(--ad-slot-badge-bg-color) absolute text-xs font-bold leading-[14px] tracking-normal text-left text-white px-2.5 py-[5px] left-0 top-0 empty:hidden\"><\/span><\/p>\n<div class=\"aspect-[var(--img-listing-aspect-ratio,16\/9)] relative bg-gray-200\"><\/div>\n<p>            <span class=\"text-base text-black font-bold mx-0 my-2.5 p-0 block bg-gray-100\">\u00a0<br \/>\u00a0<\/span>\n        <\/div>\n<\/p><\/div>\n<\/div>\n<div>\n<div class=\"aspect-[var(--img-listing-aspect-ratio,16\/9)] relative mb-3.5\">\n<p>    <img decoding=\"async\" src=\"https:\/\/cdn.mos.cms.futurecdn.net\/RkQ3caWJuvJd7TgKNKdKKn.jpg\" alt=\"Sepp Kuss, showing part of a tooth he lost in week two, accepts the prize as most combative rider after stage 20\" loading=\"lazy\" class=\"rounded-[var(--image--border-radius,0)] object-cover w-full h-full\"><\/p><\/div>\n<p>                                                                                                <span class=\"custom-subheading-styles\">Teams &amp; Riders<\/span><\/p>\n<p>                            <span class=\"text-base text-black font-bold mx-0 my-2.5 p-0 block custom-text-styles\">Sepp Kuss hit with big fine, time loss and points deduction for littering at Tour de France<\/span><\/p><\/div>\n<div class=\"relative recirc-feed sponsored-card min-h-[250px]\" data-recirc-id=\"article-river-stacked-ads:native-cards\" data-mrf-recirculation=\"article-river-ads\" data-nosnippet data-ad-slot-path=\"feed-sponsored-post\" data-attribute-device=\"all\">\n<div class=\"sponsored-post max-w-full [&amp;.sponsored-post--loaded+.sponsored-post--placeholder]:hidden [&amp;[data-bordeaux-hook-loaded]+.sponsored-post--placeholder]:hidden\"><\/div>\n<div class=\"max-w-full sponsored-post--placeholder animate-pulse\">\n<div class=\"relative!\">\n            <span class=\"font-ui-heading bg-(--ad-slot-badge-bg-color) absolute text-xs font-bold leading-[14px] tracking-normal text-left text-white px-2.5 py-[5px] left-0 top-0 empty:hidden\"><\/span><\/p>\n<div class=\"aspect-[var(--img-listing-aspect-ratio,16\/9)] relative bg-gray-200\"><\/div>\n<p>            <span class=\"text-base text-black font-bold mx-0 my-2.5 p-0 block bg-gray-100\">\u00a0<br \/>\u00a0<\/span>\n        <\/div>\n<\/p><\/div>\n<\/div>\n<div>\n<div class=\"aspect-[var(--img-listing-aspect-ratio,16\/9)] relative mb-3.5\">\n<p>    <img decoding=\"async\" src=\"https:\/\/cdn.mos.cms.futurecdn.net\/CPxWbXXnNwNbQkNsPJbekJ.jpg\" alt=\"MANOSQUE, MONACO - AUGUST 23: A general view of Matthew Brennan of Great Britain and Team Visma | Lease a Bike, Mads Pedersen of Denmark and Team Lidl - Trek sprint at finish line during the La Vuelta - 81st Tour of Spain 2026, Stage 2 a 214.3km from Monaco to Manosque 408m \/ #UCIWT \/ on August 23, 2026 in Manosque, Monaco. (Photo by Alexander Hassenstein\/Getty Images)\" loading=\"lazy\" class=\"rounded-[var(--image--border-radius,0)] object-cover w-full h-full\"><\/p><\/div>\n<p>                                                                                                <span class=\"custom-subheading-styles\">Racing<\/span><\/p>\n<p>                            <span class=\"text-base text-black font-bold mx-0 my-2.5 p-0 block custom-text-styles\">As it happened: British sensation steals the show in first road stage at La Vuelta a Espa\u00f1a 2026<\/span><\/p><\/div>\n<div class=\"relative recirc-feed sponsored-card min-h-[250px]\" data-recirc-id=\"article-river-stacked-ads:native-cards\" data-mrf-recirculation=\"article-river-ads\" data-nosnippet data-ad-slot-path=\"feed-sponsored-post\" data-attribute-device=\"all\">\n<div class=\"sponsored-post max-w-full [&amp;.sponsored-post--loaded+.sponsored-post--placeholder]:hidden [&amp;[data-bordeaux-hook-loaded]+.sponsored-post--placeholder]:hidden\"><\/div>\n<div class=\"max-w-full sponsored-post--placeholder animate-pulse\">\n<div class=\"relative!\">\n            <span class=\"font-ui-heading bg-(--ad-slot-badge-bg-color) absolute text-xs font-bold leading-[14px] tracking-normal text-left text-white px-2.5 py-[5px] left-0 top-0 empty:hidden\"><\/span><\/p>\n<div class=\"aspect-[var(--img-listing-aspect-ratio,16\/9)] relative bg-gray-200\"><\/div>\n<p>            <span class=\"text-base text-black font-bold mx-0 my-2.5 p-0 block bg-gray-100\">\u00a0<br \/>\u00a0<\/span>\n        <\/div>\n<\/p><\/div>\n<\/div><\/div>\n<\/p><\/div>\n<\/aside>\n<aside class=\"w-full\" data-nosnippet data-mrf-recirculation=\"article-river-stacked\">\n<div data-recirc-id=\"article-river-stacked-solr:latest-category\">\n<div class=\"text-white py-4 px-3 mb-4 bg-[#333] uppercase font-bold custom-header-styles\">Latest in Racing<\/div>\n<div class=\"grid grid-cols-1 gap-4 mt-4 mb-5\">\n<div>\n<div class=\"aspect-[var(--img-listing-aspect-ratio,16\/9)] relative mb-3.5\">\n<p>    <img decoding=\"async\" src=\"https:\/\/cdn.mos.cms.futurecdn.net\/yt79PW2pJtSFxkDjt7Nz65.jpg\" alt=\"Pogacar makes a peace sign as he finishes stage 7 in the red jersey\" loading=\"lazy\" class=\"rounded-[var(--image--border-radius,0)] object-cover w-full h-full\"><\/p><\/div>\n<p>                                                                                                <span class=\"custom-subheading-styles\">Racing<\/span><\/p>\n<p>                            <span class=\"text-base text-black font-bold mx-0 my-2.5 p-0 block custom-text-styles\">&#8216;I wasn&#8217;t angry at all&#8217; &#8211; Vuelta a Espa\u00f1a leader Tadej Poga\u010dar denies he attacked on Aram\u00f3n Valdelinares finish because he was upset<\/span><\/p><\/div>\n<div class=\"relative recirc-feed sponsored-card min-h-[250px]\" data-recirc-id=\"article-river-stacked-ads:native-cards\" data-mrf-recirculation=\"article-river-ads\" data-nosnippet data-ad-slot-path=\"feed-sponsored-post\" data-attribute-device=\"all\">\n<div class=\"sponsored-post max-w-full [&amp;.sponsored-post--loaded+.sponsored-post--placeholder]:hidden [&amp;[data-bordeaux-hook-loaded]+.sponsored-post--placeholder]:hidden\"><\/div>\n<div class=\"max-w-full sponsored-post--placeholder animate-pulse\">\n<div class=\"relative!\">\n            <span class=\"font-ui-heading bg-(--ad-slot-badge-bg-color) absolute text-xs font-bold leading-[14px] tracking-normal text-left text-white px-2.5 py-[5px] left-0 top-0 empty:hidden\"><\/span><\/p>\n<div class=\"aspect-[var(--img-listing-aspect-ratio,16\/9)] relative bg-gray-200\"><\/div>\n<p>            <span class=\"text-base text-black font-bold mx-0 my-2.5 p-0 block bg-gray-100\">\u00a0<br \/>\u00a0<\/span>\n        <\/div>\n<\/p><\/div>\n<\/div>\n<div>\n<div class=\"aspect-[var(--img-listing-aspect-ratio,16\/9)] relative mb-3.5\">\n<p>    <img decoding=\"async\" src=\"https:\/\/cdn.mos.cms.futurecdn.net\/7d6FJ3mhLbq94pfqzgq9TG.jpg\" alt=\"ARAMON VALDELINARES, SPAIN - AUGUST 29: Andreas Leknessund of Norway and Team Uno-X Mobility during the La Vuelta - 81st Tour of Spain 2026, Stage 7 a 149.48m stage from Vall d&amp;amp;apos;Alba to Aramon Valdelinares 1965m \/ #UCIWT \/ on August 29, 2026 in Aramon Valdelinares, Spain. (Photo by Alexander Hassenstein\/Getty Images)\" loading=\"lazy\" class=\"rounded-[var(--image--border-radius,0)] object-cover w-full h-full\"><\/p><\/div>\n<p>                                                                                                <span class=\"custom-subheading-styles\">Racing<\/span><\/p>\n<p>                            <span class=\"text-base text-black font-bold mx-0 my-2.5 p-0 block custom-text-styles\">Vuelta a Espa\u00f1a: Andreas Leknessund, Tobias Johannessen solo away from Wout van Aert in Uno-X Mobility 1-2 on stage 7<\/span><\/p><\/div>\n<div class=\"relative recirc-feed sponsored-card min-h-[250px]\" data-recirc-id=\"article-river-stacked-ads:native-cards\" data-mrf-recirculation=\"article-river-ads\" data-nosnippet data-ad-slot-path=\"feed-sponsored-post\" data-attribute-device=\"all\">\n<div class=\"sponsored-post max-w-full [&amp;.sponsored-post--loaded+.sponsored-post--placeholder]:hidden [&amp;[data-bordeaux-hook-loaded]+.sponsored-post--placeholder]:hidden\"><\/div>\n<div class=\"max-w-full sponsored-post--placeholder animate-pulse\">\n<div class=\"relative!\">\n            <span class=\"font-ui-heading bg-(--ad-slot-badge-bg-color) absolute text-xs font-bold leading-[14px] tracking-normal text-left text-white px-2.5 py-[5px] left-0 top-0 empty:hidden\"><\/span><\/p>\n<div class=\"aspect-[var(--img-listing-aspect-ratio,16\/9)] relative bg-gray-200\"><\/div>\n<p>            <span class=\"text-base text-black font-bold mx-0 my-2.5 p-0 block bg-gray-100\">\u00a0<br \/>\u00a0<\/span>\n        <\/div>\n<\/p><\/div>\n<\/div>\n<div>\n<div class=\"aspect-[var(--img-listing-aspect-ratio,16\/9)] relative mb-3.5\">\n<p>    <img decoding=\"async\" src=\"https:\/\/cdn.mos.cms.futurecdn.net\/8BBmwDdaLF9SPqhiJM4PzJ.jpg\" alt=\"Tadej Pogacar of Slovenia and UAE Team Emirates XRG - Red Leader Jersey cools down during the La Vuelta - 81st Tour of Spain 2026, Stage 4 a 104.8km from Andorra la Vella to Andorra la Vella \/ #UCIWT \/ on August 25, 2026 in Andorra la Vella, Andorra. (Photo by Tim de Waele\/Getty Images)\" loading=\"lazy\" class=\"rounded-[var(--image--border-radius,0)] object-cover w-full h-full\"><\/p><\/div>\n<p>                                                                                                <span class=\"custom-subheading-styles\">Racing<\/span><\/p>\n<p>                            <span class=\"text-base text-black font-bold mx-0 my-2.5 p-0 block custom-text-styles\">Did dehydration play a role in Tadej Poga\u010dar&#8217;s failed solo move at Vuelta a Espa\u00f1a? World champion says no but was denied a bottle and has a few fuelling fails to his name<\/span><\/p><\/div>\n<div class=\"relative recirc-feed sponsored-card min-h-[250px]\" data-recirc-id=\"article-river-stacked-ads:native-cards\" data-mrf-recirculation=\"article-river-ads\" data-nosnippet data-ad-slot-path=\"feed-sponsored-post\" data-attribute-device=\"all\">\n<div class=\"sponsored-post max-w-full [&amp;.sponsored-post--loaded+.sponsored-post--placeholder]:hidden [&amp;[data-bordeaux-hook-loaded]+.sponsored-post--placeholder]:hidden\"><\/div>\n<div class=\"max-w-full sponsored-post--placeholder animate-pulse\">\n<div class=\"relative!\">\n            <span class=\"font-ui-heading bg-(--ad-slot-badge-bg-color) absolute text-xs font-bold leading-[14px] tracking-normal text-left text-white px-2.5 py-[5px] left-0 top-0 empty:hidden\"><\/span><\/p>\n<div class=\"aspect-[var(--img-listing-aspect-ratio,16\/9)] relative bg-gray-200\"><\/div>\n<p>            <span class=\"text-base text-black font-bold mx-0 my-2.5 p-0 block bg-gray-100\">\u00a0<br \/>\u00a0<\/span>\n        <\/div>\n<\/p><\/div>\n<\/div>\n<div>\n<div class=\"aspect-[var(--img-listing-aspect-ratio,16\/9)] relative mb-3.5\">\n<p>    <img decoding=\"async\" src=\"https:\/\/cdn.mos.cms.futurecdn.net\/vSdkiAvEmYY6WQZwHJEjhW.jpg\" alt=\"Sandra Alonso (Sprint Cycling) \" loading=\"lazy\" class=\"rounded-[var(--image--border-radius,0)] object-cover w-full h-full\"><\/p><\/div>\n<p>                                                                                                <span class=\"custom-subheading-styles\">Women&#8217;s Cycling<\/span><\/p>\n<p>                            <span class=\"text-base text-black font-bold mx-0 my-2.5 p-0 block custom-text-styles\">&#8216;Motherhood and elite-level sports are entirely compatible&#8217; &#8211; Sandra Alonso targets Paris-Roubaix, returning after childbirth and storming the Spanish club scene<\/span><\/p><\/div>\n<div class=\"relative recirc-feed sponsored-card min-h-[250px]\" data-recirc-id=\"article-river-stacked-ads:native-cards\" data-mrf-recirculation=\"article-river-ads\" data-nosnippet data-ad-slot-path=\"feed-sponsored-post\" data-attribute-device=\"all\">\n<div class=\"sponsored-post max-w-full [&amp;.sponsored-post--loaded+.sponsored-post--placeholder]:hidden [&amp;[data-bordeaux-hook-loaded]+.sponsored-post--placeholder]:hidden\"><\/div>\n<div class=\"max-w-full sponsored-post--placeholder animate-pulse\">\n<div class=\"relative!\">\n            <span class=\"font-ui-heading bg-(--ad-slot-badge-bg-color) absolute text-xs font-bold leading-[14px] tracking-normal text-left text-white px-2.5 py-[5px] left-0 top-0 empty:hidden\"><\/span><\/p>\n<div class=\"aspect-[var(--img-listing-aspect-ratio,16\/9)] relative bg-gray-200\"><\/div>\n<p>            <span class=\"text-base text-black font-bold mx-0 my-2.5 p-0 block bg-gray-100\">\u00a0<br \/>\u00a0<\/span>\n        <\/div>\n<\/p><\/div>\n<\/div>\n<div>\n<div class=\"aspect-[var(--img-listing-aspect-ratio,16\/9)] relative mb-3.5\">\n<p>    <img decoding=\"async\" src=\"https:\/\/cdn.mos.cms.futurecdn.net\/LxEHaFBfMyo2nFXMDykbbi.jpg\" alt=\"OUDENAARDE, BELGIUM - APRIL 05: Pfeiffer Georgi of Great Britain and Team Picnic PostNL prior to the 23rd Tour of Flanders 2026 - Ronde van Vlaanderen - Women&amp;#039;s Elite a 164.1km one day race from Oudenaarde to Oudenaarde \/ #UCIWWT \/ on April 05, 2026 in Oudenaarde, Belgium. (Photo by Luc Claessen\/Getty Images)\" loading=\"lazy\" class=\"rounded-[var(--image--border-radius,0)] object-cover w-full h-full\"><\/p><\/div>\n<p>                                                                                                <span class=\"custom-subheading-styles\">Women&#8217;s Cycling<\/span><\/p>\n<p>                            <span class=\"text-base text-black font-bold mx-0 my-2.5 p-0 block custom-text-styles\">Former British champion Pfeiffer Georgi ends 8-year Picnic-PostNL spell to join UAE Team L&#8217;IMAD<\/span><\/p><\/div>\n<div class=\"relative recirc-feed sponsored-card min-h-[250px]\" data-recirc-id=\"article-river-stacked-ads:native-cards\" data-mrf-recirculation=\"article-river-ads\" data-nosnippet data-ad-slot-path=\"feed-sponsored-post\" data-attribute-device=\"all\">\n<div class=\"sponsored-post max-w-full [&amp;.sponsored-post--loaded+.sponsored-post--placeholder]:hidden [&amp;[data-bordeaux-hook-loaded]+.sponsored-post--placeholder]:hidden\"><\/div>\n<div class=\"max-w-full sponsored-post--placeholder animate-pulse\">\n<div class=\"relative!\">\n            <span class=\"font-ui-heading bg-(--ad-slot-badge-bg-color) absolute text-xs font-bold leading-[14px] tracking-normal text-left text-white px-2.5 py-[5px] left-0 top-0 empty:hidden\"><\/span><\/p>\n<div class=\"aspect-[var(--img-listing-aspect-ratio,16\/9)] relative bg-gray-200\"><\/div>\n<p>            <span class=\"text-base text-black font-bold mx-0 my-2.5 p-0 block bg-gray-100\">\u00a0<br \/>\u00a0<\/span>\n        <\/div>\n<\/p><\/div>\n<\/div>\n<div>\n<div class=\"aspect-[var(--img-listing-aspect-ratio,16\/9)] relative mb-3.5\">\n<p>    <img decoding=\"async\" src=\"https:\/\/cdn.mos.cms.futurecdn.net\/xugVTju2QKinpXhphFnyUe.jpg\" alt=\"Stage winner Tadej Pogacar of Slovenia and UAE Team Emirates XRG in the Red Leader&amp;#039;s Jersey competes in the breakaway passing through the Puerto El Bartolo gravel sector during the 2026 Vuelta a Espa\u00f1a. (Photo by Luis Gomez - Pool\/Getty Images)\" loading=\"lazy\" class=\"rounded-[var(--image--border-radius,0)] object-cover w-full h-full\"><\/p><\/div>\n<p>                                                                                                <span class=\"custom-subheading-styles\">Racing<\/span><\/p>\n<p>                            <span class=\"text-base text-black font-bold mx-0 my-2.5 p-0 block custom-text-styles\">&#8216;We don&#8217;t know if he was racing at 100%&#8217; \u2013 Rival sports director believes Vuelta a Espa\u00f1a leader Poga\u010dar&#8217;s failure to finish solo on stage 6 delivers mixed messages<\/span><\/p><\/div>\n<div class=\"relative recirc-feed sponsored-card min-h-[250px]\" data-recirc-id=\"article-river-stacked-ads:native-cards\" data-mrf-recirculation=\"article-river-ads\" data-nosnippet data-ad-slot-path=\"feed-sponsored-post\" data-attribute-device=\"all\">\n<div class=\"sponsored-post max-w-full [&amp;.sponsored-post--loaded+.sponsored-post--placeholder]:hidden [&amp;[data-bordeaux-hook-loaded]+.sponsored-post--placeholder]:hidden\"><\/div>\n<div class=\"max-w-full sponsored-post--placeholder animate-pulse\">\n<div class=\"relative!\">\n            <span class=\"font-ui-heading bg-(--ad-slot-badge-bg-color) absolute text-xs font-bold leading-[14px] tracking-normal text-left text-white px-2.5 py-[5px] left-0 top-0 empty:hidden\"><\/span><\/p>\n<div class=\"aspect-[var(--img-listing-aspect-ratio,16\/9)] relative bg-gray-200\"><\/div>\n<p>            <span class=\"text-base text-black font-bold mx-0 my-2.5 p-0 block bg-gray-100\">\u00a0<br \/>\u00a0<\/span>\n        <\/div>\n<\/p><\/div>\n<\/div><\/div>\n<\/p><\/div>\n<\/aside>\n<aside class=\"w-full\" data-nosnippet data-mrf-recirculation=\"article-river-stacked\">\n<div data-recirc-id=\"article-river-stacked-solr:latest-articletype\">\n<div class=\"text-white py-4 px-3 mb-4 bg-[#333] uppercase font-bold custom-header-styles\">Latest in News<\/div>\n<div class=\"grid grid-cols-1 gap-4 mt-4 mb-5\">\n<div>\n<div class=\"aspect-[var(--img-listing-aspect-ratio,16\/9)] relative mb-3.5\">\n<p>    <img decoding=\"async\" src=\"https:\/\/cdn.mos.cms.futurecdn.net\/u9UuYeqv9RGqM23uTbJXx9.jpg\" alt=\"Felix Gall of Austria and Team Decathlon CMA CGM and Tadej Pogacar of Slovenia and UAE Team Emirates XRG - Red Leader Jersey attack during the La Vuelta - 81st Tour of Spain 2026\" loading=\"lazy\" class=\"rounded-[var(--image--border-radius,0)] object-cover w-full h-full\"><\/p><\/div>\n<p>                                                                                                <span class=\"custom-subheading-styles\">Teams &amp; Riders<\/span><\/p>\n<p>                            <span class=\"text-base text-black font-bold mx-0 my-2.5 p-0 block custom-text-styles\">&#8216;A good day to try something&#8217; &#8211; Felix Gall upbeat after aggressive final ascent at Vuelta a Espa\u00f1a<\/span><\/p><\/div>\n<div class=\"relative recirc-feed sponsored-card min-h-[250px]\" data-recirc-id=\"article-river-stacked-ads:native-cards\" data-mrf-recirculation=\"article-river-ads\" data-nosnippet data-ad-slot-path=\"feed-sponsored-post\" data-attribute-device=\"all\">\n<div class=\"sponsored-post max-w-full [&amp;.sponsored-post--loaded+.sponsored-post--placeholder]:hidden [&amp;[data-bordeaux-hook-loaded]+.sponsored-post--placeholder]:hidden\"><\/div>\n<div class=\"max-w-full sponsored-post--placeholder animate-pulse\">\n<div class=\"relative!\">\n            <span class=\"font-ui-heading bg-(--ad-slot-badge-bg-color) absolute text-xs font-bold leading-[14px] tracking-normal text-left text-white px-2.5 py-[5px] left-0 top-0 empty:hidden\"><\/span><\/p>\n<div class=\"aspect-[var(--img-listing-aspect-ratio,16\/9)] relative bg-gray-200\"><\/div>\n<p>            <span class=\"text-base text-black font-bold mx-0 my-2.5 p-0 block bg-gray-100\">\u00a0<br \/>\u00a0<\/span>\n        <\/div>\n<\/p><\/div>\n<\/div>\n<div>\n<div class=\"aspect-[var(--img-listing-aspect-ratio,16\/9)] relative mb-3.5\">\n<p>    <img decoding=\"async\" src=\"https:\/\/cdn.mos.cms.futurecdn.net\/yt79PW2pJtSFxkDjt7Nz65.jpg\" alt=\"Pogacar makes a peace sign as he finishes stage 7 in the red jersey\" loading=\"lazy\" class=\"rounded-[var(--image--border-radius,0)] object-cover w-full h-full\"><\/p><\/div>\n<p>                                                                                                <span class=\"custom-subheading-styles\">Racing<\/span><\/p>\n<p>                            <span class=\"text-base text-black font-bold mx-0 my-2.5 p-0 block custom-text-styles\">&#8216;I wasn&#8217;t angry at all&#8217; &#8211; Vuelta a Espa\u00f1a leader Tadej Poga\u010dar denies he attacked on Aram\u00f3n Valdelinares finish because he was upset<\/span><\/p><\/div>\n<div class=\"relative recirc-feed sponsored-card min-h-[250px]\" data-recirc-id=\"article-river-stacked-ads:native-cards\" data-mrf-recirculation=\"article-river-ads\" data-nosnippet data-ad-slot-path=\"feed-sponsored-post\" data-attribute-device=\"all\">\n<div class=\"sponsored-post max-w-full [&amp;.sponsored-post--loaded+.sponsored-post--placeholder]:hidden [&amp;[data-bordeaux-hook-loaded]+.sponsored-post--placeholder]:hidden\"><\/div>\n<div class=\"max-w-full sponsored-post--placeholder animate-pulse\">\n<div class=\"relative!\">\n            <span class=\"font-ui-heading bg-(--ad-slot-badge-bg-color) absolute text-xs font-bold leading-[14px] tracking-normal text-left text-white px-2.5 py-[5px] left-0 top-0 empty:hidden\"><\/span><\/p>\n<div class=\"aspect-[var(--img-listing-aspect-ratio,16\/9)] relative bg-gray-200\"><\/div>\n<p>            <span class=\"text-base text-black font-bold mx-0 my-2.5 p-0 block bg-gray-100\">\u00a0<br \/>\u00a0<\/span>\n        <\/div>\n<\/p><\/div>\n<\/div>\n<div>\n<div class=\"aspect-[var(--img-listing-aspect-ratio,16\/9)] relative mb-3.5\">\n<p>    <img decoding=\"async\" src=\"https:\/\/cdn.mos.cms.futurecdn.net\/cm6jjADNpv2DyLYYmYBJnM.jpg\" alt=\"ARAMON VALDELINARES, SPAIN - AUGUST 29: Wout Van Aert of Belgium and Team Visma | Lease a Bike - Green Points Jersey leads the breakaway during the La Vuelta - 81st Tour of Spain 2026, Stage 7 a 149.48m stage from Vall d&amp;#039;Alba to Aramon Valdelinares 1965m \/ #UCIWT \/ on August 29, 2026 in Aramon Valdelinares, Spain. (Photo by Tim de Waele\/Getty Images)\" loading=\"lazy\" class=\"rounded-[var(--image--border-radius,0)] object-cover w-full h-full\"><\/p><\/div>\n<p>                                                                                                <span class=\"custom-subheading-styles\">Teams &amp; Riders<\/span><\/p>\n<p>                            <span class=\"text-base text-black font-bold mx-0 my-2.5 p-0 block custom-text-styles\">&#8216;I didn&#8217;t have confidence in myself&#8217; \u2013 Wout van Aert bags green jersey but regrets missed opportunity in Vuelta a Espa\u00f1a breakaway<\/span><\/p><\/div>\n<div class=\"relative recirc-feed sponsored-card min-h-[250px]\" data-recirc-id=\"article-river-stacked-ads:native-cards\" data-mrf-recirculation=\"article-river-ads\" data-nosnippet data-ad-slot-path=\"feed-sponsored-post\" data-attribute-device=\"all\">\n<div class=\"sponsored-post max-w-full [&amp;.sponsored-post--loaded+.sponsored-post--placeholder]:hidden [&amp;[data-bordeaux-hook-loaded]+.sponsored-post--placeholder]:hidden\"><\/div>\n<div class=\"max-w-full sponsored-post--placeholder animate-pulse\">\n<div class=\"relative!\">\n            <span class=\"font-ui-heading bg-(--ad-slot-badge-bg-color) absolute text-xs font-bold leading-[14px] tracking-normal text-left text-white px-2.5 py-[5px] left-0 top-0 empty:hidden\"><\/span><\/p>\n<div class=\"aspect-[var(--img-listing-aspect-ratio,16\/9)] relative bg-gray-200\"><\/div>\n<p>            <span class=\"text-base text-black font-bold mx-0 my-2.5 p-0 block bg-gray-100\">\u00a0<br \/>\u00a0<\/span>\n        <\/div>\n<\/p><\/div>\n<\/div>\n<div>\n<div class=\"aspect-[var(--img-listing-aspect-ratio,16\/9)] relative mb-3.5\">\n<p>    <img decoding=\"async\" src=\"https:\/\/cdn.mos.cms.futurecdn.net\/urUeDCWicNVcKCHSxJU4wY.jpg\" alt=\"Mathieu van der Poel of Nederlands trains ahead of the XCO race at the 2026 UCI Mountain Bike World Championships on August 28, 2026, in Val di Sole, Italy. (Photo by Piotr Staron\/Getty Images)\" loading=\"lazy\" class=\"rounded-[var(--image--border-radius,0)] object-cover w-full h-full\"><\/p><\/div>\n<p>                                                                                                <span class=\"custom-subheading-styles\">Teams &amp; Riders<\/span><\/p>\n<p>                            <span class=\"text-base text-black font-bold mx-0 my-2.5 p-0 block custom-text-styles\">&#8216;I\u2019ll probably need a season where I spend more time on the mountain bike&#8217; &#8211; Mathieu van der Poel realistic ahead of the UCI Mountain Bike World Championships<\/span><\/p><\/div>\n<div class=\"relative recirc-feed sponsored-card min-h-[250px]\" data-recirc-id=\"article-river-stacked-ads:native-cards\" data-mrf-recirculation=\"article-river-ads\" data-nosnippet data-ad-slot-path=\"feed-sponsored-post\" data-attribute-device=\"all\">\n<div class=\"sponsored-post max-w-full [&amp;.sponsored-post--loaded+.sponsored-post--placeholder]:hidden [&amp;[data-bordeaux-hook-loaded]+.sponsored-post--placeholder]:hidden\"><\/div>\n<div class=\"max-w-full sponsored-post--placeholder animate-pulse\">\n<div class=\"relative!\">\n            <span class=\"font-ui-heading bg-(--ad-slot-badge-bg-color) absolute text-xs font-bold leading-[14px] tracking-normal text-left text-white px-2.5 py-[5px] left-0 top-0 empty:hidden\"><\/span><\/p>\n<div class=\"aspect-[var(--img-listing-aspect-ratio,16\/9)] relative bg-gray-200\"><\/div>\n<p>            <span class=\"text-base text-black font-bold mx-0 my-2.5 p-0 block bg-gray-100\">\u00a0<br \/>\u00a0<\/span>\n        <\/div>\n<\/p><\/div>\n<\/div>\n<div>\n<div class=\"aspect-[var(--img-listing-aspect-ratio,16\/9)] relative mb-3.5\">\n<p>    <img decoding=\"async\" src=\"https:\/\/cdn.mos.cms.futurecdn.net\/8BBmwDdaLF9SPqhiJM4PzJ.jpg\" alt=\"Tadej Pogacar of Slovenia and UAE Team Emirates XRG - Red Leader Jersey cools down during the La Vuelta - 81st Tour of Spain 2026, Stage 4 a 104.8km from Andorra la Vella to Andorra la Vella \/ #UCIWT \/ on August 25, 2026 in Andorra la Vella, Andorra. (Photo by Tim de Waele\/Getty Images)\" loading=\"lazy\" class=\"rounded-[var(--image--border-radius,0)] object-cover w-full h-full\"><\/p><\/div>\n<p>                                                                                                <span class=\"custom-subheading-styles\">Racing<\/span><\/p>\n<p>                            <span class=\"text-base text-black font-bold mx-0 my-2.5 p-0 block custom-text-styles\">Did dehydration play a role in Tadej Poga\u010dar&#8217;s failed solo move at Vuelta a Espa\u00f1a? World champion says no but was denied a bottle and has a few fuelling fails to his name<\/span><\/p><\/div>\n<div class=\"relative recirc-feed sponsored-card min-h-[250px]\" data-recirc-id=\"article-river-stacked-ads:native-cards\" data-mrf-recirculation=\"article-river-ads\" data-nosnippet data-ad-slot-path=\"feed-sponsored-post\" data-attribute-device=\"all\">\n<div class=\"sponsored-post max-w-full [&amp;.sponsored-post--loaded+.sponsored-post--placeholder]:hidden [&amp;[data-bordeaux-hook-loaded]+.sponsored-post--placeholder]:hidden\"><\/div>\n<div class=\"max-w-full sponsored-post--placeholder animate-pulse\">\n<div class=\"relative!\">\n            <span class=\"font-ui-heading bg-(--ad-slot-badge-bg-color) absolute text-xs font-bold leading-[14px] tracking-normal text-left text-white px-2.5 py-[5px] left-0 top-0 empty:hidden\"><\/span><\/p>\n<div class=\"aspect-[var(--img-listing-aspect-ratio,16\/9)] relative bg-gray-200\"><\/div>\n<p>            <span class=\"text-base text-black font-bold mx-0 my-2.5 p-0 block bg-gray-100\">\u00a0<br \/>\u00a0<\/span>\n        <\/div>\n<\/p><\/div>\n<\/div>\n<div>\n<div class=\"aspect-[var(--img-listing-aspect-ratio,16\/9)] relative mb-3.5\">\n<p>    <img decoding=\"async\" src=\"https:\/\/cdn.mos.cms.futurecdn.net\/vSdkiAvEmYY6WQZwHJEjhW.jpg\" alt=\"Sandra Alonso (Sprint Cycling) \" loading=\"lazy\" class=\"rounded-[var(--image--border-radius,0)] object-cover w-full h-full\"><\/p><\/div>\n<p>                                                                                                <span class=\"custom-subheading-styles\">Women&#8217;s Cycling<\/span><\/p>\n<p>                            <span class=\"text-base text-black font-bold mx-0 my-2.5 p-0 block custom-text-styles\">&#8216;Motherhood and elite-level sports are entirely compatible&#8217; &#8211; Sandra Alonso targets Paris-Roubaix, returning after childbirth and storming the Spanish club scene<\/span><\/p><\/div>\n<div class=\"relative recirc-feed sponsored-card min-h-[250px]\" data-recirc-id=\"article-river-stacked-ads:native-cards\" data-mrf-recirculation=\"article-river-ads\" data-nosnippet data-ad-slot-path=\"feed-sponsored-post\" data-attribute-device=\"all\">\n<div class=\"sponsored-post max-w-full [&amp;.sponsored-post--loaded+.sponsored-post--placeholder]:hidden [&amp;[data-bordeaux-hook-loaded]+.sponsored-post--placeholder]:hidden\"><\/div>\n<div class=\"max-w-full sponsored-post--placeholder animate-pulse\">\n<div class=\"relative!\">\n            <span class=\"font-ui-heading bg-(--ad-slot-badge-bg-color) absolute text-xs font-bold leading-[14px] tracking-normal text-left text-white px-2.5 py-[5px] left-0 top-0 empty:hidden\"><\/span><\/p>\n<div class=\"aspect-[var(--img-listing-aspect-ratio,16\/9)] relative bg-gray-200\"><\/div>\n<p>            <span class=\"text-base text-black font-bold mx-0 my-2.5 p-0 block bg-gray-100\">\u00a0<br \/>\u00a0<\/span>\n        <\/div>\n<\/p><\/div>\n<\/div><\/div>\n<\/p><\/div>\n<\/aside>\n<\/section>\n<div class=\"related-articles-block\">\n<\/div>\n<\/div>\n<\/div>\n<div data-widget-type=\"ads\" id=\"ads-middle-1\" class=\"clear-both widget widget-ads widget-ads-middle-1 widget-ads-ads-middle-1 widget-no-data widget-ads-flexi_ads_middle1\">\n<div id=\"bdx_flexi_ads_middle1\" data-type=\"ads\" data-ads-type=\"bordeaux\" class=\"flexi_ads_middle1\"><\/div>\n<\/div>\n<\/div>\n<div id=\"widgetArea17\" class=\"widget-area md:basis-1\/3 widget-area-g-md-vp-1-3 widget-area-g-lg-vp-1-3 widget-area-g-xl-vp-1-3 page-widget-area-17\">\n<div data-widget-type=\"empty\" id=\"sidebar\" class=\"clear-both widget widget-empty widget-sidebar widget-empty-sidebar widget-no-data widget-empty\">\n<\/div>\n<div data-widget-type=\"empty\" id=\"sidebar-top\" class=\"clear-both widget widget-empty widget-sidebar-top widget-empty-sidebar-top ad-unit widget-no-data widget-empty\">\n<\/div>\n<div data-widget-type=\"contentparsed\" id=\"follow-us-on-google-news\" class=\"clear-both widget widget-contentparsed widget-follow-us-on-google-news widget-contentparsed-follow-us-on-google-news widget-content-parsed widget-content-parsed-curated \">\n<div class=\"wcp-item-content\">\n<\/div>\n<\/div>\n<div data-widget-type=\"empty\" id=\"sidebar-popular-top\" class=\"clear-both widget widget-empty widget-sidebar-popular-top widget-empty-sidebar-popular-top ad-unit widget-no-data widget-empty\">\n<\/div>\n<div data-widget-type=\"dynamic\" id=\"popular-data\" class=\"clear-both widget widget-dynamic widget-popular-data widget-dynamic-popular-data widget-dynamic-fter-popular-box\">\n<div class=\"clear-both widget-header\">\n<\/div>\n<div class=\"wdn-fte-pb pos-relative space-t20\n\"><\/p>\n<div class=\"slice-container popular-box-slice\">\n<section class=\"popular-box\" data-component-name=\"Slice:PopularBox\">\n<div class=\"popular-box__label\">\n<div class=\"popular-box__label__tab popular-box__label__tab--active\" role=\"heading\">\nLATEST ARTICLES\n<\/div>\n<\/div>\n<ol class=\"popular-box__articles-list popular-box__articles-list--active\">\n<li class=\"popular-box__article-list\">\n<div class=\"popular-box__article-list__container\">\n<div class=\"popular-box__article-list__image-wrapper\">\n<div>\n<p><img decoding=\"async\" src=\"https:\/\/cdn.mos.cms.futurecdn.net\/u9UuYeqv9RGqM23uTbJXx9.jpg\" alt=\"Felix Gall of Austria and Team Decathlon CMA CGM and Tadej Pogacar of Slovenia and UAE Team Emirates XRG - Red Leader Jersey attack during the La Vuelta - 81st Tour of Spain 2026\" loading=\"lazy\" class=\"rounded-[var(--image--border-radius,0)] popular-box__article-list__image image__image\"><\/p>\n<\/div>\n<\/div>\n<div class=\"popular-box__article-list__content\">\n<div class=\"popular-box__article-list__number-text\">1<\/div>\n<div class=\"popular-box__article-list__heading\">\n<p>&#8216;A good day to try something&#8217; &#8211; Felix Gall upbeat after aggressive final ascent at Vuelta a Espa\u00f1a<\/p>\n<\/div>\n<\/div>\n<\/div>\n<\/li>\n<li class=\"popular-box__article-list\">\n<div class=\"popular-box__article-list__container\">\n<div class=\"popular-box__article-list__content\">\n<div class=\"popular-box__article-list__number-text\">2<\/div>\n<div class=\"popular-box__article-list__heading\">\n<p>&#8216;I wasn&#8217;t angry at all&#8217; &#8211; Vuelta a Espa\u00f1a leader Tadej Poga\u010dar denies he attacked on Aram\u00f3n Valdelinares finish because he was upset<\/p>\n<\/div>\n<\/div>\n<\/div>\n<\/li>\n<li class=\"popular-box__article-list\">\n<div class=\"popular-box__article-list__container\">\n<div class=\"popular-box__article-list__content\">\n<div class=\"popular-box__article-list__number-text\">3<\/div>\n<div class=\"popular-box__article-list__heading\">\n<p>&#8216;I didn&#8217;t have confidence in myself&#8217; \u2013 Wout van Aert bags green jersey but regrets missed opportunity in Vuelta a Espa\u00f1a breakaway<\/p>\n<\/div>\n<\/div>\n<\/div>\n<\/li>\n<li class=\"popular-box__article-list\">\n<div class=\"popular-box__article-list__container\">\n<div class=\"popular-box__article-list__content\">\n<div class=\"popular-box__article-list__number-text\">4<\/div>\n<div class=\"popular-box__article-list__heading\">\n<p>&#8216;I\u2019ll probably need a season where I spend more time on the mountain bike&#8217; &#8211; Mathieu van der Poel realistic ahead of the UCI Mountain Bike World Championships<\/p>\n<\/div>\n<\/div>\n<\/div>\n<\/li>\n<li class=\"popular-box__article-list\">\n<div class=\"popular-box__article-list__container\">\n<div class=\"popular-box__article-list__content\">\n<div class=\"popular-box__article-list__number-text\">5<\/div>\n<div class=\"popular-box__article-list__heading\">\n<p>Vuelta a Espa\u00f1a: Andreas Leknessund, Tobias Johannessen solo away from Wout van Aert in Uno-X Mobility 1-2 on stage 7<\/p>\n<\/div>\n<\/div>\n<\/div>\n<\/li>\n<\/ol>\n<\/section>\n<\/div>\n<\/div>\n<\/div>\n<div data-widget-type=\"empty\" id=\"sidebar-popular-bottom\" class=\"clear-both widget widget-empty widget-sidebar-popular-bottom widget-empty-sidebar-popular-bottom ad-unit widget-no-data widget-empty\">\n<\/div>\n<\/div>\n<\/div>\n<\/article>\n<div class=\"news-article\">\n<header data-component-name=\"Article:Hero\">\n<div id=\"kiosq-metered-message\" class=\"kiosq-metered-message-content\"><\/div>\n<nav class=\"breadcrumb\" aria-label=\"Breadcrumbs\">\n<ol>\n<li>\nPro Cycling\n<\/li>\n<li>\nRacing\n<\/li>\n<li>\nRoad\n<\/li>\n<li>\nVuelta a Espa\u00f1a\n<\/li>\n<\/ol>\n<\/nav>\n<h1>2026 Vuelta a Espa\u00f1a penalties, fines and yellow cards &#8211; XDS Astana&#8217;s Alessandro Romele gets yellow card for &#8216;improper conduct&#8217; that caused crash in Vuelta a Espa\u00f1a stage 7<\/h1>\n<div class=\"byline-social\">\n<div class=\"vds-byline-block flex flex-row flex-nowrap my-1.5 gap-2 text-left items-start justify-start\" data-component-name=\"Article:BylineBlock\">\n<p>News<\/p>\n<div class=\"my-auto vds-simple-byline\">\n<span class=\"inline-block vds-author\"><br \/>\nBy<br \/>\nKirsten Frattini <\/span><br \/>\n<span class=\"inline-block h-3 my-auto border-l border-solid vds-simple-byline__divider max-sm:hidden\"><\/span><\/p>\n<div class=\"flex gap-1 vds-byline-with-avatar__meta\">\n<span class=\"vds-date block font-normal tracking-normal normal-case text-xs\"><br \/>\nLast updated<br \/>\n<time data-component-name=\"UI:DateTime\" datetime=\"2026-08-28T18:26:28Z\" class=\"relative-date\"><br \/>\n28 August 2026<br \/>\n<\/time><br \/>\n<\/span>\n<\/div>\n<\/div>\n<\/div>\n<p class=\"strapline\">Luca Boven hit the deck after Romele lost control on a speed hump<\/p>\n<\/div>\n<aside class=\"text-gray-700 flex items-center mx-0 my-5 p-0 justify-start text-left\" id=\"affiliate-disclaimer\" data-component-name=\"AffiliateDisclaimer\" data-hawk-message=\"Affiliate disclaimer removed because hawk deemed there are no affiliate links on this page\">\n<p class=\"text-[color:var(--affiliate-disclaimer--text-color,inherit)] mb-2 text-[length:var(--affiliate-disclaimer--font-size,0.75rem)] leading-[18px] md:text-[13px] [&amp;&gt;a]:text-inherit [&amp;&gt;a]:underline\">\nWhen you purchase through links on our site, we may earn an affiliate commission. Here\u2019s how it works.\n<\/p>\n<\/aside>\n<\/header>\n<\/div>\n<div id=\"article-body\" class=\"text-copy bodyCopy auto paywall-locker\">\n<div data-analytics-id=\"utility-bar\" id=\"utility-bar\" class=\"font-ui-heading flex justify-between items-center py-2 border-t border-b border-gray-300 border-solid mb-5 mx-auto\" data-component-name=\"UtilityBar\" data-mrf-recirculation=\"utility-bar\">\n<div class=\"flex gap-2 text-[#333] subcontainer\">\n<div class=\"relative tooltip-container\" role=\"tooltip\">\n<div data-component-name=\"Social:Dropdown\" role=\"menu\" id=\"utilitybar__dropdown--share\" aria-labelledby=\"utilitybar__button--share\" class=\"absolute left-0 top-full w-44 bg-white rounded-md shadow-md border border-neutral-200 z-[9996] list-none m-0 py-2 px-3 border-solid\">\n<ul class=\"m-0!\">\n<li class=\"!p-0 !m-0 list-none border-b border-gray-200 border-solid\">\n<\/li>\n<li class=\"!p-0 !m-0 list-none border-b border-gray-200 border-solid\">\n<p>Facebook<\/p>\n<\/li>\n<li class=\"!p-0 !m-0 list-none border-b border-gray-200 border-solid\">\n<p>X<\/p>\n<\/li>\n<li class=\"!p-0 !m-0 list-none border-b border-gray-200 border-solid\">\n<p>Pinterest<\/p>\n<\/li>\n<li class=\"!p-0 !m-0 list-none border-b border-gray-200 border-solid\">\n<p>Email<\/p>\n<\/li>\n<\/ul>\n<\/div>\n<div class=\"font-ui-heading max-sm:hidden tooltip absolute left-1\/2 bg-gray-900 text-white text-xs leading-none px-3 py-1.5 rounded-md z-[10001] whitespace-nowrap\" id=\"tooltip-share-this-article\" role=\"tooltip\" aria-hidden=\"true\">\nShare this article\n<\/div>\n<\/div>\n<div class=\"relative tooltip-container\" role=\"tooltip\">\n<p>    <span class=\"ml-1 inline-flex h-5 px-2 shrink-0 items-center justify-center self-center overflow-hidden whitespace-nowrap rounded-[10px] bg-primary-500 text-[11px] leading-none font-ui-heading font-semibold text-white\">0<\/span><\/p>\n<div class=\"font-ui-heading max-sm:hidden tooltip absolute left-1\/2 bg-gray-900 text-white text-xs leading-none px-3 py-1.5 rounded-md z-[10001] whitespace-nowrap\" id=\"tooltip-join-the-conversation\" role=\"tooltip\" aria-hidden=\"true\">\nJoin the conversation\n<\/div>\n<\/div>\n<\/div>\n<div class=\"flex gap-2 text-[#333] subcontainer\">\n<div class=\"relative tooltip-container\" role=\"tooltip\">\n<p>Follow us<\/p>\n<div class=\"font-ui-heading max-sm:hidden tooltip absolute left-1\/2 bg-gray-900 text-white text-xs leading-none px-3 py-1.5 rounded-md z-[10001] whitespace-nowrap\" id=\"tooltip-add-us-as-a-preferred-source-on-google\" role=\"tooltip\" aria-hidden=\"true\">\nAdd us as a preferred source on Google\n<\/div>\n<\/div>\n<div class=\"relative tooltip-container\" role=\"tooltip\">\n<div class=\"font-ui-heading max-sm:hidden tooltip absolute left-1\/2 bg-gray-900 text-white text-xs leading-none px-3 py-1.5 rounded-md z-[10001] whitespace-nowrap\" id=\"tooltip-subscribe-to-our-newsletter\" role=\"tooltip\" aria-hidden=\"true\">\nSubscribe to our newsletter\n<\/div>\n<\/div>\n<\/div>\n<\/div>\n<p id=\"elk-ae799bfe-9c0d-11f1-b848-e141ccb011c9\">Alessandro Romele (XDS Astana) earned a yellow card during stage 7 of the 2026 Vuelta a Espa\u00f1a after sparking an unfortunate crash for Lotto-Intermarch\u00e9&#8217;s Luca Boven.<\/p>\n<div id=\"ad-unit-1\" class=\"ad-unit\"><\/div>\n<p>Romele appeared to be standing stiff-legged on his bike, perhaps stretching, as the peloton freewheeled through a town, but when he hit a speed hump, he lost control and swerved to the right, pushing Boven into the kerb.<\/p>\n<p><a id=\"elk-seasonal\"><\/a><\/p>\n<aside data-article-category=\"pro-cycling\" data-block-type=\"embed\" data-render-type=\"fte\" data-skip=\"dealsy\" data-widget-type=\"seasonal\" class=\"ecom-root\"><\/aside>\n<p id=\"elk-ae799bfe-9c0d-11f1-b848-e141ccb011c9-2\" aria-hidden=\"true\" class=\"kiosq-b\">The Belgian had nowhere to go, and tumbled onto the pavement on his backside. Although he was eventually able to get back up and finish the stage, he came across the line dead last, 33 minutes behind stage winner Andreas Leknessund (Uno-X Mobility).<\/p>\n<div class=\"my-6 w-full overflow-hidden rounded-[10px] lg:my-8\" data-component-name=\"JwPlayer:Carousel\" data-jwp-carousel data-jwp-carousel-payload=\"{&quot;ids&quot;:{&quot;playerID&quot;:&quot;jYDCcabO&quot;,&quot;searchPlaylistID&quot;:&quot;gwjdoYHD&quot;,&quot;divID&quot;:&quot;botr_gwjdoYHD_jYDCcabO_div&quot;,&quot;fallbackPlaylistID&quot;:&quot;gwjdoYHD&quot;,&quot;fallbackDivID&quot;:&quot;botr_gwjdoYHD_jYDCcabO_div&quot;,&quot;key&quot;:&quot;X9\/mXVGac0NphghLH9hZaqWA5d3dhAM\/Ih07grnEyMLjuO2E&quot;,&quot;tintLogo&quot;:true,&quot;useSearchPlaylist&quot;:false,&quot;enabled&quot;:true},&quot;signPostingEnabled&quot;:true,&quot;signPostingLinkEnabled&quot;:true,&quot;waitForAdLoad&quot;:false,&quot;hidePlayerOnDesktop&quot;:false,&quot;hidePlayerOnMobile&quot;:false,&quot;hidePlayerOnTablet&quot;:false}\">\n<div class=\"flex flex-nowrap items-center justify-between gap-3 bg-zinc-900 px-[14px] py-3\" data-jwp-carousel-header>\n<div class=\"flex min-w-0 shrink items-center\"><span class=\"inline-flex items-center gap-1.5 text-sm font-article-heading capitalize leading-5 text-white whitespace-nowrap\"><span class=\"jwp-carousel-title-mobile\"><\/span><span class=\"jwp-carousel-title-desktop\">Latest Videos From<\/span><span class=\"jwp-carousel-brand\">Cyclingnews<\/span><\/span><\/div>\n<\/div>\n<div class=\"aspect-video w-full min-h-[200px] lg:min-h-[330px] relative overflow-hidden bg-black\" data-jwp-carousel-container>\n<div class=\"absolute inset-0 size-full\" data-jwp-carousel-player-host><\/div>\n<div class=\"absolute inset-0 size-full items-center justify-center bg-white\" data-jwp-carousel-fallback><\/div>\n<\/div>\n<div class=\"min-h-[44px] bg-zinc-900 px-[14px] py-3\" data-jwp-carousel-signposting><a class=\"invisible block truncate text-sm font-bold leading-5 text-white underline decoration-solid underline-offset-2\" data-jwp-carousel-signposting-link href target=\"_blank\" rel=\"noopener noreferrer\"><span data-jwp-carousel-signposting-title>Watch full video here: <\/span><\/a><\/div>\n<\/div>\n<p aria-hidden=\"true\" class=\"kiosq-b\">The dicey move earned Romele a yellow card for &#8216;Improper conduct that endangers others&#8217;, according to the race communique.<\/p>\n<div id=\"ad-unit-2\" class=\"ad-unit\"><\/div>\n<div class=\"see-more see-more--clipped kiosq-b\" id=\"elk-2093350407804223941\" aria-hidden=\"true\">\n<figure>\n<blockquote class=\"twitter-tweet hawk-ignore\" data-lang=\"en\" cite=\"https:\/\/twitter.com\/cantworkitout\/status\/2093350407804223941\">\n<p lang=\"en\" dir=\"ltr\">\ud83e\udd76 El golpetazo de Luca van Boven tras ser cerrado por un corredor de Astana.#LaVuelta26 #LaCasadelCiclismo pic.twitter.com\/n2HYZv5vEAAugust 28, 2026<\/p>\n<\/blockquote>\n<\/figure>\n<div class=\"see-more__filter\"><\/div>\n<\/div>\n<p id=\"elk-fcb46e46-a30d-11f1-b83e-058b084f7104\" aria-hidden=\"true\" class=\"kiosq-b\">It was the third yellow card of the race after two were handed out on stage 5 after some dicey actions in the reduced bunch sprint into Terres de l&#8217;Ebre.<\/p>\n<aside data-component-name=\"Recirculation:ArticleRiver\" data-recirculation-type=\"inline\" data-mrf-recirculation=\"Trending Bar\" data-nosnippet class=\"clear-both pt-2 pb-0 mb-4\">\n        <span class=\"\n            flex\n            after:content-[&apos;&apos;] after:flex-1 after:ml-4 after:my-[0.7rem] after:border-t after:border-solid after:border-t-[#ccc]\n            before:content-[&apos;&apos;] before:flex-1 before:mr-4 before:my-[0.7rem] before:border-t before:border-solid before:border-t-[#ccc]\n            font-article-heading pb-0 text-[length:var(--article-river-title--font-size,1em)] uppercase sm:text-[length:var(--article-river-title--font-size,0.875em)] font-bold\n        \"><br \/>\n            You may like<br \/>\n        <\/span><\/p>\n<ul class=\"flex flex-col gap-0 m-0 max-w-full\">\n<li class=\"m-0 list-none border-b border-solid border-[#ededed] py-2\" data-recirculation-id=\"recirculation-card-1\" id=\"recirculation-inline-1\" data-analytics-id=\"recirculation-inline-1\" data-mrf-recirculation=\"recirculation-inline-1\">\n<p>    <img decoding=\"async\" src=\"https:\/\/cdn.mos.cms.futurecdn.net\/iwsWCGTeFNxYAbspuFLLZR.jpg\" alt=\"Visma-Lease a Bike rider Sepp Kuss was cited twice on stage 20 of the Tour de France for littering\" loading=\"lazy\" class=\"rounded-[var(--image--border-radius,0)] aspect-square size-[75px] object-cover shrink-0 rounded-lg\"><\/p>\n<p>                        <span class=\"w-full text-base font-[var(--article-river-item--font-weight,500)] font-article-heading line-clamp-3 md:line-clamp-2\">Tour de France penalties, fines and yellow cards \u2013 Three riders found guilty of infractions on stage 20 with Sepp Kuss hardest hit for littering<\/span><\/p>\n<\/li>\n<li class=\"m-0 list-none border-b border-solid border-[#ededed] py-2\" data-recirculation-id=\"recirculation-card-2\" id=\"recirculation-inline-2\" data-analytics-id=\"recirculation-inline-2\" data-mrf-recirculation=\"recirculation-inline-2\">\n<p>    <img decoding=\"async\" src=\"https:\/\/cdn.mos.cms.futurecdn.net\/JzdkqXgEpAJTDNXBucpbK4.jpg\" alt=\"A general view of the Giro d&amp;#039;Italia Women - a small group ahead of the race convoy\" loading=\"lazy\" class=\"rounded-[var(--image--border-radius,0)] aspect-square size-[75px] object-cover shrink-0 rounded-lg\"><\/p>\n<p>                        <span class=\"w-full text-base font-[var(--article-river-item--font-weight,500)] font-article-heading line-clamp-3 md:line-clamp-2\">Giro d&#8217;Italia Women penalties, fines \u2013 AG Insurance Soudal adds three more yellow cards on final day of racing<\/span><\/p>\n<\/li>\n<li class=\"m-0 list-none border-b border-solid border-[#ccc] py-2\" data-recirculation-id=\"recirculation-card-3\" id=\"recirculation-inline-3\" data-analytics-id=\"recirculation-inline-3\" data-mrf-recirculation=\"recirculation-inline-3\">\n<p>    <img decoding=\"async\" src=\"https:\/\/cdn.mos.cms.futurecdn.net\/TnA5PhYJg5UTfb7uEu9qaH.jpg\" alt=\"NICE, FRANCE - AUGUST 08: A general view of the peloton competing during the 5th Tour de France Femmes 2026, Stage 8 a 171.9km stage from Sisteron to Nice \/ #UCIWWT \/ on August 08, 2026 in Nice, France. (Photo by Tim de Waele\/Getty Images)\" loading=\"lazy\" class=\"rounded-[var(--image--border-radius,0)] aspect-square size-[75px] object-cover shrink-0 rounded-lg\"><\/p>\n<p>                        <span class=\"w-full text-base font-[var(--article-river-item--font-weight,500)] font-article-heading line-clamp-3 md:line-clamp-2\">Tour de France Femmes 2026: All the yellow cards, fines, and penalties from across the nine days of racing<\/span><\/p>\n<\/li>\n<\/ul>\n<\/aside>\n<p aria-hidden=\"true\" class=\"kiosq-b\">Alexey Lutsenko (NSN Cycling) was given a yellow card for deviating from his line in the sprint, while Orluis Aular (Movistar) was relegated from sixth place to 89th, was given a yellow card and docked eight points for elbowing another rider during the sprint.<\/p>\n<p aria-hidden=\"true\" class=\"kiosq-b\">Over the three weeks and 21 days of racing in a Grand Tour, there are many chances for riders and teams to break rules \u2013 purposefully or inadvertently.<\/p>\n<div id=\"slice-container-newsletterForm-articleInbodyContent-ftGeKXT3tL9ddGVpycAV4Z\" class=\"slice-container newsletter-inbodyContent-slice newsletterForm-articleInbodyContent-ftGeKXT3tL9ddGVpycAV4Z slice-container-newsletterForm\">\n<div data-hydrate=\"true\" class=\"newsletter-form__wrapper newsletter-form__wrapper--inbodyContent\">\n<div class=\"newsletter-form__container\">\n<section class=\"newsletter-form__top-bar\">\n<div class=\"newsletter-form__header\">Get The Leadout Newsletter<\/div>\n<\/section>\n<section class=\"newsletter-form__main-section\">\n<p class=\"newsletter-form__strapline\">The latest race content, interviews, features, reviews and expert buying guides, direct to your inbox!<\/p>\n<footer class=\"newsletter-form__footer \">By submitting your information you agree to the Terms &amp; Conditions and Privacy Policy and are aged 16 or over.<\/footer>\n<\/section>\n<\/div>\n<\/div>\n<\/div>\n<p aria-hidden=\"true\" class=\"kiosq-b\">Penalties can be issued for many things, from small issues like feeding too late in a stage or dropping litter outside the designated zone to bigger ones like dangerous sprint deviations and\/or prolonged sticky bottles.<\/p>\n<p aria-hidden=\"true\" class=\"kiosq-b\">Punishments can include cash fines, ranging from a few hundred Swiss francs to the thousands (fines are always issued in Swiss francs, CHF, the currency of the UCI). Riders can also be punished with time deductions, point deductions in certain classifications, relegation, even disqualification for the most serious infringements.<\/p>\n<p aria-hidden=\"true\" class=\"kiosq-b\">Penalties are generally proportional to the offence; for example, dropping litter may result in a cash fine, but a sticky bottle that saves time might earn a time penalty. Cash fines are generally deducted from the team&#8217;s prize money haul at the end of the race.<\/p>\n<aside data-component-name=\"Recirculation:ArticleRiver\" data-recirculation-type=\"inline\" data-mrf-recirculation=\"Trending Bar\" data-nosnippet class=\"clear-both pt-2 pb-0 mb-4\">\n        <span class=\"\n            flex\n            after:content-[&apos;&apos;] after:flex-1 after:ml-4 after:my-[0.7rem] after:border-t after:border-solid after:border-t-[#ccc]\n            before:content-[&apos;&apos;] before:flex-1 before:mr-4 before:my-[0.7rem] before:border-t before:border-solid before:border-t-[#ccc]\n            font-article-heading pb-0 text-[length:var(--article-river-title--font-size,1em)] uppercase sm:text-[length:var(--article-river-title--font-size,0.875em)] font-bold\n        \"><br \/>\n            What to read next<br \/>\n        <\/span><\/p>\n<ul class=\"flex flex-col gap-0 m-0 max-w-full\">\n<li class=\"m-0 list-none border-b border-solid border-[#ededed] py-2\" data-recirculation-id=\"recirculation-card-1\" id=\"recirculation-inline-2-1\" data-analytics-id=\"recirculation-2-inline-1\" data-mrf-recirculation=\"recirculation-2-inline-1\">\n<p>    <img decoding=\"async\" src=\"https:\/\/cdn.mos.cms.futurecdn.net\/yELL6oysNwvGnFHyk6iWd3.jpg\" alt=\"Beloki walks through the hail after stage 3 was cancelled\" loading=\"lazy\" class=\"rounded-[var(--image--border-radius,0)] aspect-square size-[75px] object-cover shrink-0 rounded-lg\"><\/p>\n<p>                        <span class=\"w-full text-base font-[var(--article-river-item--font-weight,500)] font-article-heading line-clamp-3 md:line-clamp-2\">Vuelta a Espa\u00f1a 2026 abandons \u2013\u00a0Tarling and Beloki exit during stage 6<\/span><\/p>\n<\/li>\n<li class=\"m-0 list-none border-b border-solid border-[#ededed] py-2\" data-recirculation-id=\"recirculation-card-2\" id=\"recirculation-inline-2-2\" data-analytics-id=\"recirculation-2-inline-2\" data-mrf-recirculation=\"recirculation-2-inline-2\">\n<p>    <img decoding=\"async\" src=\"https:\/\/cdn.mos.cms.futurecdn.net\/RkQ3caWJuvJd7TgKNKdKKn.jpg\" alt=\"Sepp Kuss, showing part of a tooth he lost in week two, accepts the prize as most combative rider after stage 20\" loading=\"lazy\" class=\"rounded-[var(--image--border-radius,0)] aspect-square size-[75px] object-cover shrink-0 rounded-lg\"><\/p>\n<p>                        <span class=\"w-full text-base font-[var(--article-river-item--font-weight,500)] font-article-heading line-clamp-3 md:line-clamp-2\">Sepp Kuss hit with big fine, time loss and points deduction for littering at Tour de France<\/span><\/p>\n<\/li>\n<li class=\"m-0 list-none border-b border-solid border-[#ccc] py-2\" data-recirculation-id=\"recirculation-card-3\" id=\"recirculation-inline-2-3\" data-analytics-id=\"recirculation-2-inline-3\" data-mrf-recirculation=\"recirculation-2-inline-3\">\n<p>    <img decoding=\"async\" src=\"https:\/\/cdn.mos.cms.futurecdn.net\/CPxWbXXnNwNbQkNsPJbekJ.jpg\" alt=\"MANOSQUE, MONACO - AUGUST 23: A general view of Matthew Brennan of Great Britain and Team Visma | Lease a Bike, Mads Pedersen of Denmark and Team Lidl - Trek sprint at finish line during the La Vuelta - 81st Tour of Spain 2026, Stage 2 a 214.3km from Monaco to Manosque 408m \/ #UCIWT \/ on August 23, 2026 in Manosque, Monaco. (Photo by Alexander Hassenstein\/Getty Images)\" loading=\"lazy\" class=\"rounded-[var(--image--border-radius,0)] aspect-square size-[75px] object-cover shrink-0 rounded-lg\"><\/p>\n<p>                        <span class=\"w-full text-base font-[var(--article-river-item--font-weight,500)] font-article-heading line-clamp-3 md:line-clamp-2\">As it happened: British sensation steals the show in first road stage at La Vuelta a Espa\u00f1a 2026<\/span><\/p>\n<\/li>\n<\/ul>\n<\/aside>\n<p aria-hidden=\"true\" class=\"kiosq-b\">Dangerous infractions can also earn a rider a yellow card, a system introduced a couple of years ago. If a rider or staff member receives more than one yellow card in the same race, they are disqualified and suspended for seven days. Three in 30 days earns a 14-day suspension, whilst six in a year means a 30-day suspension \u2013 though this is yet to happen.<\/p>\n<p aria-hidden=\"true\" class=\"kiosq-b\">The race jury hands out penalties and records them in each day&#8217;s communiqu\u00e9.<\/p>\n<p aria-hidden=\"true\" class=\"kiosq-b\">We are tracking all penalties handed out during the 2026 Vuelta a Espa\u00f1a.<\/p>\n<p aria-hidden=\"true\" class=\"kiosq-b\"><strong>For unbeatable coverage across road, gravel and tech, subscribe to Cyclingnews. You&#8217;ll get comprehensive race coverage of La Vuelta a Espa\u00f1a, subscriber-exclusive analysis from our expert columnists, in-depth features and industry-leading tech insight. Plus, the Cyclingnews app lets you follow the action wherever you go! <\/strong><u><strong>Join today.<\/strong><\/u><\/p>\n<p><a id=\"elk-ae799d20-9c0d-11f1-bf21-f5b5dc08edf7\" aria-hidden=\"true\" class=\"kiosq-b\"><\/a><\/p>\n<h2 id=\"vuelta-a-espana-2026-fines-penalties-and-yellow-cards-3\" aria-hidden=\"true\" class=\"kiosq-b\">Vuelta a Espa\u00f1a 2026 fines, penalties and yellow cards<\/h2>\n<p><a id=\"elk-stage-1-4\" aria-hidden=\"true\" class=\"kiosq-b\"><\/a><\/p>\n<h3 class=\"article-body__section kiosq-b\" id=\"section-stage-1-4\" aria-hidden=\"true\"><span>Stage 1-4<\/span><\/h3>\n<ul id=\"elk-838c2eba-a172-11f1-9915-d90996107c32\" aria-hidden=\"true\" class=\"kiosq-b\">\n<li>None<\/li>\n<\/ul>\n<p><a id=\"elk-stage-5\" aria-hidden=\"true\" class=\"kiosq-b\"><\/a><\/p>\n<h3 class=\"article-body__section kiosq-b\" id=\"section-stage-5\" aria-hidden=\"true\"><span>Stage 5<\/span><\/h3>\n<ul id=\"elk-838c2f82-a172-11f1-a0ed-5f82c657c037\" aria-hidden=\"true\" class=\"kiosq-b\">\n<li>Alexey Lutsenko (NSN Cycling): Deviation from the chosen line that endangers another rider during the final sprint (blow from the elbow) &#8211; Yellow card<\/li>\n<li>Orluis Aular (Movistar): Deviation from the chosen line that endangers another rider during the final sprint (blow from the elbow) &#8211; Yellow card, Relegation, -8 points toward green jersey<\/li>\n<li>Sven Vanthourenhout (Red Bull-Bora-Hansgrohe DS) &#8211; Rider disposing of waste or other objects outside of litter zones, or not returned to team or organisation staff &#8211; 500CHF fine<\/li>\n<\/ul>\n<p><a id=\"elk-stage-7\" aria-hidden=\"true\" class=\"kiosq-b\"><\/a><\/p>\n<h3 class=\"article-body__section kiosq-b\" id=\"section-stage-7\" aria-hidden=\"true\"><span>Stage 7<\/span><\/h3>\n<ul id=\"elk-fcb46f5e-a30d-11f1-9b50-fb6454cb06bd\" aria-hidden=\"true\" class=\"kiosq-b\">\n<li>Alessandro Romele (XDS Astana) &#8211; yellow card for &#8216;Improper conduct that endangers others&#8217;<\/li>\n<li>Irregular feeding: Alexey Lutsenko (NSN), Lorenzo Fortunato and Hekok Mulueberhan (XDS Astana) &#8211; 200CHF each. Also, Decathlon DS Cyril Dessel, XDS Astana DS Alexandr Shefer, and NSN DS Jonathan McCarty 500CHF each.<\/li>\n<\/ul>\n<\/div>\n<p>[analyse_source url=&#8221;https:\/\/www.cyclingnews.com\/pro-cycling\/racing\/2026-vuelta-a-espana-penalties-fines-and-yellow-cards-two-yellow-cards-and-a-relegation-handed-out-on-stage-5\/&#8221;]<\/p>\n","protected":false},"excerpt":{"rendered":"<p>[analyse_image type=&#8221;featured&#8221; src=&#8221;https:\/\/cdn.mos.cms.futurecdn.net\/CT5zmMV4ht4nefcttNfpyj-2000-80.jpg&#8221;] 1 Tadej Poga\u010dar pulls over peloton as hail storm cancels finale of Vuelta a Espa\u00f1a stage 3 2 As it happened: Vuelta a Espa\u00f1a stage 3 comes to a premature end 3 As it happened: Domination on stage 4 of the Vuelta a Espa\u00f1a with a long-range solo move in Andorra Pro [&hellip;]<\/p>\n","protected":false},"author":1,"featured_media":0,"comment_status":"open","ping_status":"","sticky":false,"template":"","format":"standard","meta":{"footnotes":""},"categories":[2],"tags":[226,68],"class_list":["post-2117379","post","type-post","status-publish","format-standard","hentry","category-politics","tag-crawlmanager","tag-cyclingnews-com"],"_links":{"self":[{"href":"https:\/\/analyse.optim.biz\/index.php?rest_route=\/wp\/v2\/posts\/2117379","targetHints":{"allow":["GET"]}}],"collection":[{"href":"https:\/\/analyse.optim.biz\/index.php?rest_route=\/wp\/v2\/posts"}],"about":[{"href":"https:\/\/analyse.optim.biz\/index.php?rest_route=\/wp\/v2\/types\/post"}],"author":[{"embeddable":true,"href":"https:\/\/analyse.optim.biz\/index.php?rest_route=\/wp\/v2\/users\/1"}],"replies":[{"embeddable":true,"href":"https:\/\/analyse.optim.biz\/index.php?rest_route=%2Fwp%2Fv2%2Fcomments&post=2117379"}],"version-history":[{"count":0,"href":"https:\/\/analyse.optim.biz\/index.php?rest_route=\/wp\/v2\/posts\/2117379\/revisions"}],"wp:attachment":[{"href":"https:\/\/analyse.optim.biz\/index.php?rest_route=%2Fwp%2Fv2%2Fmedia&parent=2117379"}],"wp:term":[{"taxonomy":"category","embeddable":true,"href":"https:\/\/analyse.optim.biz\/index.php?rest_route=%2Fwp%2Fv2%2Fcategories&post=2117379"},{"taxonomy":"post_tag","embeddable":true,"href":"https:\/\/analyse.optim.biz\/index.php?rest_route=%2Fwp%2Fv2%2Ftags&post=2117379"}],"curies":[{"name":"wp","href":"https:\/\/api.w.org\/{rel}","templated":true}]}}