{"id":211727,"date":"2014-02-20T17:40:17","date_gmt":"2014-02-20T14:40:17","guid":{"rendered":"https:\/\/analyse.optim.biz\/?p=211727"},"modified":"2014-02-20T17:40:17","modified_gmt":"2014-02-20T14:40:17","slug":"liberalii-spun-ca-nu-vor-sa-iasa-de-la-guvernare-crin-antonescu-e-candidatul-usl","status":"publish","type":"post","link":"https:\/\/analyse.optim.biz\/?p=211727","title":{"rendered":"Liberalii spun c\u0103 nu vor s\u0103 ias\u0103 de la guvernare. \u201eCrin Antonescu e candidatul USL\u201d"},"content":{"rendered":"<div class=\"entry data-app-meta data-app-meta-article\" data-embed-base-url-canonical=\"https:\/\/www.digi24.ro\/embed\/stiri\/actualitate\/politica\/liberalii-spun-ca-nu-vor-sa-iasa-de-la-guvernare-crin-antonescu-e-candidatul-usl-203671\">\n<p data-index=\"1\">Afirma\u021bia sa vine dup\u0103 ce pre\u0219edintele PSD Victor Ponta a spus c\u0103 are impresia c\u0103 \u0219eful PN\u0218 vrea s\u0103 candideze, mai degrab\u0103, din partea opozi\u0163iei la scrutinul preziden\u021bial.<\/p>\n<p data-index=\"2\">\u201eCrin Antonescu a spus c\u0103 dore\u0219te s\u0103 candideze din partea USL\u201d, a spus vicepre\u0219edintele PNL Puiu Ha\u0219otti.<\/p>\n<p data-index=\"3\">\u201e\u00cen leg\u0103tur\u0103 cu decara\u021bia lui Victor Ponta c\u0103 PSD se g\u00e2nde\u0219te s\u0103 aib\u0103 un candidat la pre\u0219edin\u021bie, pe mine nu m\u0103 suprinde. Sim\u021beam acest lucru demult, s\u0103 aib\u0103 un candidat la<\/p>\n<p data-index=\"4\">preziden\u021biale, ceea ce, atrag aten\u021bia amical, dup\u0103 p\u0103rerea mea \u00een Rom\u00e2nia electoratul nu<\/p>\n<p data-index=\"5\">va vota un socialist, care ne aminte\u0219te de vremuri demult apuse\u201d, a declarat el.<\/p>\n<p data-index=\"6\">El a mai spus c\u0103 propunerile PNL pentru remanierea guvernamental\u0103 \u00eel vizeaz\u0103 doar pe <a href=\"https:\/\/www.digi24.ro\/Stiri\/Digi24\/Actualitate\/Politica\/Crin+Antonescu+Klaus+Iohannis+este+cheia+blocajului+in+USL\" target=\"_blank\" data-skip-linkfix=\"1\" rel=\"noopener\">Klaus Iohannis<\/a>, propus pentru portofoliul Internelor \u0219i pentru func\u021bia de vicepremier, \u0219i sunt \u201econforme cu protocolul USL care a fost \u00eenc\u0103lcat de PSD, at\u00e2t ca liter\u0103, c\u00e2t \u0219i ca spirit\u201d.<\/p>\n<p data-index=\"7\">\u201ePSD g\u0103se\u0219te c\u0103 USD este mai important\u0103 dec\u00e2t USL, iar USD, despre care ini\u021bial s-a spus c\u0103 este o alian\u021b\u0103 elctoral\u0103, a devenit alian\u021b\u0103 politic\u0103, dac\u0103 emite decizii politice\u201d, a mai spus vicepre\u0219edintele PNL.<\/p>\n<p data-index=\"8\">Senatorul Ioan Ghi\u0219e a comentat la Digi24 declara\u021bia pre\u0219edintelui PC Daniel Constantin, potrivit c\u0103reia PNL va ie\u0219i luni de la guvernare.<\/p>\n<p data-index=\"9\">\u201eCred c\u0103 este o declara\u021bie care, \u00een lupta politic\u0103, se nume\u0219te \u201edefilarea sub un steag fals&#8221;, adic\u0103 \u00eei acuzi pe al\u021bii de ceea ce ai tu \u00een inten\u021bie. V\u0103 reamintesc c\u0103 PNL ia decizii prin organismele sale statutare, Delega\u021bia Permanent\u0103 num\u0103r\u0103 300 de oameni din \u00eentreaga \u021bar\u0103, acolo se decide ie\u0219irea sau r\u0103m\u00e2nerea la guvernare\u201d, a spus el.<\/p>\n<p data-index=\"10\">\u201eNoi avem un protocol de colaborare, mini\u0219trii desemna\u021bi de PNL trebuie pu\u0219i \u00een func\u021bie \u0219i s-a terminat cu criza\u201d, spune Ioan Ghi\u0219e.<\/p>\n<p data-index=\"11\">\u00cen opinia sa, nu trebuie schimbat\u0103 organigrama Guvernului, chiar dac\u0103 este vorba despre ata\u0219area func\u021biei de premier portofolului Internelor, \u00een loc de Finan\u021be.<\/p>\n<p data-index=\"12\">\u201eIar dac\u0103 ar trebui, vin \u00een Parlament, unde avem 75 la sut\u0103, \u0219i \u00eentr-un sfert de or\u0103&#8230;\u201d, a spus el.<\/p>\n<p data-index=\"13\">\u201ePNL nu intr\u0103 \u00eentr-o alian\u021b\u0103 \u0219i nu iese dec\u00e2t prin decizia celor 300 de oameni din Delega\u021bia Permanent\u0103 \u0219i aia nu a fost convocat\u0103. PNL nu are \u00een capul s\u0103u \u0219i \u00een spiritul s\u0103u inten\u021biile pe care le afirm\u0103 ba dl. Ponta, ba dl. Constantin, ba \u0219tirile de la tv\u201d, a conchis el.<\/p>\n<p data-index=\"14\">Prere\u0219edintele PSD Victor Ponta a spus ast\u0103zi c\u0103 are impresia c\u0103 liderul PNL <a href=\"https:\/\/www.digi24.ro\/Stiri\/Digi24\/Actualitate\/Politica\/V+Ponta+Ne+trebuie+candidat+la+Cotroceni+Cred+ca+Antonescu+vrea+\" target=\"_blank\" data-skip-linkfix=\"1\" rel=\"noopener\">Crin Antonescu \u00ee\u015fi dore\u015fte s\u0103 candideze din partea opozi\u0163iei<\/a> la pre\u015fedin\u0163ie.<\/p>\n<p data-index=\"15\">\u201eAm convingerea, evident, ca \u015fi al\u0163ii, c\u0103 domnul Antonescu a luat decizia de a merge singur \u015fi de a fi candidat din opozi\u0163ie. P\u00e2n\u0103 acum candida\u0163ii care au c\u00e2\u015ftigat au fost din opozi\u0163ie. Dac\u0103 domnul Iohannis vrea s\u0103 fie ministru de interne \u00eel numesc ast\u0103zi, dac\u0103 vrea vicepremier &#8211; ministru de Finan\u0163e \u00eel numesc. Nu m-am rugat de nimeni a\u015fa. Eu vreau s\u0103 \u00eel numesc \u015fi el nu vrea. Devine ridicol\u201d, a spus Victor Ponta.<\/p>\n<\/div>\n<p> Source URL: https:\/\/www.digi24.ro\/stiri\/actualitate\/politica\/liberalii-spun-ca-nu-vor-sa-iasa-de-la-guvernare-crin-antonescu-e-candidatul-usl-203671<\/p>\n","protected":false},"excerpt":{"rendered":"<p>Afirma\u021bia sa vine dup\u0103 ce pre\u0219edintele PSD Victor Ponta a spus c\u0103 are impresia c\u0103 \u0219eful PN\u0218 vrea s\u0103 candideze, mai degrab\u0103, din partea opozi\u0163iei la scrutinul preziden\u021bial. \u201eCrin Antonescu a spus c\u0103 dore\u0219te s\u0103 candideze din partea USL\u201d, a spus vicepre\u0219edintele PNL Puiu Ha\u0219otti. \u201e\u00cen leg\u0103tur\u0103 cu decara\u021bia lui Victor Ponta c\u0103 PSD se [&hellip;]<\/p>\n","protected":false},"author":1,"featured_media":211728,"comment_status":"open","ping_status":"","sticky":false,"template":"","format":"standard","meta":{"footnotes":""},"categories":[2],"tags":[11],"class_list":["post-211727","post","type-post","status-publish","format-standard","has-post-thumbnail","hentry","category-politics","tag-digi24"],"_links":{"self":[{"href":"https:\/\/analyse.optim.biz\/index.php?rest_route=\/wp\/v2\/posts\/211727","targetHints":{"allow":["GET"]}}],"collection":[{"href":"https:\/\/analyse.optim.biz\/index.php?rest_route=\/wp\/v2\/posts"}],"about":[{"href":"https:\/\/analyse.optim.biz\/index.php?rest_route=\/wp\/v2\/types\/post"}],"author":[{"embeddable":true,"href":"https:\/\/analyse.optim.biz\/index.php?rest_route=\/wp\/v2\/users\/1"}],"replies":[{"embeddable":true,"href":"https:\/\/analyse.optim.biz\/index.php?rest_route=%2Fwp%2Fv2%2Fcomments&post=211727"}],"version-history":[{"count":0,"href":"https:\/\/analyse.optim.biz\/index.php?rest_route=\/wp\/v2\/posts\/211727\/revisions"}],"wp:featuredmedia":[{"embeddable":true,"href":"https:\/\/analyse.optim.biz\/index.php?rest_route=\/wp\/v2\/media\/211728"}],"wp:attachment":[{"href":"https:\/\/analyse.optim.biz\/index.php?rest_route=%2Fwp%2Fv2%2Fmedia&parent=211727"}],"wp:term":[{"taxonomy":"category","embeddable":true,"href":"https:\/\/analyse.optim.biz\/index.php?rest_route=%2Fwp%2Fv2%2Fcategories&post=211727"},{"taxonomy":"post_tag","embeddable":true,"href":"https:\/\/analyse.optim.biz\/index.php?rest_route=%2Fwp%2Fv2%2Ftags&post=211727"}],"curies":[{"name":"wp","href":"https:\/\/api.w.org\/{rel}","templated":true}]}}