{"id":2117268,"date":"2026-08-27T21:00:00","date_gmt":"2026-08-27T18:00:00","guid":{"rendered":"https:\/\/analyse.optim.biz\/?p=2117268"},"modified":"2026-08-27T21:00:00","modified_gmt":"2026-08-27T18:00:00","slug":"centru-de-zi-de-asistenta-si-recuperare-pentru-persoanele-varstnice-si-unitate-de-ingrijire-la-domiciliu","status":"publish","type":"post","link":"https:\/\/analyse.optim.biz\/?p=2117268","title":{"rendered":"Centru de zi de asisten\u021b\u0103 \u0219i recuperare pentru persoanele v\u00e2rstnice \u0219i unitate de \u00eengrijire la domiciliu"},"content":{"rendered":"<p>[analyse_image type=&#8221;featured&#8221; src=&#8221;https:\/\/www.monitoruldevrancea.ro\/wp-content\/uploads\/2026\/08\/AddText_07-23-10.52.03-scaled.jpg&#8221;]<\/p>\n<div class=\"td_block_wrap tdb_single_content tdi_123 td-pb-border-top td_block_template_1 td-post-content tagdiv-type\" data-td-block-uid=\"tdi_123\">\n<div class=\"tdb-block-inner td-fix-index\">\n<figure class=\"wp-block-image size-full\"><img loading=\"lazy\" decoding=\"async\" width=\"2560\" height=\"616\" src=\"https:\/\/www.monitoruldevrancea.ro\/wp-content\/uploads\/2026\/08\/Screenshot_20260723_102100_Word-1-scaled.jpg\" alt class=\"wp-image-728509\"><\/figure>\n<p class=\"has-text-align-right\"><strong>Data: 28 august 2026<\/strong><\/p>\n<p><strong>UAT Municipiul Foc\u0219ani<\/strong>, \u00een calitate de Beneficiar al contractului de finan\u021bare nr. 2275\/23.11.2023 anun\u021b\u0103 finalizarea proiectului: <strong>\u201dCentru de zi de asisten\u021b\u0103 \u0219i recuperare pentru persoanele v\u00e2rstnice \u0219i unitate de \u00eengrijire la domiciliu\u201d.<\/strong><\/p>\n<p>Proiectul a fost finan\u021bat prin Planul Na\u021bional de Redresare \u0219i Rezilien\u021b\u0103, Componenta 13 \u2013 Reforme Sociale Investi\u021bia I4 Crearea unei re\u021bele de centre de zi de asisten\u021b\u0103 \u0219i recuperare pentru persoane v\u00e2rstnice, Titlu apel: PNRR\/2023\/C13\/MMSS\/I4. Centre de zi de asisten\u021b\u0103 \u0219i recuperare pentru persoane v\u00e2rstnice.<\/p>\n<p><strong>Obiectivul general al proiectului<\/strong> a fost de a oferi acces la servicii de \u00eengrijire pe termen lung de calitate pentru persoanele \u00een v\u00e2rst\u0103 prin intermediul centrului de zi de asisten\u021b\u0103 \u0219i recuperare pentru persoanele v\u00e2rstnice, complementar cu serviciul de \u00eengrijire la domiciliu pentru persoanele v\u00e2rstnice.<\/p>\n<p><strong>Obiectivele specifice al proiectului au constat \u00een:<\/strong><\/p>\n<p>1. Construirea unui imobil \u00een care va func\u021biona un centru de zi de asisten\u021b\u0103 \u0219i recuperare pentru persoanele v\u00e2rstnice (cod 8810CZ-V-I), \u00een complementaritate cu servicii de \u00eengrijire la domiciliu, asigurate prin unitate de \u00eengrijire la domiciliu (cod 8810ID-I) la nivelul municipiului Foc\u0219ani;<\/p>\n<p>2. Dotarea spa\u021biului centrului de zi de asisten\u021b\u0103 \u0219i recuperare pentru persoanele v\u00e2rstnice \u0219i unit\u0103\u021bii de \u00eengrijire la domiciliu conform standardelor minime de calitate privind acordarea serviciilor sociale;<\/p>\n<p>3. Acordarea serviciilor sociale \u00een cadrul centrului de zi de asisten\u021b\u0103 \u0219i recuperare pentru persoanele v\u00e2rstnice \u0219i unit\u0103\u021bii de \u00eengrijire la domiciliu, cu cel pu\u021bin o lun\u0103 \u00eenainte de finalizarea perioadei de implementare a proiectului.<\/p>\n<p><strong>Valoarea total\u0103 a proiectului<\/strong> este de 7.250.903,22 lei.\u00a0<\/p>\n<p><strong>Perioada de implementare a Proiectului: <\/strong>33 luni, respectiv \u00eentre 23.11.2023 \u2013 31.08.2026.<\/p>\n<p><strong>Impactul investi\u021biei: <\/strong>Asigurarea accesului facil la servicii moderne de asisten\u021b\u0103, socializare \u0219i recuperare medical\u0103, adaptate nevoilor specifice v\u00e2rstei a treia, centrul de zi va deveni un spa\u021biu de integrare comunitar\u0103 oferind persoanelor v\u00e2rstnice oportunitatea de a r\u0103m\u00e2ne<\/p>\n<p>active \u0219i conectate la via\u021ba social\u0103. Municipiul Foc\u0219ani va beneficia de o nou\u0103 infrastructur\u0103 social\u0103 construit\u0103 \u0219i dotat\u0103 la standarde europene de calitate, siguran\u021b\u0103 \u0219i accesibilitate.<\/p>\n<p><strong>Cod proiect PNRR<\/strong>: PNRR\/2023\/C13\/MMSS\/I4<\/p>\n<p class=\"has-text-align-center\"><strong>Date de contact:<\/strong><\/p>\n<p class=\"has-text-align-center\"><strong>UAT Municipiul Foc\u0219ani<\/strong><\/p>\n<p class=\"has-text-align-center\">M\u0103rgel Laura, Manager Proiect, Tel: 0237\/236000, int: 212,\u00a0<\/p>\n<p class=\"has-text-align-center\">e-mail: <a href=\"https:\/\/www.monitoruldevrancea.ro\/cdn-cgi\/l\/email-protection#771b16020516591a160510121b371118140416191e591e19111859\"><span class=\"__cf_email__\" data-cfemail=\"a2cec3d7d0c38ccfc3d0c5c7cee2c4cdc1d1c3cccb8ccbccc4cd\">[email\u00a0protected]<\/span>.<\/a><\/p>\n<p class=\"has-text-align-center\">Apel de proiecte gestionat de Ministerul Muncii \u0219i Solidarit\u0103\u021bii Sociale finan\u021bat din fonduri europene prin Planul Na\u021bional de Redresare \u0219i Rezilien\u021b\u0103 al Romaniei \u0219i din fonduri na\u021bionale<\/p>\n<figure class=\"wp-block-image size-full\"><img loading=\"lazy\" decoding=\"async\" width=\"2160\" height=\"316\" src=\"https:\/\/www.monitoruldevrancea.ro\/wp-content\/uploads\/2026\/08\/32543.jpg\" alt class=\"wp-image-728640\"><\/figure>\n<\/div>\n<\/div>\n<p>[analyse_source url=&#8221;https:\/\/www.monitoruldevrancea.ro\/2026\/08\/28\/centru-de-zi-de-asistenta-si-recuperare-pentru-persoanele-varstnice-si-unitate-de-ingrijire-la-domiciliu\/&#8221;]<\/p>\n","protected":false},"excerpt":{"rendered":"<p>[analyse_image type=&#8221;featured&#8221; src=&#8221;https:\/\/www.monitoruldevrancea.ro\/wp-content\/uploads\/2026\/08\/AddText_07-23-10.52.03-scaled.jpg&#8221;] Data: 28 august 2026 UAT Municipiul Foc\u0219ani, \u00een calitate de Beneficiar al contractului de finan\u021bare nr. 2275\/23.11.2023 anun\u021b\u0103 finalizarea proiectului: \u201dCentru de zi de asisten\u021b\u0103 \u0219i recuperare pentru persoanele v\u00e2rstnice \u0219i unitate de \u00eengrijire la domiciliu\u201d. Proiectul a fost finan\u021bat prin Planul Na\u021bional de Redresare \u0219i Rezilien\u021b\u0103, Componenta 13 \u2013 Reforme Sociale [&hellip;]<\/p>\n","protected":false},"author":1,"featured_media":0,"comment_status":"open","ping_status":"","sticky":false,"template":"","format":"standard","meta":{"footnotes":""},"categories":[89],"tags":[226,209],"class_list":["post-2117268","post","type-post","status-publish","format-standard","hentry","category-romania","tag-crawlmanager","tag-monitoruldevrancea-ro"],"_links":{"self":[{"href":"https:\/\/analyse.optim.biz\/index.php?rest_route=\/wp\/v2\/posts\/2117268","targetHints":{"allow":["GET"]}}],"collection":[{"href":"https:\/\/analyse.optim.biz\/index.php?rest_route=\/wp\/v2\/posts"}],"about":[{"href":"https:\/\/analyse.optim.biz\/index.php?rest_route=\/wp\/v2\/types\/post"}],"author":[{"embeddable":true,"href":"https:\/\/analyse.optim.biz\/index.php?rest_route=\/wp\/v2\/users\/1"}],"replies":[{"embeddable":true,"href":"https:\/\/analyse.optim.biz\/index.php?rest_route=%2Fwp%2Fv2%2Fcomments&post=2117268"}],"version-history":[{"count":0,"href":"https:\/\/analyse.optim.biz\/index.php?rest_route=\/wp\/v2\/posts\/2117268\/revisions"}],"wp:attachment":[{"href":"https:\/\/analyse.optim.biz\/index.php?rest_route=%2Fwp%2Fv2%2Fmedia&parent=2117268"}],"wp:term":[{"taxonomy":"category","embeddable":true,"href":"https:\/\/analyse.optim.biz\/index.php?rest_route=%2Fwp%2Fv2%2Fcategories&post=2117268"},{"taxonomy":"post_tag","embeddable":true,"href":"https:\/\/analyse.optim.biz\/index.php?rest_route=%2Fwp%2Fv2%2Ftags&post=2117268"}],"curies":[{"name":"wp","href":"https:\/\/api.w.org\/{rel}","templated":true}]}}