{"id":2117228,"date":"2026-08-28T13:15:02","date_gmt":"2026-08-28T10:15:02","guid":{"rendered":"https:\/\/analyse.optim.biz\/?p=2117228"},"modified":"2026-08-28T13:15:02","modified_gmt":"2026-08-28T10:15:02","slug":"atentionare-de-calatorie-pentru-romanii-care-merg-in-spania","status":"publish","type":"post","link":"https:\/\/analyse.optim.biz\/?p=2117228","title":{"rendered":"Aten\u021bionare de c\u0103l\u0103torie pentru rom\u00e2nii care merg \u00een Spania"},"content":{"rendered":"<p>[analyse_image type=&#8221;featured&#8221; src=&#8221;https:\/\/renasterea.ro\/ro\/wp-content\/uploads\/2026\/08\/incendii-spania.jpghttps:\/\/renasterea.ro\/ro\/wp-content\/uploads\/2026\/08\/incendii-spania.jpg&#8221;]<\/p>\n<div class=\"entry-content\"><img loading=\"lazy\" decoding=\"async\" width=\"600\" height=\"337\" src=\"https:\/\/renasterea.ro\/ro\/wp-content\/uploads\/2026\/08\/incendii-spania.jpg\" class=\"attachment-medium size-medium wp-post-image\" alt=\"Aten\u021bionare de c\u0103l\u0103torie pentru rom\u00e2nii care merg \u00een Spania\" title=\"Aten\u021bionare de c\u0103l\u0103torie pentru rom\u00e2nii care merg \u00een Spania 1\"><\/p>\n<h4><strong>Aten\u021bionare de c\u0103l\u0103torie pentru rom\u00e2nii care merg \u00een Spania.<\/strong><\/h4>\n<p>Ministerul Afacerilor Externe (MAE) a emis o aten\u021bionare de c\u0103l\u0103torie pentru cet\u0103\u021benii rom\u00e2ni afla\u021bi, \u00een tranzit sau care inten\u021bioneaz\u0103 s\u0103 ajung\u0103 \u00een Comunitatea Autonom\u0103 Valencian\u0103 din Spania, unde autorit\u0103\u021bile au instituit cod portocaliu din cauza riscului de incendii de vegeta\u021bie.<\/p>\n<p>Potrivit MAE, un incendiu de vegeta\u021bie este deja \u00eenregistrat \u00een zona El Saler, provincia Valencia.<\/p>\n<p>Rom\u00e2nilor li se recomand\u0103 s\u0103 evite zonele afectate de incendii<\/p>\n<p>\u00cen aceste condi\u021bii, cet\u0103\u021benii rom\u00e2ni sunt sf\u0103tui\u021bi s\u0103 evite deplas\u0103rile \u00een zonele \u00een care exist\u0103 incendii \u00een desf\u0103\u0219urare sau unde exist\u0103 un risc iminent de izbucnire a focului.<\/p>\n<p>MAE recomand\u0103, de asemenea, verificarea situa\u021biei drumurilor prin intermediul canalelor oficiale ale Direc\u021biei Generale de Trafic din Spania \u0219i respectarea strict\u0103 a instruc\u021biunilor transmise de autorit\u0103\u021bile locale.<\/p>\n<p>Rom\u00e2nii afla\u021bi \u00een regiune sunt sf\u0103tui\u021bi s\u0103 urm\u0103reasc\u0103 permanent informa\u021biile \u0219i avertiz\u0103rile publicate de serviciile spaniole de urgen\u021b\u0103.<\/p>\n<p>Asisten\u021b\u0103 consular\u0103 pentru persoanele care au nevoie de sprijin<\/p>\n<p>Cet\u0103\u021benii rom\u00e2ni pot solicita asisten\u021b\u0103 consular\u0103 apel\u00e2nd Consulatul General al Rom\u00e2niei la Valencia. Apelurile sunt redirec\u021bionate c\u0103tre Centrul de Contact \u0219i Suport al Cet\u0103\u021benilor Rom\u00e2ni din Str\u0103in\u0103tate \u0219i sunt preluate \u00een regim de permanen\u021b\u0103.<\/p>\n<p>Pentru situa\u021bii dificile, speciale sau cu caracter de urgen\u021b\u0103, rom\u00e2nii au la dispozi\u021bie \u0219i num\u0103rul de urgen\u021b\u0103 al Consulatului General al Rom\u00e2niei la Valencia.<\/p>\n<p>De asemenea, Ministerul Afacerilor Externe le recomand\u0103 persoanelor care c\u0103l\u0103toresc \u00een Spania s\u0103 urm\u0103reasc\u0103 permanent informa\u021biile oficiale \u0219i s\u0103 utilizeze aplica\u021bia \u201eC\u0103l\u0103tore\u0219te informat\u201d, prin intermediul c\u0103reia sunt transmise informa\u021bii \u0219i recomand\u0103ri pentru deplas\u0103rile \u00een str\u0103in\u0103tate.<\/p>\n<p>(sursa: <a href=\"https:\/\/mediafax.ro\/\" target=\"_blank\" rel=\"noopener\">Mediafax<\/a>)<\/p>\n<h2><strong>CITE\u0218TE \u0218I: <a href=\"https:\/\/renasterea.ro\/timisul-aduce-gusturile-banatului-la-bias-2026\/\">Timi\u0219ul aduce gusturile Banatului la BIAS 2026<\/a><\/strong><\/h2>\n<\/div>\n<p>[analyse_source url=&#8221;https:\/\/renasterea.ro\/atentionare-de-calatorie-pentru-romanii-care-merg-in-spania\/&#8221;]<\/p>\n","protected":false},"excerpt":{"rendered":"<p>[analyse_image type=&#8221;featured&#8221; src=&#8221;https:\/\/renasterea.ro\/ro\/wp-content\/uploads\/2026\/08\/incendii-spania.jpghttps:\/\/renasterea.ro\/ro\/wp-content\/uploads\/2026\/08\/incendii-spania.jpg&#8221;] Aten\u021bionare de c\u0103l\u0103torie pentru rom\u00e2nii care merg \u00een Spania. Ministerul Afacerilor Externe (MAE) a emis o aten\u021bionare de c\u0103l\u0103torie pentru cet\u0103\u021benii rom\u00e2ni afla\u021bi, \u00een tranzit sau care inten\u021bioneaz\u0103 s\u0103 ajung\u0103 \u00een Comunitatea Autonom\u0103 Valencian\u0103 din Spania, unde autorit\u0103\u021bile au instituit cod portocaliu din cauza riscului de incendii de vegeta\u021bie. Potrivit MAE, un [&hellip;]<\/p>\n","protected":false},"author":1,"featured_media":0,"comment_status":"open","ping_status":"","sticky":false,"template":"","format":"standard","meta":{"footnotes":""},"categories":[89],"tags":[226,188],"class_list":["post-2117228","post","type-post","status-publish","format-standard","hentry","category-romania","tag-crawlmanager","tag-renasterea-ro"],"_links":{"self":[{"href":"https:\/\/analyse.optim.biz\/index.php?rest_route=\/wp\/v2\/posts\/2117228","targetHints":{"allow":["GET"]}}],"collection":[{"href":"https:\/\/analyse.optim.biz\/index.php?rest_route=\/wp\/v2\/posts"}],"about":[{"href":"https:\/\/analyse.optim.biz\/index.php?rest_route=\/wp\/v2\/types\/post"}],"author":[{"embeddable":true,"href":"https:\/\/analyse.optim.biz\/index.php?rest_route=\/wp\/v2\/users\/1"}],"replies":[{"embeddable":true,"href":"https:\/\/analyse.optim.biz\/index.php?rest_route=%2Fwp%2Fv2%2Fcomments&post=2117228"}],"version-history":[{"count":0,"href":"https:\/\/analyse.optim.biz\/index.php?rest_route=\/wp\/v2\/posts\/2117228\/revisions"}],"wp:attachment":[{"href":"https:\/\/analyse.optim.biz\/index.php?rest_route=%2Fwp%2Fv2%2Fmedia&parent=2117228"}],"wp:term":[{"taxonomy":"category","embeddable":true,"href":"https:\/\/analyse.optim.biz\/index.php?rest_route=%2Fwp%2Fv2%2Fcategories&post=2117228"},{"taxonomy":"post_tag","embeddable":true,"href":"https:\/\/analyse.optim.biz\/index.php?rest_route=%2Fwp%2Fv2%2Ftags&post=2117228"}],"curies":[{"name":"wp","href":"https:\/\/api.w.org\/{rel}","templated":true}]}}