{"id":2117225,"date":"2026-08-28T07:22:27","date_gmt":"2026-08-28T04:22:27","guid":{"rendered":"https:\/\/analyse.optim.biz\/?p=2117225"},"modified":"2026-08-28T07:22:27","modified_gmt":"2026-08-28T04:22:27","slug":"doliu-in-norvegia-regele-harald-al-v-lea-a-murit-la-89-de-ani","status":"publish","type":"post","link":"https:\/\/analyse.optim.biz\/?p=2117225","title":{"rendered":"Doliu \u00een Norvegia: regele Harald al V-lea a murit la 89 de ani"},"content":{"rendered":"<p>[analyse_image type=&#8221;featured&#8221; src=&#8221;https:\/\/renasterea.ro\/ro\/wp-content\/uploads\/2026\/08\/regele-harad-al-v-lea.jpghttps:\/\/renasterea.ro\/ro\/wp-content\/uploads\/2026\/08\/regele-harad-al-v-lea.jpg&#8221;]<\/p>\n<div class=\"entry-content\"><img loading=\"lazy\" decoding=\"async\" width=\"512\" height=\"384\" src=\"https:\/\/renasterea.ro\/ro\/wp-content\/uploads\/2026\/08\/regele-harad-al-v-lea.jpg\" class=\"attachment-medium size-medium wp-post-image\" alt=\"regele harad al v lea\" title=\"Doliu \u00een Norvegia: regele Harald al V-lea a murit la 89 de ani 1\"><\/p>\n<h4><strong>Doliu \u00een Norvegia: regele Harald al V-lea a murit la 89 de ani.<\/strong><\/h4>\n<p>Regele Harald al V-lea al Norvegiei a murit vineri, la v\u00e2rsta de 89 de ani, dup\u0103 o domnie de 35 de ani \u00een care a devenit una dintre cele mai populare figuri ale \u021b\u0103rii \u0219i a contribuit la modernizarea monarhiei.<\/p>\n<p>Fiul s\u0103u, Haakon, \u00eei succede la tron, relateaz\u0103 BBC.<\/p>\n<p>Palatul Regal de la Oslo a anun\u021bat c\u0103 Harald al V-lea a murit la ora local\u0103 06:35, la Spitalul Na\u021bional din capitala norvegian\u0103, unde fusese internat pentru tratarea unei afec\u021biuni rare a s\u00e2ngelui. \u00cen ultimele 24 de ore dinaintea decesului, membrii familiei regale l-au vizitat la spital, \u00een timp ce norvegienii au depus flori la Palatul Regal.<\/p>\n<p><strong>35 de ani pe tronul Norvegiei<\/strong><\/p>\n<p>Harald al V-lea a urcat pe tron la 17 ianuarie 1991, dup\u0103 moartea tat\u0103lui s\u0103u, regele Olav al V-lea. N\u0103scut la 21 februarie 1937, la domeniul Skaugum, \u00een apropiere de Oslo, Harald a fost primul rege al Norvegiei n\u0103scut pe teritoriul \u021b\u0103rii dup\u0103 mai multe secole.<\/p>\n<p>Copil\u0103ria sa a fost marcat\u0103 de cel de-Al Doilea R\u0103zboi Mondial. Avea doar trei ani atunci c\u00e2nd Germania nazist\u0103 a invadat Norvegia. Mama sa a fugit \u00eempreun\u0103 cu copiii \u00een Suedia, iar ulterior familia a ajuns \u00een Statele Unite, la invita\u021bia pre\u0219edintelui Franklin D. Roosevelt.<\/p>\n<p>Dup\u0103 r\u0103zboi, Harald s-a \u00eentors \u00een Norvegia, \u0219i-a finalizat studiile \u0219i serviciul militar, iar \u00een 1957 a devenit prin\u021b mo\u0219tenitor. Ulterior a studiat \u0219tiin\u021be sociale, istorie \u0219i economie la Balliol College, Oxford.<\/p>\n<p><strong>A sfidat tradi\u021bia pentru a se c\u0103s\u0103tori cu Sonja<\/strong><\/p>\n<p>Un episod important din via\u021ba sa a fost rela\u021bia cu Sonja Haraldsen, fiica unui om de afaceri \u0219i femeia care avea s\u0103 devin\u0103 regina Norvegiei. Cei doi au fost nevoi\u021bi s\u0103 a\u0219tepte nou\u0103 ani \u00eenainte de a primi permisiunea de a se c\u0103s\u0103tori, deoarece regele Olav spera ca fiul s\u0103u s\u0103 aleag\u0103 o prin\u021bes\u0103 dintr-o familie regal\u0103 european\u0103.<\/p>\n<p>Harald i-ar fi transmis tat\u0103lui s\u0103u c\u0103, dac\u0103 nu i se va permite s\u0103 se c\u0103s\u0103toreasc\u0103 cu Sonja, va r\u0103m\u00e2ne nec\u0103s\u0103torit. \u00cen cele din urm\u0103, regele \u0219i-a dat acordul, iar nunta a avut loc la Catedrala din Oslo, la 29 august 1968. Decizia lui Harald a fost considerat\u0103 una dintre schimb\u0103rile care au apropiat familia regal\u0103 de societatea norvegian\u0103 \u0219i a deschis calea pentru ca \u0219i copiii s\u0103i s\u0103 se c\u0103s\u0103toreasc\u0103 ulterior cu persoane f\u0103r\u0103 origine regal\u0103.<\/p>\n<p><strong>Momentul care a marcat domnia sa<\/strong><\/p>\n<p>Unul dintre cele mai dificile momente ale domniei lui Harald al V-lea a venit \u00een iulie 2011, dup\u0103 atacurile comise de extremistul Anders Breivik la Oslo \u0219i pe insula Ut\u00f8ya. Opt persoane au fost ucise \u00een atentatul cu bomb\u0103 din capital\u0103, iar alte 69 au murit dup\u0103 ce atacatorul a deschis focul asupra participan\u021bilor la o tab\u0103r\u0103 de tineret de pe Ut\u00f8ya.<\/p>\n<p>\u00cen mesajele adresate na\u021biunii dup\u0103 atentate, Harald a \u00eencercat s\u0103 transmit\u0103 unitate \u0219i solidaritate \u0219i le-a cerut norvegienilor s\u0103 nu permit\u0103 fricii s\u0103 pun\u0103 st\u0103p\u00e2nire pe societate. Discursurile sale din acea perioad\u0103 au devenit unele dintre momentele definitorii ale domniei.<\/p>\n<p><strong>Un monarh care a sus\u021binut o Norvegie divers\u0103<\/strong><\/p>\n<p>Regele a atras din nou aten\u021bia \u00een 2016, printr-un discurs \u00een care a vorbit despre diversitatea religioas\u0103, etnic\u0103 \u0219i sexual\u0103 a societ\u0103\u021bii norvegiene. \u00cen timpul domniei sale, monarhia a devenit mai deschis\u0103 \u0219i mai transparent\u0103, inclusiv \u00een ceea ce prive\u0219te s\u0103n\u0103tatea membrilor familiei regale \u0219i finan\u021bele institu\u021biei.<\/p>\n<p>Harald a fost \u0219i un sportiv pasionat. A reprezentat Norvegia de trei ori la Jocurile Olimpice \u00een competi\u021biile de yachting \u0219i a fost implicat \u00een activit\u0103\u021bi de protec\u021bie a mediului.<\/p>\n<p><strong>Problemele de s\u0103n\u0103tate s-au agravat<\/strong><\/p>\n<p>\u00cen ultimii ani, starea de s\u0103n\u0103tate a regelui s-a deteriorat, iar din aprilie 2024 acesta \u0219i-a redus permanent num\u0103rul apari\u021biilor \u0219i angajamentelor publice. Recent, Harald fusese tratat cu cortizon pentru anemie hemolitic\u0103, o afec\u021biune rar\u0103 care determin\u0103 reducerea num\u0103rului de globule ro\u0219ii.<\/p>\n<p>El fusese internat \u00een spital la 17 august, iar Haakon preluase atribu\u021biile de regent.<\/p>\n<p>Regele Harald al V-lea las\u0103 \u00een urm\u0103 so\u021bia sa, regina Sonja, cu care a fost c\u0103s\u0103torit aproape 58 de ani, fiica lor, prin\u021besa M\u00e4rtha Louise, fiul Haakon \u0219i \u0219ase nepo\u021bi. Odat\u0103 cu moartea sa, coroana \u00eei revine lui Haakon, care preia conducerea monarhiei \u00eentr-o perioad\u0103 complicat\u0103 pentru familia regal\u0103 norvegian\u0103.<\/p>\n<p>(sursa: <a href=\"https:\/\/mediafax.ro\/\" target=\"_blank\" rel=\"noopener\">Mediafax<\/a>)<\/p>\n<h2><strong>CITE\u0218TE \u0218I: <a href=\"https:\/\/renasterea.ro\/tragere-de-foc-in-champions-league-psg-barcelona-arsenal-real-madridmanchester-united-barcelona\/\">Tragere de foc \u00een Champions League: PSG-Barcelona, Arsenal-Real Madrid,Manchester United \u2013 Barcelona<\/a><\/strong><\/h2>\n<\/div>\n<p>[analyse_source url=&#8221;https:\/\/renasterea.ro\/doliu-in-norvegia-regele-harald-al-v-lea-a-murit-la-89-de-ani\/&#8221;]<\/p>\n","protected":false},"excerpt":{"rendered":"<p>[analyse_image type=&#8221;featured&#8221; src=&#8221;https:\/\/renasterea.ro\/ro\/wp-content\/uploads\/2026\/08\/regele-harad-al-v-lea.jpghttps:\/\/renasterea.ro\/ro\/wp-content\/uploads\/2026\/08\/regele-harad-al-v-lea.jpg&#8221;] Doliu \u00een Norvegia: regele Harald al V-lea a murit la 89 de ani. Regele Harald al V-lea al Norvegiei a murit vineri, la v\u00e2rsta de 89 de ani, dup\u0103 o domnie de 35 de ani \u00een care a devenit una dintre cele mai populare figuri ale \u021b\u0103rii \u0219i a contribuit la modernizarea [&hellip;]<\/p>\n","protected":false},"author":1,"featured_media":0,"comment_status":"open","ping_status":"","sticky":false,"template":"","format":"standard","meta":{"footnotes":""},"categories":[89],"tags":[226,188],"class_list":["post-2117225","post","type-post","status-publish","format-standard","hentry","category-romania","tag-crawlmanager","tag-renasterea-ro"],"_links":{"self":[{"href":"https:\/\/analyse.optim.biz\/index.php?rest_route=\/wp\/v2\/posts\/2117225","targetHints":{"allow":["GET"]}}],"collection":[{"href":"https:\/\/analyse.optim.biz\/index.php?rest_route=\/wp\/v2\/posts"}],"about":[{"href":"https:\/\/analyse.optim.biz\/index.php?rest_route=\/wp\/v2\/types\/post"}],"author":[{"embeddable":true,"href":"https:\/\/analyse.optim.biz\/index.php?rest_route=\/wp\/v2\/users\/1"}],"replies":[{"embeddable":true,"href":"https:\/\/analyse.optim.biz\/index.php?rest_route=%2Fwp%2Fv2%2Fcomments&post=2117225"}],"version-history":[{"count":0,"href":"https:\/\/analyse.optim.biz\/index.php?rest_route=\/wp\/v2\/posts\/2117225\/revisions"}],"wp:attachment":[{"href":"https:\/\/analyse.optim.biz\/index.php?rest_route=%2Fwp%2Fv2%2Fmedia&parent=2117225"}],"wp:term":[{"taxonomy":"category","embeddable":true,"href":"https:\/\/analyse.optim.biz\/index.php?rest_route=%2Fwp%2Fv2%2Fcategories&post=2117225"},{"taxonomy":"post_tag","embeddable":true,"href":"https:\/\/analyse.optim.biz\/index.php?rest_route=%2Fwp%2Fv2%2Ftags&post=2117225"}],"curies":[{"name":"wp","href":"https:\/\/api.w.org\/{rel}","templated":true}]}}