{"id":2117217,"date":"2026-08-27T05:53:23","date_gmt":"2026-08-27T02:53:23","guid":{"rendered":"https:\/\/analyse.optim.biz\/?p=2117217"},"modified":"2026-08-27T05:53:23","modified_gmt":"2026-08-27T02:53:23","slug":"atac-cu-masina-in-franta-un-mort-si-10-raniti-dupa-ce-un-sofer-a-intrat-intr-un-grup-de-pietoni","status":"publish","type":"post","link":"https:\/\/analyse.optim.biz\/?p=2117217","title":{"rendered":"Atac cu ma\u0219ina \u00een Fran\u021ba: un mort \u0219i 10 r\u0103ni\u021bi dup\u0103 ce un \u0219ofer a intrat \u00eentr-un grup de pietoni"},"content":{"rendered":"<p>[analyse_image type=&#8221;featured&#8221; src=&#8221;https:\/\/renasterea.ro\/ro\/wp-content\/uploads\/2026\/08\/politie-franta.jpghttps:\/\/renasterea.ro\/ro\/wp-content\/uploads\/2026\/08\/politie-franta.jpg&#8221;]<\/p>\n<div class=\"entry-content\"><img loading=\"lazy\" decoding=\"async\" width=\"600\" height=\"315\" src=\"https:\/\/renasterea.ro\/ro\/wp-content\/uploads\/2026\/08\/politie-franta.jpg\" class=\"attachment-medium size-medium wp-post-image\" alt=\"Atac cu ma\u0219ina \u00een Fran\u021ba: un mort \u0219i 10 r\u0103ni\u021bi dup\u0103 ce un \u0219ofer a intrat \u00eentr-un grup de pietoni\" title=\"Atac cu ma\u0219ina \u00een Fran\u021ba: un mort \u0219i 10 r\u0103ni\u021bi dup\u0103 ce un \u0219ofer a intrat \u00eentr-un grup de pietoni 1\"><\/p>\n<h4><strong>Atac cu ma\u0219ina \u00een Fran\u021ba: un mort \u0219i 10 r\u0103ni\u021bi dup\u0103 ce un \u0219ofer a intrat \u00eentr-un grup de pietoni.<\/strong><\/h4>\n<p>O persoan\u0103 a murit, iar alte zece au fost r\u0103nite dup\u0103 ce un \u0219ofer a intrat cu ma\u0219ina \u00eentr-un grup de pietoni, miercuri sear\u0103, \u00een ora\u0219ul Caen, din nord-vestul Fran\u021bei. \u0218apte dintre r\u0103ni\u021bi se afl\u0103 \u00een stare critic\u0103, iar anchetatorii spun c\u0103 incidentul nu este tratat drept un act terorist.<\/p>\n<p>Incidentul s-a produs \u00een jurul orei locale 22:15, pe o strad\u0103 aflat\u0103 \u00een apropierea g\u0103rii din Caen, relateaz\u0103 France24.<\/p>\n<p>Potrivit prefectului local, David Claviere, autoturismul ar fi intrat \u00een mod deliberat \u00eentr-un grup de pietoni. Din primele informa\u021bii, atacul ar fi avut loc \u00een urma unei alterca\u021bii izbucnite anterior, \u00eens\u0103 circumstan\u021bele exacte urmeaz\u0103 s\u0103 fie stabilite de anchetatori.<\/p>\n<p>Bilan\u021bul provizoriu indic\u0103 un mort \u0219i zece persoane r\u0103nite. \u0218apte victime se afl\u0103 \u00een stare critic\u0103, iar alte trei au suferit r\u0103ni u\u0219oare. Un oficial responsabil de securitatea din Caen a declarat c\u0103 toate victimele par s\u0103 fie b\u0103rba\u021bi cu v\u00e2rste cuprinse \u00eentre 17 \u0219i 40 de ani.<\/p>\n<p>Suspectul a fugit de la locul incidentului<\/p>\n<p>\u0218oferul a p\u0103r\u0103sit zona imediat dup\u0103 atac, dar a fost identificat \u0219i re\u021binut ulterior \u00een localitatea Ouistreham, aflat\u0103 la aproximativ 20 de kilometri de Caen. Suspectul este un b\u0103rbat de 26 de ani, n\u0103scut \u00een Rusia. Potrivit autorit\u0103\u021bilor franceze, acesta nu era cunoscut serviciilor de informa\u021bii \u0219i figura \u00een eviden\u021bele poli\u021biei doar pentru abateri rutiere.<\/p>\n<p>Anchetatorii \u00eencearc\u0103 acum s\u0103 stabileasc\u0103 motivul exact al gestului \u0219i dac\u0103 exist\u0103 alte persoane implicate \u00een evenimentele care au precedat atacul.<\/p>\n<p>Procurorii: Nu exist\u0103, deocamdat\u0103, indicii privind un motiv terorist<\/p>\n<p>Parchetul a deschis o anchet\u0103 pentru omor \u0219i violen\u021be agravate. Procurorul adjunct a precizat c\u0103, \u00een aceast\u0103 etap\u0103, autorit\u0103\u021bile nu analizeaz\u0103 cazul ca pe un atac terorist, \u00eens\u0103 a subliniat c\u0103 investiga\u021bia se afl\u0103 abia la \u00eenceput. Identitatea persoanei care \u0219i-a pierdut via\u021ba nu a fost f\u0103cut\u0103 public\u0103 p\u00e2n\u0103 \u00een prezent.<\/p>\n<p>Poli\u021bi\u0219tii continu\u0103 cercet\u0103rile la locul incidentului \u0219i \u00eencearc\u0103 s\u0103 reconstituie succesiunea evenimentelor, inclusiv presupusa alterca\u021bie care ar fi precedat momentul \u00een care autoturismul a intrat \u00een grupul de pietoni.<\/p>\n<p>(sursa: <a href=\"https:\/\/mediafax.ro\/\" target=\"_blank\" rel=\"noopener\">Mediafax<\/a>)<\/p>\n<p><em>Foto: Digi24<\/em><\/p>\n<h2><strong>CITE\u0218TE \u0218I: <a href=\"http:\/\/eclips%C4%83%20spectaculoas%C4%83%20de%20lun%C4%83%20%C3%AEn%20noaptea%20de%20joi%20spre%20vineri.%20fenomenul%20va%20fi%20vizibil%20%C8%99i%20din%20europa\">Eclips\u0103 spectaculoas\u0103 de Lun\u0103 \u00een noaptea de joi spre vineri. Fenomenul va fi vizibil \u0219i din Europa<\/a><\/strong><\/h2>\n<\/div>\n<p>[analyse_source url=&#8221;https:\/\/renasterea.ro\/atac-cu-masina-in-franta-un-mort-si-10-raniti-dupa-ce-un-sofer-a-intrat-intr-un-grup-de-pietoni\/&#8221;]<\/p>\n","protected":false},"excerpt":{"rendered":"<p>[analyse_image type=&#8221;featured&#8221; src=&#8221;https:\/\/renasterea.ro\/ro\/wp-content\/uploads\/2026\/08\/politie-franta.jpghttps:\/\/renasterea.ro\/ro\/wp-content\/uploads\/2026\/08\/politie-franta.jpg&#8221;] Atac cu ma\u0219ina \u00een Fran\u021ba: un mort \u0219i 10 r\u0103ni\u021bi dup\u0103 ce un \u0219ofer a intrat \u00eentr-un grup de pietoni. O persoan\u0103 a murit, iar alte zece au fost r\u0103nite dup\u0103 ce un \u0219ofer a intrat cu ma\u0219ina \u00eentr-un grup de pietoni, miercuri sear\u0103, \u00een ora\u0219ul Caen, din nord-vestul Fran\u021bei. \u0218apte dintre [&hellip;]<\/p>\n","protected":false},"author":1,"featured_media":0,"comment_status":"open","ping_status":"","sticky":false,"template":"","format":"standard","meta":{"footnotes":""},"categories":[89],"tags":[226,188],"class_list":["post-2117217","post","type-post","status-publish","format-standard","hentry","category-romania","tag-crawlmanager","tag-renasterea-ro"],"_links":{"self":[{"href":"https:\/\/analyse.optim.biz\/index.php?rest_route=\/wp\/v2\/posts\/2117217","targetHints":{"allow":["GET"]}}],"collection":[{"href":"https:\/\/analyse.optim.biz\/index.php?rest_route=\/wp\/v2\/posts"}],"about":[{"href":"https:\/\/analyse.optim.biz\/index.php?rest_route=\/wp\/v2\/types\/post"}],"author":[{"embeddable":true,"href":"https:\/\/analyse.optim.biz\/index.php?rest_route=\/wp\/v2\/users\/1"}],"replies":[{"embeddable":true,"href":"https:\/\/analyse.optim.biz\/index.php?rest_route=%2Fwp%2Fv2%2Fcomments&post=2117217"}],"version-history":[{"count":0,"href":"https:\/\/analyse.optim.biz\/index.php?rest_route=\/wp\/v2\/posts\/2117217\/revisions"}],"wp:attachment":[{"href":"https:\/\/analyse.optim.biz\/index.php?rest_route=%2Fwp%2Fv2%2Fmedia&parent=2117217"}],"wp:term":[{"taxonomy":"category","embeddable":true,"href":"https:\/\/analyse.optim.biz\/index.php?rest_route=%2Fwp%2Fv2%2Fcategories&post=2117217"},{"taxonomy":"post_tag","embeddable":true,"href":"https:\/\/analyse.optim.biz\/index.php?rest_route=%2Fwp%2Fv2%2Ftags&post=2117217"}],"curies":[{"name":"wp","href":"https:\/\/api.w.org\/{rel}","templated":true}]}}