{"id":2117205,"date":"2026-08-26T10:21:14","date_gmt":"2026-08-26T07:21:14","guid":{"rendered":"https:\/\/analyse.optim.biz\/?p=2117205"},"modified":"2026-08-26T10:21:14","modified_gmt":"2026-08-26T07:21:14","slug":"focar-de-tuberculoza-intr-un-mare-oras-al-italiei-in-care-traiesc-zeci-de-mii-de-romani","status":"publish","type":"post","link":"https:\/\/analyse.optim.biz\/?p=2117205","title":{"rendered":"Focar de tuberculoz\u0103 \u00eentr-un mare ora\u0219 al Italiei \u00een care tr\u0103iesc zeci de mii de rom\u00e2ni"},"content":{"rendered":"<p>[analyse_image type=&#8221;featured&#8221; src=&#8221;https:\/\/renasterea.ro\/ro\/wp-content\/uploads\/2026\/08\/tuberculoza.jpghttps:\/\/renasterea.ro\/ro\/wp-content\/uploads\/2026\/08\/tuberculoza.jpg&#8221;]<\/p>\n<div class=\"entry-content\"><img loading=\"lazy\" decoding=\"async\" width=\"600\" height=\"337\" src=\"https:\/\/renasterea.ro\/ro\/wp-content\/uploads\/2026\/08\/tuberculoza.jpg\" class=\"attachment-medium size-medium wp-post-image\" alt=\"Focar de tuberculoz\u0103 \u00eentr-un mare ora\u0219 al Italiei \u00een care tr\u0103iesc zeci de mii de rom\u00e2ni\" title=\"Focar de tuberculoz\u0103 \u00eentr-un mare ora\u0219 al Italiei \u00een care tr\u0103iesc zeci de mii de rom\u00e2ni 1\"><\/p>\n<h4>Focar de tuberculoz\u0103 \u00eentr-un mare ora\u0219 al Italiei \u00een care tr\u0103iesc zeci de mii de rom\u00e2ni.<\/h4>\n<p>Un focar de tuberculoz\u0103 a fost descoperit la Institutul de Medicin\u0103 Legal\u0103 al Universit\u0103\u021bii din Milano, unde opt persoane au dezvoltat boala, iar alte \u0219apte au fost testate pozitiv pentru contactul cu bacteria.<\/p>\n<p>Printre cei afecta\u021bi se afl\u0103 medici speciali\u0219ti, medici reziden\u021bi \u0219i al\u021bi angaja\u021bi ai institu\u021biei.<\/p>\n<p>Potrivit Agen\u021biei de Tutel\u0103 a S\u0103n\u0103t\u0103\u021bii din Milano (ATS), toate cele opt persoane diagnosticate sunt \u00een tratament, iar \u00een prezent niciuna nu este internat\u0103 \u00een spital. Patru dintre cazuri au fost descoperite \u00een urma screeningului efectuat dup\u0103 identificarea focarului. Alte \u0219apte persoane au avut rezultate pozitive la testele care indic\u0103 un contact cu bacteria, f\u0103r\u0103 s\u0103 fi dezvoltat boala activ\u0103, potrivit Canale Dieci<\/p>\n<p>Autorit\u0103\u021bile sanitare au \u00eenceput investiga\u021biile pentru a stabili de unde a pornit contaminarea \u0219i dac\u0103 au fost respectate toate m\u0103surile de prevenire a infec\u021biilor. Supravegherea medical\u0103 este realizat\u0103 \u00een colaborare cu centrul regional de referin\u021b\u0103 Villa Marelli al Spitalului Niguarda.<\/p>\n<p><strong>O autopsie, posibil punct de pornire al focarului<\/strong><\/p>\n<p>Una dintre ipotezele analizate de anchetatori este legat\u0103 de o autopsie efectuat\u0103 asupra unei persoane decedate despre care exista suspiciunea c\u0103 suferea de tuberculoz\u0103. La procedur\u0103 ar fi participat mai mul\u021bi medici reziden\u021bi, iar ulterior au ap\u0103rut primele cazuri de infectare. Deocamdat\u0103, \u00eens\u0103, aceasta este doar o ipotez\u0103, iar sursa focarului nu a fost stabilit\u0103 oficial.<\/p>\n<p>Asocia\u021bia Liberi Specializzandi sus\u021bine c\u0103 ar exista suspiciuni privind nerespectarea unor protocoale \u0219i reclam\u0103 posibile deficien\u021be \u00een evaluarea riscurilor biologice. Organiza\u021bia a anun\u021bat c\u0103 va depune o pl\u00e2ngere la Carabinieri \u0219i cere verificarea modului \u00een care au fost proteja\u021bi medicii afla\u021bi \u00een formare.<\/p>\n<p>Massimo Minerva, pre\u0219edintele asocia\u021biei, a pus \u00een special problema instruirii personalului pentru manipularea materialelor biologice \u0219i a m\u0103surilor de protec\u021bie din s\u0103lile de autopsie.<\/p>\n<p>\u0218i sindicatul Anaao Assomed a criticat gestionarea situa\u021biei \u0219i reclam\u0103 \u201edeficien\u021be grave\u201d \u00een ceea ce prive\u0219te siguran\u021ba medicilor \u0219i a reziden\u021bilor.<\/p>\n<p>Organiza\u021bia solicit\u0103 actualizarea documentului privind evaluarea riscului biologic, dotarea corespunz\u0103toare a s\u0103lilor de autopsie, implicarea medicului competent \u0219i informarea transparent\u0103 a tuturor reziden\u021bilor care ar fi putut fi expu\u0219i.<\/p>\n<p>Universitatea din Milano a transmis c\u0103 acord\u0103 \u201emaxim\u0103 aten\u021bie\u201d situa\u021biei \u0219i c\u0103 a \u00eenceput verific\u0103rile interne pentru a reconstitui ceea ce s-a \u00eent\u00e2mplat.<\/p>\n<p>De asemenea, investiga\u021biile epidemiologice sunt \u00een desf\u0103\u0219urare pentru identificarea sursei contagierii \u0219i verificarea m\u0103surilor de preven\u021bie.<\/p>\n<p>Focarul este unul localizat \u00een cadrul Institutului de Medicin\u0103 Legal\u0103, iar informa\u021biile disponibile \u00een prezent nu indic\u0103 existen\u021ba unei epidemii \u00een Milano.<\/p>\n<p>Lombardia, regiunea din care face parte \u0219i Milano, g\u0103zduie\u0219te una dintre cele mai mari comunit\u0103\u021bi rom\u00e2ne\u0219ti din Italia: peste 120.000 de rom\u00e2ni.<\/p>\n<p>(sursa: <a href=\"https:\/\/mediafax.ro\/\" target=\"_blank\" rel=\"noopener\">Mediafax<\/a>)<\/p>\n<h2><strong>CITE\u0218TE \u0218I: <a href=\"https:\/\/renasterea.ro\/noaptea-muzeelor-la-sate-in-timis-ghidaj-specializat-fotografiere-si-filmare-activitati-interactive-accesul-este-gratuit\/\">Noaptea Muzeelor la Sate, \u00een Timi\u0219. Ghidaj specializat, fotografiere \u0219i filmare, activit\u0103\u021bi interactive. Accesul este gratuit<\/a><\/strong><\/h2>\n<\/div>\n<p>[analyse_source url=&#8221;https:\/\/renasterea.ro\/focar-de-tuberculoza-intr-un-mare-oras-al-italiei-in-care-traiesc-zeci-de-mii-de-romani\/&#8221;]<\/p>\n","protected":false},"excerpt":{"rendered":"<p>[analyse_image type=&#8221;featured&#8221; src=&#8221;https:\/\/renasterea.ro\/ro\/wp-content\/uploads\/2026\/08\/tuberculoza.jpghttps:\/\/renasterea.ro\/ro\/wp-content\/uploads\/2026\/08\/tuberculoza.jpg&#8221;] Focar de tuberculoz\u0103 \u00eentr-un mare ora\u0219 al Italiei \u00een care tr\u0103iesc zeci de mii de rom\u00e2ni. Un focar de tuberculoz\u0103 a fost descoperit la Institutul de Medicin\u0103 Legal\u0103 al Universit\u0103\u021bii din Milano, unde opt persoane au dezvoltat boala, iar alte \u0219apte au fost testate pozitiv pentru contactul cu bacteria. Printre cei afecta\u021bi [&hellip;]<\/p>\n","protected":false},"author":1,"featured_media":0,"comment_status":"open","ping_status":"","sticky":false,"template":"","format":"standard","meta":{"footnotes":""},"categories":[89],"tags":[226,188],"class_list":["post-2117205","post","type-post","status-publish","format-standard","hentry","category-romania","tag-crawlmanager","tag-renasterea-ro"],"_links":{"self":[{"href":"https:\/\/analyse.optim.biz\/index.php?rest_route=\/wp\/v2\/posts\/2117205","targetHints":{"allow":["GET"]}}],"collection":[{"href":"https:\/\/analyse.optim.biz\/index.php?rest_route=\/wp\/v2\/posts"}],"about":[{"href":"https:\/\/analyse.optim.biz\/index.php?rest_route=\/wp\/v2\/types\/post"}],"author":[{"embeddable":true,"href":"https:\/\/analyse.optim.biz\/index.php?rest_route=\/wp\/v2\/users\/1"}],"replies":[{"embeddable":true,"href":"https:\/\/analyse.optim.biz\/index.php?rest_route=%2Fwp%2Fv2%2Fcomments&post=2117205"}],"version-history":[{"count":0,"href":"https:\/\/analyse.optim.biz\/index.php?rest_route=\/wp\/v2\/posts\/2117205\/revisions"}],"wp:attachment":[{"href":"https:\/\/analyse.optim.biz\/index.php?rest_route=%2Fwp%2Fv2%2Fmedia&parent=2117205"}],"wp:term":[{"taxonomy":"category","embeddable":true,"href":"https:\/\/analyse.optim.biz\/index.php?rest_route=%2Fwp%2Fv2%2Fcategories&post=2117205"},{"taxonomy":"post_tag","embeddable":true,"href":"https:\/\/analyse.optim.biz\/index.php?rest_route=%2Fwp%2Fv2%2Ftags&post=2117205"}],"curies":[{"name":"wp","href":"https:\/\/api.w.org\/{rel}","templated":true}]}}