{"id":2117200,"date":"2026-08-26T08:32:13","date_gmt":"2026-08-26T05:32:13","guid":{"rendered":"https:\/\/analyse.optim.biz\/?p=2117200"},"modified":"2026-08-26T08:32:13","modified_gmt":"2026-08-26T05:32:13","slug":"sua-suspenda-programarile-pentru-viza-in-toata-lumea-ce-se-intampla-cu-solicitantii-deja-programati","status":"publish","type":"post","link":"https:\/\/analyse.optim.biz\/?p=2117200","title":{"rendered":"SUA suspend\u0103 program\u0103rile pentru viz\u0103 \u00een toat\u0103 lumea. Ce se \u00eent\u00e2mpl\u0103 cu solicitan\u021bii deja programa\u021bi"},"content":{"rendered":"<p>[analyse_image type=&#8221;featured&#8221; src=&#8221;https:\/\/renasterea.ro\/ro\/wp-content\/uploads\/visa-waiver.jpghttps:\/\/renasterea.ro\/ro\/wp-content\/uploads\/visa-waiver.jpg&#8221;]<\/p>\n<div class=\"entry-content\"><img loading=\"lazy\" decoding=\"async\" width=\"650\" height=\"429\" src=\"https:\/\/renasterea.ro\/ro\/wp-content\/uploads\/visa-waiver.jpg\" class=\"attachment-medium size-medium wp-post-image\" alt=\"SUA suspend\u0103 program\u0103rile pentru viz\u0103 \u00een toat\u0103 lumea. Ce se \u00eent\u00e2mpl\u0103 cu solicitan\u021bii deja programa\u021bi\" title=\"SUA suspend\u0103 program\u0103rile pentru viz\u0103 \u00een toat\u0103 lumea. Ce se \u00eent\u00e2mpl\u0103 cu solicitan\u021bii deja programa\u021bi 1\"><\/p>\n<h4>Administra\u021bia SUA a suspendat program\u0103rile pentru vize pentru solicitan\u021bii din \u00eentreaga lume, \u00eentruc\u00e2t personalul consular trebuie s\u0103 treac\u0103 printr-un proces de instruire. Demersul vine \u00een contextul \u00een care autorit\u0103\u021bile americane vor s\u0103 \u00een\u0103spreasc\u0103 m\u0103surile privind imigra\u021bia.<\/h4>\n<p>Administra\u021bia pre\u0219edintelui american Donald Trump a dispus suspendarea program\u0103rilor pentru ob\u021binerea vizelor la ambasadele \u0219i consulatele americane din \u00eentreaga lume, \u00een contextul unei campanii de \u00een\u0103sprire a m\u0103surilor privind imigra\u021bia.<\/p>\n<p>Potrivit unui purt\u0103tor de cuv\u00e2nt al Departamentului de Stat al SUA, acest demers vine dup\u0103 ce a fost lansat\u0103 o ini\u021biativ\u0103 global\u0103 de instruire \u00een toate ambasadele \u0219i consulatele SUA din \u00eentreaga lume.<\/p>\n<p>Din acest motiv, serviciile consulare pentru vize vor fi temporar reprogramate pentru a se adapta la aceast\u0103 instruire, informeaz\u0103 Reuters.<\/p>\n<p>Solicitan\u021bii care aveau deja stabilite interviuri au \u00eenceput s\u0103 primeasc\u0103 notific\u0103ri prin e-mail privind am\u00e2narea acestora.<\/p>\n<p>Noile date pentru interviuri urmeaz\u0103 s\u0103 fie comunicate ulterior, potrivit Financial Times.<\/p>\n<h3>Personalul consular va urma un program de instruire<\/h3>\n<p>Departamentul de Stat al SUA nu a oferit informa\u021bii suplimentare privind instruirea \u0219i calendarul acesteia. Totu\u0219i, institu\u021bia a precizat c\u0103 instruirea are scopul de a ajuta func\u021bionarii consulari s\u0103-i elimine pe solicitan\u021bii considera\u021bi susceptibili de a deveni dependen\u021bi de ajutoarele sociale americane \u0219i de a asigura evaluarea solicitan\u021bilor de viz\u0103 \u201e\u00een mod cuprinz\u0103tor \u0219i consecvent\u201d.<\/p>\n<p>Administra\u021bia Trump a intensificat m\u0103surile \u00eempotriva imigra\u021biei ilegale \u0219i a recurs la deport\u0103ri, anul\u0103ri de vize \u0219i retragerea unor permise de \u0219edere \u0219i munc\u0103.<\/p>\n<p>Totodat\u0103, m\u0103surile restrictive anun\u021bate de administra\u021bia american\u0103 \u00een privin\u021ba imigra\u021biei au fost criticate de grupurile pentru drepturile omului, fiind considerate discriminatorii \u0219i \u00eenc\u0103lc\u00e2nd dreptul la libertatea de exprimare \u0219i dreptul la un proces echitabil.<\/p>\n<p>El afirm\u0103 c\u0103 aceast\u0103 campanie de represiune are ca scop \u00eembun\u0103t\u0103\u021birea securit\u0103\u021bii interne.<\/p>\n<p>(sursa:\u00a0<a href=\"https:\/\/mediafax.ro\/\" target=\"_blank\" rel=\"noopener\">Mediafax<\/a>)<\/p>\n<\/div>\n<p>[analyse_source url=&#8221;https:\/\/renasterea.ro\/sua-suspenda-programarile-pentru-viza-in-toata-lumea-ce-se-intampla-cu-solicitantii-deja-programati\/&#8221;]<\/p>\n","protected":false},"excerpt":{"rendered":"<p>[analyse_image type=&#8221;featured&#8221; src=&#8221;https:\/\/renasterea.ro\/ro\/wp-content\/uploads\/visa-waiver.jpghttps:\/\/renasterea.ro\/ro\/wp-content\/uploads\/visa-waiver.jpg&#8221;] Administra\u021bia SUA a suspendat program\u0103rile pentru vize pentru solicitan\u021bii din \u00eentreaga lume, \u00eentruc\u00e2t personalul consular trebuie s\u0103 treac\u0103 printr-un proces de instruire. Demersul vine \u00een contextul \u00een care autorit\u0103\u021bile americane vor s\u0103 \u00een\u0103spreasc\u0103 m\u0103surile privind imigra\u021bia. Administra\u021bia pre\u0219edintelui american Donald Trump a dispus suspendarea program\u0103rilor pentru ob\u021binerea vizelor la ambasadele \u0219i consulatele [&hellip;]<\/p>\n","protected":false},"author":1,"featured_media":0,"comment_status":"open","ping_status":"","sticky":false,"template":"","format":"standard","meta":{"footnotes":""},"categories":[89],"tags":[226,188],"class_list":["post-2117200","post","type-post","status-publish","format-standard","hentry","category-romania","tag-crawlmanager","tag-renasterea-ro"],"_links":{"self":[{"href":"https:\/\/analyse.optim.biz\/index.php?rest_route=\/wp\/v2\/posts\/2117200","targetHints":{"allow":["GET"]}}],"collection":[{"href":"https:\/\/analyse.optim.biz\/index.php?rest_route=\/wp\/v2\/posts"}],"about":[{"href":"https:\/\/analyse.optim.biz\/index.php?rest_route=\/wp\/v2\/types\/post"}],"author":[{"embeddable":true,"href":"https:\/\/analyse.optim.biz\/index.php?rest_route=\/wp\/v2\/users\/1"}],"replies":[{"embeddable":true,"href":"https:\/\/analyse.optim.biz\/index.php?rest_route=%2Fwp%2Fv2%2Fcomments&post=2117200"}],"version-history":[{"count":0,"href":"https:\/\/analyse.optim.biz\/index.php?rest_route=\/wp\/v2\/posts\/2117200\/revisions"}],"wp:attachment":[{"href":"https:\/\/analyse.optim.biz\/index.php?rest_route=%2Fwp%2Fv2%2Fmedia&parent=2117200"}],"wp:term":[{"taxonomy":"category","embeddable":true,"href":"https:\/\/analyse.optim.biz\/index.php?rest_route=%2Fwp%2Fv2%2Fcategories&post=2117200"},{"taxonomy":"post_tag","embeddable":true,"href":"https:\/\/analyse.optim.biz\/index.php?rest_route=%2Fwp%2Fv2%2Ftags&post=2117200"}],"curies":[{"name":"wp","href":"https:\/\/api.w.org\/{rel}","templated":true}]}}