{"id":2117073,"date":"2026-08-27T19:40:14","date_gmt":"2026-08-27T16:40:14","guid":{"rendered":"https:\/\/analyse.optim.biz\/?p=2117073"},"modified":"2026-08-27T19:40:14","modified_gmt":"2026-08-27T16:40:14","slug":"programul-qr-guide-extins-la-muzeul-judetean","status":"publish","type":"post","link":"https:\/\/analyse.optim.biz\/?p=2117073","title":{"rendered":"Programul QR Guide extins la Muzeul Jude\u0163ean"},"content":{"rendered":"<p>[analyse_image type=&#8221;featured&#8221; src=&#8221;https:\/\/www.tvbuzau.ro\/wp-content\/uploads\/2026\/08\/hqdefault-33.jpghttps:\/\/www.tvbuzau.ro\/wp-content\/uploads\/2026\/08\/hqdefault-33.jpg&#8221;]<\/p>\n<div class=\"td-ss-main-content\">\n<article id=\"post-120173\" class=\"post-120173 post type-post status-publish format-video has-post-thumbnail hentry category-actualitate post_format-post-format-video\">\n<div class=\"td-post-header\">\n<ul class=\"td-category\">\n<li class=\"entry-category\"><a href=\"https:\/\/www.tvbuzau.ro\/category\/actualitate\/\">Actualitate<\/a><\/li>\n<\/ul>\n<header class=\"td-post-title\">\n<h1 class=\"entry-title\">Programul QR Guide extins la Muzeul Jude\u0163ean<\/h1>\n<div class=\"td-module-meta-info\">\n<div class=\"td-post-author-name\">De c\u0103tre <a href=\"https:\/\/www.tvbuzau.ro\/author\/mihai-vasilescu\/\">TV Buz\u0103u<\/a> &#8211; <\/div>\n<p><span class=\"td-post-date\"><time class=\"entry-date updated td-module-date\" datetime=\"2026-08-27T19:40:14+00:00\">august 27, 2026<\/time><\/span><\/p>\n<div class=\"td-post-comments\"><a href=\"https:\/\/www.tvbuzau.ro\/programul-qr-guide-extins-la-muzeul-judetean\/#respond\">0<\/a><\/div>\n<div class=\"td-post-views\"><span class=\"td-nr-views-120173\">14<\/span><\/div>\n<\/div>\n<\/header>\n<\/div>\n<div class=\"td-post-sharing td-post-sharing-top td-with-like\">\n<div class=\"td-default-sharing\"><a class=\"td-social-sharing-buttons td-social-facebook\" href=\"http:\/\/www.facebook.com\/sharer.php?u=https%3A%2F%2Fwww.tvbuzau.ro%2Fprogramul-qr-guide-extins-la-muzeul-judetean%2F\"><\/p>\n<div class=\"td-social-but-text\">Distribui\u021bi pe Facebook<\/div>\n<p><\/a><a class=\"td-social-sharing-buttons td-social-twitter\" href=\"https:\/\/twitter.com\/intent\/tweet?text=Programul+QR+Guide+extins+la+Muzeul+Jude%C5%A3ean&amp;url=https%3A%2F%2Fwww.tvbuzau.ro%2Fprogramul-qr-guide-extins-la-muzeul-judetean%2F&amp;via=TV+Buz%C4%83u\"><\/p>\n<div class=\"td-social-but-text\">Distribui\u021bi pe Twitter<\/div>\n<p><\/a><\/div>\n<div class=\"td-classic-sharing\">\n<ul>\n<li class=\"td-classic-facebook\"><iframe frameborder src=\"https:\/\/www.facebook.com\/plugins\/like.php?href=https:\/\/www.tvbuzau.ro\/programul-qr-guide-extins-la-muzeul-judetean\/&amp;layout=button_count&amp;show_faces=false&amp;width=105&amp;action=like&amp;colorscheme=light&amp;height=21\"><\/iframe><\/li>\n<li class=\"td-classic-twitter\"><a href=\"https:\/\/twitter.com\/share\" class=\"twitter-share-button\" data-url=\"https:\/\/www.tvbuzau.ro\/programul-qr-guide-extins-la-muzeul-judetean\/\" data-text=\"Programul QR Guide extins la Muzeul Jude\u0163ean\" data-via data-lang=\"en\">tweet<\/a><\/li>\n<\/ul>\n<\/div>\n<\/div>\n<div class=\"td-post-content\">\n<div class=\"td-featured-image-rec\">\n<div class=\"wpb_video_wrapper\">\n                    <iframe loading=\"lazy\" id=\"td_youtube_player\" width=\"600\" height=\"560\" src=\"https:\/\/www.youtube.com\/embed\/S9I04Gq5nBA?enablejsapi=1&amp;feature=oembed&amp;wmode=opaque&amp;vq=hd720\" frameborder allowfullscreen><\/iframe><\/p><\/div>\n<\/div>\n<p>Pentru un patrimoniu mai accesibil<br \/>\nProgramul QR Guide, lansat de Muzeul Jude\u021bean Buz\u0103u la \u00eenceputul acestui an, a fost extins la Centrul Muzeal \u201eI.C. Br\u0103tianu\u201d, urm\u00e2nd s\u0103 fie implementat \u0219i la celelalte sedii pavilionare ale muzeului nostru.<br \/>\nCodurile QR transform\u0103 vizita la muzeu \u00eentr-o experien\u021b\u0103 mai bogat\u0103, oferind acces instant la ghidajul expozi\u021biei, la varianta text a prezent\u0103rii, la informa\u021bii suplimentare despre exponate.<br \/>\n\u00cen Muzeul de Arheologie, Istorie \u0219i Art\u0103 Buz\u0103u, vizita \u00eencepe stfel cu telefonul: coduri QR, ghidaj digital \u0219i aplica\u021bii educative care \u00eei provoac\u0103 pe tineri s\u0103 descopere istoria pas cu pas. Tabletele integrate \u00een expunere  \u0219i sistemele audio cu senzori pentru ambient \u00een galeria de art\u0103 transform\u0103 s\u0103lile \u00eentr-un spa\u021biu dinamic, unde informa\u021bia nu mai este citit\u0103, ci explorat\u0103.<br \/>\nLa Muzeul Chihlimbarului  vitrinele inteligente \u0219i blatul LIVE 3D permit apropierea de obiecte, rotirea, analiza \u0219i \u00een\u021belegerea lor, exact a\u0219a cum tinerii sunt obi\u0219nui\u021bi s\u0103 interac\u021bioneze cu con\u021binutul digital.<br \/>\n\u00cen aer liber, la Tab\u0103ra M\u0103gura, fiecare lucrare poate fi descoperit\u0103 printr-un simplu scan.<br \/>\n\u0218i vizitatorii care ajung la Muzeul de Etnografie \u201eVergu M\u0103n\u0103il\u0103\u201d au parte de o experien\u021b\u0103 inedit\u0103. Aici, tabletele integrate sus\u021bin expunerile temporare, iar poezia nu mai este doar citit\u0103, ci ascultat\u0103.<\/p>\n<div class=\"post-views post-120173 entry-meta\"><span class=\"post-views-label\">Post Views: <\/span><span class=\"post-views-count\">181<\/span><\/div>\n<\/div>\n<footer>\n<div class=\"td-post-sharing td-post-sharing-bottom td-with-like\"><span class=\"td-post-share-title\">DISTRIBUI\u021aI<\/span><\/p>\n<div class=\"td-default-sharing\"><a class=\"td-social-sharing-buttons td-social-facebook\" href=\"http:\/\/www.facebook.com\/sharer.php?u=https%3A%2F%2Fwww.tvbuzau.ro%2Fprogramul-qr-guide-extins-la-muzeul-judetean%2F\"><\/p>\n<div class=\"td-social-but-text\">Facebook<\/div>\n<p><\/a><a class=\"td-social-sharing-buttons td-social-twitter\" href=\"https:\/\/twitter.com\/intent\/tweet?text=Programul+QR+Guide+extins+la+Muzeul+Jude%C5%A3ean&amp;url=https%3A%2F%2Fwww.tvbuzau.ro%2Fprogramul-qr-guide-extins-la-muzeul-judetean%2F&amp;via=TV+Buz%C4%83u\"><\/p>\n<div class=\"td-social-but-text\">Twitter<\/div>\n<p><\/a><\/div>\n<div class=\"td-classic-sharing\">\n<ul>\n<li class=\"td-classic-facebook\"><iframe frameborder src=\"https:\/\/www.facebook.com\/plugins\/like.php?href=https:\/\/www.tvbuzau.ro\/programul-qr-guide-extins-la-muzeul-judetean\/&amp;layout=button_count&amp;show_faces=false&amp;width=105&amp;action=like&amp;colorscheme=light&amp;height=21\"><\/iframe><\/li>\n<li class=\"td-classic-twitter\"><a href=\"https:\/\/twitter.com\/share\" class=\"twitter-share-button\" data-url=\"https:\/\/www.tvbuzau.ro\/programul-qr-guide-extins-la-muzeul-judetean\/\" data-text=\"Programul QR Guide extins la Muzeul Jude\u0163ean\" data-via data-lang=\"en\">tweet<\/a><\/li>\n<\/ul>\n<\/div>\n<\/div>\n<div class=\"td-author-name vcard author\"><span class=\"fn\"><a href=\"https:\/\/www.tvbuzau.ro\/author\/mihai-vasilescu\/\">TV Buz\u0103u<\/a><\/span><\/div>\n<p><span><\/span><span><span><\/span><\/span><span><\/span><\/footer>\n<\/article>\n<div class=\"td_block_wrap td_block_related_posts td_uid_1_6a92063f69260_rand td_with_ajax_pagination td-pb-border-top\" data-td-block-uid=\"td_uid_1_6a92063f69260\">\n<h4 class=\"td-related-title\"><a id=\"td_uid_2_6a92063f71162\" class=\"td-related-left td-cur-simple-item\" data-td_filter_value data-td_block_id=\"td_uid_1_6a92063f69260\" href=\"https:\/\/www.tvbuzau.ro\/programul-qr-guide-extins-la-muzeul-judetean\/\">ARTICOLE SIMILARE<\/a><a id=\"td_uid_3_6a92063f7119e\" class=\"td-related-right\" data-td_filter_value=\"td_related_more_from_author\" data-td_block_id=\"td_uid_1_6a92063f69260\" href=\"https:\/\/www.tvbuzau.ro\/programul-qr-guide-extins-la-muzeul-judetean\/\">DE LA ACELA\u0218I AUTOR<\/a><\/h4>\n<div id=\"td_uid_1_6a92063f69260\" class=\"td_block_inner\">\n<div class=\"td-related-row\">\n<div class=\"td-related-span4\">\n<div class=\"td_module_related_posts td-animation-stack td_mod_related_posts\">\n<div class=\"td-module-image\">\n<div class=\"td-module-thumb\"><a href=\"https:\/\/www.tvbuzau.ro\/aqua-parkul-anuntat-in-2026-va-fi-deschis-in-2027\/\" rel=\"bookmark\" title=\"Aqua-parkul anun\u0163at \u00een 2026, va fi deschis \u00een 2027\"><img loading=\"lazy\" decoding=\"async\" width=\"218\" height=\"150\" class=\"entry-thumb\" src=\"https:\/\/www.tvbuzau.ro\/wp-content\/uploads\/2026\/08\/sddefault-62-218x150.jpg\" alt title=\"Aqua-parkul anun\u0163at \u00een 2026, va fi deschis \u00een 2027\"><span class=\"td-video-play-ico\"><img loading=\"lazy\" decoding=\"async\" width=\"40\" height=\"40\" class=\"td-retina\" src=\"https:\/\/www.tvbuzau.ro\/wp-content\/themes\/Newspaper\/images\/icons\/ico-video-large.png\" alt=\"video\"><\/span><\/a><\/div>\n<p><a href=\"https:\/\/www.tvbuzau.ro\/category\/actualitate\/\" class=\"td-post-category\">Actualitate<\/a><\/div>\n<div class=\"item-details\">\n<h3 class=\"entry-title td-module-title\"><a href=\"https:\/\/www.tvbuzau.ro\/aqua-parkul-anuntat-in-2026-va-fi-deschis-in-2027\/\" rel=\"bookmark\" title=\"Aqua-parkul anun\u0163at \u00een 2026, va fi deschis \u00een 2027\">Aqua-parkul anun\u0163at \u00een 2026, va fi deschis \u00een 2027<\/a><\/h3>\n<\/div>\n<\/div>\n<\/div>\n<div class=\"td-related-span4\">\n<div class=\"td_module_related_posts td-animation-stack td_mod_related_posts\">\n<div class=\"td-module-image\">\n<div class=\"td-module-thumb\"><a href=\"https:\/\/www.tvbuzau.ro\/o-problema-legata-de-consumul-apei-si-factura\/\" rel=\"bookmark\" title=\"O problem\u0103 legat\u0103 de consumul apei \u015fi factur\u0103\"><img loading=\"lazy\" decoding=\"async\" width=\"218\" height=\"150\" class=\"entry-thumb\" src=\"https:\/\/www.tvbuzau.ro\/wp-content\/uploads\/2026\/08\/sddefault-61-218x150.jpg\" alt title=\"O problem\u0103 legat\u0103 de consumul apei \u015fi factur\u0103\"><span class=\"td-video-play-ico\"><img loading=\"lazy\" decoding=\"async\" width=\"40\" height=\"40\" class=\"td-retina\" src=\"https:\/\/www.tvbuzau.ro\/wp-content\/themes\/Newspaper\/images\/icons\/ico-video-large.png\" alt=\"video\"><\/span><\/a><\/div>\n<p><a href=\"https:\/\/www.tvbuzau.ro\/category\/actualitate\/\" class=\"td-post-category\">Actualitate<\/a><\/div>\n<div class=\"item-details\">\n<h3 class=\"entry-title td-module-title\"><a href=\"https:\/\/www.tvbuzau.ro\/o-problema-legata-de-consumul-apei-si-factura\/\" rel=\"bookmark\" title=\"O problem\u0103 legat\u0103 de consumul apei \u015fi factur\u0103\">O problem\u0103 legat\u0103 de consumul apei \u015fi factur\u0103<\/a><\/h3>\n<\/div>\n<\/div>\n<\/div>\n<div class=\"td-related-span4\">\n<div class=\"td_module_related_posts td-animation-stack td_mod_related_posts\">\n<div class=\"td-module-image\">\n<div class=\"td-module-thumb\"><a href=\"https:\/\/www.tvbuzau.ro\/de-ce-apar-intarzieri-pe-caile-ferate\/\" rel=\"bookmark\" title=\"De ce apar \u00eent\u00e2rzieri pe c\u0103ile ferate\"><img loading=\"lazy\" decoding=\"async\" width=\"218\" height=\"150\" class=\"entry-thumb\" src=\"https:\/\/www.tvbuzau.ro\/wp-content\/uploads\/2026\/08\/hqdefault-34-218x150.jpg\" alt title=\"De ce apar \u00eent\u00e2rzieri pe c\u0103ile ferate\"><span class=\"td-video-play-ico\"><img loading=\"lazy\" decoding=\"async\" width=\"40\" height=\"40\" class=\"td-retina\" src=\"https:\/\/www.tvbuzau.ro\/wp-content\/themes\/Newspaper\/images\/icons\/ico-video-large.png\" alt=\"video\"><\/span><\/a><\/div>\n<p><a href=\"https:\/\/www.tvbuzau.ro\/category\/actualitate\/\" class=\"td-post-category\">Actualitate<\/a><\/div>\n<div class=\"item-details\">\n<h3 class=\"entry-title td-module-title\"><a href=\"https:\/\/www.tvbuzau.ro\/de-ce-apar-intarzieri-pe-caile-ferate\/\" rel=\"bookmark\" title=\"De ce apar \u00eent\u00e2rzieri pe c\u0103ile ferate\">De ce apar \u00eent\u00e2rzieri pe c\u0103ile ferate<\/a><\/h3>\n<\/div>\n<\/div>\n<\/div>\n<\/div>\n<div class=\"td-related-row\">\n<div class=\"td-related-span4\">\n<div class=\"td_module_related_posts td-animation-stack td_mod_related_posts\">\n<div class=\"td-module-image\">\n<div class=\"td-module-thumb\"><a href=\"https:\/\/www.tvbuzau.ro\/peste-4-000-de-soiuri-de-tomate-la-banca-de-resurse-genetice-vegetale\/\" rel=\"bookmark\" title=\"Peste 4.000 de soiuri de tomate la Banca de Resurse Genetice Vegetale\"><img loading=\"lazy\" decoding=\"async\" width=\"218\" height=\"150\" class=\"entry-thumb\" src=\"https:\/\/www.tvbuzau.ro\/wp-content\/uploads\/2026\/08\/sddefault-60-218x150.jpg\" alt title=\"Peste 4.000 de soiuri de tomate la Banca de Resurse Genetice Vegetale\"><\/a><\/div>\n<p><a href=\"https:\/\/www.tvbuzau.ro\/category\/actualitate\/\" class=\"td-post-category\">Actualitate<\/a><\/div>\n<div class=\"item-details\">\n<h3 class=\"entry-title td-module-title\"><a href=\"https:\/\/www.tvbuzau.ro\/peste-4-000-de-soiuri-de-tomate-la-banca-de-resurse-genetice-vegetale\/\" rel=\"bookmark\" title=\"Peste 4.000 de soiuri de tomate la Banca de Resurse Genetice Vegetale\">Peste 4.000 de soiuri de tomate la Banca de Resurse Genetice Vegetale<\/a><\/h3>\n<\/div>\n<\/div>\n<\/div>\n<div class=\"td-related-span4\">\n<div class=\"td_module_related_posts td-animation-stack td_mod_related_posts\">\n<div class=\"td-module-image\">\n<div class=\"td-module-thumb\"><a href=\"https:\/\/www.tvbuzau.ro\/viitorii-cetateni-de-onoare-vor-fi-verificati-la-cnsas\/\" rel=\"bookmark\" title=\"Viitorii \u201cCet\u0103\u0163eni de onoare\u201d vor fi verifica\u0163i la CNSAS\"><img loading=\"lazy\" decoding=\"async\" width=\"218\" height=\"150\" class=\"entry-thumb\" src=\"https:\/\/www.tvbuzau.ro\/wp-content\/uploads\/2026\/08\/sddefault-59-218x150.jpg\" alt title=\"Viitorii \u201cCet\u0103\u0163eni de onoare\u201d vor fi verifica\u0163i la CNSAS\"><span class=\"td-video-play-ico\"><img loading=\"lazy\" decoding=\"async\" width=\"40\" height=\"40\" class=\"td-retina\" src=\"https:\/\/www.tvbuzau.ro\/wp-content\/themes\/Newspaper\/images\/icons\/ico-video-large.png\" alt=\"video\"><\/span><\/a><\/div>\n<p><a href=\"https:\/\/www.tvbuzau.ro\/category\/actualitate\/\" class=\"td-post-category\">Actualitate<\/a><\/div>\n<div class=\"item-details\">\n<h3 class=\"entry-title td-module-title\"><a href=\"https:\/\/www.tvbuzau.ro\/viitorii-cetateni-de-onoare-vor-fi-verificati-la-cnsas\/\" rel=\"bookmark\" title=\"Viitorii \u201cCet\u0103\u0163eni de onoare\u201d vor fi verifica\u0163i la CNSAS\">Viitorii \u201cCet\u0103\u0163eni de onoare\u201d vor fi verifica\u0163i la CNSAS<\/a><\/h3>\n<\/div>\n<\/div>\n<\/div>\n<div class=\"td-related-span4\">\n<div class=\"td_module_related_posts td-animation-stack td_mod_related_posts\">\n<div class=\"td-module-image\">\n<div class=\"td-module-thumb\"><a href=\"https:\/\/www.tvbuzau.ro\/angajatii-din-consiliul-judetean-au-lucrat-dupa-program\/\" rel=\"bookmark\" title=\"Angaja\u0163ii din Consiliul Jude\u0163ean au lucrat dup\u0103 program\"><img loading=\"lazy\" decoding=\"async\" width=\"218\" height=\"150\" class=\"entry-thumb\" src=\"https:\/\/www.tvbuzau.ro\/wp-content\/uploads\/2026\/08\/sddefault-58-218x150.jpg\" alt title=\"Angaja\u0163ii din Consiliul Jude\u0163ean au lucrat dup\u0103 program\"><span class=\"td-video-play-ico\"><img loading=\"lazy\" decoding=\"async\" width=\"40\" height=\"40\" class=\"td-retina\" src=\"https:\/\/www.tvbuzau.ro\/wp-content\/themes\/Newspaper\/images\/icons\/ico-video-large.png\" alt=\"video\"><\/span><\/a><\/div>\n<p><a href=\"https:\/\/www.tvbuzau.ro\/category\/actualitate\/\" class=\"td-post-category\">Actualitate<\/a><\/div>\n<div class=\"item-details\">\n<h3 class=\"entry-title td-module-title\"><a href=\"https:\/\/www.tvbuzau.ro\/angajatii-din-consiliul-judetean-au-lucrat-dupa-program\/\" rel=\"bookmark\" title=\"Angaja\u0163ii din Consiliul Jude\u0163ean au lucrat dup\u0103 program\">Angaja\u0163ii din Consiliul Jude\u0163ean au lucrat dup\u0103 program<\/a><\/h3>\n<\/div>\n<\/div>\n<\/div>\n<\/div>\n<\/div>\n<\/div>\n<div class=\"comments\" id=\"comments\">\n<div id=\"respond\" class=\"comment-respond\">\n<h3 id=\"reply-title\" class=\"comment-reply-title\">L\u0102SA\u021aI UN MESAJ <small><a rel=\"nofollow\" id=\"cancel-comment-reply-link\" href=\"https:\/\/www.tvbuzau.ro\/programul-qr-guide-extins-la-muzeul-judetean\/#respond\">Renun\u021ba\u021bi la r\u0103spuns<\/a><\/small><\/h3>\n<\/div>\n<\/div>\n<\/div>\n<div class=\"td-post-content\">\n<div class=\"td-featured-image-rec\">\n<div class=\"wpb_video_wrapper\">\n                    <iframe loading=\"lazy\" id=\"td_youtube_player\" width=\"600\" height=\"560\" src=\"https:\/\/www.youtube.com\/embed\/S9I04Gq5nBA?enablejsapi=1&amp;feature=oembed&amp;wmode=opaque&amp;vq=hd720\" frameborder allowfullscreen><\/iframe><\/p><\/div>\n<\/div>\n<p>Pentru un patrimoniu mai accesibil<br \/>\nProgramul QR Guide, lansat de Muzeul Jude\u021bean Buz\u0103u la \u00eenceputul acestui an, a fost extins la Centrul Muzeal \u201eI.C. Br\u0103tianu\u201d, urm\u00e2nd s\u0103 fie implementat \u0219i la celelalte sedii pavilionare ale muzeului nostru.<br \/>\nCodurile QR transform\u0103 vizita la muzeu \u00eentr-o experien\u021b\u0103 mai bogat\u0103, oferind acces instant la ghidajul expozi\u021biei, la varianta text a prezent\u0103rii, la informa\u021bii suplimentare despre exponate.<br \/>\n\u00cen Muzeul de Arheologie, Istorie \u0219i Art\u0103 Buz\u0103u, vizita \u00eencepe stfel cu telefonul: coduri QR, ghidaj digital \u0219i aplica\u021bii educative care \u00eei provoac\u0103 pe tineri s\u0103 descopere istoria pas cu pas. Tabletele integrate \u00een expunere  \u0219i sistemele audio cu senzori pentru ambient \u00een galeria de art\u0103 transform\u0103 s\u0103lile \u00eentr-un spa\u021biu dinamic, unde informa\u021bia nu mai este citit\u0103, ci explorat\u0103.<br \/>\nLa Muzeul Chihlimbarului  vitrinele inteligente \u0219i blatul LIVE 3D permit apropierea de obiecte, rotirea, analiza \u0219i \u00een\u021belegerea lor, exact a\u0219a cum tinerii sunt obi\u0219nui\u021bi s\u0103 interac\u021bioneze cu con\u021binutul digital.<br \/>\n\u00cen aer liber, la Tab\u0103ra M\u0103gura, fiecare lucrare poate fi descoperit\u0103 printr-un simplu scan.<br \/>\n\u0218i vizitatorii care ajung la Muzeul de Etnografie \u201eVergu M\u0103n\u0103il\u0103\u201d au parte de o experien\u021b\u0103 inedit\u0103. Aici, tabletele integrate sus\u021bin expunerile temporare, iar poezia nu mai este doar citit\u0103, ci ascultat\u0103.<\/p>\n<div class=\"post-views post-120173 entry-meta\"><span class=\"post-views-label\">Post Views: <\/span><span class=\"post-views-count\">181<\/span><\/div>\n<\/div>\n<p>[analyse_source url=&#8221;https:\/\/www.tvbuzau.ro\/programul-qr-guide-extins-la-muzeul-judetean\/&#8221;]<\/p>\n","protected":false},"excerpt":{"rendered":"<p>[analyse_image type=&#8221;featured&#8221; src=&#8221;https:\/\/www.tvbuzau.ro\/wp-content\/uploads\/2026\/08\/hqdefault-33.jpghttps:\/\/www.tvbuzau.ro\/wp-content\/uploads\/2026\/08\/hqdefault-33.jpg&#8221;] Actualitate Programul QR Guide extins la Muzeul Jude\u0163ean De c\u0103tre TV Buz\u0103u &#8211; august 27, 2026 0 14 Distribui\u021bi pe Facebook Distribui\u021bi pe Twitter tweet Pentru un patrimoniu mai accesibil Programul QR Guide, lansat de Muzeul Jude\u021bean Buz\u0103u la \u00eenceputul acestui an, a fost extins la Centrul Muzeal \u201eI.C. Br\u0103tianu\u201d, urm\u00e2nd s\u0103 [&hellip;]<\/p>\n","protected":false},"author":1,"featured_media":0,"comment_status":"open","ping_status":"","sticky":false,"template":"","format":"standard","meta":{"footnotes":""},"categories":[2],"tags":[226,116],"class_list":["post-2117073","post","type-post","status-publish","format-standard","hentry","category-politics","tag-crawlmanager","tag-tvbuzau-ro"],"_links":{"self":[{"href":"https:\/\/analyse.optim.biz\/index.php?rest_route=\/wp\/v2\/posts\/2117073","targetHints":{"allow":["GET"]}}],"collection":[{"href":"https:\/\/analyse.optim.biz\/index.php?rest_route=\/wp\/v2\/posts"}],"about":[{"href":"https:\/\/analyse.optim.biz\/index.php?rest_route=\/wp\/v2\/types\/post"}],"author":[{"embeddable":true,"href":"https:\/\/analyse.optim.biz\/index.php?rest_route=\/wp\/v2\/users\/1"}],"replies":[{"embeddable":true,"href":"https:\/\/analyse.optim.biz\/index.php?rest_route=%2Fwp%2Fv2%2Fcomments&post=2117073"}],"version-history":[{"count":0,"href":"https:\/\/analyse.optim.biz\/index.php?rest_route=\/wp\/v2\/posts\/2117073\/revisions"}],"wp:attachment":[{"href":"https:\/\/analyse.optim.biz\/index.php?rest_route=%2Fwp%2Fv2%2Fmedia&parent=2117073"}],"wp:term":[{"taxonomy":"category","embeddable":true,"href":"https:\/\/analyse.optim.biz\/index.php?rest_route=%2Fwp%2Fv2%2Fcategories&post=2117073"},{"taxonomy":"post_tag","embeddable":true,"href":"https:\/\/analyse.optim.biz\/index.php?rest_route=%2Fwp%2Fv2%2Ftags&post=2117073"}],"curies":[{"name":"wp","href":"https:\/\/api.w.org\/{rel}","templated":true}]}}