{"id":211702,"date":"2014-02-17T17:14:31","date_gmt":"2014-02-17T14:14:31","guid":{"rendered":"https:\/\/analyse.optim.biz\/?p=211702"},"modified":"2014-02-17T17:14:31","modified_gmt":"2014-02-17T14:14:31","slug":"victor-ponta-ideea-minoritatilor-ca-sts-sa-fie-sub-control-parlamentar-e-mai-buna-decat-cea-a-guvernului","status":"publish","type":"post","link":"https:\/\/analyse.optim.biz\/?p=211702","title":{"rendered":"Victor Ponta: Ideea minorit\u0103\u021bilor ca STS s\u0103 fie sub control parlamentar e mai bun\u0103 dec\u00e2t cea a Guvernului"},"content":{"rendered":"<div class=\"entry data-app-meta data-app-meta-article\" data-embed-base-url-canonical=\"https:\/\/www.digi24.ro\/embed\/stiri\/actualitate\/politica\/victor-ponta-ideea-minoritatilor-ca-sts-sa-fie-sub-control-parlamentar-e-mai-buna-decat-cea-a-guvernului-201674\">\n<p data-index=\"1\">\u0218eful Guvernului a f\u0103cut acest\u0103 declara\u021bie dup\u0103 discu\u021biile avute cu<strong> Varujan Pambuccian<\/strong>, liderul grupului minorit\u0103\u021bilor na\u021bionale din Camera Deputa\u021bilor.<\/p>\n<p data-index=\"2\">\u201e<span>Domnul Pambuccian \u00een numele grupului <\/span>ca la proiectul de lege privind STS s\u0103 \u00eencerc\u0103m s\u0103 g\u0103sim, \u00een parlament, o formul\u0103 chiar mai bun\u0103 chiar dec\u00e2t cea propus\u0103 de Guvern. <em><strong>\u0218i anume, Serviciul 112, care peste tot \u00een Europa este la Ministerul de Interne, s\u0103 treac\u0103 la Ministerul de Interne, iar STS s\u0103 fie sub control parlamentar<\/strong><\/em>\u201d, a declarat<strong> Victor Ponta.<\/strong><\/p>\n<p data-index=\"3\">\u201e<em><strong>Din punctul de vedere al Uniunii Social Democrate, cred c\u0103 e o idee chiar mai bun\u0103 dec\u00e2t a Guvernului \u0219i \u00eempreun\u0103, \u00een Parlament, vom \u00eencerca s\u0103 mergem pe aceast\u0103 formul\u0103. \u00cei vom consulta \u0219i pe colegii liberali, \u0219i pe cei de la celelalte grupuri parlamentare<\/strong><\/em>\u201d, a ad\u0103ugat premierul.\u00a0<\/p>\n<p data-index=\"4\"><strong>Varujan Pambuccian<\/strong> a apreciat c\u0103 este normal ca puterea \u0219i opozi\u021bia s\u0103 aib\u0103 control asupra activit\u0103\u021bii STS.<\/p>\n<p data-index=\"5\">\u201e<span>E logic pentru c\u0103 rolul STS este s\u0103 securizeze convorbirile care utilizeaz\u0103 mijloace electronice, \u00eentre toate institu\u0163iile statului, \u015fi atunci este normal ca \u015fi puterea \u015fi opozi\u0163ia s\u0103 aib\u0103 un control asupra felului \u00een care se realizeaz\u0103 aceast\u0103 securizare, \u00een a\u015fa fel \u00eenc\u00e2t s\u0103 nu existe niciun fel de suspiciuni de nicio parte\u201d, a spus<strong> Varujan Pambuccian<\/strong>.<\/span><\/p>\n<\/div>\n<p> Source URL: https:\/\/www.digi24.ro\/stiri\/actualitate\/politica\/victor-ponta-ideea-minoritatilor-ca-sts-sa-fie-sub-control-parlamentar-e-mai-buna-decat-cea-a-guvernului-201674<\/p>\n","protected":false},"excerpt":{"rendered":"<p>\u0218eful Guvernului a f\u0103cut acest\u0103 declara\u021bie dup\u0103 discu\u021biile avute cu Varujan Pambuccian, liderul grupului minorit\u0103\u021bilor na\u021bionale din Camera Deputa\u021bilor. \u201eDomnul Pambuccian \u00een numele grupului ca la proiectul de lege privind STS s\u0103 \u00eencerc\u0103m s\u0103 g\u0103sim, \u00een parlament, o formul\u0103 chiar mai bun\u0103 chiar dec\u00e2t cea propus\u0103 de Guvern. \u0218i anume, Serviciul 112, care peste tot [&hellip;]<\/p>\n","protected":false},"author":1,"featured_media":211703,"comment_status":"open","ping_status":"","sticky":false,"template":"","format":"standard","meta":{"footnotes":""},"categories":[2],"tags":[11],"class_list":["post-211702","post","type-post","status-publish","format-standard","has-post-thumbnail","hentry","category-politics","tag-digi24"],"_links":{"self":[{"href":"https:\/\/analyse.optim.biz\/index.php?rest_route=\/wp\/v2\/posts\/211702","targetHints":{"allow":["GET"]}}],"collection":[{"href":"https:\/\/analyse.optim.biz\/index.php?rest_route=\/wp\/v2\/posts"}],"about":[{"href":"https:\/\/analyse.optim.biz\/index.php?rest_route=\/wp\/v2\/types\/post"}],"author":[{"embeddable":true,"href":"https:\/\/analyse.optim.biz\/index.php?rest_route=\/wp\/v2\/users\/1"}],"replies":[{"embeddable":true,"href":"https:\/\/analyse.optim.biz\/index.php?rest_route=%2Fwp%2Fv2%2Fcomments&post=211702"}],"version-history":[{"count":0,"href":"https:\/\/analyse.optim.biz\/index.php?rest_route=\/wp\/v2\/posts\/211702\/revisions"}],"wp:featuredmedia":[{"embeddable":true,"href":"https:\/\/analyse.optim.biz\/index.php?rest_route=\/wp\/v2\/media\/211703"}],"wp:attachment":[{"href":"https:\/\/analyse.optim.biz\/index.php?rest_route=%2Fwp%2Fv2%2Fmedia&parent=211702"}],"wp:term":[{"taxonomy":"category","embeddable":true,"href":"https:\/\/analyse.optim.biz\/index.php?rest_route=%2Fwp%2Fv2%2Fcategories&post=211702"},{"taxonomy":"post_tag","embeddable":true,"href":"https:\/\/analyse.optim.biz\/index.php?rest_route=%2Fwp%2Fv2%2Ftags&post=211702"}],"curies":[{"name":"wp","href":"https:\/\/api.w.org\/{rel}","templated":true}]}}