{"id":2116845,"date":"2026-08-28T14:06:02","date_gmt":"2026-08-28T11:06:02","guid":{"rendered":"https:\/\/analyse.optim.biz\/?p=2116845"},"modified":"2026-08-28T14:06:02","modified_gmt":"2026-08-28T11:06:02","slug":"burlesque-matinee-la-castelul-nikolici-spectacol-de-cabaret-si-muzica-live-in-rudna","status":"publish","type":"post","link":"https:\/\/analyse.optim.biz\/?p=2116845","title":{"rendered":"Burlesque Matinee la Castelul Nikolici: spectacol de cabaret \u0219i muzic\u0103 live \u00een Rudna"},"content":{"rendered":"<p>[analyse_image type=&#8221;featured&#8221; src=&#8221;https:\/\/orasul-timisoara.ro\/wp-content\/uploads\/2026\/08\/burlesque-matinee.jpg&#8221;]<\/p>\n<article id=\"post-40562\" class=\"td-post-template-7 post-40562 post type-post status-publish format-standard has-post-thumbnail category-evenimente-in-timisoara category-featured category-stiri-timisoara category-turism tag-alice-francis tag-banat tag-burlesque tag-cabaret tag-castelul-nikolici tag-cultura-2 tag-evenimente-timis-2 tag-evenimente-timisoara-2 tag-muzica-live tag-rudna tag-spectacole tag-stiri-timis-2 tag-stiri-timisoara-2 tag-timis-2 tag-timisoara-2 td-container-wrap\">\n<div class=\"td-full-screen-header-image-wrap\">\n<div class=\"td-container td-post-header\">\n<div class=\"td-crumb-container\">\n<div class=\"entry-crumbs\"><span><a title=\"Vede\u021bi toate articolele \u00een Evenimente in Timisoara\" class=\"entry-crumb\" href=\"https:\/\/orasul-timisoara.ro\/local-category\/evenimente-in-timisoara\/\">Evenimente in Timisoara<\/a><\/span><span class=\"td-bred-no-url-last\">Burlesque Matinee la Castelul Nikolici: spectacol de cabaret \u0219i muzic\u0103 live \u00een&#8230;<\/span><\/div>\n<\/div>\n<div class=\"td-post-header-holder\">\n<div class=\"td-parallax-header\">\n<header class=\"td-post-title\">\n<ul class=\"td-category\">\n<li class=\"entry-category\"><a href=\"https:\/\/orasul-timisoara.ro\/local-category\/evenimente-in-timisoara\/\">Evenimente in Timisoara<\/a><\/li>\n<li class=\"entry-category\"><a href=\"https:\/\/orasul-timisoara.ro\/local-category\/stiri-timisoara\/\">\u0218tiri Locale<\/a><\/li>\n<li class=\"entry-category\"><a href=\"https:\/\/orasul-timisoara.ro\/local-category\/turism\/\">Turism<\/a><\/li>\n<\/ul>\n<h1 class=\"entry-title\">Burlesque Matinee la Castelul Nikolici: spectacol de cabaret \u0219i muzic\u0103 live \u00een Rudna<\/h1>\n<div class=\"td-module-meta-info\">\n<div class=\"td-post-author-name\">\n<div class=\"td-author-by\">De c\u0103tre<\/div>\n<p><a href=\"https:\/\/orasul-timisoara.ro\/author\/timisoara\/\">redactia<\/a><\/p>\n<div class=\"td-author-line\"> &#8211; <\/div>\n<\/div>\n<p><span class=\"td-post-date\"><time class=\"entry-date updated td-module-date\" datetime=\"2026-08-28T17:06:02+03:00\">28\/08\/2026<\/time><\/span><\/div>\n<\/header>\n<\/div>\n<\/div>\n<\/div>\n<div id=\"td-full-screen-header-image\" class=\"td-image-gradient-style7\"><img decoding=\"async\" class=\"td-backstretch\" src=\"https:\/\/orasul-timisoara.ro\/wp-content\/uploads\/2026\/08\/burlesque-matinee.jpg\"><\/div>\n<\/div>\n<div class=\"td-container\">\n<div class=\"td-pb-row\">\n<div class=\"td-pb-span8 td-main-content\" role=\"main\">\n<div class=\"td-ss-main-content\">\n<div class=\"td-post-sharing-top\">\n<div class=\"td-post-sharing-classic\"><iframe title=\"topFacebookLike\" frameborder src=\"https:\/\/www.facebook.com\/plugins\/like.php?href=https:\/\/orasul-timisoara.ro\/local-40562\/&amp;layout=button_count&amp;show_faces=false&amp;width=105&amp;action=like&amp;colorscheme=light&amp;height=21\"><\/iframe><\/div>\n<div id=\"td_social_sharing_article_top\" class=\"td-post-sharing td-ps-bg td-ps-notext td-post-sharing-style1 \">\n<div class=\"td-post-sharing-visible\"><a class=\"td-social-sharing-button td-social-sharing-button-js td-social-network td-social-facebook\" href=\"https:\/\/www.facebook.com\/sharer.php?u=https%3A%2F%2Forasul-timisoara.ro%2Flocal-40562%2F\" title=\"Facebook\"><\/p>\n<div class=\"td-social-but-text\">Facebook<\/div>\n<p><\/a><a class=\"td-social-sharing-button td-social-sharing-button-js td-social-network td-social-twitter\" href=\"https:\/\/twitter.com\/intent\/tweet?text=Burlesque+Matinee+la+Castelul+Nikolici%3A+spectacol+de+cabaret+%C8%99i+muzic%C4%83+live+%C3%AEn+Rudna&amp;url=https%3A%2F%2Forasul-timisoara.ro%2Flocal-40562%2F&amp;via=orasultm\" title=\"Twitter\"><\/p>\n<div class=\"td-social-but-text\">Twitter<\/div>\n<p><\/a><a class=\"td-social-sharing-button td-social-sharing-button-js td-social-network td-social-whatsapp\" href=\"https:\/\/api.whatsapp.com\/send?text=Burlesque+Matinee+la+Castelul+Nikolici%3A+spectacol+de+cabaret+%C8%99i+muzic%C4%83+live+%C3%AEn+Rudna%20%0A%0A%20https:\/\/orasul-timisoara.ro\/local-40562\/\" title=\"WhatsApp\"><\/p>\n<div class=\"td-social-but-text\">WhatsApp<\/div>\n<p><\/a><a class=\"td-social-sharing-button td-social-sharing-button-js td-social-network td-social-linkedin\" href=\"https:\/\/www.linkedin.com\/shareArticle?mini=true&amp;url=https:\/\/orasul-timisoara.ro\/local-40562\/&amp;title=Burlesque+Matinee+la+Castelul+Nikolici%3A+spectacol+de+cabaret+%C8%99i+muzic%C4%83+live+%C3%AEn+Rudna\" title=\"Linkedin\"><\/p>\n<div class=\"td-social-but-text\">Linkedin<\/div>\n<p><\/a><a class=\"td-social-sharing-button td-social-sharing-button-js td-social-network td-social-reddit\" href=\"https:\/\/reddit.com\/submit?url=https:\/\/orasul-timisoara.ro\/local-40562\/&amp;title=Burlesque+Matinee+la+Castelul+Nikolici%3A+spectacol+de+cabaret+%C8%99i+muzic%C4%83+live+%C3%AEn+Rudna\" title=\"ReddIt\"><\/p>\n<div class=\"td-social-but-text\">ReddIt<\/div>\n<p><\/a><a class=\"td-social-sharing-button td-social-sharing-button-js td-social-network td-social-mail\" href=\"mailto:?subject=Burlesque%20Matinee%20la%20Castelul%20Nikolici:%20spectacol%20de%20cabaret%20%C8%99i%20muzic%C4%83%20live%20%C3%AEn%20Rudna&amp;body=https:\/\/orasul-timisoara.ro\/local-40562\/\" title=\"Email\"><\/p>\n<div class=\"td-social-but-text\">Email<\/div>\n<p><\/a><a class=\"td-social-sharing-button td-social-sharing-button-js td-social-network td-social-print\" href=\"https:\/\/orasul-timisoara.ro\/local-40562\/\" title=\"Imprimare\"><\/p>\n<div class=\"td-social-but-text\">Imprimare<\/div>\n<p><\/a><\/div>\n<\/div>\n<\/div>\n<div class=\"td-post-content tagdiv-type\">\n<p class=\"wp-block-paragraph\">Pe 5 septembrie, Castelul Nikolici din Rudna \u00ee\u0219i deschide por\u021bile pentru o dup\u0103-amiaz\u0103 dedicat\u0103 burlescului, cabaretului \u0219i muzicii live. \u00cen decorul unui conac istoric construit \u00een jurul anului 1780, publicul este invitat \u00eentr-o atmosfer\u0103 inspirat\u0103 de glamourul Hollywoodului clasic \u0219i de efervescen\u021ba Berlinului anilor \u201920.<\/p>\n<p class=\"wp-block-paragraph\">Evenimentul \u201eBurlesque Matinee la Castelul Nikolici\u201d este conceput \u0219i prezentat de Alice Francis, artist\u0103 de origine rom\u00e2no-tanzanian\u0103, n\u0103scut\u0103 la Timi\u0219oara \u0219i stabilit\u0103 \u00een Germania. Cunoscut\u0103 pe scenele interna\u021bionale pentru combina\u021bia sa de swing, jazz \u0219i muzic\u0103 electronic\u0103, Alice Francis revine \u00een Banat cu un spectacol organizat chiar \u00een locul pe care \u00eel nume\u0219te \u201eacas\u0103\u201d.<\/p>\n<p class=\"wp-block-paragraph\">Al\u0103turi de Alice Francis vor urca pe scen\u0103 Foxic Poison, Daria, Rina Burlesque, Queen Beni Mihai \u0219i Bambina Rina. Programul reune\u0219te muzic\u0103 live, dans, cabaret \u0219i comedie, \u00eentr-o produc\u021bie creat\u0103 special pentru atmosfera Castelului Nikolici.<\/p>\n<h3 class=\"wp-block-heading\">Un spectacol \u00eentr-un conac cu aproape 250 de ani de istorie<\/h3>\n<p class=\"wp-block-paragraph\">Castelul Nikolici din Rudna, monument istoric aflat la aproximativ 30 de kilometri de Timi\u0219oara, a trecut prin numeroase transform\u0103ri de-a lungul celor aproape 250 de ani de existen\u021b\u0103.<\/p>\n<p class=\"wp-block-paragraph\">Familia lui Alice Francis a cump\u0103rat proprietatea \u00een 2002 \u0219i a \u00eenceput un amplu proces de restaurare. Prin concerte \u0219i evenimente culturale, conacul este readus treptat la via\u021b\u0103 \u0219i redeschis publicului, devenind un spa\u021biu \u00een care patrimoniul istoric se \u00eent\u00e2lne\u0219te cu arta contemporan\u0103.<\/p>\n<p class=\"wp-block-paragraph\">Evenimentul din 5 septembrie propune astfel nu doar un spectacol, ci \u0219i o experien\u021b\u0103 \u00eentr-un decor cu o puternic\u0103 \u00eenc\u0103rc\u0103tur\u0103 istoric\u0103, \u00een care muzica, dansul \u0219i atmosfera de cabaret se \u00eent\u00e2lnesc cu arhitectura \u0219i istoria Banatului.<\/p>\n<h3 class=\"wp-block-heading\">Programul evenimentului<\/h3>\n<p class=\"wp-block-paragraph\">Por\u021bile Castelului Nikolici se deschid la ora 16:00, iar invita\u021bii vor fi \u00eent\u00e2mpina\u021bi cu un welcome drink.<\/p>\n<p class=\"wp-block-paragraph\">Spectacolul \u00eencepe la ora 18:00 \u0219i \u00eei aduce \u00een fa\u021ba publicului pe Alice Francis, Foxic Poison, Daria, Rina Burlesque, Queen Beni Mihai \u0219i Bambina Rina.<\/p>\n<p class=\"wp-block-paragraph\">\u201eBurlesque Matinee la Castelul Nikolici\u201d promite o \u00eent\u00e2lnire neobi\u0219nuit\u0103 \u00eentre spectacol, muzic\u0103, dans \u0219i istoria Banatului, \u00eentr-unul dintre conacele istorice ale regiunii.<\/p>\n<\/div>\n<footer>\n<div class=\"td-post-source-tags\">\n<ul class=\"td-tags td-post-small-box clearfix\">\n<li><span>ETICHETE<\/span><\/li>\n<li><a href=\"https:\/\/orasul-timisoara.ro\/local-tag\/alice-francis\/\">alice francis<\/a><\/li>\n<li><a href=\"https:\/\/orasul-timisoara.ro\/local-tag\/banat\/\">banat<\/a><\/li>\n<li><a href=\"https:\/\/orasul-timisoara.ro\/local-tag\/burlesque\/\">burlesque<\/a><\/li>\n<li><a href=\"https:\/\/orasul-timisoara.ro\/local-tag\/cabaret\/\">cabaret<\/a><\/li>\n<li><a href=\"https:\/\/orasul-timisoara.ro\/local-tag\/castelul-nikolici\/\">castelul nikolici<\/a><\/li>\n<li><a href=\"https:\/\/orasul-timisoara.ro\/local-tag\/cultura-2\/\">Cultur\u0103<\/a><\/li>\n<li><a href=\"https:\/\/orasul-timisoara.ro\/local-tag\/evenimente-timis-2\/\">evenimente Timi\u0219<\/a><\/li>\n<li><a href=\"https:\/\/orasul-timisoara.ro\/local-tag\/evenimente-timisoara-2\/\">evenimente Timi\u0219oara<\/a><\/li>\n<li><a href=\"https:\/\/orasul-timisoara.ro\/local-tag\/muzica-live\/\">muzic\u0103 live<\/a><\/li>\n<li><a href=\"https:\/\/orasul-timisoara.ro\/local-tag\/rudna\/\">rudna<\/a><\/li>\n<li><a href=\"https:\/\/orasul-timisoara.ro\/local-tag\/spectacole\/\">spectacole<\/a><\/li>\n<li><a href=\"https:\/\/orasul-timisoara.ro\/local-tag\/stiri-timis-2\/\">\u0219tiri Timi\u0219<\/a><\/li>\n<li><a href=\"https:\/\/orasul-timisoara.ro\/local-tag\/stiri-timisoara-2\/\">\u0219tiri Timi\u0219oara<\/a><\/li>\n<li><a href=\"https:\/\/orasul-timisoara.ro\/local-tag\/timis-2\/\">timi\u0219<\/a><\/li>\n<li><a href=\"https:\/\/orasul-timisoara.ro\/local-tag\/timisoara-2\/\">timi\u0219oara<\/a><\/li>\n<\/ul>\n<\/div>\n<div class=\"td-post-sharing-bottom\">\n<div class=\"td-post-sharing-classic\"><iframe title=\"bottomFacebookLike\" frameborder src=\"https:\/\/www.facebook.com\/plugins\/like.php?href=https:\/\/orasul-timisoara.ro\/local-40562\/&amp;layout=button_count&amp;show_faces=false&amp;width=105&amp;action=like&amp;colorscheme=light&amp;height=21\"><\/iframe><\/div>\n<div id=\"td_social_sharing_article_bottom\" class=\"td-post-sharing td-ps-bg td-ps-notext td-post-sharing-style1 \">\n<div class=\"td-post-sharing-visible\"><a class=\"td-social-sharing-button td-social-sharing-button-js td-social-network td-social-facebook\" href=\"https:\/\/www.facebook.com\/sharer.php?u=https%3A%2F%2Forasul-timisoara.ro%2Flocal-40562%2F\" title=\"Facebook\"><\/p>\n<div class=\"td-social-but-text\">Facebook<\/div>\n<p><\/a><a class=\"td-social-sharing-button td-social-sharing-button-js td-social-network td-social-twitter\" href=\"https:\/\/twitter.com\/intent\/tweet?text=Burlesque+Matinee+la+Castelul+Nikolici%3A+spectacol+de+cabaret+%C8%99i+muzic%C4%83+live+%C3%AEn+Rudna&amp;url=https%3A%2F%2Forasul-timisoara.ro%2Flocal-40562%2F&amp;via=orasultm\" title=\"Twitter\"><\/p>\n<div class=\"td-social-but-text\">Twitter<\/div>\n<p><\/a><a class=\"td-social-sharing-button td-social-sharing-button-js td-social-network td-social-whatsapp\" href=\"https:\/\/api.whatsapp.com\/send?text=Burlesque+Matinee+la+Castelul+Nikolici%3A+spectacol+de+cabaret+%C8%99i+muzic%C4%83+live+%C3%AEn+Rudna%20%0A%0A%20https:\/\/orasul-timisoara.ro\/local-40562\/\" title=\"WhatsApp\"><\/p>\n<div class=\"td-social-but-text\">WhatsApp<\/div>\n<p><\/a><a class=\"td-social-sharing-button td-social-sharing-button-js td-social-network td-social-linkedin\" href=\"https:\/\/www.linkedin.com\/shareArticle?mini=true&amp;url=https:\/\/orasul-timisoara.ro\/local-40562\/&amp;title=Burlesque+Matinee+la+Castelul+Nikolici%3A+spectacol+de+cabaret+%C8%99i+muzic%C4%83+live+%C3%AEn+Rudna\" title=\"Linkedin\"><\/p>\n<div class=\"td-social-but-text\">Linkedin<\/div>\n<p><\/a><a class=\"td-social-sharing-button td-social-sharing-button-js td-social-network td-social-reddit\" href=\"https:\/\/reddit.com\/submit?url=https:\/\/orasul-timisoara.ro\/local-40562\/&amp;title=Burlesque+Matinee+la+Castelul+Nikolici%3A+spectacol+de+cabaret+%C8%99i+muzic%C4%83+live+%C3%AEn+Rudna\" title=\"ReddIt\"><\/p>\n<div class=\"td-social-but-text\">ReddIt<\/div>\n<p><\/a><a class=\"td-social-sharing-button td-social-sharing-button-js td-social-network td-social-mail\" href=\"mailto:?subject=Burlesque%20Matinee%20la%20Castelul%20Nikolici:%20spectacol%20de%20cabaret%20%C8%99i%20muzic%C4%83%20live%20%C3%AEn%20Rudna&amp;body=https:\/\/orasul-timisoara.ro\/local-40562\/\" title=\"Email\"><\/p>\n<div class=\"td-social-but-text\">Email<\/div>\n<p><\/a><a class=\"td-social-sharing-button td-social-sharing-button-js td-social-network td-social-print\" href=\"https:\/\/orasul-timisoara.ro\/local-40562\/\" title=\"Imprimare\"><\/p>\n<div class=\"td-social-but-text\">Imprimare<\/div>\n<p><\/a><\/div>\n<\/div>\n<\/div>\n<div class=\"td-block-row td-post-next-prev\">\n<div class=\"td-block-span6 td-post-prev-post\">\n<div class=\"td-post-next-prev-content\"><span>Articolul precedent<\/span><a href=\"https:\/\/orasul-timisoara.ro\/local-40557\/\">Bikers Picnic 2026: Girocul devine punctul de \u00eent\u00e2lnire al comunit\u0103\u021bii moto pe 29 august<\/a><\/div>\n<\/div>\n<div class=\"td-block-span6 td-post-next-post\">\n<div class=\"td-post-next-prev-content\"><span>Articolul urm\u0103tor<\/span><a href=\"https:\/\/orasul-timisoara.ro\/local-40565\/\">Aquatim anun\u021b\u0103 lucr\u0103ri la re\u021beaua de ap\u0103: presiune sc\u0103zut\u0103 \u0219i \u00eentreruperi \u00een dou\u0103 localit\u0103\u021bi din Timi\u0219<\/a><\/div>\n<\/div>\n<\/div>\n<div class=\"td-author-name vcard author\"><span class=\"fn\"><a href=\"https:\/\/orasul-timisoara.ro\/author\/timisoara\/\">redactia<\/a><\/span><\/div>\n<p><span class=\"td-page-meta\"><\/span><span class=\"td-page-meta\"><span class=\"td-page-meta\"><\/span><\/span><span class=\"td-page-meta\"><\/span><\/footer>\n<div class=\"td_block_wrap td_block_related_posts tdi_3 td_with_ajax_pagination td-pb-border-top td_block_template_8\" data-td-block-uid=\"tdi_3\">\n<h4 class=\"td-related-title td-block-title\"><a id=\"tdi_4\" class=\"td-related-left td-cur-simple-item\" data-td_filter_value data-td_block_id=\"tdi_3\" href=\"https:\/\/orasul-timisoara.ro\/local-40562\/\">ARTICOLE SIMILARE<\/a><a id=\"tdi_5\" class=\"td-related-right\" data-td_filter_value=\"td_related_more_from_author\" data-td_block_id=\"tdi_3\" href=\"https:\/\/orasul-timisoara.ro\/local-40562\/\">DE LA ACELA\u0218I AUTOR<\/a><\/h4>\n<div id=\"tdi_3\" class=\"td_block_inner\">\n<div class=\"td-related-row\">\n<div class=\"td-related-span4\">\n<div class=\"td_module_related_posts td-animation-stack td_mod_related_posts\">\n<div class=\"td-module-image\">\n<div class=\"td-module-thumb\"><a href=\"https:\/\/orasul-timisoara.ro\/local-40551\/\" rel=\"bookmark\" class=\"td-image-wrap \" title=\"Gusturile Banatului ajung la BIAS 2026. Timi\u0219ul \u00ee\u0219i promoveaz\u0103 gastronomia la Bucure\u0219ti\"><img loading=\"lazy\" decoding=\"async\" class=\"entry-thumb\" src=\"https:\/\/orasul-timisoara.ro\/wp-content\/uploads\/2026\/08\/visit-timis-la-bias-2026-436x300.jpg\" alt title=\"Gusturile Banatului ajung la BIAS 2026. Timi\u0219ul \u00ee\u0219i promoveaz\u0103 gastronomia la Bucure\u0219ti\" width=\"218\" height=\"150\"><\/a><\/div>\n<\/div>\n<div class=\"item-details\">\n<h3 class=\"entry-title td-module-title\"><a href=\"https:\/\/orasul-timisoara.ro\/local-40551\/\" rel=\"bookmark\" title=\"Gusturile Banatului ajung la BIAS 2026. Timi\u0219ul \u00ee\u0219i promoveaz\u0103 gastronomia la Bucure\u0219ti\">Gusturile Banatului ajung la BIAS 2026. Timi\u0219ul \u00ee\u0219i promoveaz\u0103 gastronomia la Bucure\u0219ti<\/a><\/h3>\n<\/div>\n<\/div>\n<\/div>\n<div class=\"td-related-span4\">\n<div class=\"td_module_related_posts td-animation-stack td_mod_related_posts\">\n<div class=\"td-module-image\">\n<div class=\"td-module-thumb\"><a href=\"https:\/\/orasul-timisoara.ro\/local-40271\/\" rel=\"bookmark\" class=\"td-image-wrap \" title=\"Prim\u0103ria Veche din Timi\u0219oara: povestea cl\u0103dirii care a administrat ora\u0219ul timp de peste dou\u0103 secole\"><img loading=\"lazy\" decoding=\"async\" class=\"entry-thumb\" src=\"https:\/\/orasul-timisoara.ro\/wp-content\/uploads\/2026\/08\/timisoara-de-altadata-002-piata-libertatii-1970-Copy-1-436x300.jpg\" alt title=\"Prim\u0103ria Veche din Timi\u0219oara: povestea cl\u0103dirii care a administrat ora\u0219ul timp de peste dou\u0103 secole\" width=\"218\" height=\"150\"><\/a><\/div>\n<\/div>\n<div class=\"item-details\">\n<h3 class=\"entry-title td-module-title\"><a href=\"https:\/\/orasul-timisoara.ro\/local-40271\/\" rel=\"bookmark\" title=\"Prim\u0103ria Veche din Timi\u0219oara: povestea cl\u0103dirii care a administrat ora\u0219ul timp de peste dou\u0103 secole\">Prim\u0103ria Veche din Timi\u0219oara: povestea cl\u0103dirii care a administrat ora\u0219ul timp de peste dou\u0103 secole<\/a><\/h3>\n<\/div>\n<\/div>\n<\/div>\n<div class=\"td-related-span4\">\n<div class=\"td_module_related_posts td-animation-stack td_mod_related_posts\">\n<div class=\"td-module-image\">\n<div class=\"td-module-thumb\"><a href=\"https:\/\/orasul-timisoara.ro\/local-40215\/\" rel=\"bookmark\" class=\"td-image-wrap \" title=\"Eclipsa de Soare \u00een tradi\u021bia rom\u00e2neasc\u0103: ce credeau oamenii din Banat\"><img loading=\"lazy\" decoding=\"async\" class=\"entry-thumb\" src=\"https:\/\/orasul-timisoara.ro\/wp-content\/uploads\/2026\/08\/elipsa-traditii-banat-436x300.jpg\" alt title=\"Eclipsa de Soare \u00een tradi\u021bia rom\u00e2neasc\u0103: ce credeau oamenii din Banat\" width=\"218\" height=\"150\"><\/a><\/div>\n<\/div>\n<div class=\"item-details\">\n<h3 class=\"entry-title td-module-title\"><a href=\"https:\/\/orasul-timisoara.ro\/local-40215\/\" rel=\"bookmark\" title=\"Eclipsa de Soare \u00een tradi\u021bia rom\u00e2neasc\u0103: ce credeau oamenii din Banat\">Eclipsa de Soare \u00een tradi\u021bia rom\u00e2neasc\u0103: ce credeau oamenii din Banat<\/a><\/h3>\n<\/div>\n<\/div>\n<\/div>\n<\/div>\n<\/div>\n<\/div>\n<div class=\"comments\" id=\"comments\">\n<div id=\"respond\" class=\"comment-respond\">\n<h3 id=\"reply-title\" class=\"comment-reply-title\">L\u0102SA\u021aI UN MESAJ<\/h3>\n<div class=\"comment-form-input-wrap td-form-comment\">\n<div class=\"td-warning-comment\">V\u0103 rug\u0103m s\u0103 introduce\u021bi comentariul dvs.!<\/div>\n<\/div>\n<div class=\"comment-form-input-wrap td-form-author\">\n<div class=\"td-warning-author\">Introduce\u021bi aici numele dvs.<\/div>\n<\/div>\n<div class=\"comment-form-input-wrap td-form-email\">\n<div class=\"td-warning-email-error\">A\u021bi introdus o adres\u0103 de e-mail incorect\u0103!<\/div>\n<div class=\"td-warning-email\">V\u0103 rug\u0103m s\u0103 introduce\u021bi adresa dvs. de e-mail aici<\/div>\n<\/div>\n<\/div>\n<p class=\"akismet_comment_form_privacy_notice\">Acest site folose\u0219te Akismet pentru a reduce spamul. <a href=\"https:\/\/akismet.com\/privacy\/\" target=\"_blank\" rel=\"nofollow noopener\">Afl\u0103 cum sunt procesate datele comentariilor tale<\/a>.<\/p>\n<\/div>\n<\/div>\n<\/div>\n<div class=\"td-pb-span4 td-main-sidebar\" role=\"complementary\">\n<div class=\"td-ss-main-sidebar\">\n<aside id=\"block-4\" class=\"td_block_template_8 widget block-4 widget_block widget_media_image\">\n<figure class=\"wp-block-image size-full\"><img loading=\"lazy\" decoding=\"async\" width=\"336\" height=\"280\" src=\"https:\/\/orasul-timisoara.ro\/wp-content\/uploads\/2024\/11\/ReTIM-Abonamentul-Verde-Google-Ads-336x280px.gif\" alt class=\"wp-image-29257\"><\/figure>\n<\/aside>\n<div class=\"td_block_wrap td_block_social_counter td_block_widget tdi_6 td-social-style5 td-social-boxed td-pb-border-top td_block_template_8\">\n<div class=\"td-block-title-wrap\">\n<h4 class=\"td-block-title\"><span>Urm\u0103re\u0219te-ne pe Social Media<\/span><\/h4>\n<\/div>\n<div class=\"td-social-list\">\n<div class=\"td_social_type td-pb-margin-side td_social_facebook\">\n<div class=\"td-social-box\"><span class=\"td_social_info td_social_info_counter\">344,595<\/span><span class=\"td_social_info td_social_info_name\">Fani<\/span><span class=\"td_social_button\"><a href=\"https:\/\/www.facebook.com\/247timisoara\" target=\"_blank\" rel=\"nofollow\">\u00cemi place<\/a><\/span><\/div>\n<\/div>\n<div class=\"td_social_type td-pb-margin-side td_social_instagram\">\n<div class=\"td-social-box\"><span class=\"td_social_info td_social_info_counter\">4,416<\/span><span class=\"td_social_info td_social_info_name\">Cititori<\/span><span class=\"td_social_button\"><a href=\"https:\/\/instagram.com\/orasultimisoararo\/\" target=\"_blank\" rel=\"nofollow\">Conecta\u021bi-v\u0103<\/a><\/span><\/div>\n<\/div>\n<div class=\"td_social_type td-pb-margin-side td_social_rss\">\n<div class=\"td-social-box\"><span class=\"td_social_info td_social_info_counter\">12,506<\/span><span class=\"td_social_info td_social_info_name\">Cititori<\/span><span class=\"td_social_button\"><a href=\"https:\/\/orasul-timisoara.ro\/feed\/\" target=\"_blank\" rel=\"nofollow\">Conecta\u021bi-v\u0103<\/a><\/span><\/div>\n<\/div>\n<div class=\"td_social_type td-pb-margin-side td_social_tiktok\">\n<div class=\"td-social-box\"><span class=\"td_social_info td_social_info_counter\">1,500<\/span><span class=\"td_social_info td_social_info_name\">Cititori<\/span><span class=\"td_social_button\"><a href=\"https:\/\/www.tiktok.com\/@orasultimisoara\" target=\"_blank\" rel=\"nofollow\">Conecta\u021bi-v\u0103<\/a><\/span><\/div>\n<\/div>\n<div class=\"td_social_type td-pb-margin-side td_social_twitter\">\n<div class=\"td-social-box\"><span class=\"td_social_info td_social_info_counter\">1,595<\/span><span class=\"td_social_info td_social_info_name\">Cititori<\/span><span class=\"td_social_button\"><a href=\"https:\/\/twitter.com\/orasultm\" target=\"_blank\" rel=\"nofollow\">Conecta\u021bi-v\u0103<\/a><\/span><\/div>\n<\/div>\n<div class=\"td_social_type td-pb-margin-side td_social_youtube\">\n<div class=\"td-social-box\"><span class=\"td_social_info td_social_info_counter\">3,506<\/span><span class=\"td_social_info td_social_info_name\">Abona\u021bi<\/span><span class=\"td_social_button\"><a href=\"https:\/\/www.youtube.com\/channel\/UCQNsQvs2XCSIm1Z-AHRturw?sub_confirmation=1\" target=\"_blank\" rel=\"nofollow\">Abona\u021bi-v\u0103<\/a><\/span><\/div>\n<\/div>\n<\/div>\n<\/div>\n<aside id=\"text-7\" class=\"td_block_template_8 widget text-7 widget_text\">\n<h4 class=\"td-block-title\"><span>C\u0103ut\u0103ri populare pe OTM<\/span><\/h4>\n<div class=\"textwidget\"><a href=\"https:\/\/orasul-timisoara.ro\/?s=timisoara\"><span>Timisoara<\/span><\/a><a href=\"https:\/\/orasul-timisoara.ro\/?s=calin+dobra\"><span>Calin Dobra<\/span><\/a><a href=\"https:\/\/orasul-timisoara.ro\/?s=primaria+timisoara\"><span>Primaria Timisoara<\/span><\/a><a href=\"https:\/\/orasul-timisoara.ro\/?s=dominic+fritz\"><span>Dominic Fritz<\/span><\/a><a href=\"https:\/\/orasul-timisoara.ro\/?s=nicolae+robu\"><span>Nicolae Robu<\/span><\/a><a href=\"https:\/\/orasul-timisoara.ro\/?s=consiliul+local+timisoara\">Consiliul Local Timisoara<\/a><a href=\"https:\/\/orasul-timisoara.ro\/?s=consiliul+judetean+timis\"><span>Consiliul Judetean Timis<\/span><\/a><a href=\"https:\/\/orasul-timisoara.ro\/?s=cjt\"><span>CJT<\/span><\/a><a href=\"https:\/\/orasul-timisoara.ro\/?s=Alfred+Simonis\"><span>Alfred Simonis<\/span><\/a><a href=\"https:\/\/orasul-timisoara.ro\/?s=PNL\"><span>PNL<\/span><\/a><a href=\"https:\/\/orasul-timisoara.ro\/?s=coronavirus\"><span>coronavirus<\/span><\/a><a href=\"https:\/\/orasul-timisoara.ro\/?s=teatru+timisoara\">teatru Timisoara<\/a><a href=\"https:\/\/orasul-timisoara.ro\/?s=restaurante\"><span>restaurante Timisoara<\/span><\/a><a href=\"https:\/\/orasul-timisoara.ro\/?s=diskoteka\"><span>Diskoteka<\/span><\/a><a href=\"https:\/\/orasul-timisoara.ro\/?s=iulius+town\"><span>Iulius Town<\/span><\/a><a href=\"https:\/\/orasul-timisoara.ro\/?s=iulius+mall\"><span>Iulius Mall<\/span><\/a><a href=\"https:\/\/orasul-timisoara.ro\/?s=stpt\"><span>STPT<\/span><\/a><a href=\"https:\/\/orasul-timisoara.ro\/?s=alin+nica\"><span>Alin Nica<\/span><\/a><a href=\"https:\/\/orasul-timisoara.ro\/?s=psd\"><span>PSD<\/span><\/a><a href=\"https:\/\/orasul-timisoara.ro\/?s=aeroport\"><span>Aeroportul International Timisoara<\/span><\/a><a href=\"https:\/\/orasul-timisoara.ro\/?s=babes\"><span>Spitalul Victor Babes Timisoara<\/span><\/a><a href=\"https:\/\/orasul-timisoara.ro\/?s=poli\"><span>Poli Timi\u0219oara<\/span><\/a><a href=\"https:\/\/orasul-timisoara.ro\/?s=carantina\"><span>carantina<\/span><\/a><a href=\"https:\/\/orasul-timisoara.ro\/?s=aquatim\"><span>Aquatim<\/span><\/a><a href=\"https:\/\/orasul-timisoara.ro\/local-category\/stiri-timisoara\/\"><span>Stiri Timisoara<\/span><\/a><a href=\"https:\/\/orasul-timisoara.ro\/local-category\/investitii-in-timisoara\/\"><span>Investi\u021bii in Timi\u0219oara<\/span><\/a><a href=\"https:\/\/orasul-timisoara.ro\/local-9463\/\"><span>shaorma<\/span><\/a><a href=\"https:\/\/orasul-timisoara.ro\/?s=trafic\"><span>trafic rutier<\/span><\/a><a href=\"https:\/\/orasul-timisoara.ro\/?s=politia\"><span>politia locala timisoara<\/span><\/a><a href=\"https:\/\/orasul-timisoara.ro\/?s=roxana\"><span>Roxana Iliescu<\/span><\/a><a href=\"https:\/\/orasul-timisoara.ro\/?s=colterm\"><span>Colterm<\/span><\/a><a href=\"https:\/\/orasul-timisoara.ro\/?s=latcau\"><span>Ruben La\u021bc\u0103u<\/span><\/a><a href=\"https:\/\/orasul-timisoara.ro\/?s=timis\"><span>\u0218tiri din Timi\u0219<\/span><\/a><a href=\"https:\/\/orasul-timisoara.ro\/?s=spital\"><span>Spitale din Timi\u0219oara<\/span><\/a><a href=\"https:\/\/orasul-timisoara.ro\/?s=tabara\"><span>Cosmin Tab\u0103r\u0103<\/span><\/a><\/div>\n<\/aside>\n<aside id=\"rss-2\" class=\"td_block_template_8 widget rss-2 widget_rss\">\n<h4 class=\"td-block-title\"><span><a class=\"rsswidget rss-widget-feed\" href=\"https:\/\/fashionfridays.ro\/feed\"><img decoding=\"async\" class=\"rss-widget-icon\" width=\"14\" height=\"14\" src=\"https:\/\/orasul-timisoara.ro\/wp-includes\/images\/rss.png\" alt=\"Flux RSS: Fashion Fridays\" loading=\"lazy\"><\/a><a class=\"rsswidget rss-widget-title\" href=\"https:\/\/fashionfridays.ro\/\">Fashion Fridays<\/a><\/span><\/h4>\n<ul>\n<li><a class=\"rsswidget\" href=\"https:\/\/fashionfridays.ro\/romania-devine-a-29-a-piata-vogue-o-noua-era-pentru-industria-locala-de-moda\/\">Rom\u00e2nia devine a 29-a pia\u021b\u0103 Vogue: o nou\u0103 er\u0103 pentru industria local\u0103 de mod\u0103<\/a>\n<div class=\"rssSummary\">Revista Vogue \u00ee\u0219i extinde prezen\u021ba global\u0103 \u0219i va fi lansat\u0103 oficial \u00een Rom\u00e2nia \u00een prim\u0103vara anului 2027, marc\u00e2nd intrarea pe cea de-a 29-a pia\u021b\u0103 interna\u021bional\u0103. Proiectul este realizat \u00een parteneriat cu AEMME Publishing, o companie media recent \u00eenfiin\u021bat\u0103, care va publica edi\u021bia local\u0103 sub licen\u021b\u0103. Noua edi\u021bie, Vogue Rom\u00e2nia, \u00ee\u0219i propune s\u0103 combine autoritatea global\u0103 [\u2026]<\/div>\n<\/li>\n<\/ul>\n<\/aside>\n<aside id=\"rss-4\" class=\"td_block_template_8 widget rss-4 widget_rss\">\n<h4 class=\"td-block-title\"><span><a class=\"rsswidget rss-widget-feed\" href=\"https:\/\/emasini.ro\/feed\"><img decoding=\"async\" class=\"rss-widget-icon\" width=\"14\" height=\"14\" src=\"https:\/\/orasul-timisoara.ro\/wp-includes\/images\/rss.png\" alt=\"Flux RSS: eMasini\" loading=\"lazy\"><\/a><a class=\"rsswidget rss-widget-title\" href=\"https:\/\/emasini.ro\/\">eMasini<\/a><\/span><\/h4>\n<ul>\n<li><a class=\"rsswidget\" href=\"https:\/\/emasini.ro\/adio-bordurilor-pline-de-ecrane-mercedes-benz-readuce-butoanele-in-noile-masini-produse\/\">Adio bordurilor pline de ecrane? Mercedes-Benz readuce butoanele \u00een noile ma\u0219ini produse<\/a>\n<div class=\"rssSummary\">Mercedes-Benz \u00ee\u0219i schimb\u0103 direc\u021bia \u00een ceea ce prive\u0219te designul interioarelor \u0219i va readuce comenzile fizice pentru anumite func\u021bii importante. Constructorul german nu renun\u021b\u0103 la ecranele mari \u0219i la tehnologiile digitale, dar recunoa\u0219te c\u0103 a mers prea departe prin eliminarea unor butoane \u0219i comenzi tactile. Ola K\u00e4llenius, pre\u0219edintele Consiliului de Administra\u021bie al Mercedes-Benz Group \u0219i CEO [\u2026]<\/div>\n<\/li>\n<\/ul>\n<\/aside>\n<\/div>\n<\/div>\n<\/div>\n<\/div>\n<\/article>\n<div class=\"td-post-content tagdiv-type\">\n<p class=\"wp-block-paragraph\">Pe 5 septembrie, Castelul Nikolici din Rudna \u00ee\u0219i deschide por\u021bile pentru o dup\u0103-amiaz\u0103 dedicat\u0103 burlescului, cabaretului \u0219i muzicii live. \u00cen decorul unui conac istoric construit \u00een jurul anului 1780, publicul este invitat \u00eentr-o atmosfer\u0103 inspirat\u0103 de glamourul Hollywoodului clasic \u0219i de efervescen\u021ba Berlinului anilor \u201920.<\/p>\n<p class=\"wp-block-paragraph\">Evenimentul \u201eBurlesque Matinee la Castelul Nikolici\u201d este conceput \u0219i prezentat de Alice Francis, artist\u0103 de origine rom\u00e2no-tanzanian\u0103, n\u0103scut\u0103 la Timi\u0219oara \u0219i stabilit\u0103 \u00een Germania. Cunoscut\u0103 pe scenele interna\u021bionale pentru combina\u021bia sa de swing, jazz \u0219i muzic\u0103 electronic\u0103, Alice Francis revine \u00een Banat cu un spectacol organizat chiar \u00een locul pe care \u00eel nume\u0219te \u201eacas\u0103\u201d.<\/p>\n<p class=\"wp-block-paragraph\">Al\u0103turi de Alice Francis vor urca pe scen\u0103 Foxic Poison, Daria, Rina Burlesque, Queen Beni Mihai \u0219i Bambina Rina. Programul reune\u0219te muzic\u0103 live, dans, cabaret \u0219i comedie, \u00eentr-o produc\u021bie creat\u0103 special pentru atmosfera Castelului Nikolici.<\/p>\n<h3 class=\"wp-block-heading\">Un spectacol \u00eentr-un conac cu aproape 250 de ani de istorie<\/h3>\n<p class=\"wp-block-paragraph\">Castelul Nikolici din Rudna, monument istoric aflat la aproximativ 30 de kilometri de Timi\u0219oara, a trecut prin numeroase transform\u0103ri de-a lungul celor aproape 250 de ani de existen\u021b\u0103.<\/p>\n<p class=\"wp-block-paragraph\">Familia lui Alice Francis a cump\u0103rat proprietatea \u00een 2002 \u0219i a \u00eenceput un amplu proces de restaurare. Prin concerte \u0219i evenimente culturale, conacul este readus treptat la via\u021b\u0103 \u0219i redeschis publicului, devenind un spa\u021biu \u00een care patrimoniul istoric se \u00eent\u00e2lne\u0219te cu arta contemporan\u0103.<\/p>\n<p class=\"wp-block-paragraph\">Evenimentul din 5 septembrie propune astfel nu doar un spectacol, ci \u0219i o experien\u021b\u0103 \u00eentr-un decor cu o puternic\u0103 \u00eenc\u0103rc\u0103tur\u0103 istoric\u0103, \u00een care muzica, dansul \u0219i atmosfera de cabaret se \u00eent\u00e2lnesc cu arhitectura \u0219i istoria Banatului.<\/p>\n<h3 class=\"wp-block-heading\">Programul evenimentului<\/h3>\n<p class=\"wp-block-paragraph\">Por\u021bile Castelului Nikolici se deschid la ora 16:00, iar invita\u021bii vor fi \u00eent\u00e2mpina\u021bi cu un welcome drink.<\/p>\n<p class=\"wp-block-paragraph\">Spectacolul \u00eencepe la ora 18:00 \u0219i \u00eei aduce \u00een fa\u021ba publicului pe Alice Francis, Foxic Poison, Daria, Rina Burlesque, Queen Beni Mihai \u0219i Bambina Rina.<\/p>\n<p class=\"wp-block-paragraph\">\u201eBurlesque Matinee la Castelul Nikolici\u201d promite o \u00eent\u00e2lnire neobi\u0219nuit\u0103 \u00eentre spectacol, muzic\u0103, dans \u0219i istoria Banatului, \u00eentr-unul dintre conacele istorice ale regiunii.<\/p>\n<\/div>\n<p>[analyse_source url=&#8221;https:\/\/orasul-timisoara.ro\/local-40562\/&#8221;]<\/p>\n","protected":false},"excerpt":{"rendered":"<p>[analyse_image type=&#8221;featured&#8221; src=&#8221;https:\/\/orasul-timisoara.ro\/wp-content\/uploads\/2026\/08\/burlesque-matinee.jpg&#8221;] Evenimente in TimisoaraBurlesque Matinee la Castelul Nikolici: spectacol de cabaret \u0219i muzic\u0103 live \u00een&#8230; Evenimente in Timisoara \u0218tiri Locale Turism Burlesque Matinee la Castelul Nikolici: spectacol de cabaret \u0219i muzic\u0103 live \u00een Rudna De c\u0103tre redactia &#8211; 28\/08\/2026 Facebook Twitter WhatsApp Linkedin ReddIt Email Imprimare Pe 5 septembrie, Castelul Nikolici din Rudna [&hellip;]<\/p>\n","protected":false},"author":1,"featured_media":0,"comment_status":"open","ping_status":"","sticky":false,"template":"","format":"standard","meta":{"footnotes":""},"categories":[89],"tags":[226,189],"class_list":["post-2116845","post","type-post","status-publish","format-standard","hentry","category-romania","tag-crawlmanager","tag-orasul-timisoara-ro"],"_links":{"self":[{"href":"https:\/\/analyse.optim.biz\/index.php?rest_route=\/wp\/v2\/posts\/2116845","targetHints":{"allow":["GET"]}}],"collection":[{"href":"https:\/\/analyse.optim.biz\/index.php?rest_route=\/wp\/v2\/posts"}],"about":[{"href":"https:\/\/analyse.optim.biz\/index.php?rest_route=\/wp\/v2\/types\/post"}],"author":[{"embeddable":true,"href":"https:\/\/analyse.optim.biz\/index.php?rest_route=\/wp\/v2\/users\/1"}],"replies":[{"embeddable":true,"href":"https:\/\/analyse.optim.biz\/index.php?rest_route=%2Fwp%2Fv2%2Fcomments&post=2116845"}],"version-history":[{"count":0,"href":"https:\/\/analyse.optim.biz\/index.php?rest_route=\/wp\/v2\/posts\/2116845\/revisions"}],"wp:attachment":[{"href":"https:\/\/analyse.optim.biz\/index.php?rest_route=%2Fwp%2Fv2%2Fmedia&parent=2116845"}],"wp:term":[{"taxonomy":"category","embeddable":true,"href":"https:\/\/analyse.optim.biz\/index.php?rest_route=%2Fwp%2Fv2%2Fcategories&post=2116845"},{"taxonomy":"post_tag","embeddable":true,"href":"https:\/\/analyse.optim.biz\/index.php?rest_route=%2Fwp%2Fv2%2Ftags&post=2116845"}],"curies":[{"name":"wp","href":"https:\/\/api.w.org\/{rel}","templated":true}]}}