{"id":2116843,"date":"2026-08-28T12:49:48","date_gmt":"2026-08-28T09:49:48","guid":{"rendered":"https:\/\/analyse.optim.biz\/?p=2116843"},"modified":"2026-08-28T12:49:48","modified_gmt":"2026-08-28T09:49:48","slug":"codru-festival-2026-incepe-astazi-la-timisoara-programul-concertelor-si-regulile-esentiale-pentru","status":"publish","type":"post","link":"https:\/\/analyse.optim.biz\/?p=2116843","title":{"rendered":"CODRU Festival 2026 \u00eencepe ast\u0103zi la Timi\u0219oara. Programul concertelor \u0219i regulile esen\u021biale pentru"},"content":{"rendered":"<p>[analyse_image type=&#8221;featured&#8221; src=&#8221;https:\/\/orasul-timisoara.ro\/wp-content\/uploads\/2026\/08\/codru-festival-.jpg&#8221;]<\/p>\n<article id=\"post-40554\" class=\"td-post-template-7 post-40554 post type-post status-publish format-standard has-post-thumbnail category-evenimente-in-timisoara category-featured category-stiri-timisoara tag-alternosfera tag-codru-festival tag-codru-festival-2026 tag-concerte-timisoara-2 tag-evenimente-timisoara-2 tag-festival-timisoara-2 tag-festivaluri-2026 tag-gipsy-kings tag-muzica-2 tag-padurea-verde tag-puya tag-stiri-timisoara-3 tag-subcarpati-2 tag-timisoara-2 td-container-wrap\">\n<div class=\"td-full-screen-header-image-wrap\">\n<div class=\"td-container td-post-header\">\n<div class=\"td-crumb-container\">\n<div class=\"entry-crumbs\"><span><a title=\"Vede\u021bi toate articolele \u00een Evenimente in Timisoara\" class=\"entry-crumb\" href=\"https:\/\/orasul-timisoara.ro\/local-category\/evenimente-in-timisoara\/\">Evenimente in Timisoara<\/a><\/span><span class=\"td-bred-no-url-last\">CODRU Festival 2026 \u00eencepe ast\u0103zi la Timi\u0219oara. Programul concertelor \u0219i regulile esen\u021biale&#8230;<\/span><\/div>\n<\/div>\n<div class=\"td-post-header-holder\">\n<div class=\"td-parallax-header\">\n<header class=\"td-post-title\">\n<ul class=\"td-category\">\n<li class=\"entry-category\"><a href=\"https:\/\/orasul-timisoara.ro\/local-category\/evenimente-in-timisoara\/\">Evenimente in Timisoara<\/a><\/li>\n<li class=\"entry-category\"><a href=\"https:\/\/orasul-timisoara.ro\/local-category\/stiri-timisoara\/\">\u0218tiri Locale<\/a><\/li>\n<\/ul>\n<h1 class=\"entry-title\">CODRU Festival 2026 \u00eencepe ast\u0103zi la Timi\u0219oara. Programul concertelor \u0219i regulile esen\u021biale pentru festivalieri<\/h1>\n<div class=\"td-module-meta-info\">\n<div class=\"td-post-author-name\">\n<div class=\"td-author-by\">De c\u0103tre<\/div>\n<p><a href=\"https:\/\/orasul-timisoara.ro\/author\/timisoara\/\">redactia<\/a><\/p>\n<div class=\"td-author-line\"> &#8211; <\/div>\n<\/div>\n<p><span class=\"td-post-date\"><time class=\"entry-date updated td-module-date\" datetime=\"2026-08-28T15:49:48+03:00\">28\/08\/2026<\/time><\/span><\/div>\n<\/header>\n<\/div>\n<\/div>\n<\/div>\n<div id=\"td-full-screen-header-image\" class=\"td-image-gradient-style7\"><img decoding=\"async\" class=\"td-backstretch\" src=\"https:\/\/orasul-timisoara.ro\/wp-content\/uploads\/2026\/08\/codru-festival-.jpg\"><\/div>\n<\/div>\n<div class=\"td-container\">\n<div class=\"td-pb-row\">\n<div class=\"td-pb-span8 td-main-content\" role=\"main\">\n<div class=\"td-ss-main-content\">\n<div class=\"td-post-sharing-top\">\n<div class=\"td-post-sharing-classic\"><iframe title=\"topFacebookLike\" frameborder src=\"https:\/\/www.facebook.com\/plugins\/like.php?href=https:\/\/orasul-timisoara.ro\/local-40554\/&amp;layout=button_count&amp;show_faces=false&amp;width=105&amp;action=like&amp;colorscheme=light&amp;height=21\"><\/iframe><\/div>\n<div id=\"td_social_sharing_article_top\" class=\"td-post-sharing td-ps-bg td-ps-notext td-post-sharing-style1 \">\n<div class=\"td-post-sharing-visible\"><a class=\"td-social-sharing-button td-social-sharing-button-js td-social-network td-social-facebook\" href=\"https:\/\/www.facebook.com\/sharer.php?u=https%3A%2F%2Forasul-timisoara.ro%2Flocal-40554%2F\" title=\"Facebook\"><\/p>\n<div class=\"td-social-but-text\">Facebook<\/div>\n<p><\/a><a class=\"td-social-sharing-button td-social-sharing-button-js td-social-network td-social-twitter\" href=\"https:\/\/twitter.com\/intent\/tweet?text=CODRU+Festival+2026+%C3%AEncepe+ast%C4%83zi+la+Timi%C8%99oara.+Programul+concertelor+%C8%99i+regulile+esen%C8%9Biale+pentru+festivalieri&amp;url=https%3A%2F%2Forasul-timisoara.ro%2Flocal-40554%2F&amp;via=orasultm\" title=\"Twitter\"><\/p>\n<div class=\"td-social-but-text\">Twitter<\/div>\n<p><\/a><a class=\"td-social-sharing-button td-social-sharing-button-js td-social-network td-social-whatsapp\" href=\"https:\/\/api.whatsapp.com\/send?text=CODRU+Festival+2026+%C3%AEncepe+ast%C4%83zi+la+Timi%C8%99oara.+Programul+concertelor+%C8%99i+regulile+esen%C8%9Biale+pentru+festivalieri%20%0A%0A%20https:\/\/orasul-timisoara.ro\/local-40554\/\" title=\"WhatsApp\"><\/p>\n<div class=\"td-social-but-text\">WhatsApp<\/div>\n<p><\/a><a class=\"td-social-sharing-button td-social-sharing-button-js td-social-network td-social-linkedin\" href=\"https:\/\/www.linkedin.com\/shareArticle?mini=true&amp;url=https:\/\/orasul-timisoara.ro\/local-40554\/&amp;title=CODRU+Festival+2026+%C3%AEncepe+ast%C4%83zi+la+Timi%C8%99oara.+Programul+concertelor+%C8%99i+regulile+esen%C8%9Biale+pentru+festivalieri\" title=\"Linkedin\"><\/p>\n<div class=\"td-social-but-text\">Linkedin<\/div>\n<p><\/a><a class=\"td-social-sharing-button td-social-sharing-button-js td-social-network td-social-reddit\" href=\"https:\/\/reddit.com\/submit?url=https:\/\/orasul-timisoara.ro\/local-40554\/&amp;title=CODRU+Festival+2026+%C3%AEncepe+ast%C4%83zi+la+Timi%C8%99oara.+Programul+concertelor+%C8%99i+regulile+esen%C8%9Biale+pentru+festivalieri\" title=\"ReddIt\"><\/p>\n<div class=\"td-social-but-text\">ReddIt<\/div>\n<p><\/a><a class=\"td-social-sharing-button td-social-sharing-button-js td-social-network td-social-mail\" href=\"mailto:?subject=CODRU%20Festival%202026%20%C3%AEncepe%20ast%C4%83zi%20la%20Timi%C8%99oara.%20Programul%20concertelor%20%C8%99i%20regulile%20esen%C8%9Biale%20pentru%20festivalieri&amp;body=https:\/\/orasul-timisoara.ro\/local-40554\/\" title=\"Email\"><\/p>\n<div class=\"td-social-but-text\">Email<\/div>\n<p><\/a><a class=\"td-social-sharing-button td-social-sharing-button-js td-social-network td-social-print\" href=\"https:\/\/orasul-timisoara.ro\/local-40554\/\" title=\"Imprimare\"><\/p>\n<div class=\"td-social-but-text\">Imprimare<\/div>\n<p><\/a><\/div>\n<\/div>\n<\/div>\n<div class=\"td-post-content tagdiv-type\">\n<p class=\"wp-block-paragraph\">CODRU Festival 2026 \u00ee\u0219i deschide por\u021bile ast\u0103zi, 28 august, la P\u0103durea Verde din Timi\u0219oara. Timp de trei zile, festivalul va aduce pe scenele sale arti\u0219ti precum S.A.R.S., Alternosfera, Puya, Subcarpa\u021bi, Gipsy Kings, Ternipe, Damian &amp; Brothers \u0219i Lupii lui Calancea &amp; Surorile Osoianu.<\/p>\n<p class=\"wp-block-paragraph\">Accesul \u00een festival \u00eencepe \u00een fiecare zi de la ora 16:00, iar programul include, pe l\u00e2ng\u0103 concertele de pe scena principal\u0103, mai multe scene \u0219i experien\u021be muzicale. Edi\u021bia din acest an vine \u0219i cu o noutate important\u0103: o scen\u0103 dedicat\u0103 muzicii rock \u0219i metal.<\/p>\n<h2 class=\"wp-block-heading\">Programul principal al concertelor<\/h2>\n<h3 class=\"wp-block-heading\">Vineri, 28 august<\/h3>\n<p class=\"wp-block-paragraph\">Prima zi de festival \u00eei aduce pe scena principal\u0103 pe Robin and the Backstabbers, Damian &amp; Brothers, S.A.R.S. \u0219i Alternosfera. Noaptea continu\u0103 cu RUP Takeover.<\/p>\n<p class=\"wp-block-paragraph\">\u25cf 19:00 \u2013 20:00 \u2013 Robin and the Backstabbers<br \/>\u25cf 20:30 \u2013 21:30 \u2013 Damian &amp; Brothers<br \/>\u25cf 22:00 \u2013 23:00 \u2013 S.A.R.S.<br \/>\u25cf 23:30 \u2013 00:30 \u2013 Alternosfera<br \/>\u25cf 00:30 \u2013 02:30 \u2013 DJ M\u0103-ta x RUP Takeover<\/p>\n<h3 class=\"wp-block-heading\">S\u00e2mb\u0103t\u0103, 29 august<\/h3>\n<p class=\"wp-block-paragraph\">S\u00e2mb\u0103t\u0103, programul continu\u0103 cu Balkandreea &amp; The Balkan Sisters, E-an-na, Puya \u0219i Subcarpa\u021bi.<\/p>\n<p class=\"wp-block-paragraph\">\u25cf 19:00 \u2013 20:00 \u2013 Balkandreea &amp; The Balkan Sisters<br \/>\u25cf 20:30 \u2013 21:30 \u2013 E-an-na<br \/>\u25cf 22:00 \u2013 23:00 \u2013 Puya<br \/>\u25cf 23:30 \u2013 00:30 \u2013 Subcarpa\u021bi<br \/>\u25cf 00:30 \u2013 02:30 \u2013 DJ M\u0103-ta x RUP Takeover<\/p>\n<h3 class=\"wp-block-heading\">Duminic\u0103, 30 august<\/h3>\n<p class=\"wp-block-paragraph\">Ultima zi \u00eei aduce \u00een fa\u021ba publicului pe Ternipe, Lupii lui Calancea &amp; Surorile Osoianu, Gipsy Kings \u0219i HVNDS.<\/p>\n<p class=\"wp-block-paragraph\">\u25cf 19:00 \u2013 20:00 \u2013 Ternipe<br \/>\u25cf 20:30 \u2013 21:30 \u2013 Lupii lui Calancea &amp; Surorile Osoianu<br \/>\u25cf 22:00 \u2013 23:30 \u2013 Gipsy Kings<br \/>\u25cf 00:00 \u2013 01:00 \u2013 HVNDS<br \/>\u25cf 01:00 \u2013 03:00 \u2013 DJ M\u0103-ta x RUP Takeover<\/p>\n<h2 class=\"wp-block-heading\">Petreceri \u00een fiecare sear\u0103 \u0219i o nou\u0103 scen\u0103 rock &amp; metal<\/h2>\n<p class=\"wp-block-paragraph\">Programul CODRU6 continu\u0103 \u00een paralel pe celelalte scene ale festivalului. AIR Stage g\u0103zduie\u0219te, \u00een fiecare sear\u0103, arti\u0219ti importan\u021bi ai scenei trap din Rom\u00e2nia, printre care OSCAR, CALINACHO, IAN, ALBERT NBN \u0219i VANILLA.<\/p>\n<p class=\"wp-block-paragraph\">De la ora 00:00, AIR Stage continu\u0103 cu EL CARTEL Reggaeton After Party, dedicat muzicii reggaeton \u0219i ritmurilor latino.<\/p>\n<p class=\"wp-block-paragraph\">La Earth Stage, RETRO Party \u00eencepe \u00een fiecare sear\u0103 de la ora 19:00, cu muzic\u0103 \u0219i hituri care traverseaz\u0103 genera\u021biile.<\/p>\n<p class=\"wp-block-paragraph\">O noutate a edi\u021biei din acest an este scena dedicat\u0103 rock-ului \u0219i metalului, care extinde oferta muzical\u0103 a festivalului \u0219i ofer\u0103 publicului o alternativ\u0103 pentru cei care prefer\u0103 sonorit\u0103\u021bile mai dure.<\/p>\n<p class=\"wp-block-paragraph\">Organizatorii recomand\u0103 participan\u021bilor s\u0103 ajung\u0103 din timp, \u00een special \u00eenaintea concertelor care sunt a\u0219teptate s\u0103 atrag\u0103 un num\u0103r mare de spectatori. Programul poate fi modificat din motive artistice, tehnice, de siguran\u021b\u0103, din cauza condi\u021biilor meteo sau din alte cauze obiective.<\/p>\n<h2 class=\"wp-block-heading\">Ce poate fi adus \u00een festival<\/h2>\n<p class=\"wp-block-paragraph\">Pentru un acces c\u00e2t mai rapid, participan\u021bii sunt sf\u0103tui\u021bi s\u0103 verifice \u00eenainte de plecare con\u021binutul bagajelor.<\/p>\n<p class=\"wp-block-paragraph\">Sunt permise ghiozdanele, rucsacurile \u0219i borsetele cu dimensiuni de maximum 29 \u00d7 21 \u00d7 12 centimetri, precum \u0219i o sticl\u0103 de ap\u0103 de 0,5 litri, \u00een recipient sigilat.<\/p>\n<p class=\"wp-block-paragraph\">Participan\u021bii pot avea asupra lor aparate foto compacte, camere GoPro, camere video non-profesionale, selfie stick-uri mici \u0219i baterii externe.<\/p>\n<p class=\"wp-block-paragraph\">Sunt permise \u0219i medicamente \u00een cantit\u0103\u021bi rezonabile, pentru uz personal, cu prescrip\u021bie atunci c\u00e2nd este cazul. Pentru insulin\u0103 sau alte tratamente injectabile este necesar un document medical.<\/p>\n<p class=\"wp-block-paragraph\">Produsele cosmetice uzuale, inclusiv crema de protec\u021bie solar\u0103, sunt de asemenea permise.<\/p>\n<p class=\"wp-block-paragraph\">Accesul animalelor de companie este permis \u00een condi\u021biile legisla\u021biei \u0219i ale regulamentului festivalului. Animalele trebuie supravegheate permanent \u0219i \u021binute sub control, iar lesa \u0219i, atunci c\u00e2nd este necesar, botni\u021ba trebuie utilizate. C\u00e2inii-ghid \u0219i c\u00e2inii de asisten\u021b\u0103 beneficiaz\u0103 de acces \u00een condi\u021biile legii.<\/p>\n<h2 class=\"wp-block-heading\">Ce obiecte sunt interzise la CODRU Festival<\/h2>\n<p class=\"wp-block-paragraph\">Lista obiectelor interzise include alcoolul, m\u00e2ncarea \u0219i b\u0103uturile aduse din exterior, cu excep\u021biile prev\u0103zute \u00een regulament, precum \u0219i drogurile \u0219i substan\u021bele psihoactive sau interzise.<\/p>\n<p class=\"wp-block-paragraph\">Nu sunt permise armele, muni\u021bia, obiectele explozive, cu\u021bitele, bricegele, lamele sau alte obiecte care pot fi folosite ca arme.<\/p>\n<p class=\"wp-block-paragraph\">De asemenea, sunt interzise recipientele din sticl\u0103, substan\u021bele toxice sau nocive, bicicletele, trotinetele, skateboard-urile, hoverboard-urile \u0219i segway-urile.<\/p>\n<p class=\"wp-block-paragraph\">Umbrelele nu sunt permise \u00een festival, organizatorii recomand\u00e2nd utilizarea pelerinelor \u00een cazul ploii.<\/p>\n<p class=\"wp-block-paragraph\">Pe lista obiectelor interzise se mai afl\u0103 corturile, hamacele, pavilioanele, scaunele pliabile \u0219i alte obiecte voluminoase, precum \u0219i tor\u021bele, fumigenele, artificiile, laserele \u0219i alte materiale inflamabile sau explozive.<\/p>\n<p class=\"wp-block-paragraph\">Nu sunt permise boxele, amplificatoarele, megafoanele, vuvuzelele \u0219i instrumentele muzicale.<\/p>\n<p class=\"wp-block-paragraph\">Aparatele foto \u0219i video profesionale, dronele f\u0103r\u0103 acreditare oficial\u0103, bannerele sau steagurile sus\u021binute de be\u021be ori structuri rigide, lan\u021burile \u0219i obiectele cu lan\u021buri ata\u0219ate, flyerele, stickerele \u0219i materialele publicitare f\u0103r\u0103 acordul organizatorului sunt, de asemenea, interzise.<\/p>\n<p class=\"wp-block-paragraph\">Lista nu este exhaustiv\u0103, iar organizatorul poate refuza accesul cu orice obiect care, \u00een urma unei evalu\u0103ri rezonabile, poate reprezenta un risc pentru siguran\u021ba participan\u021bilor, pentru infrastructur\u0103 sau pentru buna desf\u0103\u0219urare a festivalului.<\/p>\n<h2 class=\"wp-block-heading\">Respect pentru oameni \u0219i pentru P\u0103durea Verde<\/h2>\n<p class=\"wp-block-paragraph\">CODRU Festival se desf\u0103\u0219oar\u0103 \u00eentr-un spa\u021biu forestier, iar protejarea mediului reprezint\u0103 o responsabilitate comun\u0103 a organizatorilor \u0219i participan\u021bilor.<\/p>\n<p class=\"wp-block-paragraph\">Festivalierii sunt ruga\u021bi s\u0103 foloseasc\u0103 recipientele pentru de\u0219euri, s\u0103 nu deterioreze arborii sau vegeta\u021bia, s\u0103 nu deranjeze inten\u021bionat fauna \u0219i s\u0103 nu p\u0103trund\u0103 \u00een zonele restric\u021bionate.<\/p>\n<p class=\"wp-block-paragraph\">Sunt interzise ac\u021biunile care pot produce incendii sau contaminarea solului \u0219i a apei.<\/p>\n<p class=\"wp-block-paragraph\">Organizatorii atrag aten\u021bia \u0219i asupra comportamentului participan\u021bilor. Violen\u021ba, amenin\u021barea, h\u0103r\u021buirea, intimidarea, comportamentele discriminatorii, atingerea neconsim\u021bit\u0103, aruncarea obiectelor \u0219i orice comportament care pune \u00een pericol siguran\u021ba sau demnitatea celorlal\u021bi sunt strict interzise.<\/p>\n<p class=\"wp-block-paragraph\">De\u021binerea, distribuirea, oferirea sau consumul de droguri \u0219i substan\u021be interzise nu sunt permise.<\/p>\n<p class=\"wp-block-paragraph\">Focul \u0219i materialele inflamabile sunt interzise pe \u00eentreg perimetrul festivalului. Fumatul \u0219i utilizarea dispozitivelor care genereaz\u0103 foc, jar sau temperaturi ridicate sunt permise numai \u00een zonele \u0219i \u00een condi\u021biile autorizate expres de organizator.<\/p>\n<h2 class=\"wp-block-heading\">Fotografierea \u0219i filmarea \u00een timpul festivalului<\/h2>\n<p class=\"wp-block-paragraph\">Participan\u021bii pot fotografia \u0219i filma \u00een cadrul festivalului \u00een scop personal, cu condi\u021bia s\u0103 nu afecteze dreptul la imagine al altor persoane \u0219i s\u0103 nu utilizeze materialele \u00een scop comercial.<\/p>\n<p class=\"wp-block-paragraph\">Organizatorul poate restric\u021biona fotografierea sau filmarea pentru anumite activit\u0103\u021bi.<\/p>\n<p class=\"wp-block-paragraph\">Camerele profesionale, echipamentele de filmare profesionale \u0219i dronele nu sunt permise participan\u021bilor neautoriza\u021bi.<\/p>\n<h2 class=\"wp-block-heading\">Accesul \u00een festival \u0219i m\u0103surile de siguran\u021b\u0103<\/h2>\n<p class=\"wp-block-paragraph\">Festivalul se deschide \u00een fiecare zi la ora 16:00, iar accesul se face pe baza br\u0103\u021b\u0103rii de festival, prin zonele special amenajate.<\/p>\n<p class=\"wp-block-paragraph\">La intrare, participan\u021bii sunt verifica\u021bi pentru respectarea regulamentului. Refuzul controlului de securitate poate duce la refuzul accesului \u00een festival.<\/p>\n<p class=\"wp-block-paragraph\">\u00cen cazul \u00een care o scen\u0103 sau o anumit\u0103 zon\u0103 atinge capacitatea maxim\u0103 de siguran\u021b\u0103 ori exist\u0103 riscul form\u0103rii unor aglomera\u021bii periculoase, accesul poate fi limitat temporar.<\/p>\n<p class=\"wp-block-paragraph\">Organizatorii \u00eei \u00eencurajeaz\u0103 pe participan\u021bi s\u0103 respecte indica\u021biile personalului de securitate \u0219i ale echipelor de interven\u021bie \u0219i s\u0103 fie aten\u021bi la mesajele transmise prin canalele oficiale de comunicare.<\/p>\n<p class=\"wp-block-paragraph\">CODRU Festival 2026 se desf\u0103\u0219oar\u0103 \u00een perioada 28\u201330 august, la P\u0103durea Verde din Timi\u0219oara, \u0219i propune trei zile de muzic\u0103, petreceri \u0219i experien\u021be pe mai multe scene.<\/p>\n<p class=\"wp-block-paragraph\">Abonamentele \u0219i biletele de o zi sunt disponibile pe codrufestival.ro. Biletele de o zi pot fi cump\u0103rate \u0219i de la intrarea \u00een festival, \u00een limita disponibilit\u0103\u021bii.<\/p>\n<p class=\"wp-block-paragraph\">Ultimul weekend din var\u0103 se danseaz\u0103 la CODRU.<\/p>\n<\/div>\n<footer>\n<div class=\"td-post-source-tags\">\n<ul class=\"td-tags td-post-small-box clearfix\">\n<li><span>ETICHETE<\/span><\/li>\n<li><a href=\"https:\/\/orasul-timisoara.ro\/local-tag\/alternosfera\/\">Alternosfera<\/a><\/li>\n<li><a href=\"https:\/\/orasul-timisoara.ro\/local-tag\/codru-festival\/\">codru festival<\/a><\/li>\n<li><a href=\"https:\/\/orasul-timisoara.ro\/local-tag\/codru-festival-2026\/\">CODRU Festival 2026<\/a><\/li>\n<li><a href=\"https:\/\/orasul-timisoara.ro\/local-tag\/concerte-timisoara-2\/\">concerte Timi\u0219oara<\/a><\/li>\n<li><a href=\"https:\/\/orasul-timisoara.ro\/local-tag\/evenimente-timisoara-2\/\">evenimente Timi\u0219oara<\/a><\/li>\n<li><a href=\"https:\/\/orasul-timisoara.ro\/local-tag\/festival-timisoara-2\/\">festival Timi\u0219oara<\/a><\/li>\n<li><a href=\"https:\/\/orasul-timisoara.ro\/local-tag\/festivaluri-2026\/\">festivaluri 2026<\/a><\/li>\n<li><a href=\"https:\/\/orasul-timisoara.ro\/local-tag\/gipsy-kings\/\">Gipsy Kings<\/a><\/li>\n<li><a href=\"https:\/\/orasul-timisoara.ro\/local-tag\/muzica-2\/\">muzic\u0103<\/a><\/li>\n<li><a href=\"https:\/\/orasul-timisoara.ro\/local-tag\/padurea-verde\/\">p\u0103durea verde<\/a><\/li>\n<li><a href=\"https:\/\/orasul-timisoara.ro\/local-tag\/puya\/\">Puya<\/a><\/li>\n<li><a href=\"https:\/\/orasul-timisoara.ro\/local-tag\/stiri-timisoara-3\/\">\u0218tiri Timi\u0219oara<\/a><\/li>\n<li><a href=\"https:\/\/orasul-timisoara.ro\/local-tag\/subcarpati-2\/\">Subcarpa\u021bi<\/a><\/li>\n<li><a href=\"https:\/\/orasul-timisoara.ro\/local-tag\/timisoara-2\/\">timi\u0219oara<\/a><\/li>\n<\/ul>\n<\/div>\n<div class=\"td-post-sharing-bottom\">\n<div class=\"td-post-sharing-classic\"><iframe title=\"bottomFacebookLike\" frameborder src=\"https:\/\/www.facebook.com\/plugins\/like.php?href=https:\/\/orasul-timisoara.ro\/local-40554\/&amp;layout=button_count&amp;show_faces=false&amp;width=105&amp;action=like&amp;colorscheme=light&amp;height=21\"><\/iframe><\/div>\n<div id=\"td_social_sharing_article_bottom\" class=\"td-post-sharing td-ps-bg td-ps-notext td-post-sharing-style1 \">\n<div class=\"td-post-sharing-visible\"><a class=\"td-social-sharing-button td-social-sharing-button-js td-social-network td-social-facebook\" href=\"https:\/\/www.facebook.com\/sharer.php?u=https%3A%2F%2Forasul-timisoara.ro%2Flocal-40554%2F\" title=\"Facebook\"><\/p>\n<div class=\"td-social-but-text\">Facebook<\/div>\n<p><\/a><a class=\"td-social-sharing-button td-social-sharing-button-js td-social-network td-social-twitter\" href=\"https:\/\/twitter.com\/intent\/tweet?text=CODRU+Festival+2026+%C3%AEncepe+ast%C4%83zi+la+Timi%C8%99oara.+Programul+concertelor+%C8%99i+regulile+esen%C8%9Biale+pentru+festivalieri&amp;url=https%3A%2F%2Forasul-timisoara.ro%2Flocal-40554%2F&amp;via=orasultm\" title=\"Twitter\"><\/p>\n<div class=\"td-social-but-text\">Twitter<\/div>\n<p><\/a><a class=\"td-social-sharing-button td-social-sharing-button-js td-social-network td-social-whatsapp\" href=\"https:\/\/api.whatsapp.com\/send?text=CODRU+Festival+2026+%C3%AEncepe+ast%C4%83zi+la+Timi%C8%99oara.+Programul+concertelor+%C8%99i+regulile+esen%C8%9Biale+pentru+festivalieri%20%0A%0A%20https:\/\/orasul-timisoara.ro\/local-40554\/\" title=\"WhatsApp\"><\/p>\n<div class=\"td-social-but-text\">WhatsApp<\/div>\n<p><\/a><a class=\"td-social-sharing-button td-social-sharing-button-js td-social-network td-social-linkedin\" href=\"https:\/\/www.linkedin.com\/shareArticle?mini=true&amp;url=https:\/\/orasul-timisoara.ro\/local-40554\/&amp;title=CODRU+Festival+2026+%C3%AEncepe+ast%C4%83zi+la+Timi%C8%99oara.+Programul+concertelor+%C8%99i+regulile+esen%C8%9Biale+pentru+festivalieri\" title=\"Linkedin\"><\/p>\n<div class=\"td-social-but-text\">Linkedin<\/div>\n<p><\/a><a class=\"td-social-sharing-button td-social-sharing-button-js td-social-network td-social-reddit\" href=\"https:\/\/reddit.com\/submit?url=https:\/\/orasul-timisoara.ro\/local-40554\/&amp;title=CODRU+Festival+2026+%C3%AEncepe+ast%C4%83zi+la+Timi%C8%99oara.+Programul+concertelor+%C8%99i+regulile+esen%C8%9Biale+pentru+festivalieri\" title=\"ReddIt\"><\/p>\n<div class=\"td-social-but-text\">ReddIt<\/div>\n<p><\/a><a class=\"td-social-sharing-button td-social-sharing-button-js td-social-network td-social-mail\" href=\"mailto:?subject=CODRU%20Festival%202026%20%C3%AEncepe%20ast%C4%83zi%20la%20Timi%C8%99oara.%20Programul%20concertelor%20%C8%99i%20regulile%20esen%C8%9Biale%20pentru%20festivalieri&amp;body=https:\/\/orasul-timisoara.ro\/local-40554\/\" title=\"Email\"><\/p>\n<div class=\"td-social-but-text\">Email<\/div>\n<p><\/a><a class=\"td-social-sharing-button td-social-sharing-button-js td-social-network td-social-print\" href=\"https:\/\/orasul-timisoara.ro\/local-40554\/\" title=\"Imprimare\"><\/p>\n<div class=\"td-social-but-text\">Imprimare<\/div>\n<p><\/a><\/div>\n<\/div>\n<\/div>\n<div class=\"td-block-row td-post-next-prev\">\n<div class=\"td-block-span6 td-post-prev-post\">\n<div class=\"td-post-next-prev-content\"><span>Articolul precedent<\/span><a href=\"https:\/\/orasul-timisoara.ro\/local-40551\/\">Gusturile Banatului ajung la BIAS 2026. Timi\u0219ul \u00ee\u0219i promoveaz\u0103 gastronomia la Bucure\u0219ti<\/a><\/div>\n<\/div>\n<div class=\"td-block-span6 td-post-next-post\">\n<div class=\"td-post-next-prev-content\"><span>Articolul urm\u0103tor<\/span><a href=\"https:\/\/orasul-timisoara.ro\/local-40557\/\">Bikers Picnic 2026: Girocul devine punctul de \u00eent\u00e2lnire al comunit\u0103\u021bii moto pe 29 august<\/a><\/div>\n<\/div>\n<\/div>\n<div class=\"td-author-name vcard author\"><span class=\"fn\"><a href=\"https:\/\/orasul-timisoara.ro\/author\/timisoara\/\">redactia<\/a><\/span><\/div>\n<p><span class=\"td-page-meta\"><\/span><span class=\"td-page-meta\"><span class=\"td-page-meta\"><\/span><\/span><span class=\"td-page-meta\"><\/span><\/footer>\n<div class=\"td_block_wrap td_block_related_posts tdi_3 td_with_ajax_pagination td-pb-border-top td_block_template_8\" data-td-block-uid=\"tdi_3\">\n<h4 class=\"td-related-title td-block-title\"><a id=\"tdi_4\" class=\"td-related-left td-cur-simple-item\" data-td_filter_value data-td_block_id=\"tdi_3\" href=\"https:\/\/orasul-timisoara.ro\/local-40554\/\">ARTICOLE SIMILARE<\/a><a id=\"tdi_5\" class=\"td-related-right\" data-td_filter_value=\"td_related_more_from_author\" data-td_block_id=\"tdi_3\" href=\"https:\/\/orasul-timisoara.ro\/local-40554\/\">DE LA ACELA\u0218I AUTOR<\/a><\/h4>\n<div id=\"tdi_3\" class=\"td_block_inner\">\n<div class=\"td-related-row\">\n<div class=\"td-related-span4\">\n<div class=\"td_module_related_posts td-animation-stack td_mod_related_posts\">\n<div class=\"td-module-image\">\n<div class=\"td-module-thumb\"><a href=\"https:\/\/orasul-timisoara.ro\/local-40573\/\" rel=\"bookmark\" class=\"td-image-wrap \" title=\"CODRU Festival 2026 aduce restric\u021bii de trafic. Recomand\u0103rile poli\u021bi\u0219tilor pentru participan\u021bi\"><img loading=\"lazy\" decoding=\"async\" class=\"entry-thumb\" src=\"https:\/\/orasul-timisoara.ro\/wp-content\/uploads\/2026\/08\/trafic-dirijare-436x300.jpg\" alt title=\"CODRU Festival 2026 aduce restric\u021bii de trafic. Recomand\u0103rile poli\u021bi\u0219tilor pentru participan\u021bi\" width=\"218\" height=\"150\"><\/a><\/div>\n<\/div>\n<div class=\"item-details\">\n<h3 class=\"entry-title td-module-title\"><a href=\"https:\/\/orasul-timisoara.ro\/local-40573\/\" rel=\"bookmark\" title=\"CODRU Festival 2026 aduce restric\u021bii de trafic. Recomand\u0103rile poli\u021bi\u0219tilor pentru participan\u021bi\">CODRU Festival 2026 aduce restric\u021bii de trafic. Recomand\u0103rile poli\u021bi\u0219tilor pentru participan\u021bi<\/a><\/h3>\n<\/div>\n<\/div>\n<\/div>\n<div class=\"td-related-span4\">\n<div class=\"td_module_related_posts td-animation-stack td_mod_related_posts\">\n<div class=\"td-module-image\">\n<div class=\"td-module-thumb\"><a href=\"https:\/\/orasul-timisoara.ro\/local-40562\/\" rel=\"bookmark\" class=\"td-image-wrap \" title=\"Burlesque Matinee la Castelul Nikolici: spectacol de cabaret \u0219i muzic\u0103 live \u00een Rudna\"><img loading=\"lazy\" decoding=\"async\" class=\"entry-thumb\" src=\"https:\/\/orasul-timisoara.ro\/wp-content\/uploads\/2026\/08\/burlesque-matinee-436x300.jpg\" alt title=\"Burlesque Matinee la Castelul Nikolici: spectacol de cabaret \u0219i muzic\u0103 live \u00een Rudna\" width=\"218\" height=\"150\"><\/a><\/div>\n<\/div>\n<div class=\"item-details\">\n<h3 class=\"entry-title td-module-title\"><a href=\"https:\/\/orasul-timisoara.ro\/local-40562\/\" rel=\"bookmark\" title=\"Burlesque Matinee la Castelul Nikolici: spectacol de cabaret \u0219i muzic\u0103 live \u00een Rudna\">Burlesque Matinee la Castelul Nikolici: spectacol de cabaret \u0219i muzic\u0103 live \u00een Rudna<\/a><\/h3>\n<\/div>\n<\/div>\n<\/div>\n<div class=\"td-related-span4\">\n<div class=\"td_module_related_posts td-animation-stack td_mod_related_posts\">\n<div class=\"td-module-image\">\n<div class=\"td-module-thumb\"><a href=\"https:\/\/orasul-timisoara.ro\/local-40542\/\" rel=\"bookmark\" class=\"td-image-wrap \" title=\"Markus Schulz vine la Timi\u0219oara Music Festival! Show spectaculos \u00een Parcul Rozelor, cu acces gratuit\"><img loading=\"lazy\" decoding=\"async\" class=\"entry-thumb\" src=\"https:\/\/orasul-timisoara.ro\/wp-content\/uploads\/2026\/08\/thumbnail-2-436x300.jpg\" alt title=\"Markus Schulz vine la Timi\u0219oara Music Festival! Show spectaculos \u00een Parcul Rozelor, cu acces gratuit\" width=\"218\" height=\"150\"><\/a><\/div>\n<\/div>\n<div class=\"item-details\">\n<h3 class=\"entry-title td-module-title\"><a href=\"https:\/\/orasul-timisoara.ro\/local-40542\/\" rel=\"bookmark\" title=\"Markus Schulz vine la Timi\u0219oara Music Festival! Show spectaculos \u00een Parcul Rozelor, cu acces gratuit\">Markus Schulz vine la Timi\u0219oara Music Festival! Show spectaculos \u00een Parcul Rozelor, cu acces gratuit<\/a><\/h3>\n<\/div>\n<\/div>\n<\/div>\n<\/div>\n<\/div>\n<\/div>\n<div class=\"comments\" id=\"comments\">\n<div id=\"respond\" class=\"comment-respond\">\n<h3 id=\"reply-title\" class=\"comment-reply-title\">L\u0102SA\u021aI UN MESAJ<\/h3>\n<div class=\"comment-form-input-wrap td-form-comment\">\n<div class=\"td-warning-comment\">V\u0103 rug\u0103m s\u0103 introduce\u021bi comentariul dvs.!<\/div>\n<\/div>\n<div class=\"comment-form-input-wrap td-form-author\">\n<div class=\"td-warning-author\">Introduce\u021bi aici numele dvs.<\/div>\n<\/div>\n<div class=\"comment-form-input-wrap td-form-email\">\n<div class=\"td-warning-email-error\">A\u021bi introdus o adres\u0103 de e-mail incorect\u0103!<\/div>\n<div class=\"td-warning-email\">V\u0103 rug\u0103m s\u0103 introduce\u021bi adresa dvs. de e-mail aici<\/div>\n<\/div>\n<\/div>\n<p class=\"akismet_comment_form_privacy_notice\">Acest site folose\u0219te Akismet pentru a reduce spamul. <a href=\"https:\/\/akismet.com\/privacy\/\" target=\"_blank\" rel=\"nofollow noopener\">Afl\u0103 cum sunt procesate datele comentariilor tale<\/a>.<\/p>\n<\/div>\n<\/div>\n<\/div>\n<div class=\"td-pb-span4 td-main-sidebar\" role=\"complementary\">\n<div class=\"td-ss-main-sidebar\">\n<aside id=\"block-4\" class=\"td_block_template_8 widget block-4 widget_block widget_media_image\">\n<figure class=\"wp-block-image size-full\"><img loading=\"lazy\" decoding=\"async\" width=\"336\" height=\"280\" src=\"https:\/\/orasul-timisoara.ro\/wp-content\/uploads\/2024\/11\/ReTIM-Abonamentul-Verde-Google-Ads-336x280px.gif\" alt class=\"wp-image-29257\"><\/figure>\n<\/aside>\n<div class=\"td_block_wrap td_block_social_counter td_block_widget tdi_6 td-social-style5 td-social-boxed td-pb-border-top td_block_template_8\">\n<div class=\"td-block-title-wrap\">\n<h4 class=\"td-block-title\"><span>Urm\u0103re\u0219te-ne pe Social Media<\/span><\/h4>\n<\/div>\n<div class=\"td-social-list\">\n<div class=\"td_social_type td-pb-margin-side td_social_facebook\">\n<div class=\"td-social-box\"><span class=\"td_social_info td_social_info_counter\">344,595<\/span><span class=\"td_social_info td_social_info_name\">Fani<\/span><span class=\"td_social_button\"><a href=\"https:\/\/www.facebook.com\/247timisoara\" target=\"_blank\" rel=\"nofollow\">\u00cemi place<\/a><\/span><\/div>\n<\/div>\n<div class=\"td_social_type td-pb-margin-side td_social_instagram\">\n<div class=\"td-social-box\"><span class=\"td_social_info td_social_info_counter\">4,416<\/span><span class=\"td_social_info td_social_info_name\">Cititori<\/span><span class=\"td_social_button\"><a href=\"https:\/\/instagram.com\/orasultimisoararo\/\" target=\"_blank\" rel=\"nofollow\">Conecta\u021bi-v\u0103<\/a><\/span><\/div>\n<\/div>\n<div class=\"td_social_type td-pb-margin-side td_social_rss\">\n<div class=\"td-social-box\"><span class=\"td_social_info td_social_info_counter\">12,506<\/span><span class=\"td_social_info td_social_info_name\">Cititori<\/span><span class=\"td_social_button\"><a href=\"https:\/\/orasul-timisoara.ro\/feed\/\" target=\"_blank\" rel=\"nofollow\">Conecta\u021bi-v\u0103<\/a><\/span><\/div>\n<\/div>\n<div class=\"td_social_type td-pb-margin-side td_social_tiktok\">\n<div class=\"td-social-box\"><span class=\"td_social_info td_social_info_counter\">1,500<\/span><span class=\"td_social_info td_social_info_name\">Cititori<\/span><span class=\"td_social_button\"><a href=\"https:\/\/www.tiktok.com\/@orasultimisoara\" target=\"_blank\" rel=\"nofollow\">Conecta\u021bi-v\u0103<\/a><\/span><\/div>\n<\/div>\n<div class=\"td_social_type td-pb-margin-side td_social_twitter\">\n<div class=\"td-social-box\"><span class=\"td_social_info td_social_info_counter\">1,595<\/span><span class=\"td_social_info td_social_info_name\">Cititori<\/span><span class=\"td_social_button\"><a href=\"https:\/\/twitter.com\/orasultm\" target=\"_blank\" rel=\"nofollow\">Conecta\u021bi-v\u0103<\/a><\/span><\/div>\n<\/div>\n<div class=\"td_social_type td-pb-margin-side td_social_youtube\">\n<div class=\"td-social-box\"><span class=\"td_social_info td_social_info_counter\">3,506<\/span><span class=\"td_social_info td_social_info_name\">Abona\u021bi<\/span><span class=\"td_social_button\"><a href=\"https:\/\/www.youtube.com\/channel\/UCQNsQvs2XCSIm1Z-AHRturw?sub_confirmation=1\" target=\"_blank\" rel=\"nofollow\">Abona\u021bi-v\u0103<\/a><\/span><\/div>\n<\/div>\n<\/div>\n<\/div>\n<aside id=\"text-7\" class=\"td_block_template_8 widget text-7 widget_text\">\n<h4 class=\"td-block-title\"><span>C\u0103ut\u0103ri populare pe OTM<\/span><\/h4>\n<div class=\"textwidget\"><a href=\"https:\/\/orasul-timisoara.ro\/?s=timisoara\"><span>Timisoara<\/span><\/a><a href=\"https:\/\/orasul-timisoara.ro\/?s=calin+dobra\"><span>Calin Dobra<\/span><\/a><a href=\"https:\/\/orasul-timisoara.ro\/?s=primaria+timisoara\"><span>Primaria Timisoara<\/span><\/a><a href=\"https:\/\/orasul-timisoara.ro\/?s=dominic+fritz\"><span>Dominic Fritz<\/span><\/a><a href=\"https:\/\/orasul-timisoara.ro\/?s=nicolae+robu\"><span>Nicolae Robu<\/span><\/a><a href=\"https:\/\/orasul-timisoara.ro\/?s=consiliul+local+timisoara\">Consiliul Local Timisoara<\/a><a href=\"https:\/\/orasul-timisoara.ro\/?s=consiliul+judetean+timis\"><span>Consiliul Judetean Timis<\/span><\/a><a href=\"https:\/\/orasul-timisoara.ro\/?s=cjt\"><span>CJT<\/span><\/a><a href=\"https:\/\/orasul-timisoara.ro\/?s=Alfred+Simonis\"><span>Alfred Simonis<\/span><\/a><a href=\"https:\/\/orasul-timisoara.ro\/?s=PNL\"><span>PNL<\/span><\/a><a href=\"https:\/\/orasul-timisoara.ro\/?s=coronavirus\"><span>coronavirus<\/span><\/a><a href=\"https:\/\/orasul-timisoara.ro\/?s=teatru+timisoara\">teatru Timisoara<\/a><a href=\"https:\/\/orasul-timisoara.ro\/?s=restaurante\"><span>restaurante Timisoara<\/span><\/a><a href=\"https:\/\/orasul-timisoara.ro\/?s=diskoteka\"><span>Diskoteka<\/span><\/a><a href=\"https:\/\/orasul-timisoara.ro\/?s=iulius+town\"><span>Iulius Town<\/span><\/a><a href=\"https:\/\/orasul-timisoara.ro\/?s=iulius+mall\"><span>Iulius Mall<\/span><\/a><a href=\"https:\/\/orasul-timisoara.ro\/?s=stpt\"><span>STPT<\/span><\/a><a href=\"https:\/\/orasul-timisoara.ro\/?s=alin+nica\"><span>Alin Nica<\/span><\/a><a href=\"https:\/\/orasul-timisoara.ro\/?s=psd\"><span>PSD<\/span><\/a><a href=\"https:\/\/orasul-timisoara.ro\/?s=aeroport\"><span>Aeroportul International Timisoara<\/span><\/a><a href=\"https:\/\/orasul-timisoara.ro\/?s=babes\"><span>Spitalul Victor Babes Timisoara<\/span><\/a><a href=\"https:\/\/orasul-timisoara.ro\/?s=poli\"><span>Poli Timi\u0219oara<\/span><\/a><a href=\"https:\/\/orasul-timisoara.ro\/?s=carantina\"><span>carantina<\/span><\/a><a href=\"https:\/\/orasul-timisoara.ro\/?s=aquatim\"><span>Aquatim<\/span><\/a><a href=\"https:\/\/orasul-timisoara.ro\/local-category\/stiri-timisoara\/\"><span>Stiri Timisoara<\/span><\/a><a href=\"https:\/\/orasul-timisoara.ro\/local-category\/investitii-in-timisoara\/\"><span>Investi\u021bii in Timi\u0219oara<\/span><\/a><a href=\"https:\/\/orasul-timisoara.ro\/local-9463\/\"><span>shaorma<\/span><\/a><a href=\"https:\/\/orasul-timisoara.ro\/?s=trafic\"><span>trafic rutier<\/span><\/a><a href=\"https:\/\/orasul-timisoara.ro\/?s=politia\"><span>politia locala timisoara<\/span><\/a><a href=\"https:\/\/orasul-timisoara.ro\/?s=roxana\"><span>Roxana Iliescu<\/span><\/a><a href=\"https:\/\/orasul-timisoara.ro\/?s=colterm\"><span>Colterm<\/span><\/a><a href=\"https:\/\/orasul-timisoara.ro\/?s=latcau\"><span>Ruben La\u021bc\u0103u<\/span><\/a><a href=\"https:\/\/orasul-timisoara.ro\/?s=timis\"><span>\u0218tiri din Timi\u0219<\/span><\/a><a href=\"https:\/\/orasul-timisoara.ro\/?s=spital\"><span>Spitale din Timi\u0219oara<\/span><\/a><a href=\"https:\/\/orasul-timisoara.ro\/?s=tabara\"><span>Cosmin Tab\u0103r\u0103<\/span><\/a><\/div>\n<\/aside>\n<aside id=\"rss-2\" class=\"td_block_template_8 widget rss-2 widget_rss\">\n<h4 class=\"td-block-title\"><span><a class=\"rsswidget rss-widget-feed\" href=\"https:\/\/fashionfridays.ro\/feed\"><img decoding=\"async\" class=\"rss-widget-icon\" width=\"14\" height=\"14\" src=\"https:\/\/orasul-timisoara.ro\/wp-includes\/images\/rss.png\" alt=\"Flux RSS: Fashion Fridays\" loading=\"lazy\"><\/a><a class=\"rsswidget rss-widget-title\" href=\"https:\/\/fashionfridays.ro\/\">Fashion Fridays<\/a><\/span><\/h4>\n<ul>\n<li><a class=\"rsswidget\" href=\"https:\/\/fashionfridays.ro\/romania-devine-a-29-a-piata-vogue-o-noua-era-pentru-industria-locala-de-moda\/\">Rom\u00e2nia devine a 29-a pia\u021b\u0103 Vogue: o nou\u0103 er\u0103 pentru industria local\u0103 de mod\u0103<\/a>\n<div class=\"rssSummary\">Revista Vogue \u00ee\u0219i extinde prezen\u021ba global\u0103 \u0219i va fi lansat\u0103 oficial \u00een Rom\u00e2nia \u00een prim\u0103vara anului 2027, marc\u00e2nd intrarea pe cea de-a 29-a pia\u021b\u0103 interna\u021bional\u0103. Proiectul este realizat \u00een parteneriat cu AEMME Publishing, o companie media recent \u00eenfiin\u021bat\u0103, care va publica edi\u021bia local\u0103 sub licen\u021b\u0103. Noua edi\u021bie, Vogue Rom\u00e2nia, \u00ee\u0219i propune s\u0103 combine autoritatea global\u0103 [\u2026]<\/div>\n<\/li>\n<\/ul>\n<\/aside>\n<aside id=\"rss-4\" class=\"td_block_template_8 widget rss-4 widget_rss\">\n<h4 class=\"td-block-title\"><span><a class=\"rsswidget rss-widget-feed\" href=\"https:\/\/emasini.ro\/feed\"><img decoding=\"async\" class=\"rss-widget-icon\" width=\"14\" height=\"14\" src=\"https:\/\/orasul-timisoara.ro\/wp-includes\/images\/rss.png\" alt=\"Flux RSS: eMasini\" loading=\"lazy\"><\/a><a class=\"rsswidget rss-widget-title\" href=\"https:\/\/emasini.ro\/\">eMasini<\/a><\/span><\/h4>\n<ul>\n<li><a class=\"rsswidget\" href=\"https:\/\/emasini.ro\/adio-bordurilor-pline-de-ecrane-mercedes-benz-readuce-butoanele-in-noile-masini-produse\/\">Adio bordurilor pline de ecrane? Mercedes-Benz readuce butoanele \u00een noile ma\u0219ini produse<\/a>\n<div class=\"rssSummary\">Mercedes-Benz \u00ee\u0219i schimb\u0103 direc\u021bia \u00een ceea ce prive\u0219te designul interioarelor \u0219i va readuce comenzile fizice pentru anumite func\u021bii importante. Constructorul german nu renun\u021b\u0103 la ecranele mari \u0219i la tehnologiile digitale, dar recunoa\u0219te c\u0103 a mers prea departe prin eliminarea unor butoane \u0219i comenzi tactile. Ola K\u00e4llenius, pre\u0219edintele Consiliului de Administra\u021bie al Mercedes-Benz Group \u0219i CEO [\u2026]<\/div>\n<\/li>\n<\/ul>\n<\/aside>\n<\/div>\n<\/div>\n<\/div>\n<\/div>\n<\/article>\n<div class=\"td-post-content tagdiv-type\">\n<p class=\"wp-block-paragraph\">CODRU Festival 2026 \u00ee\u0219i deschide por\u021bile ast\u0103zi, 28 august, la P\u0103durea Verde din Timi\u0219oara. Timp de trei zile, festivalul va aduce pe scenele sale arti\u0219ti precum S.A.R.S., Alternosfera, Puya, Subcarpa\u021bi, Gipsy Kings, Ternipe, Damian &amp; Brothers \u0219i Lupii lui Calancea &amp; Surorile Osoianu.<\/p>\n<p class=\"wp-block-paragraph\">Accesul \u00een festival \u00eencepe \u00een fiecare zi de la ora 16:00, iar programul include, pe l\u00e2ng\u0103 concertele de pe scena principal\u0103, mai multe scene \u0219i experien\u021be muzicale. Edi\u021bia din acest an vine \u0219i cu o noutate important\u0103: o scen\u0103 dedicat\u0103 muzicii rock \u0219i metal.<\/p>\n<h2 class=\"wp-block-heading\">Programul principal al concertelor<\/h2>\n<h3 class=\"wp-block-heading\">Vineri, 28 august<\/h3>\n<p class=\"wp-block-paragraph\">Prima zi de festival \u00eei aduce pe scena principal\u0103 pe Robin and the Backstabbers, Damian &amp; Brothers, S.A.R.S. \u0219i Alternosfera. Noaptea continu\u0103 cu RUP Takeover.<\/p>\n<p class=\"wp-block-paragraph\">\u25cf 19:00 \u2013 20:00 \u2013 Robin and the Backstabbers<br \/>\u25cf 20:30 \u2013 21:30 \u2013 Damian &amp; Brothers<br \/>\u25cf 22:00 \u2013 23:00 \u2013 S.A.R.S.<br \/>\u25cf 23:30 \u2013 00:30 \u2013 Alternosfera<br \/>\u25cf 00:30 \u2013 02:30 \u2013 DJ M\u0103-ta x RUP Takeover<\/p>\n<h3 class=\"wp-block-heading\">S\u00e2mb\u0103t\u0103, 29 august<\/h3>\n<p class=\"wp-block-paragraph\">S\u00e2mb\u0103t\u0103, programul continu\u0103 cu Balkandreea &amp; The Balkan Sisters, E-an-na, Puya \u0219i Subcarpa\u021bi.<\/p>\n<p class=\"wp-block-paragraph\">\u25cf 19:00 \u2013 20:00 \u2013 Balkandreea &amp; The Balkan Sisters<br \/>\u25cf 20:30 \u2013 21:30 \u2013 E-an-na<br \/>\u25cf 22:00 \u2013 23:00 \u2013 Puya<br \/>\u25cf 23:30 \u2013 00:30 \u2013 Subcarpa\u021bi<br \/>\u25cf 00:30 \u2013 02:30 \u2013 DJ M\u0103-ta x RUP Takeover<\/p>\n<h3 class=\"wp-block-heading\">Duminic\u0103, 30 august<\/h3>\n<p class=\"wp-block-paragraph\">Ultima zi \u00eei aduce \u00een fa\u021ba publicului pe Ternipe, Lupii lui Calancea &amp; Surorile Osoianu, Gipsy Kings \u0219i HVNDS.<\/p>\n<p class=\"wp-block-paragraph\">\u25cf 19:00 \u2013 20:00 \u2013 Ternipe<br \/>\u25cf 20:30 \u2013 21:30 \u2013 Lupii lui Calancea &amp; Surorile Osoianu<br \/>\u25cf 22:00 \u2013 23:30 \u2013 Gipsy Kings<br \/>\u25cf 00:00 \u2013 01:00 \u2013 HVNDS<br \/>\u25cf 01:00 \u2013 03:00 \u2013 DJ M\u0103-ta x RUP Takeover<\/p>\n<h2 class=\"wp-block-heading\">Petreceri \u00een fiecare sear\u0103 \u0219i o nou\u0103 scen\u0103 rock &amp; metal<\/h2>\n<p class=\"wp-block-paragraph\">Programul CODRU6 continu\u0103 \u00een paralel pe celelalte scene ale festivalului. AIR Stage g\u0103zduie\u0219te, \u00een fiecare sear\u0103, arti\u0219ti importan\u021bi ai scenei trap din Rom\u00e2nia, printre care OSCAR, CALINACHO, IAN, ALBERT NBN \u0219i VANILLA.<\/p>\n<p class=\"wp-block-paragraph\">De la ora 00:00, AIR Stage continu\u0103 cu EL CARTEL Reggaeton After Party, dedicat muzicii reggaeton \u0219i ritmurilor latino.<\/p>\n<p class=\"wp-block-paragraph\">La Earth Stage, RETRO Party \u00eencepe \u00een fiecare sear\u0103 de la ora 19:00, cu muzic\u0103 \u0219i hituri care traverseaz\u0103 genera\u021biile.<\/p>\n<p class=\"wp-block-paragraph\">O noutate a edi\u021biei din acest an este scena dedicat\u0103 rock-ului \u0219i metalului, care extinde oferta muzical\u0103 a festivalului \u0219i ofer\u0103 publicului o alternativ\u0103 pentru cei care prefer\u0103 sonorit\u0103\u021bile mai dure.<\/p>\n<p class=\"wp-block-paragraph\">Organizatorii recomand\u0103 participan\u021bilor s\u0103 ajung\u0103 din timp, \u00een special \u00eenaintea concertelor care sunt a\u0219teptate s\u0103 atrag\u0103 un num\u0103r mare de spectatori. Programul poate fi modificat din motive artistice, tehnice, de siguran\u021b\u0103, din cauza condi\u021biilor meteo sau din alte cauze obiective.<\/p>\n<h2 class=\"wp-block-heading\">Ce poate fi adus \u00een festival<\/h2>\n<p class=\"wp-block-paragraph\">Pentru un acces c\u00e2t mai rapid, participan\u021bii sunt sf\u0103tui\u021bi s\u0103 verifice \u00eenainte de plecare con\u021binutul bagajelor.<\/p>\n<p class=\"wp-block-paragraph\">Sunt permise ghiozdanele, rucsacurile \u0219i borsetele cu dimensiuni de maximum 29 \u00d7 21 \u00d7 12 centimetri, precum \u0219i o sticl\u0103 de ap\u0103 de 0,5 litri, \u00een recipient sigilat.<\/p>\n<p class=\"wp-block-paragraph\">Participan\u021bii pot avea asupra lor aparate foto compacte, camere GoPro, camere video non-profesionale, selfie stick-uri mici \u0219i baterii externe.<\/p>\n<p class=\"wp-block-paragraph\">Sunt permise \u0219i medicamente \u00een cantit\u0103\u021bi rezonabile, pentru uz personal, cu prescrip\u021bie atunci c\u00e2nd este cazul. Pentru insulin\u0103 sau alte tratamente injectabile este necesar un document medical.<\/p>\n<p class=\"wp-block-paragraph\">Produsele cosmetice uzuale, inclusiv crema de protec\u021bie solar\u0103, sunt de asemenea permise.<\/p>\n<p class=\"wp-block-paragraph\">Accesul animalelor de companie este permis \u00een condi\u021biile legisla\u021biei \u0219i ale regulamentului festivalului. Animalele trebuie supravegheate permanent \u0219i \u021binute sub control, iar lesa \u0219i, atunci c\u00e2nd este necesar, botni\u021ba trebuie utilizate. C\u00e2inii-ghid \u0219i c\u00e2inii de asisten\u021b\u0103 beneficiaz\u0103 de acces \u00een condi\u021biile legii.<\/p>\n<h2 class=\"wp-block-heading\">Ce obiecte sunt interzise la CODRU Festival<\/h2>\n<p class=\"wp-block-paragraph\">Lista obiectelor interzise include alcoolul, m\u00e2ncarea \u0219i b\u0103uturile aduse din exterior, cu excep\u021biile prev\u0103zute \u00een regulament, precum \u0219i drogurile \u0219i substan\u021bele psihoactive sau interzise.<\/p>\n<p class=\"wp-block-paragraph\">Nu sunt permise armele, muni\u021bia, obiectele explozive, cu\u021bitele, bricegele, lamele sau alte obiecte care pot fi folosite ca arme.<\/p>\n<p class=\"wp-block-paragraph\">De asemenea, sunt interzise recipientele din sticl\u0103, substan\u021bele toxice sau nocive, bicicletele, trotinetele, skateboard-urile, hoverboard-urile \u0219i segway-urile.<\/p>\n<p class=\"wp-block-paragraph\">Umbrelele nu sunt permise \u00een festival, organizatorii recomand\u00e2nd utilizarea pelerinelor \u00een cazul ploii.<\/p>\n<p class=\"wp-block-paragraph\">Pe lista obiectelor interzise se mai afl\u0103 corturile, hamacele, pavilioanele, scaunele pliabile \u0219i alte obiecte voluminoase, precum \u0219i tor\u021bele, fumigenele, artificiile, laserele \u0219i alte materiale inflamabile sau explozive.<\/p>\n<p class=\"wp-block-paragraph\">Nu sunt permise boxele, amplificatoarele, megafoanele, vuvuzelele \u0219i instrumentele muzicale.<\/p>\n<p class=\"wp-block-paragraph\">Aparatele foto \u0219i video profesionale, dronele f\u0103r\u0103 acreditare oficial\u0103, bannerele sau steagurile sus\u021binute de be\u021be ori structuri rigide, lan\u021burile \u0219i obiectele cu lan\u021buri ata\u0219ate, flyerele, stickerele \u0219i materialele publicitare f\u0103r\u0103 acordul organizatorului sunt, de asemenea, interzise.<\/p>\n<p class=\"wp-block-paragraph\">Lista nu este exhaustiv\u0103, iar organizatorul poate refuza accesul cu orice obiect care, \u00een urma unei evalu\u0103ri rezonabile, poate reprezenta un risc pentru siguran\u021ba participan\u021bilor, pentru infrastructur\u0103 sau pentru buna desf\u0103\u0219urare a festivalului.<\/p>\n<h2 class=\"wp-block-heading\">Respect pentru oameni \u0219i pentru P\u0103durea Verde<\/h2>\n<p class=\"wp-block-paragraph\">CODRU Festival se desf\u0103\u0219oar\u0103 \u00eentr-un spa\u021biu forestier, iar protejarea mediului reprezint\u0103 o responsabilitate comun\u0103 a organizatorilor \u0219i participan\u021bilor.<\/p>\n<p class=\"wp-block-paragraph\">Festivalierii sunt ruga\u021bi s\u0103 foloseasc\u0103 recipientele pentru de\u0219euri, s\u0103 nu deterioreze arborii sau vegeta\u021bia, s\u0103 nu deranjeze inten\u021bionat fauna \u0219i s\u0103 nu p\u0103trund\u0103 \u00een zonele restric\u021bionate.<\/p>\n<p class=\"wp-block-paragraph\">Sunt interzise ac\u021biunile care pot produce incendii sau contaminarea solului \u0219i a apei.<\/p>\n<p class=\"wp-block-paragraph\">Organizatorii atrag aten\u021bia \u0219i asupra comportamentului participan\u021bilor. Violen\u021ba, amenin\u021barea, h\u0103r\u021buirea, intimidarea, comportamentele discriminatorii, atingerea neconsim\u021bit\u0103, aruncarea obiectelor \u0219i orice comportament care pune \u00een pericol siguran\u021ba sau demnitatea celorlal\u021bi sunt strict interzise.<\/p>\n<p class=\"wp-block-paragraph\">De\u021binerea, distribuirea, oferirea sau consumul de droguri \u0219i substan\u021be interzise nu sunt permise.<\/p>\n<p class=\"wp-block-paragraph\">Focul \u0219i materialele inflamabile sunt interzise pe \u00eentreg perimetrul festivalului. Fumatul \u0219i utilizarea dispozitivelor care genereaz\u0103 foc, jar sau temperaturi ridicate sunt permise numai \u00een zonele \u0219i \u00een condi\u021biile autorizate expres de organizator.<\/p>\n<h2 class=\"wp-block-heading\">Fotografierea \u0219i filmarea \u00een timpul festivalului<\/h2>\n<p class=\"wp-block-paragraph\">Participan\u021bii pot fotografia \u0219i filma \u00een cadrul festivalului \u00een scop personal, cu condi\u021bia s\u0103 nu afecteze dreptul la imagine al altor persoane \u0219i s\u0103 nu utilizeze materialele \u00een scop comercial.<\/p>\n<p class=\"wp-block-paragraph\">Organizatorul poate restric\u021biona fotografierea sau filmarea pentru anumite activit\u0103\u021bi.<\/p>\n<p class=\"wp-block-paragraph\">Camerele profesionale, echipamentele de filmare profesionale \u0219i dronele nu sunt permise participan\u021bilor neautoriza\u021bi.<\/p>\n<h2 class=\"wp-block-heading\">Accesul \u00een festival \u0219i m\u0103surile de siguran\u021b\u0103<\/h2>\n<p class=\"wp-block-paragraph\">Festivalul se deschide \u00een fiecare zi la ora 16:00, iar accesul se face pe baza br\u0103\u021b\u0103rii de festival, prin zonele special amenajate.<\/p>\n<p class=\"wp-block-paragraph\">La intrare, participan\u021bii sunt verifica\u021bi pentru respectarea regulamentului. Refuzul controlului de securitate poate duce la refuzul accesului \u00een festival.<\/p>\n<p class=\"wp-block-paragraph\">\u00cen cazul \u00een care o scen\u0103 sau o anumit\u0103 zon\u0103 atinge capacitatea maxim\u0103 de siguran\u021b\u0103 ori exist\u0103 riscul form\u0103rii unor aglomera\u021bii periculoase, accesul poate fi limitat temporar.<\/p>\n<p class=\"wp-block-paragraph\">Organizatorii \u00eei \u00eencurajeaz\u0103 pe participan\u021bi s\u0103 respecte indica\u021biile personalului de securitate \u0219i ale echipelor de interven\u021bie \u0219i s\u0103 fie aten\u021bi la mesajele transmise prin canalele oficiale de comunicare.<\/p>\n<p class=\"wp-block-paragraph\">CODRU Festival 2026 se desf\u0103\u0219oar\u0103 \u00een perioada 28\u201330 august, la P\u0103durea Verde din Timi\u0219oara, \u0219i propune trei zile de muzic\u0103, petreceri \u0219i experien\u021be pe mai multe scene.<\/p>\n<p class=\"wp-block-paragraph\">Abonamentele \u0219i biletele de o zi sunt disponibile pe codrufestival.ro. Biletele de o zi pot fi cump\u0103rate \u0219i de la intrarea \u00een festival, \u00een limita disponibilit\u0103\u021bii.<\/p>\n<p class=\"wp-block-paragraph\">Ultimul weekend din var\u0103 se danseaz\u0103 la CODRU.<\/p>\n<\/div>\n<p>[analyse_source url=&#8221;https:\/\/orasul-timisoara.ro\/local-40554\/&#8221;]<\/p>\n","protected":false},"excerpt":{"rendered":"<p>[analyse_image type=&#8221;featured&#8221; src=&#8221;https:\/\/orasul-timisoara.ro\/wp-content\/uploads\/2026\/08\/codru-festival-.jpg&#8221;] Evenimente in TimisoaraCODRU Festival 2026 \u00eencepe ast\u0103zi la Timi\u0219oara. Programul concertelor \u0219i regulile esen\u021biale&#8230; Evenimente in Timisoara \u0218tiri Locale CODRU Festival 2026 \u00eencepe ast\u0103zi la Timi\u0219oara. Programul concertelor \u0219i regulile esen\u021biale pentru festivalieri De c\u0103tre redactia &#8211; 28\/08\/2026 Facebook Twitter WhatsApp Linkedin ReddIt Email Imprimare CODRU Festival 2026 \u00ee\u0219i deschide por\u021bile ast\u0103zi, [&hellip;]<\/p>\n","protected":false},"author":1,"featured_media":0,"comment_status":"open","ping_status":"","sticky":false,"template":"","format":"standard","meta":{"footnotes":""},"categories":[89],"tags":[226,189],"class_list":["post-2116843","post","type-post","status-publish","format-standard","hentry","category-romania","tag-crawlmanager","tag-orasul-timisoara-ro"],"_links":{"self":[{"href":"https:\/\/analyse.optim.biz\/index.php?rest_route=\/wp\/v2\/posts\/2116843","targetHints":{"allow":["GET"]}}],"collection":[{"href":"https:\/\/analyse.optim.biz\/index.php?rest_route=\/wp\/v2\/posts"}],"about":[{"href":"https:\/\/analyse.optim.biz\/index.php?rest_route=\/wp\/v2\/types\/post"}],"author":[{"embeddable":true,"href":"https:\/\/analyse.optim.biz\/index.php?rest_route=\/wp\/v2\/users\/1"}],"replies":[{"embeddable":true,"href":"https:\/\/analyse.optim.biz\/index.php?rest_route=%2Fwp%2Fv2%2Fcomments&post=2116843"}],"version-history":[{"count":0,"href":"https:\/\/analyse.optim.biz\/index.php?rest_route=\/wp\/v2\/posts\/2116843\/revisions"}],"wp:attachment":[{"href":"https:\/\/analyse.optim.biz\/index.php?rest_route=%2Fwp%2Fv2%2Fmedia&parent=2116843"}],"wp:term":[{"taxonomy":"category","embeddable":true,"href":"https:\/\/analyse.optim.biz\/index.php?rest_route=%2Fwp%2Fv2%2Fcategories&post=2116843"},{"taxonomy":"post_tag","embeddable":true,"href":"https:\/\/analyse.optim.biz\/index.php?rest_route=%2Fwp%2Fv2%2Ftags&post=2116843"}],"curies":[{"name":"wp","href":"https:\/\/api.w.org\/{rel}","templated":true}]}}