{"id":2116842,"date":"2026-08-28T12:45:17","date_gmt":"2026-08-28T09:45:17","guid":{"rendered":"https:\/\/analyse.optim.biz\/?p=2116842"},"modified":"2026-08-28T12:45:17","modified_gmt":"2026-08-28T09:45:17","slug":"gusturile-banatului-ajung-la-bias-2026-timisul-isi-promoveaza-gastronomia-la-bucuresti","status":"publish","type":"post","link":"https:\/\/analyse.optim.biz\/?p=2116842","title":{"rendered":"Gusturile Banatului ajung la BIAS 2026. Timi\u0219ul \u00ee\u0219i promoveaz\u0103 gastronomia la Bucure\u0219ti"},"content":{"rendered":"<p>[analyse_image type=&#8221;featured&#8221; src=&#8221;https:\/\/orasul-timisoara.ro\/wp-content\/uploads\/2026\/08\/visit-timis-la-bias-2026.jpg&#8221;]<\/p>\n<article id=\"post-40551\" class=\"td-post-template-7 post-40551 post type-post status-publish format-standard has-post-thumbnail category-evenimente-in-timisoara category-featured category-stiri-timisoara category-stiri-nationale-si-internationale category-turism tag-aeroportul-baneasa tag-banat tag-bias-2026 tag-bucuresti-2 tag-consiliul-judetean-timis-2 tag-evenimente-2026 tag-gastronomia-banatului tag-gastronomie-banateana tag-one-shared-table tag-stiri-timis-3 tag-timisoara-2 tag-timisul-la-bias-2026 tag-traian-vuia tag-visir-timis tag-visit-timis-2 td-container-wrap\">\n<div class=\"td-full-screen-header-image-wrap\">\n<div class=\"td-container td-post-header\">\n<div class=\"td-crumb-container\">\n<div class=\"entry-crumbs\"><span><a title=\"Vede\u021bi toate articolele \u00een Evenimente in Timisoara\" class=\"entry-crumb\" href=\"https:\/\/orasul-timisoara.ro\/local-category\/evenimente-in-timisoara\/\">Evenimente in Timisoara<\/a><\/span><span class=\"td-bred-no-url-last\">Gusturile Banatului ajung la BIAS 2026. Timi\u0219ul \u00ee\u0219i promoveaz\u0103 gastronomia la Bucure\u0219ti<\/span><\/div>\n<\/div>\n<div class=\"td-post-header-holder\">\n<div class=\"td-parallax-header\">\n<header class=\"td-post-title\">\n<ul class=\"td-category\">\n<li class=\"entry-category\"><a href=\"https:\/\/orasul-timisoara.ro\/local-category\/evenimente-in-timisoara\/\">Evenimente in Timisoara<\/a><\/li>\n<li class=\"entry-category\"><a href=\"https:\/\/orasul-timisoara.ro\/local-category\/stiri-timisoara\/\">\u0218tiri Locale<\/a><\/li>\n<li class=\"entry-category\"><a href=\"https:\/\/orasul-timisoara.ro\/local-category\/stiri-nationale-si-internationale\/\">\u0218tiri na\u021bionale \u0219i interna\u021bionale<\/a><\/li>\n<li class=\"entry-category\"><a href=\"https:\/\/orasul-timisoara.ro\/local-category\/turism\/\">Turism<\/a><\/li>\n<\/ul>\n<h1 class=\"entry-title\">Gusturile Banatului ajung la BIAS 2026. Timi\u0219ul \u00ee\u0219i promoveaz\u0103 gastronomia la Bucure\u0219ti<\/h1>\n<div class=\"td-module-meta-info\">\n<div class=\"td-post-author-name\">\n<div class=\"td-author-by\">De c\u0103tre<\/div>\n<p><a href=\"https:\/\/orasul-timisoara.ro\/author\/timisoara\/\">redactia<\/a><\/p>\n<div class=\"td-author-line\"> &#8211; <\/div>\n<\/div>\n<p><span class=\"td-post-date\"><time class=\"entry-date updated td-module-date\" datetime=\"2026-08-28T15:45:17+03:00\">28\/08\/2026<\/time><\/span><\/div>\n<\/header>\n<\/div>\n<\/div>\n<\/div>\n<div id=\"td-full-screen-header-image\" class=\"td-image-gradient-style7\"><img decoding=\"async\" class=\"td-backstretch\" src=\"https:\/\/orasul-timisoara.ro\/wp-content\/uploads\/2026\/08\/visit-timis-la-bias-2026.jpg\"><\/div>\n<\/div>\n<div class=\"td-container\">\n<div class=\"td-pb-row\">\n<div class=\"td-pb-span8 td-main-content\" role=\"main\">\n<div class=\"td-ss-main-content\">\n<div class=\"td-post-sharing-top\">\n<div class=\"td-post-sharing-classic\"><iframe title=\"topFacebookLike\" frameborder src=\"https:\/\/www.facebook.com\/plugins\/like.php?href=https:\/\/orasul-timisoara.ro\/local-40551\/&amp;layout=button_count&amp;show_faces=false&amp;width=105&amp;action=like&amp;colorscheme=light&amp;height=21\"><\/iframe><\/div>\n<div id=\"td_social_sharing_article_top\" class=\"td-post-sharing td-ps-bg td-ps-notext td-post-sharing-style1 \">\n<div class=\"td-post-sharing-visible\"><a class=\"td-social-sharing-button td-social-sharing-button-js td-social-network td-social-facebook\" href=\"https:\/\/www.facebook.com\/sharer.php?u=https%3A%2F%2Forasul-timisoara.ro%2Flocal-40551%2F\" title=\"Facebook\"><\/p>\n<div class=\"td-social-but-text\">Facebook<\/div>\n<p><\/a><a class=\"td-social-sharing-button td-social-sharing-button-js td-social-network td-social-twitter\" href=\"https:\/\/twitter.com\/intent\/tweet?text=Gusturile+Banatului+ajung+la+BIAS+2026.+Timi%C8%99ul+%C3%AE%C8%99i+promoveaz%C4%83+gastronomia+la+Bucure%C8%99ti&amp;url=https%3A%2F%2Forasul-timisoara.ro%2Flocal-40551%2F&amp;via=orasultm\" title=\"Twitter\"><\/p>\n<div class=\"td-social-but-text\">Twitter<\/div>\n<p><\/a><a class=\"td-social-sharing-button td-social-sharing-button-js td-social-network td-social-whatsapp\" href=\"https:\/\/api.whatsapp.com\/send?text=Gusturile+Banatului+ajung+la+BIAS+2026.+Timi%C8%99ul+%C3%AE%C8%99i+promoveaz%C4%83+gastronomia+la+Bucure%C8%99ti%20%0A%0A%20https:\/\/orasul-timisoara.ro\/local-40551\/\" title=\"WhatsApp\"><\/p>\n<div class=\"td-social-but-text\">WhatsApp<\/div>\n<p><\/a><a class=\"td-social-sharing-button td-social-sharing-button-js td-social-network td-social-linkedin\" href=\"https:\/\/www.linkedin.com\/shareArticle?mini=true&amp;url=https:\/\/orasul-timisoara.ro\/local-40551\/&amp;title=Gusturile+Banatului+ajung+la+BIAS+2026.+Timi%C8%99ul+%C3%AE%C8%99i+promoveaz%C4%83+gastronomia+la+Bucure%C8%99ti\" title=\"Linkedin\"><\/p>\n<div class=\"td-social-but-text\">Linkedin<\/div>\n<p><\/a><a class=\"td-social-sharing-button td-social-sharing-button-js td-social-network td-social-reddit\" href=\"https:\/\/reddit.com\/submit?url=https:\/\/orasul-timisoara.ro\/local-40551\/&amp;title=Gusturile+Banatului+ajung+la+BIAS+2026.+Timi%C8%99ul+%C3%AE%C8%99i+promoveaz%C4%83+gastronomia+la+Bucure%C8%99ti\" title=\"ReddIt\"><\/p>\n<div class=\"td-social-but-text\">ReddIt<\/div>\n<p><\/a><a class=\"td-social-sharing-button td-social-sharing-button-js td-social-network td-social-mail\" href=\"mailto:?subject=Gusturile%20Banatului%20ajung%20la%20BIAS%202026.%20Timi%C8%99ul%20%C3%AE%C8%99i%20promoveaz%C4%83%20gastronomia%20la%20Bucure%C8%99ti&amp;body=https:\/\/orasul-timisoara.ro\/local-40551\/\" title=\"Email\"><\/p>\n<div class=\"td-social-but-text\">Email<\/div>\n<p><\/a><a class=\"td-social-sharing-button td-social-sharing-button-js td-social-network td-social-print\" href=\"https:\/\/orasul-timisoara.ro\/local-40551\/\" title=\"Imprimare\"><\/p>\n<div class=\"td-social-but-text\">Imprimare<\/div>\n<p><\/a><\/div>\n<\/div>\n<\/div>\n<div class=\"td-post-content tagdiv-type\">\n<p class=\"wp-block-paragraph\">Timi\u0219ul aduce gusturile Banatului la BIAS 2026, la Bucure\u0219ti<\/p>\n<p class=\"wp-block-paragraph\">Timi\u0219ul particip\u0103 la BIAS 2026, unul dintre cele mai importante evenimente de avia\u021bie din Rom\u00e2nia, care are loc \u00een 28 \u0219i 29 august, la Aeroportul Interna\u021bional Bucure\u0219ti B\u0103neasa \u201eAurel Vlaicu\u201d. Consiliul Jude\u021bean Timi\u0219 \u0219i Visit Timi\u0219 folosesc aceast\u0103 ocazie pentru a promova gastronomia Banatului \u0219i caracterul multicultural al regiunii.<\/p>\n<p class=\"wp-block-paragraph\">Sub conceptul \u201eOne shared table\u201d, vizitatorii BIAS 2026 sunt invita\u021bi s\u0103 descopere o parte din identitatea Banatului prin gusturi, ingrediente \u0219i preparate inspirate din tradi\u021bia gastronomic\u0103 local\u0103.<\/p>\n<h3 class=\"wp-block-heading\">Gusturile Banatului, prezentate la BIAS 2026<\/h3>\n<p class=\"wp-block-paragraph\">Prezen\u021ba Timi\u0219ului la eveniment pune \u00een prim-plan gastronomia unei regiuni construite prin \u00eent\u00e2lnirea mai multor comunit\u0103\u021bi \u0219i tradi\u021bii. Influen\u021bele Europei Centrale \u0219i ale Balcanilor s-au \u00eent\u00e2lnit \u0219i au evoluat \u00eempreun\u0103 \u00een Banat, iar aceast\u0103 diversitate se reg\u0103se\u0219te \u0219i \u00een buc\u0103t\u0103ria local\u0103.<\/p>\n<p class=\"wp-block-paragraph\">La BIAS, conceptul \u201eOne shared table\u201d este transpus \u00eentr-o selec\u021bie gastronomic\u0103 inspirat\u0103 de bel\u0219ugul verii \u00een buc\u0103t\u0103ria b\u0103n\u0103\u021bean\u0103. Vizitatorii pot descoperi cl\u0103tita b\u0103n\u0103\u021bean\u0103 cu bezea, Banat Spritz \u0219i Rachiu &amp; Tonic, preparate \u0219i b\u0103uturi care valorific\u0103 ingrediente \u0219i gusturi locale \u00eentr-o form\u0103 adaptat\u0103 unui eveniment de amploare.<\/p>\n<p class=\"wp-block-paragraph\">Cl\u0103tita b\u0103n\u0103\u021bean\u0103 cu bezea este prezentat\u0103 dup\u0103 re\u021beta Laurei Lauren\u021biu, Ambasador Banat 2028, Regiune Gastronomic\u0103 European\u0103. Banat Spritz combin\u0103 fructe de sezon cu spumant local, \u00een timp ce Rachiu &amp; Tonic valorific\u0103 rachiul dublu distilat de gutui.<\/p>\n<h3 class=\"wp-block-heading\">Gastronomia, parte din promovarea turistic\u0103 a Timi\u0219ului<\/h3>\n<p class=\"wp-block-paragraph\">Participarea la BIAS 2026 face parte din demersul de promovare a jude\u021bului Timi\u0219 ca destina\u021bie turistic\u0103 \u0219i gastronomic\u0103. Evenimentul aduce laolalt\u0103 un public numeros din Bucure\u0219ti \u0219i din \u00eentreaga \u021bar\u0103, oferind Timi\u0219ului posibilitatea de a-\u0219i prezenta patrimoniul, gastronomia \u0219i diversitatea cultural\u0103.<\/p>\n<p class=\"wp-block-paragraph\">La standul Timi\u0219ului, vizitatorii pot afla mai multe despre preparatele prezentate \u0219i pot descoperi re\u021bete \u0219i informa\u021bii despre gastronomia Banatului prin intermediul unui cod QR care trimite c\u0103tre aplica\u021bia Visit Timi\u0219.<\/p>\n<p class=\"wp-block-paragraph\">Prin aceast\u0103 participare, gastronomia devine un instrument de promovare a identit\u0103\u021bii regionale \u0219i de prezentare a Banatului \u00een fa\u021ba unui public din afara zonei de vest a \u021b\u0103rii.<\/p>\n<h3 class=\"wp-block-heading\">BIAS 2026, edi\u021bie dedicat\u0103 lui Traian Vuia<\/h3>\n<p class=\"wp-block-paragraph\">Participarea Timi\u0219ului la BIAS are \u0219i o leg\u0103tur\u0103 simbolic\u0103 cu istoria avia\u021biei rom\u00e2ne\u0219ti. Edi\u021bia din 2026 este dedicat\u0103 lui Traian Vuia, la 120 de ani de la primul s\u0103u zbor realizat cu un aparat de zbor autopropulsat.<\/p>\n<p class=\"wp-block-paragraph\">Evenimentul de la Aeroportul Interna\u021bional Bucure\u0219ti B\u0103neasa \u201eAurel Vlaicu\u201d reune\u0219te echipe \u0219i aeronave din Rom\u00e2nia \u0219i din str\u0103in\u0103tate \u0219i include demonstra\u021bii aeriene, expozi\u021bii \u0219i activit\u0103\u021bi pentru public.<\/p>\n<p class=\"wp-block-paragraph\">\u00cen acest context, prezen\u021ba Timi\u0219ului aduce \u00een aten\u021bia vizitatorilor nu doar gastronomia Banatului, ci \u0219i o parte din identitatea cultural\u0103 \u0219i istoric\u0103 a regiunii.<\/p>\n<h3 class=\"wp-block-heading\">\u201eOne shared table\u201d, invita\u021bie la descoperirea Banatului<\/h3>\n<p class=\"wp-block-paragraph\">Prin conceptul \u201eOne shared table\u201d, Timi\u0219ul propune o incursiune \u00een gastronomia unei regiuni \u00een care mai multe culturi \u0219i tradi\u021bii s-au \u00eent\u00e2lnit de-a lungul timpului.<\/p>\n<p class=\"wp-block-paragraph\">De la preparate inspirate din buc\u0103t\u0103ria local\u0103 p\u00e2n\u0103 la b\u0103uturi reinterpretate pe baza unor ingrediente din Banat, participarea la BIAS 2026 urm\u0103re\u0219te s\u0103 transforme gastronomia \u00eentr-o form\u0103 de promovare a jude\u021bului \u0219i a regiunii.<\/p>\n<p class=\"wp-block-paragraph\">Timi\u0219ul aduce astfel la Bucure\u0219ti o parte din gusturile, tradi\u021biile \u0219i diversitatea Banatului, continu\u00e2nd demersurile de promovare a jude\u021bului ca destina\u021bie turistic\u0103 \u0219i gastronomic\u0103.<\/p>\n<\/div>\n<footer>\n<div class=\"td-post-source-tags\">\n<ul class=\"td-tags td-post-small-box clearfix\">\n<li><span>ETICHETE<\/span><\/li>\n<li><a href=\"https:\/\/orasul-timisoara.ro\/local-tag\/aeroportul-baneasa\/\">Aeroportul B\u0103neasa<\/a><\/li>\n<li><a href=\"https:\/\/orasul-timisoara.ro\/local-tag\/banat\/\">banat<\/a><\/li>\n<li><a href=\"https:\/\/orasul-timisoara.ro\/local-tag\/bias-2026\/\">BIAS 2026<\/a><\/li>\n<li><a href=\"https:\/\/orasul-timisoara.ro\/local-tag\/bucuresti-2\/\">Bucure\u0219ti<\/a><\/li>\n<li><a href=\"https:\/\/orasul-timisoara.ro\/local-tag\/consiliul-judetean-timis-2\/\">Consiliul Jude\u021bean Timi\u0219<\/a><\/li>\n<li><a href=\"https:\/\/orasul-timisoara.ro\/local-tag\/evenimente-2026\/\">evenimente 2026<\/a><\/li>\n<li><a href=\"https:\/\/orasul-timisoara.ro\/local-tag\/gastronomia-banatului\/\">gastronomia Banatului<\/a><\/li>\n<li><a href=\"https:\/\/orasul-timisoara.ro\/local-tag\/gastronomie-banateana\/\">gastronomie b\u0103n\u0103\u021bean\u0103<\/a><\/li>\n<li><a href=\"https:\/\/orasul-timisoara.ro\/local-tag\/one-shared-table\/\">One shared table<\/a><\/li>\n<li><a href=\"https:\/\/orasul-timisoara.ro\/local-tag\/stiri-timis-3\/\">\u0218tiri Timi\u0219<\/a><\/li>\n<li><a href=\"https:\/\/orasul-timisoara.ro\/local-tag\/timisoara-2\/\">timi\u0219oara<\/a><\/li>\n<li><a href=\"https:\/\/orasul-timisoara.ro\/local-tag\/timisul-la-bias-2026\/\">Timi\u0219ul la BIAS 2026<\/a><\/li>\n<li><a href=\"https:\/\/orasul-timisoara.ro\/local-tag\/traian-vuia\/\">traian vuia<\/a><\/li>\n<li><a href=\"https:\/\/orasul-timisoara.ro\/local-tag\/visir-timis\/\">visir timis<\/a><\/li>\n<li><a href=\"https:\/\/orasul-timisoara.ro\/local-tag\/visit-timis-2\/\">Visit Timi\u0219<\/a><\/li>\n<\/ul>\n<\/div>\n<div class=\"td-post-sharing-bottom\">\n<div class=\"td-post-sharing-classic\"><iframe title=\"bottomFacebookLike\" frameborder src=\"https:\/\/www.facebook.com\/plugins\/like.php?href=https:\/\/orasul-timisoara.ro\/local-40551\/&amp;layout=button_count&amp;show_faces=false&amp;width=105&amp;action=like&amp;colorscheme=light&amp;height=21\"><\/iframe><\/div>\n<div id=\"td_social_sharing_article_bottom\" class=\"td-post-sharing td-ps-bg td-ps-notext td-post-sharing-style1 \">\n<div class=\"td-post-sharing-visible\"><a class=\"td-social-sharing-button td-social-sharing-button-js td-social-network td-social-facebook\" href=\"https:\/\/www.facebook.com\/sharer.php?u=https%3A%2F%2Forasul-timisoara.ro%2Flocal-40551%2F\" title=\"Facebook\"><\/p>\n<div class=\"td-social-but-text\">Facebook<\/div>\n<p><\/a><a class=\"td-social-sharing-button td-social-sharing-button-js td-social-network td-social-twitter\" href=\"https:\/\/twitter.com\/intent\/tweet?text=Gusturile+Banatului+ajung+la+BIAS+2026.+Timi%C8%99ul+%C3%AE%C8%99i+promoveaz%C4%83+gastronomia+la+Bucure%C8%99ti&amp;url=https%3A%2F%2Forasul-timisoara.ro%2Flocal-40551%2F&amp;via=orasultm\" title=\"Twitter\"><\/p>\n<div class=\"td-social-but-text\">Twitter<\/div>\n<p><\/a><a class=\"td-social-sharing-button td-social-sharing-button-js td-social-network td-social-whatsapp\" href=\"https:\/\/api.whatsapp.com\/send?text=Gusturile+Banatului+ajung+la+BIAS+2026.+Timi%C8%99ul+%C3%AE%C8%99i+promoveaz%C4%83+gastronomia+la+Bucure%C8%99ti%20%0A%0A%20https:\/\/orasul-timisoara.ro\/local-40551\/\" title=\"WhatsApp\"><\/p>\n<div class=\"td-social-but-text\">WhatsApp<\/div>\n<p><\/a><a class=\"td-social-sharing-button td-social-sharing-button-js td-social-network td-social-linkedin\" href=\"https:\/\/www.linkedin.com\/shareArticle?mini=true&amp;url=https:\/\/orasul-timisoara.ro\/local-40551\/&amp;title=Gusturile+Banatului+ajung+la+BIAS+2026.+Timi%C8%99ul+%C3%AE%C8%99i+promoveaz%C4%83+gastronomia+la+Bucure%C8%99ti\" title=\"Linkedin\"><\/p>\n<div class=\"td-social-but-text\">Linkedin<\/div>\n<p><\/a><a class=\"td-social-sharing-button td-social-sharing-button-js td-social-network td-social-reddit\" href=\"https:\/\/reddit.com\/submit?url=https:\/\/orasul-timisoara.ro\/local-40551\/&amp;title=Gusturile+Banatului+ajung+la+BIAS+2026.+Timi%C8%99ul+%C3%AE%C8%99i+promoveaz%C4%83+gastronomia+la+Bucure%C8%99ti\" title=\"ReddIt\"><\/p>\n<div class=\"td-social-but-text\">ReddIt<\/div>\n<p><\/a><a class=\"td-social-sharing-button td-social-sharing-button-js td-social-network td-social-mail\" href=\"mailto:?subject=Gusturile%20Banatului%20ajung%20la%20BIAS%202026.%20Timi%C8%99ul%20%C3%AE%C8%99i%20promoveaz%C4%83%20gastronomia%20la%20Bucure%C8%99ti&amp;body=https:\/\/orasul-timisoara.ro\/local-40551\/\" title=\"Email\"><\/p>\n<div class=\"td-social-but-text\">Email<\/div>\n<p><\/a><a class=\"td-social-sharing-button td-social-sharing-button-js td-social-network td-social-print\" href=\"https:\/\/orasul-timisoara.ro\/local-40551\/\" title=\"Imprimare\"><\/p>\n<div class=\"td-social-but-text\">Imprimare<\/div>\n<p><\/a><\/div>\n<\/div>\n<\/div>\n<div class=\"td-block-row td-post-next-prev\">\n<div class=\"td-block-span6 td-post-prev-post\">\n<div class=\"td-post-next-prev-content\"><span>Articolul precedent<\/span><a href=\"https:\/\/orasul-timisoara.ro\/local-40547\/\">Via Carpatia, autostrada de 3.000 de kilometri care va traversa Rom\u00e2nia \u0219i va ajunge la Salonic<\/a><\/div>\n<\/div>\n<div class=\"td-block-span6 td-post-next-post\">\n<div class=\"td-post-next-prev-content\"><span>Articolul urm\u0103tor<\/span><a href=\"https:\/\/orasul-timisoara.ro\/local-40554\/\">CODRU Festival 2026 \u00eencepe ast\u0103zi la Timi\u0219oara. Programul concertelor \u0219i regulile esen\u021biale pentru festivalieri<\/a><\/div>\n<\/div>\n<\/div>\n<div class=\"td-author-name vcard author\"><span class=\"fn\"><a href=\"https:\/\/orasul-timisoara.ro\/author\/timisoara\/\">redactia<\/a><\/span><\/div>\n<p><span class=\"td-page-meta\"><\/span><span class=\"td-page-meta\"><span class=\"td-page-meta\"><\/span><\/span><span class=\"td-page-meta\"><\/span><\/footer>\n<div class=\"td_block_wrap td_block_related_posts tdi_3 td_with_ajax_pagination td-pb-border-top td_block_template_8\" data-td-block-uid=\"tdi_3\">\n<h4 class=\"td-related-title td-block-title\"><a id=\"tdi_4\" class=\"td-related-left td-cur-simple-item\" data-td_filter_value data-td_block_id=\"tdi_3\" href=\"https:\/\/orasul-timisoara.ro\/local-40551\/\">ARTICOLE SIMILARE<\/a><a id=\"tdi_5\" class=\"td-related-right\" data-td_filter_value=\"td_related_more_from_author\" data-td_block_id=\"tdi_3\" href=\"https:\/\/orasul-timisoara.ro\/local-40551\/\">DE LA ACELA\u0218I AUTOR<\/a><\/h4>\n<div id=\"tdi_3\" class=\"td_block_inner\">\n<div class=\"td-related-row\">\n<div class=\"td-related-span4\">\n<div class=\"td_module_related_posts td-animation-stack td_mod_related_posts\">\n<div class=\"td-module-image\">\n<div class=\"td-module-thumb\"><a href=\"https:\/\/orasul-timisoara.ro\/local-40579\/\" rel=\"bookmark\" class=\"td-image-wrap \" title=\"Pi\u0219chia \u2013 Ma\u0219loc \u2013 Lipova: lucr\u0103rile la drumul jude\u021bean au ajuns la 60%. Alfred Simonis: \u201eVom termina mult mai repede\u201d\"><img loading=\"lazy\" decoding=\"async\" class=\"entry-thumb\" src=\"https:\/\/orasul-timisoara.ro\/wp-content\/uploads\/2025\/11\/DJ691-timis-3-436x300.jpg\" alt title=\"Pi\u0219chia \u2013 Ma\u0219loc \u2013 Lipova: lucr\u0103rile la drumul jude\u021bean au ajuns la 60%. Alfred Simonis: \u201eVom termina mult mai repede\u201d\" width=\"218\" height=\"150\"><\/a><\/div>\n<\/div>\n<div class=\"item-details\">\n<h3 class=\"entry-title td-module-title\"><a href=\"https:\/\/orasul-timisoara.ro\/local-40579\/\" rel=\"bookmark\" title=\"Pi\u0219chia \u2013 Ma\u0219loc \u2013 Lipova: lucr\u0103rile la drumul jude\u021bean au ajuns la 60%. Alfred Simonis: \u201eVom termina mult mai repede\u201d\">Pi\u0219chia \u2013 Ma\u0219loc \u2013 Lipova: lucr\u0103rile la drumul jude\u021bean au ajuns la 60%. Alfred Simonis: \u201eVom termina mult mai repede\u201d<\/a><\/h3>\n<\/div>\n<\/div>\n<\/div>\n<div class=\"td-related-span4\">\n<div class=\"td_module_related_posts td-animation-stack td_mod_related_posts\">\n<div class=\"td-module-image\">\n<div class=\"td-module-thumb\"><a href=\"https:\/\/orasul-timisoara.ro\/local-40562\/\" rel=\"bookmark\" class=\"td-image-wrap \" title=\"Burlesque Matinee la Castelul Nikolici: spectacol de cabaret \u0219i muzic\u0103 live \u00een Rudna\"><img loading=\"lazy\" decoding=\"async\" class=\"entry-thumb\" src=\"https:\/\/orasul-timisoara.ro\/wp-content\/uploads\/2026\/08\/burlesque-matinee-436x300.jpg\" alt title=\"Burlesque Matinee la Castelul Nikolici: spectacol de cabaret \u0219i muzic\u0103 live \u00een Rudna\" width=\"218\" height=\"150\"><\/a><\/div>\n<\/div>\n<div class=\"item-details\">\n<h3 class=\"entry-title td-module-title\"><a href=\"https:\/\/orasul-timisoara.ro\/local-40562\/\" rel=\"bookmark\" title=\"Burlesque Matinee la Castelul Nikolici: spectacol de cabaret \u0219i muzic\u0103 live \u00een Rudna\">Burlesque Matinee la Castelul Nikolici: spectacol de cabaret \u0219i muzic\u0103 live \u00een Rudna<\/a><\/h3>\n<\/div>\n<\/div>\n<\/div>\n<div class=\"td-related-span4\">\n<div class=\"td_module_related_posts td-animation-stack td_mod_related_posts\">\n<div class=\"td-module-image\">\n<div class=\"td-module-thumb\"><a href=\"https:\/\/orasul-timisoara.ro\/local-40521\/\" rel=\"bookmark\" class=\"td-image-wrap \" title=\"Peste 200 de copii cu cerin\u021be educative speciale vor \u00eenv\u0103\u021ba \u00eentr-o \u0219coal\u0103 nou\u0103 construit\u0103 de CJ Timi\u0219\"><img loading=\"lazy\" decoding=\"async\" class=\"entry-thumb\" src=\"https:\/\/orasul-timisoara.ro\/wp-content\/uploads\/2026\/08\/787598677_1080931407740890_344315713820674664_n-436x300.jpg\" alt title=\"Peste 200 de copii cu cerin\u021be educative speciale vor \u00eenv\u0103\u021ba \u00eentr-o \u0219coal\u0103 nou\u0103 construit\u0103 de CJ Timi\u0219\" width=\"218\" height=\"150\"><\/a><\/div>\n<\/div>\n<div class=\"item-details\">\n<h3 class=\"entry-title td-module-title\"><a href=\"https:\/\/orasul-timisoara.ro\/local-40521\/\" rel=\"bookmark\" title=\"Peste 200 de copii cu cerin\u021be educative speciale vor \u00eenv\u0103\u021ba \u00eentr-o \u0219coal\u0103 nou\u0103 construit\u0103 de CJ Timi\u0219\">Peste 200 de copii cu cerin\u021be educative speciale vor \u00eenv\u0103\u021ba \u00eentr-o \u0219coal\u0103 nou\u0103 construit\u0103 de CJ Timi\u0219<\/a><\/h3>\n<\/div>\n<\/div>\n<\/div>\n<\/div>\n<\/div>\n<\/div>\n<div class=\"comments\" id=\"comments\">\n<div id=\"respond\" class=\"comment-respond\">\n<h3 id=\"reply-title\" class=\"comment-reply-title\">L\u0102SA\u021aI UN MESAJ<\/h3>\n<div class=\"comment-form-input-wrap td-form-comment\">\n<div class=\"td-warning-comment\">V\u0103 rug\u0103m s\u0103 introduce\u021bi comentariul dvs.!<\/div>\n<\/div>\n<div class=\"comment-form-input-wrap td-form-author\">\n<div class=\"td-warning-author\">Introduce\u021bi aici numele dvs.<\/div>\n<\/div>\n<div class=\"comment-form-input-wrap td-form-email\">\n<div class=\"td-warning-email-error\">A\u021bi introdus o adres\u0103 de e-mail incorect\u0103!<\/div>\n<div class=\"td-warning-email\">V\u0103 rug\u0103m s\u0103 introduce\u021bi adresa dvs. de e-mail aici<\/div>\n<\/div>\n<\/div>\n<p class=\"akismet_comment_form_privacy_notice\">Acest site folose\u0219te Akismet pentru a reduce spamul. <a href=\"https:\/\/akismet.com\/privacy\/\" target=\"_blank\" rel=\"nofollow noopener\">Afl\u0103 cum sunt procesate datele comentariilor tale<\/a>.<\/p>\n<\/div>\n<\/div>\n<\/div>\n<div class=\"td-pb-span4 td-main-sidebar\" role=\"complementary\">\n<div class=\"td-ss-main-sidebar\">\n<aside id=\"block-4\" class=\"td_block_template_8 widget block-4 widget_block widget_media_image\">\n<figure class=\"wp-block-image size-full\"><img loading=\"lazy\" decoding=\"async\" width=\"336\" height=\"280\" src=\"https:\/\/orasul-timisoara.ro\/wp-content\/uploads\/2024\/11\/ReTIM-Abonamentul-Verde-Google-Ads-336x280px.gif\" alt class=\"wp-image-29257\"><\/figure>\n<\/aside>\n<div class=\"td_block_wrap td_block_social_counter td_block_widget tdi_6 td-social-style5 td-social-boxed td-pb-border-top td_block_template_8\">\n<div class=\"td-block-title-wrap\">\n<h4 class=\"td-block-title\"><span>Urm\u0103re\u0219te-ne pe Social Media<\/span><\/h4>\n<\/div>\n<div class=\"td-social-list\">\n<div class=\"td_social_type td-pb-margin-side td_social_facebook\">\n<div class=\"td-social-box\"><span class=\"td_social_info td_social_info_counter\">344,595<\/span><span class=\"td_social_info td_social_info_name\">Fani<\/span><span class=\"td_social_button\"><a href=\"https:\/\/www.facebook.com\/247timisoara\" target=\"_blank\" rel=\"nofollow\">\u00cemi place<\/a><\/span><\/div>\n<\/div>\n<div class=\"td_social_type td-pb-margin-side td_social_instagram\">\n<div class=\"td-social-box\"><span class=\"td_social_info td_social_info_counter\">4,416<\/span><span class=\"td_social_info td_social_info_name\">Cititori<\/span><span class=\"td_social_button\"><a href=\"https:\/\/instagram.com\/orasultimisoararo\/\" target=\"_blank\" rel=\"nofollow\">Conecta\u021bi-v\u0103<\/a><\/span><\/div>\n<\/div>\n<div class=\"td_social_type td-pb-margin-side td_social_rss\">\n<div class=\"td-social-box\"><span class=\"td_social_info td_social_info_counter\">12,506<\/span><span class=\"td_social_info td_social_info_name\">Cititori<\/span><span class=\"td_social_button\"><a href=\"https:\/\/orasul-timisoara.ro\/feed\/\" target=\"_blank\" rel=\"nofollow\">Conecta\u021bi-v\u0103<\/a><\/span><\/div>\n<\/div>\n<div class=\"td_social_type td-pb-margin-side td_social_tiktok\">\n<div class=\"td-social-box\"><span class=\"td_social_info td_social_info_counter\">1,500<\/span><span class=\"td_social_info td_social_info_name\">Cititori<\/span><span class=\"td_social_button\"><a href=\"https:\/\/www.tiktok.com\/@orasultimisoara\" target=\"_blank\" rel=\"nofollow\">Conecta\u021bi-v\u0103<\/a><\/span><\/div>\n<\/div>\n<div class=\"td_social_type td-pb-margin-side td_social_twitter\">\n<div class=\"td-social-box\"><span class=\"td_social_info td_social_info_counter\">1,595<\/span><span class=\"td_social_info td_social_info_name\">Cititori<\/span><span class=\"td_social_button\"><a href=\"https:\/\/twitter.com\/orasultm\" target=\"_blank\" rel=\"nofollow\">Conecta\u021bi-v\u0103<\/a><\/span><\/div>\n<\/div>\n<div class=\"td_social_type td-pb-margin-side td_social_youtube\">\n<div class=\"td-social-box\"><span class=\"td_social_info td_social_info_counter\">3,506<\/span><span class=\"td_social_info td_social_info_name\">Abona\u021bi<\/span><span class=\"td_social_button\"><a href=\"https:\/\/www.youtube.com\/channel\/UCQNsQvs2XCSIm1Z-AHRturw?sub_confirmation=1\" target=\"_blank\" rel=\"nofollow\">Abona\u021bi-v\u0103<\/a><\/span><\/div>\n<\/div>\n<\/div>\n<\/div>\n<aside id=\"text-7\" class=\"td_block_template_8 widget text-7 widget_text\">\n<h4 class=\"td-block-title\"><span>C\u0103ut\u0103ri populare pe OTM<\/span><\/h4>\n<div class=\"textwidget\"><a href=\"https:\/\/orasul-timisoara.ro\/?s=timisoara\"><span>Timisoara<\/span><\/a><a href=\"https:\/\/orasul-timisoara.ro\/?s=calin+dobra\"><span>Calin Dobra<\/span><\/a><a href=\"https:\/\/orasul-timisoara.ro\/?s=primaria+timisoara\"><span>Primaria Timisoara<\/span><\/a><a href=\"https:\/\/orasul-timisoara.ro\/?s=dominic+fritz\"><span>Dominic Fritz<\/span><\/a><a href=\"https:\/\/orasul-timisoara.ro\/?s=nicolae+robu\"><span>Nicolae Robu<\/span><\/a><a href=\"https:\/\/orasul-timisoara.ro\/?s=consiliul+local+timisoara\">Consiliul Local Timisoara<\/a><a href=\"https:\/\/orasul-timisoara.ro\/?s=consiliul+judetean+timis\"><span>Consiliul Judetean Timis<\/span><\/a><a href=\"https:\/\/orasul-timisoara.ro\/?s=cjt\"><span>CJT<\/span><\/a><a href=\"https:\/\/orasul-timisoara.ro\/?s=Alfred+Simonis\"><span>Alfred Simonis<\/span><\/a><a href=\"https:\/\/orasul-timisoara.ro\/?s=PNL\"><span>PNL<\/span><\/a><a href=\"https:\/\/orasul-timisoara.ro\/?s=coronavirus\"><span>coronavirus<\/span><\/a><a href=\"https:\/\/orasul-timisoara.ro\/?s=teatru+timisoara\">teatru Timisoara<\/a><a href=\"https:\/\/orasul-timisoara.ro\/?s=restaurante\"><span>restaurante Timisoara<\/span><\/a><a href=\"https:\/\/orasul-timisoara.ro\/?s=diskoteka\"><span>Diskoteka<\/span><\/a><a href=\"https:\/\/orasul-timisoara.ro\/?s=iulius+town\"><span>Iulius Town<\/span><\/a><a href=\"https:\/\/orasul-timisoara.ro\/?s=iulius+mall\"><span>Iulius Mall<\/span><\/a><a href=\"https:\/\/orasul-timisoara.ro\/?s=stpt\"><span>STPT<\/span><\/a><a href=\"https:\/\/orasul-timisoara.ro\/?s=alin+nica\"><span>Alin Nica<\/span><\/a><a href=\"https:\/\/orasul-timisoara.ro\/?s=psd\"><span>PSD<\/span><\/a><a href=\"https:\/\/orasul-timisoara.ro\/?s=aeroport\"><span>Aeroportul International Timisoara<\/span><\/a><a href=\"https:\/\/orasul-timisoara.ro\/?s=babes\"><span>Spitalul Victor Babes Timisoara<\/span><\/a><a href=\"https:\/\/orasul-timisoara.ro\/?s=poli\"><span>Poli Timi\u0219oara<\/span><\/a><a href=\"https:\/\/orasul-timisoara.ro\/?s=carantina\"><span>carantina<\/span><\/a><a href=\"https:\/\/orasul-timisoara.ro\/?s=aquatim\"><span>Aquatim<\/span><\/a><a href=\"https:\/\/orasul-timisoara.ro\/local-category\/stiri-timisoara\/\"><span>Stiri Timisoara<\/span><\/a><a href=\"https:\/\/orasul-timisoara.ro\/local-category\/investitii-in-timisoara\/\"><span>Investi\u021bii in Timi\u0219oara<\/span><\/a><a href=\"https:\/\/orasul-timisoara.ro\/local-9463\/\"><span>shaorma<\/span><\/a><a href=\"https:\/\/orasul-timisoara.ro\/?s=trafic\"><span>trafic rutier<\/span><\/a><a href=\"https:\/\/orasul-timisoara.ro\/?s=politia\"><span>politia locala timisoara<\/span><\/a><a href=\"https:\/\/orasul-timisoara.ro\/?s=roxana\"><span>Roxana Iliescu<\/span><\/a><a href=\"https:\/\/orasul-timisoara.ro\/?s=colterm\"><span>Colterm<\/span><\/a><a href=\"https:\/\/orasul-timisoara.ro\/?s=latcau\"><span>Ruben La\u021bc\u0103u<\/span><\/a><a href=\"https:\/\/orasul-timisoara.ro\/?s=timis\"><span>\u0218tiri din Timi\u0219<\/span><\/a><a href=\"https:\/\/orasul-timisoara.ro\/?s=spital\"><span>Spitale din Timi\u0219oara<\/span><\/a><a href=\"https:\/\/orasul-timisoara.ro\/?s=tabara\"><span>Cosmin Tab\u0103r\u0103<\/span><\/a><\/div>\n<\/aside>\n<aside id=\"rss-2\" class=\"td_block_template_8 widget rss-2 widget_rss\">\n<h4 class=\"td-block-title\"><span><a class=\"rsswidget rss-widget-feed\" href=\"https:\/\/fashionfridays.ro\/feed\"><img decoding=\"async\" class=\"rss-widget-icon\" width=\"14\" height=\"14\" src=\"https:\/\/orasul-timisoara.ro\/wp-includes\/images\/rss.png\" alt=\"Flux RSS: Fashion Fridays\" loading=\"lazy\"><\/a><a class=\"rsswidget rss-widget-title\" href=\"https:\/\/fashionfridays.ro\/\">Fashion Fridays<\/a><\/span><\/h4>\n<ul>\n<li><a class=\"rsswidget\" href=\"https:\/\/fashionfridays.ro\/romania-devine-a-29-a-piata-vogue-o-noua-era-pentru-industria-locala-de-moda\/\">Rom\u00e2nia devine a 29-a pia\u021b\u0103 Vogue: o nou\u0103 er\u0103 pentru industria local\u0103 de mod\u0103<\/a>\n<div class=\"rssSummary\">Revista Vogue \u00ee\u0219i extinde prezen\u021ba global\u0103 \u0219i va fi lansat\u0103 oficial \u00een Rom\u00e2nia \u00een prim\u0103vara anului 2027, marc\u00e2nd intrarea pe cea de-a 29-a pia\u021b\u0103 interna\u021bional\u0103. Proiectul este realizat \u00een parteneriat cu AEMME Publishing, o companie media recent \u00eenfiin\u021bat\u0103, care va publica edi\u021bia local\u0103 sub licen\u021b\u0103. Noua edi\u021bie, Vogue Rom\u00e2nia, \u00ee\u0219i propune s\u0103 combine autoritatea global\u0103 [\u2026]<\/div>\n<\/li>\n<\/ul>\n<\/aside>\n<aside id=\"rss-4\" class=\"td_block_template_8 widget rss-4 widget_rss\">\n<h4 class=\"td-block-title\"><span><a class=\"rsswidget rss-widget-feed\" href=\"https:\/\/emasini.ro\/feed\"><img decoding=\"async\" class=\"rss-widget-icon\" width=\"14\" height=\"14\" src=\"https:\/\/orasul-timisoara.ro\/wp-includes\/images\/rss.png\" alt=\"Flux RSS: eMasini\" loading=\"lazy\"><\/a><a class=\"rsswidget rss-widget-title\" href=\"https:\/\/emasini.ro\/\">eMasini<\/a><\/span><\/h4>\n<ul>\n<li><a class=\"rsswidget\" href=\"https:\/\/emasini.ro\/adio-bordurilor-pline-de-ecrane-mercedes-benz-readuce-butoanele-in-noile-masini-produse\/\">Adio bordurilor pline de ecrane? Mercedes-Benz readuce butoanele \u00een noile ma\u0219ini produse<\/a>\n<div class=\"rssSummary\">Mercedes-Benz \u00ee\u0219i schimb\u0103 direc\u021bia \u00een ceea ce prive\u0219te designul interioarelor \u0219i va readuce comenzile fizice pentru anumite func\u021bii importante. Constructorul german nu renun\u021b\u0103 la ecranele mari \u0219i la tehnologiile digitale, dar recunoa\u0219te c\u0103 a mers prea departe prin eliminarea unor butoane \u0219i comenzi tactile. Ola K\u00e4llenius, pre\u0219edintele Consiliului de Administra\u021bie al Mercedes-Benz Group \u0219i CEO [\u2026]<\/div>\n<\/li>\n<\/ul>\n<\/aside>\n<\/div>\n<\/div>\n<\/div>\n<\/div>\n<\/article>\n<div class=\"td-post-content tagdiv-type\">\n<p class=\"wp-block-paragraph\">Timi\u0219ul aduce gusturile Banatului la BIAS 2026, la Bucure\u0219ti<\/p>\n<p class=\"wp-block-paragraph\">Timi\u0219ul particip\u0103 la BIAS 2026, unul dintre cele mai importante evenimente de avia\u021bie din Rom\u00e2nia, care are loc \u00een 28 \u0219i 29 august, la Aeroportul Interna\u021bional Bucure\u0219ti B\u0103neasa \u201eAurel Vlaicu\u201d. Consiliul Jude\u021bean Timi\u0219 \u0219i Visit Timi\u0219 folosesc aceast\u0103 ocazie pentru a promova gastronomia Banatului \u0219i caracterul multicultural al regiunii.<\/p>\n<p class=\"wp-block-paragraph\">Sub conceptul \u201eOne shared table\u201d, vizitatorii BIAS 2026 sunt invita\u021bi s\u0103 descopere o parte din identitatea Banatului prin gusturi, ingrediente \u0219i preparate inspirate din tradi\u021bia gastronomic\u0103 local\u0103.<\/p>\n<h3 class=\"wp-block-heading\">Gusturile Banatului, prezentate la BIAS 2026<\/h3>\n<p class=\"wp-block-paragraph\">Prezen\u021ba Timi\u0219ului la eveniment pune \u00een prim-plan gastronomia unei regiuni construite prin \u00eent\u00e2lnirea mai multor comunit\u0103\u021bi \u0219i tradi\u021bii. Influen\u021bele Europei Centrale \u0219i ale Balcanilor s-au \u00eent\u00e2lnit \u0219i au evoluat \u00eempreun\u0103 \u00een Banat, iar aceast\u0103 diversitate se reg\u0103se\u0219te \u0219i \u00een buc\u0103t\u0103ria local\u0103.<\/p>\n<p class=\"wp-block-paragraph\">La BIAS, conceptul \u201eOne shared table\u201d este transpus \u00eentr-o selec\u021bie gastronomic\u0103 inspirat\u0103 de bel\u0219ugul verii \u00een buc\u0103t\u0103ria b\u0103n\u0103\u021bean\u0103. Vizitatorii pot descoperi cl\u0103tita b\u0103n\u0103\u021bean\u0103 cu bezea, Banat Spritz \u0219i Rachiu &amp; Tonic, preparate \u0219i b\u0103uturi care valorific\u0103 ingrediente \u0219i gusturi locale \u00eentr-o form\u0103 adaptat\u0103 unui eveniment de amploare.<\/p>\n<p class=\"wp-block-paragraph\">Cl\u0103tita b\u0103n\u0103\u021bean\u0103 cu bezea este prezentat\u0103 dup\u0103 re\u021beta Laurei Lauren\u021biu, Ambasador Banat 2028, Regiune Gastronomic\u0103 European\u0103. Banat Spritz combin\u0103 fructe de sezon cu spumant local, \u00een timp ce Rachiu &amp; Tonic valorific\u0103 rachiul dublu distilat de gutui.<\/p>\n<h3 class=\"wp-block-heading\">Gastronomia, parte din promovarea turistic\u0103 a Timi\u0219ului<\/h3>\n<p class=\"wp-block-paragraph\">Participarea la BIAS 2026 face parte din demersul de promovare a jude\u021bului Timi\u0219 ca destina\u021bie turistic\u0103 \u0219i gastronomic\u0103. Evenimentul aduce laolalt\u0103 un public numeros din Bucure\u0219ti \u0219i din \u00eentreaga \u021bar\u0103, oferind Timi\u0219ului posibilitatea de a-\u0219i prezenta patrimoniul, gastronomia \u0219i diversitatea cultural\u0103.<\/p>\n<p class=\"wp-block-paragraph\">La standul Timi\u0219ului, vizitatorii pot afla mai multe despre preparatele prezentate \u0219i pot descoperi re\u021bete \u0219i informa\u021bii despre gastronomia Banatului prin intermediul unui cod QR care trimite c\u0103tre aplica\u021bia Visit Timi\u0219.<\/p>\n<p class=\"wp-block-paragraph\">Prin aceast\u0103 participare, gastronomia devine un instrument de promovare a identit\u0103\u021bii regionale \u0219i de prezentare a Banatului \u00een fa\u021ba unui public din afara zonei de vest a \u021b\u0103rii.<\/p>\n<h3 class=\"wp-block-heading\">BIAS 2026, edi\u021bie dedicat\u0103 lui Traian Vuia<\/h3>\n<p class=\"wp-block-paragraph\">Participarea Timi\u0219ului la BIAS are \u0219i o leg\u0103tur\u0103 simbolic\u0103 cu istoria avia\u021biei rom\u00e2ne\u0219ti. Edi\u021bia din 2026 este dedicat\u0103 lui Traian Vuia, la 120 de ani de la primul s\u0103u zbor realizat cu un aparat de zbor autopropulsat.<\/p>\n<p class=\"wp-block-paragraph\">Evenimentul de la Aeroportul Interna\u021bional Bucure\u0219ti B\u0103neasa \u201eAurel Vlaicu\u201d reune\u0219te echipe \u0219i aeronave din Rom\u00e2nia \u0219i din str\u0103in\u0103tate \u0219i include demonstra\u021bii aeriene, expozi\u021bii \u0219i activit\u0103\u021bi pentru public.<\/p>\n<p class=\"wp-block-paragraph\">\u00cen acest context, prezen\u021ba Timi\u0219ului aduce \u00een aten\u021bia vizitatorilor nu doar gastronomia Banatului, ci \u0219i o parte din identitatea cultural\u0103 \u0219i istoric\u0103 a regiunii.<\/p>\n<h3 class=\"wp-block-heading\">\u201eOne shared table\u201d, invita\u021bie la descoperirea Banatului<\/h3>\n<p class=\"wp-block-paragraph\">Prin conceptul \u201eOne shared table\u201d, Timi\u0219ul propune o incursiune \u00een gastronomia unei regiuni \u00een care mai multe culturi \u0219i tradi\u021bii s-au \u00eent\u00e2lnit de-a lungul timpului.<\/p>\n<p class=\"wp-block-paragraph\">De la preparate inspirate din buc\u0103t\u0103ria local\u0103 p\u00e2n\u0103 la b\u0103uturi reinterpretate pe baza unor ingrediente din Banat, participarea la BIAS 2026 urm\u0103re\u0219te s\u0103 transforme gastronomia \u00eentr-o form\u0103 de promovare a jude\u021bului \u0219i a regiunii.<\/p>\n<p class=\"wp-block-paragraph\">Timi\u0219ul aduce astfel la Bucure\u0219ti o parte din gusturile, tradi\u021biile \u0219i diversitatea Banatului, continu\u00e2nd demersurile de promovare a jude\u021bului ca destina\u021bie turistic\u0103 \u0219i gastronomic\u0103.<\/p>\n<\/div>\n<p>[analyse_source url=&#8221;https:\/\/orasul-timisoara.ro\/local-40551\/&#8221;]<\/p>\n","protected":false},"excerpt":{"rendered":"<p>[analyse_image type=&#8221;featured&#8221; src=&#8221;https:\/\/orasul-timisoara.ro\/wp-content\/uploads\/2026\/08\/visit-timis-la-bias-2026.jpg&#8221;] Evenimente in TimisoaraGusturile Banatului ajung la BIAS 2026. Timi\u0219ul \u00ee\u0219i promoveaz\u0103 gastronomia la Bucure\u0219ti Evenimente in Timisoara \u0218tiri Locale \u0218tiri na\u021bionale \u0219i interna\u021bionale Turism Gusturile Banatului ajung la BIAS 2026. Timi\u0219ul \u00ee\u0219i promoveaz\u0103 gastronomia la Bucure\u0219ti De c\u0103tre redactia &#8211; 28\/08\/2026 Facebook Twitter WhatsApp Linkedin ReddIt Email Imprimare Timi\u0219ul aduce gusturile Banatului [&hellip;]<\/p>\n","protected":false},"author":1,"featured_media":0,"comment_status":"open","ping_status":"","sticky":false,"template":"","format":"standard","meta":{"footnotes":""},"categories":[89],"tags":[226,189],"class_list":["post-2116842","post","type-post","status-publish","format-standard","hentry","category-romania","tag-crawlmanager","tag-orasul-timisoara-ro"],"_links":{"self":[{"href":"https:\/\/analyse.optim.biz\/index.php?rest_route=\/wp\/v2\/posts\/2116842","targetHints":{"allow":["GET"]}}],"collection":[{"href":"https:\/\/analyse.optim.biz\/index.php?rest_route=\/wp\/v2\/posts"}],"about":[{"href":"https:\/\/analyse.optim.biz\/index.php?rest_route=\/wp\/v2\/types\/post"}],"author":[{"embeddable":true,"href":"https:\/\/analyse.optim.biz\/index.php?rest_route=\/wp\/v2\/users\/1"}],"replies":[{"embeddable":true,"href":"https:\/\/analyse.optim.biz\/index.php?rest_route=%2Fwp%2Fv2%2Fcomments&post=2116842"}],"version-history":[{"count":0,"href":"https:\/\/analyse.optim.biz\/index.php?rest_route=\/wp\/v2\/posts\/2116842\/revisions"}],"wp:attachment":[{"href":"https:\/\/analyse.optim.biz\/index.php?rest_route=%2Fwp%2Fv2%2Fmedia&parent=2116842"}],"wp:term":[{"taxonomy":"category","embeddable":true,"href":"https:\/\/analyse.optim.biz\/index.php?rest_route=%2Fwp%2Fv2%2Fcategories&post=2116842"},{"taxonomy":"post_tag","embeddable":true,"href":"https:\/\/analyse.optim.biz\/index.php?rest_route=%2Fwp%2Fv2%2Ftags&post=2116842"}],"curies":[{"name":"wp","href":"https:\/\/api.w.org\/{rel}","templated":true}]}}