{"id":211680,"date":"2014-02-17T18:53:57","date_gmt":"2014-02-17T15:53:57","guid":{"rendered":"https:\/\/analyse.optim.biz\/?p=211680"},"modified":"2014-02-17T18:53:57","modified_gmt":"2014-02-17T15:53:57","slug":"elena-udrea-a-anuntat-un-miting-al-pmp-impotriva-accizei-de-7-eurocenti","status":"publish","type":"post","link":"https:\/\/analyse.optim.biz\/?p=211680","title":{"rendered":"Elena Udrea a anun\u021bat un miting al PMP \u00eempotriva accizei de 7 eurocen\u021bi"},"content":{"rendered":"<div class=\"entry data-app-meta data-app-meta-article\" data-embed-base-url-canonical=\"https:\/\/www.digi24.ro\/embed\/stiri\/actualitate\/politica\/elena-udrea-a-anuntat-un-miting-al-pmp-impotriva-accizei-de-7-eurocenti-201758\">\n<p data-index=\"1\">\u201e<span>S\u0103 organiz\u0103m un mare miting \u00een Capital\u0103, pe 16 martie, un miting \u00eempotriva accizei de 7 eurocen\u021bi, \u00een urma lui vom prezenta toat\u0103 sus\u021binerea cet\u0103\u021benilor fa\u021b\u0103 de ini\u021biativa noastr\u0103, concretizat\u0103 \u00een cele un milion de semn\u0103turi pe care le vom \u00eenm\u00e2na premierului\u201d, a spus <strong>Elena Udrea<\/strong>.<\/span><\/p>\n<p data-index=\"2\"><a href=\"https:\/\/www.digi24.ro\/Stiri\/Digi24\/Actualitate\/Stiri\/Traian+Basescu+despre+cresterea+taxei+la+carburant+Ii+voi+chema+\" data-skip-linkfix=\"1\">Despre proteste a vorbit \u0219i pre\u015fedintele <strong>Traian B\u0103sescu<\/strong><\/a>. \u0218eful statului a declarat, \u00een urm\u0103 cu o s\u0103pt\u0103m\u00e2n\u0103 c\u0103, dac\u0103 Guvernul va men\u0163ine acciza, va fi nevoit s\u0103 cheme oamenii \u00een strad\u0103.<\/p>\n<p data-index=\"3\"><a href=\"https:\/\/www.digi24.ro\/Stiri\/Digi24\/Actualitate\/Politica\/Liviu+Dragnea+Il+astept+pe+Basescu+sa+cheme+lumea+in+strada+Poat\" data-skip-linkfix=\"1\">O declara\u0163ie care a st\u00e2rnit imediat reac\u0163ii<\/a>. Pre\u015fedintelui executiv al PSD, <strong>Liviu Dragnea<\/strong>, a spus c\u0103 mesajul pre\u015fedintelui incit\u0103 la violen\u0163\u0103 \u015fi dezordine social\u0103 \u015fi i-a transmis acestuia \u015fi un avertisment: acela c\u0103 \u015fi PSD ar putea chema oamenii \u00een strad\u0103.<\/p>\n<\/div>\n<p> Source URL: https:\/\/www.digi24.ro\/stiri\/actualitate\/politica\/elena-udrea-a-anuntat-un-miting-al-pmp-impotriva-accizei-de-7-eurocenti-201758<\/p>\n","protected":false},"excerpt":{"rendered":"<p>\u201eS\u0103 organiz\u0103m un mare miting \u00een Capital\u0103, pe 16 martie, un miting \u00eempotriva accizei de 7 eurocen\u021bi, \u00een urma lui vom prezenta toat\u0103 sus\u021binerea cet\u0103\u021benilor fa\u021b\u0103 de ini\u021biativa noastr\u0103, concretizat\u0103 \u00een cele un milion de semn\u0103turi pe care le vom \u00eenm\u00e2na premierului\u201d, a spus Elena Udrea. Despre proteste a vorbit \u0219i pre\u015fedintele Traian B\u0103sescu. \u0218eful [&hellip;]<\/p>\n","protected":false},"author":1,"featured_media":211681,"comment_status":"open","ping_status":"","sticky":false,"template":"","format":"standard","meta":{"footnotes":""},"categories":[2],"tags":[11],"class_list":["post-211680","post","type-post","status-publish","format-standard","has-post-thumbnail","hentry","category-politics","tag-digi24"],"_links":{"self":[{"href":"https:\/\/analyse.optim.biz\/index.php?rest_route=\/wp\/v2\/posts\/211680","targetHints":{"allow":["GET"]}}],"collection":[{"href":"https:\/\/analyse.optim.biz\/index.php?rest_route=\/wp\/v2\/posts"}],"about":[{"href":"https:\/\/analyse.optim.biz\/index.php?rest_route=\/wp\/v2\/types\/post"}],"author":[{"embeddable":true,"href":"https:\/\/analyse.optim.biz\/index.php?rest_route=\/wp\/v2\/users\/1"}],"replies":[{"embeddable":true,"href":"https:\/\/analyse.optim.biz\/index.php?rest_route=%2Fwp%2Fv2%2Fcomments&post=211680"}],"version-history":[{"count":0,"href":"https:\/\/analyse.optim.biz\/index.php?rest_route=\/wp\/v2\/posts\/211680\/revisions"}],"wp:featuredmedia":[{"embeddable":true,"href":"https:\/\/analyse.optim.biz\/index.php?rest_route=\/wp\/v2\/media\/211681"}],"wp:attachment":[{"href":"https:\/\/analyse.optim.biz\/index.php?rest_route=%2Fwp%2Fv2%2Fmedia&parent=211680"}],"wp:term":[{"taxonomy":"category","embeddable":true,"href":"https:\/\/analyse.optim.biz\/index.php?rest_route=%2Fwp%2Fv2%2Fcategories&post=211680"},{"taxonomy":"post_tag","embeddable":true,"href":"https:\/\/analyse.optim.biz\/index.php?rest_route=%2Fwp%2Fv2%2Ftags&post=211680"}],"curies":[{"name":"wp","href":"https:\/\/api.w.org\/{rel}","templated":true}]}}