{"id":2116788,"date":"2026-08-27T06:26:51","date_gmt":"2026-08-27T03:26:51","guid":{"rendered":"https:\/\/analyse.optim.biz\/?p=2116788"},"modified":"2026-08-27T06:26:51","modified_gmt":"2026-08-27T03:26:51","slug":"traseism-la-nivel-inalt-pe-scena-politica-sanda-nicola-preia-conducerea-pnl-sector-2-sub-binecuvantarea-lui-bolojan","status":"publish","type":"post","link":"https:\/\/analyse.optim.biz\/?p=2116788","title":{"rendered":"Traseism la nivel \u00eenalt pe scena politic\u0103: Sanda Nicola preia conducerea PNL Sector 2 sub binecuv\u00e2ntarea lui Bolojan"},"content":{"rendered":"<p>[analyse_image type=&#8221;featured&#8221; src=&#8221;https:\/\/60m.ro\/wp-content\/uploads\/2026\/08\/9907f309-6b76-49c1-a794-f493d6910e05.png&#8221;]<\/p>\n<div class=\"articleBody\" data-key=\"articleBody\">\nScena politic\u0103 din Capital\u0103 ofer\u0103 un nou episod de traseism \u0219i oportunitate de partid, ambalat sub pretextul reform\u0103rii forma\u021biunilor tradi\u021bionale. Fosta jurnalist\u0103 Sanda Nicola a devenit oficial membr\u0103 PNL \u0219i a fost instalat\u0103 direct la conducerea organiza\u021biei liberale din Sectorul 2, \u00eenlocuind-o pe Monica Anisie. Mutarea vine s\u0103 confirme o strategie controversat\u0103 aplicat\u0103 la v\u00e2rful partidului, prin care personaje provenite din alte forma\u021biuni sau mi\u0219c\u0103ri politice e\u0219uate sunt promovate la c\u00e2rma filialelor \u00een dauna membrilor vechi.<\/p>\n<p>Ceea ce atrage aten\u021bia este parcursul politic recent al noii \u0219efe de la Sectorul 2, care s-a remarcat anterior prin sus\u021binerea \u0219i implicarea direct\u0103 \u00een proiectul politic al lui Mircea Geoan\u0103. \u00centrebat\u0103 public despre motivele care au stat la baza \u00eenscrierii \u00een PNL, r\u0103spunsul oferit \u2013 un lejer \u201eDe ce nu?\u201d \u2013 sintetizeaz\u0103 perfect lipsa unor doctrine clare sau a unor linii ro\u0219ii \u00een politica autohton\u0103. Traseismul devine astfel o simpl\u0103 op\u021biune de carier\u0103, unde trecutul ideologic sau afilierea la proiecte e\u0219uate nu mai reprezint\u0103 niciun fel de obstacol.<\/p>\n<p>Decizia de numire poart\u0103 girul direct al conducerii centrale, fiind sus\u021binut\u0103 de Ilie Bolojan \u0219i de primarul general Ciprian Ciucu. Strategia de a aduce personaje din exterior pentru a prelua organiza\u021bii locale semnaleaz\u0103 un faliment al resurselor interne \u0219i o desconsiderare a muncii depuse de membrii de partid cu vechime. Mai mult, votul acordat \u00een unanimitate \u00een Biroul Politic Na\u021bional arat\u0103 c\u0103 deciziile se iau \u00een continuare la ordin de sus, partidul execut\u00e2nd docil directivele stabilite de la v\u00e2rf.<\/p>\n<p>Promov\u0103rile pe baz\u0103 de conjunctur\u0103 \u0219i lipsa de criterii doctrinare confirm\u0103 c\u0103 reformele tr\u00e2mbi\u021bate la nivel \u00eenalt se reduc la simple permut\u0103ri de cadre. \u00cen loc de principii liberale \u0219i meritocra\u021bie, PNL continu\u0103 s\u0103 mizeze pe oportuni\u0219ti de ocazie \u0219i pe voturi trase la indigo, dovedind c\u0103 mecanismele interne de putere au r\u0103mas neschimbate indiferent de numele celui care conduce partidul.<\/p>\n<\/div>\n<p>[analyse_source url=&#8221;https:\/\/60m.ro\/traseism-la-nivel-inalt-pe-scena-politica-sanda-nicola-preia-conducerea-pnl-sector-2-sub-binecuvantarea-lui-bolojan\/&#8221;]<\/p>\n","protected":false},"excerpt":{"rendered":"<p>[analyse_image type=&#8221;featured&#8221; src=&#8221;https:\/\/60m.ro\/wp-content\/uploads\/2026\/08\/9907f309-6b76-49c1-a794-f493d6910e05.png&#8221;] Scena politic\u0103 din Capital\u0103 ofer\u0103 un nou episod de traseism \u0219i oportunitate de partid, ambalat sub pretextul reform\u0103rii forma\u021biunilor tradi\u021bionale. Fosta jurnalist\u0103 Sanda Nicola a devenit oficial membr\u0103 PNL \u0219i a fost instalat\u0103 direct la conducerea organiza\u021biei liberale din Sectorul 2, \u00eenlocuind-o pe Monica Anisie. Mutarea vine s\u0103 confirme o strategie controversat\u0103 [&hellip;]<\/p>\n","protected":false},"author":1,"featured_media":0,"comment_status":"open","ping_status":"","sticky":false,"template":"","format":"standard","meta":{"footnotes":""},"categories":[89],"tags":[100,226],"class_list":["post-2116788","post","type-post","status-publish","format-standard","hentry","category-romania","tag-60m-ro","tag-crawlmanager"],"_links":{"self":[{"href":"https:\/\/analyse.optim.biz\/index.php?rest_route=\/wp\/v2\/posts\/2116788","targetHints":{"allow":["GET"]}}],"collection":[{"href":"https:\/\/analyse.optim.biz\/index.php?rest_route=\/wp\/v2\/posts"}],"about":[{"href":"https:\/\/analyse.optim.biz\/index.php?rest_route=\/wp\/v2\/types\/post"}],"author":[{"embeddable":true,"href":"https:\/\/analyse.optim.biz\/index.php?rest_route=\/wp\/v2\/users\/1"}],"replies":[{"embeddable":true,"href":"https:\/\/analyse.optim.biz\/index.php?rest_route=%2Fwp%2Fv2%2Fcomments&post=2116788"}],"version-history":[{"count":0,"href":"https:\/\/analyse.optim.biz\/index.php?rest_route=\/wp\/v2\/posts\/2116788\/revisions"}],"wp:attachment":[{"href":"https:\/\/analyse.optim.biz\/index.php?rest_route=%2Fwp%2Fv2%2Fmedia&parent=2116788"}],"wp:term":[{"taxonomy":"category","embeddable":true,"href":"https:\/\/analyse.optim.biz\/index.php?rest_route=%2Fwp%2Fv2%2Fcategories&post=2116788"},{"taxonomy":"post_tag","embeddable":true,"href":"https:\/\/analyse.optim.biz\/index.php?rest_route=%2Fwp%2Fv2%2Ftags&post=2116788"}],"curies":[{"name":"wp","href":"https:\/\/api.w.org\/{rel}","templated":true}]}}