{"id":2116638,"date":"2026-08-28T15:06:39","date_gmt":"2026-08-28T12:06:39","guid":{"rendered":"https:\/\/analyse.optim.biz\/?p=2116638"},"modified":"2026-08-28T15:06:39","modified_gmt":"2026-08-28T12:06:39","slug":"motogp-2026-gp-di-spagna-ad-aragon-marc-marquez-ce-ma-marco-bezzecchi-di-piu-pre-qualifiche-con-record-classifica","status":"publish","type":"post","link":"https:\/\/analyse.optim.biz\/?p=2116638","title":{"rendered":"MotoGP 2026. GP di Spagna ad Aragon. Marc M\u00e1rquez c&#8217;\u00e8 ma Marco Bezzecchi di pi\u00f9! Pre-qualifiche con record! [CLASSIFICA]"},"content":{"rendered":"<div class=\"atxt atxt--first \" id=\"part-1649434\">\n<p><a href=\"https:\/\/www.moto.it\/MotoGP\/motogp-2026-gp-spagna-aragon-fp1-marc-marquez-1-primo-classifica.html\"><span class=\"atxt-dropcap\">S<\/span>tamani <strong>Marc M\u00e1rquez <\/strong>era primo nelle FP1<\/a>, al pomeriggio \u00e8 stato primo per quasi tutto il turno e ha fatto il suo miglior giro al 17\u00b0, quando ancora mancavano diversi minuti alla fine.<\/p>\n<p>Quell&#8217;1.45.493 \u00e8 stato il <strong>record per alcuni minuti <\/strong>(il precedente era 1&#8217;45.704 sempre di MM, del 2025, mentre in gara \u00e8 1&#8217;46.705, sempre MM nel 2025).<\/p>\n<p>Poi \u00e8 arrivato <strong>Marco Bezzecchi <\/strong>nel finale: <strong>1.45.455, <\/strong>primo posto e record sulla pista sinistrorsa di Aragon. Anche Bez, <a href=\"https:\/\/www.moto.it\/MotoGP\/motogp-2026-gp-di-spagna-ad-aragon-marc-marquez-e-i-problemi-al-braccio-a-silverstone-pensavo-di-stare-meglio-aragon-con-la-125-stavo-dietro-alle-moto2.html\">oltre a MM<\/a>, ha detto di non stare ancora benissimo,\u00a0<strong><a href=\"https:\/\/www.moto.it\/MotoGP\/motogp-2026-gp-di-spagna-ad-aragon-marco-bezzecchi-soffro-ancora-parecchio-ginocchio-sinistro-infortunio-richiede-tempo.html\">causa ginocchio<\/a>.<\/strong><\/p>\n<p>MM ha provato a migliorare nel finale ma non \u00e8 riuscito e anzi, \u00e8 stato sorpassato anche dal<strong> fratello \u00c1lex<\/strong>: 1.45.465.<\/p>\n<p>Quindi primo Bez, poi \u00c1lex e Marc M\u00e1rquez.<\/p>\n<p><strong>Dal 4\u00b0 al 10\u00b0<\/strong>, quindi direttamente in Q2: <strong>Diggia, Aldeguer, Raul, Mart\u00edn <\/strong>(stamani era 18\u00b0),\u00a0<strong>Acosta, Morbidelli <\/strong>e<strong> Zarco <\/strong>(appena rientrato subito 1\u00aa Honda e Q2 diretta, wow)<\/p>\n<p><strong>Escluso eccellente dalla Q2 diretta\u00a0<\/strong>\u00e8 stato\u00a0<strong>Pecco Bagnaia.\u00a0<\/strong>Stamani 20\u00b0, nel pomeriggio 13\u00b0 a due decimi dal 10\u00b0 posto, ma a un secondo dalle due migliori Ducati.<\/p>\n<\/div>\n<div class=\"atxt  \" id=\"part-1649435\">\n<h2 class=\"atxt-title\">\n            Annotazioni<br \/>\n        <\/h2>\n<p><span class=\"cms-first-letter\">&#8211;<\/span> <strong>prime 10 moto<\/strong>: 5 Ducati (manca Bagnaia, 13\u00b0), 3 Aprilia (manca Savadori, ultimo), 1 KTM (Acosta) e 1 Honda (Zarco). Zero Yamaha<\/p>\n<p>&#8211;\u00a0<strong>rookie<\/strong>: 11\u00b0 Moreira e 21\u00b0 Toprak (ultimo tra i piloti ufficiali, dietro anche a Pol Espargaro)<\/p>\n<p>&#8211;<strong> come leggere il 3\u00b0 posto di MM<\/strong>: evidentemente non ha la superiorit\u00e0 netta mostrata qua tante volte. Probabilmente, anzi molto probabilmente ci\u00f2 \u00e8 dovuto ai problemi al braccio destro (7 operazioni). Segnali positivi: \u00e8 stato davanti per tutto il turno e ha fatto il 3\u00b0 tempo quando ancora mancavano diversi minuti alla fine. Bilancio: pu\u00f2 sicuramente lottare per la pole e per la vittoria, non sta dominando in una delle sue piste.\u00a0<\/p>\n<p>&#8211;\u00a0<strong>sostituti<\/strong>: Pol Espargaro al posto di Vinales, Savadori al posto di Ogura<\/p>\n<\/div>\n","protected":false},"excerpt":{"rendered":"<p>Stamani Marc M\u00e1rquez era primo nelle FP1, al pomeriggio \u00e8 stato primo per quasi tutto il turno e ha fatto il suo miglior giro al 17\u00b0, quando ancora mancavano diversi minuti alla fine. Quell&#8217;1.45.493 \u00e8 stato il record per alcuni minuti (il precedente era 1&#8217;45.704 sempre di MM, del 2025, mentre in gara \u00e8 1&#8217;46.705, [&hellip;]<\/p>\n","protected":false},"author":1,"featured_media":0,"comment_status":"open","ping_status":"","sticky":false,"template":"","format":"standard","meta":{"footnotes":""},"categories":[1],"tags":[226,238],"class_list":["post-2116638","post","type-post","status-publish","format-standard","hentry","category-uncategorized","tag-crawlmanager","tag-moto-it"],"_links":{"self":[{"href":"https:\/\/analyse.optim.biz\/index.php?rest_route=\/wp\/v2\/posts\/2116638","targetHints":{"allow":["GET"]}}],"collection":[{"href":"https:\/\/analyse.optim.biz\/index.php?rest_route=\/wp\/v2\/posts"}],"about":[{"href":"https:\/\/analyse.optim.biz\/index.php?rest_route=\/wp\/v2\/types\/post"}],"author":[{"embeddable":true,"href":"https:\/\/analyse.optim.biz\/index.php?rest_route=\/wp\/v2\/users\/1"}],"replies":[{"embeddable":true,"href":"https:\/\/analyse.optim.biz\/index.php?rest_route=%2Fwp%2Fv2%2Fcomments&post=2116638"}],"version-history":[{"count":0,"href":"https:\/\/analyse.optim.biz\/index.php?rest_route=\/wp\/v2\/posts\/2116638\/revisions"}],"wp:attachment":[{"href":"https:\/\/analyse.optim.biz\/index.php?rest_route=%2Fwp%2Fv2%2Fmedia&parent=2116638"}],"wp:term":[{"taxonomy":"category","embeddable":true,"href":"https:\/\/analyse.optim.biz\/index.php?rest_route=%2Fwp%2Fv2%2Fcategories&post=2116638"},{"taxonomy":"post_tag","embeddable":true,"href":"https:\/\/analyse.optim.biz\/index.php?rest_route=%2Fwp%2Fv2%2Ftags&post=2116638"}],"curies":[{"name":"wp","href":"https:\/\/api.w.org\/{rel}","templated":true}]}}