{"id":2116636,"date":"2026-08-26T21:00:00","date_gmt":"2026-08-26T18:00:00","guid":{"rendered":"https:\/\/analyse.optim.biz\/?p=2116636"},"modified":"2026-08-26T21:00:00","modified_gmt":"2026-08-26T18:00:00","slug":"dgaspc-vrancea-organizeaza-un-nou-workshop-scoala-parintilor-2","status":"publish","type":"post","link":"https:\/\/analyse.optim.biz\/?p=2116636","title":{"rendered":"DGASPC Vrancea organizeaz\u0103 un nou workshop \u201e\u0218coala P\u0103rin\u021bilor\u201d"},"content":{"rendered":"<p>[analyse_image type=&#8221;featured&#8221; src=&#8221;https:\/\/www.monitoruldevrancea.ro\/wp-content\/uploads\/2026\/08\/DGASPC-Afis-workshop-723&#215;1024.png&#8221;]<\/p>\n<div class=\"td_block_wrap tdb_single_content tdi_123 td-pb-border-top td_block_template_1 td-post-content tagdiv-type\" data-td-block-uid=\"tdi_123\">\n<div class=\"tdb-block-inner td-fix-index\">\n<p><strong>COMUNICAT DE PRES\u0102:<\/strong><\/p>\n<p><em>DGASPC Vrancea organizeaz\u0103 un nou workshop \u201e\u0218coala P\u0103rin\u021bilor\u201d \u2013 \u201e\u00centoarcerea la Sine \u2013 eliberarea de programe mentale \u0219i drumul c\u0103tre autenticitate\u201d<\/em><\/p>\n<p><strong>Centrul Comunitar de Servicii pentru Copiii cu Dizabilit\u0103\u021bi Petre\u0219ti din cadrul DGASPC Vrancea are deosebita pl\u0103cere de a invita p\u0103rin\u021bii, apar\u021bin\u0103torii \u0219i toate persoanele interesate s\u0103 participe la workshop-ul \u201e\u00centoarcerea la Sine \u2013 eliberarea de programe mentale \u0219i drumul c\u0103tre autenticitate\u201d, care va avea loc vineri, 28 august 2026, \u00eencep\u00e2nd cu ora 13:00.<\/strong><\/p>\n<p>Workshop-ul \u00ee\u0219i propune s\u0103 creeze un cadru de reflec\u021bie \u0219i dialog despre modul \u00een care experien\u021bele de via\u021b\u0103, convingerile \u0219i tiparele de g\u00e2ndire dob\u00e2ndite \u00een timp ne pot \u00eendep\u0103rta de propriile nevoi, valori \u0219i de ceea ce percepem ca fiind autentic pentru noi.<\/p>\n<p>Participan\u021bii vor explora modalit\u0103\u021bi prin care pot identifica tiparele mentale limitative \u0219i pot construi o rela\u021bie mai con\u0219tient\u0103 cu propriile g\u00e2nduri, emo\u021bii \u0219i alegeri. Accentul va fi pus pe autocunoa\u0219tere, claritate, \u00eencredere \u0219i echilibru interior, precum \u0219i pe dezvoltarea unor resurse practice care pot fi integrate \u00een via\u021ba de zi cu zi.<\/p>\n<p>\u00cen cadrul \u00eent\u00e2lnirii va fi abordat rolul min\u021bii \u0219i al con\u0219tiin\u021bei \u00een procesul de autocunoa\u0219tere, precum \u0219i importan\u021ba reconect\u0103rii cu propriile valori \u0219i nevoi. Prin discu\u021bii \u0219i exerci\u021bii practice, participan\u021bii vor fi \u00eencuraja\u021bi s\u0103 priveasc\u0103 dintr-o perspectiv\u0103 nou\u0103 mecanismele \u0219i convingerile care le influen\u021beaz\u0103 comportamentul \u0219i rela\u021biile cu cei din jur.<\/p>\n<p>Workshop-ul urm\u0103re\u0219te s\u0103 ofere un spa\u021biu deschis \u0219i sigur pentru reflec\u021bie, \u00een\u021belegere \u0219i dezvoltare personal\u0103, \u00een care fiecare participant s\u0103 poat\u0103 descoperi propriile resurse pentru o via\u021b\u0103 tr\u0103it\u0103 cu mai mult\u0103 claritate, autenticitate \u0219i echilibru.<\/p>\n<p>V\u0103 a\u0219tept\u0103m cu drag, pentru o \u00eent\u00e2lnire dedicat\u0103 autocunoa\u0219terii, reconect\u0103rii \u0219i descoperirii resurselor interioare care ne pot ajuta s\u0103 tr\u0103im mai con\u0219tient \u0219i mai aproape de propriile valori. Evenimentul va fi moderat de Daniela \u0218andru, psiholog-psihoterapeut.<\/p>\n<p><strong><em>Detalii despre workshop:<\/em><\/strong><\/p>\n<p>Titlu: \u201e\u00centoarcerea la Sine \u2013 eliberarea de programe mentale \u0219i drumul c\u0103tre autenticitate\u201d\u00a0<\/p>\n<p>Data: 28.08.2026, de la ora 13.00<\/p>\n<p>Sus\u021binut de: Daniela \u0218andru \u2013 psiholog-psihoterapeut\u00a0<\/p>\n<p>Organizator: Centrul Comunitar de Servicii pentru Copii cu Dizabilit\u0103\u021bi<\/p>\n<p>Adres\u0103: Strada Muzeului nr. 1 Petre\u0219ti (fostul Complex \u2018C\u0103prioara\u2019)\u00a0<\/p>\n<p>Rezerv\u0103ri: 0237\/626.766<\/p>\n<\/div>\n<\/div>\n<p>[analyse_source url=&#8221;https:\/\/www.monitoruldevrancea.ro\/2026\/08\/27\/dgaspc-vrancea-organizeaza-un-nou-workshop-scoala-parintilor-2\/&#8221;]<\/p>\n","protected":false},"excerpt":{"rendered":"<p>[analyse_image type=&#8221;featured&#8221; src=&#8221;https:\/\/www.monitoruldevrancea.ro\/wp-content\/uploads\/2026\/08\/DGASPC-Afis-workshop-723&#215;1024.png&#8221;] COMUNICAT DE PRES\u0102: DGASPC Vrancea organizeaz\u0103 un nou workshop \u201e\u0218coala P\u0103rin\u021bilor\u201d \u2013 \u201e\u00centoarcerea la Sine \u2013 eliberarea de programe mentale \u0219i drumul c\u0103tre autenticitate\u201d Centrul Comunitar de Servicii pentru Copiii cu Dizabilit\u0103\u021bi Petre\u0219ti din cadrul DGASPC Vrancea are deosebita pl\u0103cere de a invita p\u0103rin\u021bii, apar\u021bin\u0103torii \u0219i toate persoanele interesate s\u0103 participe la [&hellip;]<\/p>\n","protected":false},"author":1,"featured_media":0,"comment_status":"open","ping_status":"","sticky":false,"template":"","format":"standard","meta":{"footnotes":""},"categories":[89],"tags":[226,209],"class_list":["post-2116636","post","type-post","status-publish","format-standard","hentry","category-romania","tag-crawlmanager","tag-monitoruldevrancea-ro"],"_links":{"self":[{"href":"https:\/\/analyse.optim.biz\/index.php?rest_route=\/wp\/v2\/posts\/2116636","targetHints":{"allow":["GET"]}}],"collection":[{"href":"https:\/\/analyse.optim.biz\/index.php?rest_route=\/wp\/v2\/posts"}],"about":[{"href":"https:\/\/analyse.optim.biz\/index.php?rest_route=\/wp\/v2\/types\/post"}],"author":[{"embeddable":true,"href":"https:\/\/analyse.optim.biz\/index.php?rest_route=\/wp\/v2\/users\/1"}],"replies":[{"embeddable":true,"href":"https:\/\/analyse.optim.biz\/index.php?rest_route=%2Fwp%2Fv2%2Fcomments&post=2116636"}],"version-history":[{"count":0,"href":"https:\/\/analyse.optim.biz\/index.php?rest_route=\/wp\/v2\/posts\/2116636\/revisions"}],"wp:attachment":[{"href":"https:\/\/analyse.optim.biz\/index.php?rest_route=%2Fwp%2Fv2%2Fmedia&parent=2116636"}],"wp:term":[{"taxonomy":"category","embeddable":true,"href":"https:\/\/analyse.optim.biz\/index.php?rest_route=%2Fwp%2Fv2%2Fcategories&post=2116636"},{"taxonomy":"post_tag","embeddable":true,"href":"https:\/\/analyse.optim.biz\/index.php?rest_route=%2Fwp%2Fv2%2Ftags&post=2116636"}],"curies":[{"name":"wp","href":"https:\/\/api.w.org\/{rel}","templated":true}]}}