{"id":2116635,"date":"2026-08-27T21:00:00","date_gmt":"2026-08-27T18:00:00","guid":{"rendered":"https:\/\/analyse.optim.biz\/?p=2116635"},"modified":"2026-08-27T21:00:00","modified_gmt":"2026-08-27T18:00:00","slug":"video-presedintele-nicusor-halici-ii-invita-pe-vranceni-la-festivalul-folcloric-la-muchia-bradului-de-la-nereju","status":"publish","type":"post","link":"https:\/\/analyse.optim.biz\/?p=2116635","title":{"rendered":"VIDEO! Pre\u0219edintele Nicu\u0219or Halici \u00eei invit\u0103 pe vr\u00e2nceni la Festivalul Folcloric \u201eLa Muchia Bradului\u201d, de la Nereju"},"content":{"rendered":"<p>[analyse_image type=&#8221;featured&#8221; src=&#8221;https:\/\/www.monitoruldevrancea.ro\/wp-content\/uploads\/2026\/08\/halici-1.jpg&#8221;]<\/p>\n<div class=\"td_block_wrap tdb_single_content tdi_123 td-pb-border-top td_block_template_1 td-post-content tagdiv-type\" data-td-block-uid=\"tdi_123\">\n<div class=\"tdb-block-inner td-fix-index\">\n<p>Nicu\u0219or Halici, pre\u0219edintele Consiliului Jude\u021bean Vrancea, \u00eei invit\u0103 pe vr\u00e2nceni duminic\u0103 la Nereju, la Festivalul Folcloric \u201eLa Muchia Bradului\u201d:<\/p>\n<p>\u201eDuminic\u0103, Vrancea se \u00eent\u00e2lne\u0219te la Nereju cu tradi\u021bia!<\/p>\n<p>Pe 30 august, de la ora 12.00, v\u0103 invit\u0103m la cea de-a XV-a edi\u021bie a Festivalului Folcloric \u201eLa Muchia Bradului\u201d \u2013 o s\u0103rb\u0103toare a c\u00e2ntecului, jocului, portului popular \u0219i a oamenilor care p\u0103streaz\u0103 vie identitatea Vrancei.<\/p>\n<p>Pe scen\u0103 vor urca ansambluri folclorice din Spulber, Nistore\u0219ti, Paltin, Jitia, Vulturu \u0219i Nereju, iar atmosfera de s\u0103rb\u0103toare va fi completat\u0103 de recitalurile \u00eendr\u0103gi\u021bilor arti\u0219ti Cosmina Adam \u0219i Ion Palade.<\/p>\n<p>Un loc aparte \u00eel vor avea me\u0219te\u0219ugarii din Nereju, cei care duc mai departe, din genera\u021bie \u00een genera\u021bie, priceperea, simbolurile \u0219i pove\u0219tile acestui \u021binut. Prin m\u00e2inile lor, tradi\u021bia nu r\u0103m\u00e2ne doar o amintire, ci continu\u0103 s\u0103 tr\u0103iasc\u0103.<\/p>\n<p>Evenimentul va fi prezentat de actorul Sorin Francu.<\/p>\n<p>Festivalul este organizat de Consiliul Jude\u021bean Vrancea, prin Centrul Cultural Vrancea, \u00eempreun\u0103 cu Prim\u0103ria Comunei Nereju, Consiliul Local Nereju, Ob\u0219tea Comunei Nereju \u0219i OMD \u201eVin \u00een Vrancea\u201d.<\/p>\n<p>La Nereju, tradi\u021bia nu apar\u021bine doar trecutului. Ea tr\u0103ie\u0219te prin oamenii locului, prin comunitate \u0219i prin fiecare genera\u021bie care alege s\u0103 duc\u0103 mai departe ceea ce ne define\u0219te.<\/p>\n<p>Vrancea are o identitate puternic\u0103, iar datoria noastr\u0103 este s\u0103 o p\u0103str\u0103m, s\u0103 o promov\u0103m \u0219i s\u0103 o facem cunoscut\u0103 mai departe. Pentru c\u0103 tradi\u021biile noastre sunt parte din ceea ce suntem \u0219i din ceea ce l\u0103s\u0103m genera\u021biilor care vin.<\/p>\n<p>V\u0103 a\u0219tept\u0103m cu drag la \u201eLa Muchia Bradului\u201d, s\u0103 ne bucur\u0103m \u00eempreun\u0103 de Vrancea autentic\u0103!\u201d<\/p>\n<p><iframe loading=\"lazy\" src=\"https:\/\/www.facebook.com\/plugins\/video.php?height=476&amp;href=https%3A%2F%2Fwww.facebook.com%2Freel%2F1728075105145242%2F&amp;show_text=false&amp;width=476&amp;t=0\" width=\"476\" height=\"476\" frameborder scrolling=\"no\" allowfullscreen=\"allowfullscreen\"><\/iframe><\/p>\n<\/div>\n<\/div>\n<p>[analyse_source url=&#8221;https:\/\/www.monitoruldevrancea.ro\/2026\/08\/28\/video-presedintele-nicusor-halici-ii-invita-pe-vranceni-la-festivalul-folcloric-la-muchia-bradului-de-la-nereju\/&#8221;]<\/p>\n","protected":false},"excerpt":{"rendered":"<p>[analyse_image type=&#8221;featured&#8221; src=&#8221;https:\/\/www.monitoruldevrancea.ro\/wp-content\/uploads\/2026\/08\/halici-1.jpg&#8221;] Nicu\u0219or Halici, pre\u0219edintele Consiliului Jude\u021bean Vrancea, \u00eei invit\u0103 pe vr\u00e2nceni duminic\u0103 la Nereju, la Festivalul Folcloric \u201eLa Muchia Bradului\u201d: \u201eDuminic\u0103, Vrancea se \u00eent\u00e2lne\u0219te la Nereju cu tradi\u021bia! Pe 30 august, de la ora 12.00, v\u0103 invit\u0103m la cea de-a XV-a edi\u021bie a Festivalului Folcloric \u201eLa Muchia Bradului\u201d \u2013 o s\u0103rb\u0103toare a c\u00e2ntecului, [&hellip;]<\/p>\n","protected":false},"author":1,"featured_media":0,"comment_status":"open","ping_status":"","sticky":false,"template":"","format":"standard","meta":{"footnotes":""},"categories":[89],"tags":[226,209],"class_list":["post-2116635","post","type-post","status-publish","format-standard","hentry","category-romania","tag-crawlmanager","tag-monitoruldevrancea-ro"],"_links":{"self":[{"href":"https:\/\/analyse.optim.biz\/index.php?rest_route=\/wp\/v2\/posts\/2116635","targetHints":{"allow":["GET"]}}],"collection":[{"href":"https:\/\/analyse.optim.biz\/index.php?rest_route=\/wp\/v2\/posts"}],"about":[{"href":"https:\/\/analyse.optim.biz\/index.php?rest_route=\/wp\/v2\/types\/post"}],"author":[{"embeddable":true,"href":"https:\/\/analyse.optim.biz\/index.php?rest_route=\/wp\/v2\/users\/1"}],"replies":[{"embeddable":true,"href":"https:\/\/analyse.optim.biz\/index.php?rest_route=%2Fwp%2Fv2%2Fcomments&post=2116635"}],"version-history":[{"count":0,"href":"https:\/\/analyse.optim.biz\/index.php?rest_route=\/wp\/v2\/posts\/2116635\/revisions"}],"wp:attachment":[{"href":"https:\/\/analyse.optim.biz\/index.php?rest_route=%2Fwp%2Fv2%2Fmedia&parent=2116635"}],"wp:term":[{"taxonomy":"category","embeddable":true,"href":"https:\/\/analyse.optim.biz\/index.php?rest_route=%2Fwp%2Fv2%2Fcategories&post=2116635"},{"taxonomy":"post_tag","embeddable":true,"href":"https:\/\/analyse.optim.biz\/index.php?rest_route=%2Fwp%2Fv2%2Ftags&post=2116635"}],"curies":[{"name":"wp","href":"https:\/\/api.w.org\/{rel}","templated":true}]}}