{"id":2116631,"date":"2026-08-27T21:00:00","date_gmt":"2026-08-27T18:00:00","guid":{"rendered":"https:\/\/analyse.optim.biz\/?p=2116631"},"modified":"2026-08-27T21:00:00","modified_gmt":"2026-08-27T18:00:00","slug":"minor-de-16-ani-pe-trotineta-electrica-ranit-dupa-ce-a-fost-lovit-de-o-masina-in-focsani","status":"publish","type":"post","link":"https:\/\/analyse.optim.biz\/?p=2116631","title":{"rendered":"Minor de 16 ani pe trotinet\u0103 electric\u0103, r\u0103nit dup\u0103 ce a fost lovit de o ma\u0219in\u0103 \u00een Foc\u0219ani"},"content":{"rendered":"<p>[analyse_image type=&#8221;featured&#8221; src=&#8221;https:\/\/www.monitoruldevrancea.ro\/wp-content\/uploads\/2026\/08\/IMG-20260828-WA0009.jpg&#8221;]<\/p>\n<div class=\"td_block_wrap tdb_single_content tdi_123 td-pb-border-top td_block_template_1 td-post-content tagdiv-type\" data-td-block-uid=\"tdi_123\">\n<div class=\"tdb-block-inner td-fix-index\">\n<p>Comunicat de pres\u0103, IPJ Vrancea:<\/p>\n<p>*ACCIDENT RUTIER \u00ceN MUNICIPIUL FOC\u0218ANI*<\/p>\n<p>La data de 28 august a.c., \u00een jurul orei 16:05, poli\u021bi\u0219tii din cadrul Inspectoratului de Poli\u021bie Jude\u021bean Vrancea au fost sesiza\u021bi cu privire la producerea unui accident rutier \u00een municipiul Foc\u0219ani.<\/p>\n<p>Din primele verific\u0103ri efectuate la fa\u021ba locului a reie\u0219it faptul c\u0103 o femeie \u00een v\u00e2rst\u0103 de 47 de ani, \u00een timp ce conducea un autoturism \u00een municipiul Foc\u0219ani, ar fi intrat \u00een coliziune cu o trotinet\u0103 electric\u0103, condus\u0103 de un minor \u00een v\u00e2rst\u0103 de 16 ani.<\/p>\n<p>\u00cen urma evenimentului rutier, a rezultat r\u0103nirea minorului, acesta fiind transportat la o unitate medical\u0103 pentru acordarea de \u00eengrijiri de specialitate.<\/p>\n<p>Conduc\u0103torii vehiculelor au fost testa\u021bi cu aparatul etilotest, rezultatele fiind negative. <\/p>\n<p>\u00cen cauz\u0103 a fost \u00eentocmit dosar penal sub aspectul s\u0103v\u00e2r\u0219irii infrac\u021biunii de v\u0103t\u0103mare corporal\u0103 din culp\u0103, iar cercet\u0103rile sunt continuate pentru stabilirea cu exactitate a \u00eemprejur\u0103rilor producerii accidentului rutier.<\/p>\n<\/div>\n<\/div>\n<p>[analyse_source url=&#8221;https:\/\/www.monitoruldevrancea.ro\/2026\/08\/28\/minor-de-16-ani-pe-trotineta-electrica-ranit-dupa-ce-a-fost-lovit-de-o-masina-in-focsani\/&#8221;]<\/p>\n","protected":false},"excerpt":{"rendered":"<p>[analyse_image type=&#8221;featured&#8221; src=&#8221;https:\/\/www.monitoruldevrancea.ro\/wp-content\/uploads\/2026\/08\/IMG-20260828-WA0009.jpg&#8221;] Comunicat de pres\u0103, IPJ Vrancea: *ACCIDENT RUTIER \u00ceN MUNICIPIUL FOC\u0218ANI* La data de 28 august a.c., \u00een jurul orei 16:05, poli\u021bi\u0219tii din cadrul Inspectoratului de Poli\u021bie Jude\u021bean Vrancea au fost sesiza\u021bi cu privire la producerea unui accident rutier \u00een municipiul Foc\u0219ani. Din primele verific\u0103ri efectuate la fa\u021ba locului a reie\u0219it faptul c\u0103 [&hellip;]<\/p>\n","protected":false},"author":1,"featured_media":0,"comment_status":"open","ping_status":"","sticky":false,"template":"","format":"standard","meta":{"footnotes":""},"categories":[89],"tags":[226,209],"class_list":["post-2116631","post","type-post","status-publish","format-standard","hentry","category-romania","tag-crawlmanager","tag-monitoruldevrancea-ro"],"_links":{"self":[{"href":"https:\/\/analyse.optim.biz\/index.php?rest_route=\/wp\/v2\/posts\/2116631","targetHints":{"allow":["GET"]}}],"collection":[{"href":"https:\/\/analyse.optim.biz\/index.php?rest_route=\/wp\/v2\/posts"}],"about":[{"href":"https:\/\/analyse.optim.biz\/index.php?rest_route=\/wp\/v2\/types\/post"}],"author":[{"embeddable":true,"href":"https:\/\/analyse.optim.biz\/index.php?rest_route=\/wp\/v2\/users\/1"}],"replies":[{"embeddable":true,"href":"https:\/\/analyse.optim.biz\/index.php?rest_route=%2Fwp%2Fv2%2Fcomments&post=2116631"}],"version-history":[{"count":0,"href":"https:\/\/analyse.optim.biz\/index.php?rest_route=\/wp\/v2\/posts\/2116631\/revisions"}],"wp:attachment":[{"href":"https:\/\/analyse.optim.biz\/index.php?rest_route=%2Fwp%2Fv2%2Fmedia&parent=2116631"}],"wp:term":[{"taxonomy":"category","embeddable":true,"href":"https:\/\/analyse.optim.biz\/index.php?rest_route=%2Fwp%2Fv2%2Fcategories&post=2116631"},{"taxonomy":"post_tag","embeddable":true,"href":"https:\/\/analyse.optim.biz\/index.php?rest_route=%2Fwp%2Fv2%2Ftags&post=2116631"}],"curies":[{"name":"wp","href":"https:\/\/api.w.org\/{rel}","templated":true}]}}