{"id":2116627,"date":"2026-08-27T21:00:00","date_gmt":"2026-08-27T18:00:00","guid":{"rendered":"https:\/\/analyse.optim.biz\/?p=2116627"},"modified":"2026-08-27T21:00:00","modified_gmt":"2026-08-27T18:00:00","slug":"foto-pompierii-vranceni-alaturi-de-copii-in-activitati-de-educatie-preventiva","status":"publish","type":"post","link":"https:\/\/analyse.optim.biz\/?p=2116627","title":{"rendered":"FOTO! Pompierii vr\u00e2nceni, al\u0103turi de copii \u00een activit\u0103\u021bi de educa\u021bie preventiv\u0103"},"content":{"rendered":"<p>[analyse_image type=&#8221;featured&#8221; src=&#8221;https:\/\/www.monitoruldevrancea.ro\/wp-content\/uploads\/2026\/08\/IMG-20260828-WA0011.jpg&#8221;]<\/p>\n<div class=\"td_block_wrap tdb_single_content tdi_123 td-pb-border-top td_block_template_1 td-post-content tagdiv-type\" data-td-block-uid=\"tdi_123\">\n<div class=\"tdb-block-inner td-fix-index\">\n<p><strong><em>Compartimentul Informare \u015fi Rela\u0163ii Publice al I.S.U. Vrancea<\/em><\/strong>:<\/p>\n<p class=\"has-text-align-center\"><strong>BULETIN INFORMATIV<\/strong><\/p>\n<p>\u00cen aceast\u0103 s\u0103pt\u0103m\u00e2n\u0103, pompierii din cadrul Inspectoratului pentru Situa\u021bii de Urgen\u021b\u0103 \u201eAnghel Saligny\u201d al jude\u021bului Vrancea au fost al\u0103turi de copii la \u0218coala de Var\u0103 \u201ePe uli\u021ba copil\u0103riei\u201d, organizat\u0103 la \u0218coala Gimnazial\u0103 \u201eProf. Panaite C. Mazilu\u201d din comuna Bro\u0219teni, \u00een colaborare cu Parohia Pitulu\u0219a-Bro\u0219teni \u0219i la Centrul de Agrement G\u0103l\u0103ciuc, unde a fost organizat\u0103 o tab\u0103r\u0103 ARC destinat\u0103 celor 70 de copii cu dizabilit\u0103\u021bi prezen\u021bi \u00een tab\u0103r\u0103.<\/p>\n<p>\u00cen cadrul activit\u0103\u021bilor, pompierii vr\u00e2nceni le-au vorbit copiilor despre importan\u021ba respect\u0103rii regulilor \u0219i m\u0103surilor de siguran\u021b\u0103 \u00een comunitate, despre recunoa\u0219terea \u0219i evitarea pericolelor, dar \u0219i despre modul corect de comportare \u00een diferite situa\u021bii de risc.<\/p>\n<p>\u00cent\u00e2lnirile au fost interactive, iar copiii au avut ocazia s\u0103 pun\u0103 \u00eentreb\u0103ri \u0219i s\u0103 afle, direct de la salvatori, c\u00e2t mai multe lucruri despre activitatea acestora \u0219i despre misiunile pe care le desf\u0103\u0219oar\u0103.<\/p>\n<p>Cei mici au putut descoperi autospecialele de interven\u021bie, tehnica \u0219i echipamentele din dotarea pompierilor, afl\u00e2nd la ce sunt folosite acestea \u0219i cum \u00eei ajut\u0103 pe salvatori \u00een timpul misiunilor. Curiozitatea nu a lipsit, iar \u00eentreb\u0103rile copiilor au transformat \u00eent\u00e2lnirile \u00eentr-un dialog deschis \u0219i prietenos.<\/p>\n<p>Pentru participan\u021bi, apropierea de lumea salvatorilor a fost o experien\u021b\u0103 deosebit\u0103, desf\u0103\u0219urat\u0103 \u00eentr-un cadru relaxat \u0219i atractiv. Pe l\u00e2ng\u0103 prezentarea tehnicii de interven\u021bie, pompierii le-au transmis informa\u021bii importante despre siguran\u021ba personal\u0103 \u0219i despre reac\u021bia potrivit\u0103 \u00een situa\u021bii de urgen\u021b\u0103, explic\u00e2ndu-le, pe \u00een\u021belesul lor, ce trebuie s\u0103 fac\u0103 atunci c\u00e2nd apare un pericol \u0219i, mai ales, ce comportamente trebuie evitate.<\/p>\n<p>Copiii au aflat c\u00e2t de important este s\u0103 respecte indica\u021biile adul\u021bilor \u0219i ale salvatorilor \u0219i s\u0103 apeleze num\u0103rul unic de urgen\u021b\u0103\u00a0<strong>112<\/strong>\u00a0atunci c\u00e2nd o situa\u021bie o impune.<\/p>\n<p>Astfel de activit\u0103\u021bi reprezint\u0103 o oportunitate important\u0103 pentru copii de a \u00eenv\u0103\u021ba, \u00eentr-un mod atractiv \u0219i interactiv, cum s\u0103 recunoasc\u0103 pericolele, cum s\u0103 le evite \u0219i cum s\u0103 reac\u021bioneze corect atunci c\u00e2nd se confrunt\u0103 cu o situa\u021bie de urgen\u021b\u0103.<\/p>\n<p>Pentru pompieri, fiecare \u00eent\u00e2lnire cu cei mici reprezint\u0103 o oportunitate de a transmite mai departe cuno\u0219tin\u021be esen\u021biale pentru siguran\u021ba lor, \u00eentr-un mod adaptat v\u00e2rstei \u0219i nevoilor fiec\u0103ruia.<\/p>\n<p>Prin implicarea \u00een astfel de activit\u0103\u021bi, pompierii vr\u00e2nceni r\u0103m\u00e2n aproape de comunitate \u0219i contribuie la formarea unei culturi a prevenirii, responsabilit\u0103\u021bii \u0219i solidarit\u0103\u021bii.<\/p>\n<p>\u00a0<strong>Siguran\u021ba se \u00eenva\u021b\u0103. Iar pompierii sunt acolo s\u0103-i \u00eenve\u021be pe copii cum s\u0103 fie preg\u0103ti\u021bi!<\/strong><\/p>\n<figure class=\"wp-block-gallery has-nested-images columns-default is-cropped td-modal-on-gallery wp-block-gallery-1 is-layout-flex wp-block-gallery-is-layout-flex\">\n<figure class=\"wp-block-image size-large\"><img loading=\"lazy\" decoding=\"async\" width=\"1024\" height=\"768\" data-id=\"728781\" src=\"https:\/\/www.monitoruldevrancea.ro\/wp-content\/uploads\/2026\/08\/32701-1024x768.jpg\" alt class=\"wp-image-728781\"><\/figure>\n<figure class=\"wp-block-image size-large\"><img loading=\"lazy\" decoding=\"async\" width=\"1024\" height=\"768\" data-id=\"728782\" src=\"https:\/\/www.monitoruldevrancea.ro\/wp-content\/uploads\/2026\/08\/32698-1024x768.jpg\" alt class=\"wp-image-728782\"><\/figure>\n<figure class=\"wp-block-image size-large\"><img loading=\"lazy\" decoding=\"async\" width=\"1024\" height=\"768\" data-id=\"728783\" src=\"https:\/\/www.monitoruldevrancea.ro\/wp-content\/uploads\/2026\/08\/32700-1024x768.jpg\" alt class=\"wp-image-728783\"><\/figure>\n<figure class=\"wp-block-image size-large\"><img decoding=\"async\" loading=\"lazy\" width=\"1024\" height=\"768\" data-id=\"728780\" src=\"https:\/\/www.monitoruldevrancea.ro\/wp-content\/uploads\/2026\/08\/32704-1024x768.jpg\" alt class=\"wp-image-728780\"><\/figure>\n<\/figure>\n<\/div>\n<\/div>\n<p>[analyse_source url=&#8221;https:\/\/www.monitoruldevrancea.ro\/2026\/08\/28\/pompierii-vranceni-alaturi-de-copii-in-activitati-de-educatie-preventiva\/&#8221;]<\/p>\n","protected":false},"excerpt":{"rendered":"<p>[analyse_image type=&#8221;featured&#8221; src=&#8221;https:\/\/www.monitoruldevrancea.ro\/wp-content\/uploads\/2026\/08\/IMG-20260828-WA0011.jpg&#8221;] Compartimentul Informare \u015fi Rela\u0163ii Publice al I.S.U. Vrancea: BULETIN INFORMATIV \u00cen aceast\u0103 s\u0103pt\u0103m\u00e2n\u0103, pompierii din cadrul Inspectoratului pentru Situa\u021bii de Urgen\u021b\u0103 \u201eAnghel Saligny\u201d al jude\u021bului Vrancea au fost al\u0103turi de copii la \u0218coala de Var\u0103 \u201ePe uli\u021ba copil\u0103riei\u201d, organizat\u0103 la \u0218coala Gimnazial\u0103 \u201eProf. Panaite C. Mazilu\u201d din comuna Bro\u0219teni, \u00een colaborare cu [&hellip;]<\/p>\n","protected":false},"author":1,"featured_media":0,"comment_status":"open","ping_status":"","sticky":false,"template":"","format":"standard","meta":{"footnotes":""},"categories":[89],"tags":[226,209],"class_list":["post-2116627","post","type-post","status-publish","format-standard","hentry","category-romania","tag-crawlmanager","tag-monitoruldevrancea-ro"],"_links":{"self":[{"href":"https:\/\/analyse.optim.biz\/index.php?rest_route=\/wp\/v2\/posts\/2116627","targetHints":{"allow":["GET"]}}],"collection":[{"href":"https:\/\/analyse.optim.biz\/index.php?rest_route=\/wp\/v2\/posts"}],"about":[{"href":"https:\/\/analyse.optim.biz\/index.php?rest_route=\/wp\/v2\/types\/post"}],"author":[{"embeddable":true,"href":"https:\/\/analyse.optim.biz\/index.php?rest_route=\/wp\/v2\/users\/1"}],"replies":[{"embeddable":true,"href":"https:\/\/analyse.optim.biz\/index.php?rest_route=%2Fwp%2Fv2%2Fcomments&post=2116627"}],"version-history":[{"count":0,"href":"https:\/\/analyse.optim.biz\/index.php?rest_route=\/wp\/v2\/posts\/2116627\/revisions"}],"wp:attachment":[{"href":"https:\/\/analyse.optim.biz\/index.php?rest_route=%2Fwp%2Fv2%2Fmedia&parent=2116627"}],"wp:term":[{"taxonomy":"category","embeddable":true,"href":"https:\/\/analyse.optim.biz\/index.php?rest_route=%2Fwp%2Fv2%2Fcategories&post=2116627"},{"taxonomy":"post_tag","embeddable":true,"href":"https:\/\/analyse.optim.biz\/index.php?rest_route=%2Fwp%2Fv2%2Ftags&post=2116627"}],"curies":[{"name":"wp","href":"https:\/\/api.w.org\/{rel}","templated":true}]}}