{"id":2116626,"date":"2026-08-27T21:00:00","date_gmt":"2026-08-27T18:00:00","guid":{"rendered":"https:\/\/analyse.optim.biz\/?p=2116626"},"modified":"2026-08-27T21:00:00","modified_gmt":"2026-08-27T18:00:00","slug":"weekend-bogat-in-evenimente-cultural-artistice-si-sportive-in-vrancea-jandarmii-vor-asigura-buna-lor-desfasurare","status":"publish","type":"post","link":"https:\/\/analyse.optim.biz\/?p=2116626","title":{"rendered":"Weekend bogat \u00een evenimente cultural-artistice \u0219i sportive, \u00een Vrancea. Jandarmii vor asigura buna lor desf\u0103\u0219urare"},"content":{"rendered":"<p>[analyse_image type=&#8221;featured&#8221; src=&#8221;https:\/\/www.monitoruldevrancea.ro\/wp-content\/uploads\/2026\/08\/2026-08-28_13.07.49.jpg&#8221;]<\/p>\n<div class=\"td_block_wrap tdb_single_content tdi_123 td-pb-border-top td_block_template_1 td-post-content tagdiv-type\" data-td-block-uid=\"tdi_123\">\n<div class=\"tdb-block-inner td-fix-index\">\n<p>\u0218i \u00een acest weekend, jandarmii vr\u00e2nceni continu\u0103 s\u0103 ac\u021bioneze \u00een cadrul echipajelor independente \u0219i \u00een sistem integrat, \u00eempreun\u0103 cu celelalte structuri din cadrul M.A.I..<\/p>\n<p>Vom fi prezen\u021bi \u00een \u00eentreaga zon\u0103 de responsabilitate, asigur\u00e2nd ordinea public\u0103 la manifest\u0103rile cultural \u2013 artistice \u0219i sportive ce vor avea loc pe raza jude\u021bului astfel:<\/p>\n<ul class=\"wp-block-list\">\n<li>Festivalul Folcloric \u201eLa Muchia Bradului\u201d, ce se va desf\u0103\u0219ura \u00een perioada 29 \u2013 30 august, \u00een localitatea Nereju;<\/li>\n<li>Zilele Comunei Pufe\u0219ti, ce se vor desf\u0103\u0219ura \u00een perioada 28 \u2013 30 august, \u00een localitatea Pufe\u0219ti;<\/li>\n<li>Meciul de fotbal dintre echipele CSM Adjud 1946 \u2013 Aerostar Bac\u0103u, ce se va desf\u0103\u0219ura \u00een data de 29.08.2026, \u00een Municipiul Adjud;<\/li>\n<li>Concursul de alergare montan\u0103 ,,Vrancea Montan\u0103 Run\u2019\u2019, ce se va desf\u0103\u0219ura \u00een data de 30 august 2026, \u00een localitatea P\u0103ule\u0219ti;<\/li>\n<li>Zilele Parcului Natural Putna \u2013 Vrancea, ce se vor desf\u0103\u0219ura \u00een perioada 29 \u2013 30 august 2026, la intrarea din Rezerva\u021bia Natural\u0103 Ti\u0219i\u021ba;<\/li>\n<li>Festivalul de Muzic\u0103 U\u0219oar\u0103 Rom\u00e2nesc\u0103 ,,Florentin Delmar\u2019\u2019, ce se va desf\u0103\u0219ura \u00een perioada 28 \u2013 30 august 2026, \u00een Pia\u021ba Unirii din Municipiul Foc\u0219ani.<br \/>\u0218i la t\u00e2rgurile tradi\u021bionale de pe raza localit\u0103\u021bilor N\u0103ruja, C\u00e2mpuri, ce se vor desf\u0103\u0219ura \u00een data de 29 august 2026 \u0219i Vintileasca, \u00een ziua de 30 august 2026.<\/li>\n<\/ul>\n<figure class=\"wp-block-image size-large\"><img loading=\"lazy\" decoding=\"async\" width=\"1024\" height=\"646\" src=\"https:\/\/www.monitoruldevrancea.ro\/wp-content\/uploads\/2026\/08\/32674-1024x646.jpg\" alt class=\"wp-image-728770\"><\/figure>\n<p>M\u0103surile luate vizeaz\u0103 prevenirea incidentelor \u0219i asigurarea desf\u0103\u0219ur\u0103rii evenimentelor \u00een condi\u021bii de siguran\u021b\u0103 pentru to\u021bi participan\u021bii.<\/p>\n<p>Recomand\u0103m persoanelor care inten\u021bioneaz\u0103 s\u0103 participe la evenimentele din acest weekend:<\/p>\n<ul class=\"wp-block-list\">\n<li>s\u0103 respecte recomand\u0103rile for\u0163elor de ordine \u0219i ale organizatorilor;<\/li>\n<li>s\u0103 manifeste un comportament adecvat pe \u00eentreaga perioad\u0103 de desf\u0103\u0219urare a evenimentelor;<\/li>\n<li>s\u0103 evite implicarea \u00een conflicte de orice natur\u0103;<\/li>\n<li>s\u0103 acorde aten\u0163ie sporit\u0103 copiilor care \u00eei \u00eenso\u021besc \u0219i bunurilor personale;<\/li>\n<li>din ra\u0163iuni de siguran\u0163\u0103, s\u0103 evite s\u0103 aib\u0103 asupra lor bagaje voluminoase;<\/li>\n<li>\u00een cazul \u00een care sunt martorii s\u0103v\u00e2r\u015firii unor fapte de natur\u0103 antisocial\u0103 s\u0103 solicite sprijinul for\u0163elor de ordine prezente.<\/li>\n<\/ul>\n<p>Jandarmii montani vor fi prezen\u021bi \u00een localit\u0103\u021bile Tulnici, Lep\u0219a, Soveja \u0219i pe traseele turistice adiacente, pentru \u00eendrumarea, informarea \u0219i acordarea de asisten\u021b\u0103 persoanelor aflate \u00een dificultate \u00een zona montan\u0103, precum \u0219i pentru prevenirea \u0219i combaterea faptelor care aduc atingere normelor de convie\u021buire social\u0103.<\/p>\n<figure class=\"wp-block-image size-large\"><img loading=\"lazy\" decoding=\"async\" width=\"605\" height=\"1024\" src=\"https:\/\/www.monitoruldevrancea.ro\/wp-content\/uploads\/2026\/08\/32671-605x1024.jpg\" alt class=\"wp-image-728774\"><\/figure>\n<p>Dac\u0103 alege\u021bi ca destina\u021bie de weekend zona montan\u0103 a jude\u021bului, pentru evitarea unor situa\u021bii nepl\u0103cute, v\u0103 recomand\u0103m:<\/p>\n<ul class=\"wp-block-list\">\n<li>Pleca\u021bi pe munte doar cu echipament adecvat;<\/li>\n<li>\u00cenainte de a pleca \u00een excursie, informa\u021bi-v\u0103 temeinic \u00een leg\u0103tur\u0103 cu itinerariul propus \u0219i prognoza meteo;<\/li>\n<li>Urma\u021bi doar traseele marcate, nu v\u0103 abate\u021bi de la traseu \u015fi evita\u021bi scurt\u0103turile pentru a nu v\u0103 pune via\u021ba \u00een pericol \u0219i pentru a nu v\u0103 r\u0103t\u0103ci;<\/li>\n<li>Desf\u0103\u0219ura\u021bi activit\u0103\u021bi de picnic numai \u00een zonele special amenajate. Nu aprinde\u021bi focul \u00een zone neamenajate \u0219i nu l\u0103sa\u021bi resturi menajere \u00een urma dumneavoastr\u0103;<\/li>\n<li>Campa\u021bi doar \u00een zone sigure \u0219i amenajate, evit\u00e2nd spa\u021biile izolate sau cunoscute ca fiind frecventate de animale s\u0103lbatice \u0219i nu depozita\u021bi hran\u0103 \u00een interiorul cortului pentru a preveni orice situa\u021bii periculoase;<\/li>\n<li>Dac\u0103 \u00eent\u00e2lni\u021bi animale s\u0103lbatice nu v\u0103 apropia\u021bi de acestea pentru a le hr\u0103ni sau a le fotografia.<\/li>\n<\/ul>\n<p>\u00cen caz de pericol, apela\u021bi cu \u00eencredere la cea mai apropiat\u0103 patrul\u0103 de jandarmi sau suna\u021bi la num\u0103rul unic de urgen\u021b\u0103 112.<\/p>\n<\/div>\n<\/div>\n<p>[analyse_source url=&#8221;https:\/\/www.monitoruldevrancea.ro\/2026\/08\/28\/weekend-bogat-in-evenimente-cultural-artistice-si-sportive-in-vrancea-jandarmii-vor-asigura-buna-lor-desfasurare-2\/&#8221;]<\/p>\n","protected":false},"excerpt":{"rendered":"<p>[analyse_image type=&#8221;featured&#8221; src=&#8221;https:\/\/www.monitoruldevrancea.ro\/wp-content\/uploads\/2026\/08\/2026-08-28_13.07.49.jpg&#8221;] \u0218i \u00een acest weekend, jandarmii vr\u00e2nceni continu\u0103 s\u0103 ac\u021bioneze \u00een cadrul echipajelor independente \u0219i \u00een sistem integrat, \u00eempreun\u0103 cu celelalte structuri din cadrul M.A.I.. Vom fi prezen\u021bi \u00een \u00eentreaga zon\u0103 de responsabilitate, asigur\u00e2nd ordinea public\u0103 la manifest\u0103rile cultural \u2013 artistice \u0219i sportive ce vor avea loc pe raza jude\u021bului astfel: Festivalul Folcloric [&hellip;]<\/p>\n","protected":false},"author":1,"featured_media":0,"comment_status":"open","ping_status":"","sticky":false,"template":"","format":"standard","meta":{"footnotes":""},"categories":[89],"tags":[226,209],"class_list":["post-2116626","post","type-post","status-publish","format-standard","hentry","category-romania","tag-crawlmanager","tag-monitoruldevrancea-ro"],"_links":{"self":[{"href":"https:\/\/analyse.optim.biz\/index.php?rest_route=\/wp\/v2\/posts\/2116626","targetHints":{"allow":["GET"]}}],"collection":[{"href":"https:\/\/analyse.optim.biz\/index.php?rest_route=\/wp\/v2\/posts"}],"about":[{"href":"https:\/\/analyse.optim.biz\/index.php?rest_route=\/wp\/v2\/types\/post"}],"author":[{"embeddable":true,"href":"https:\/\/analyse.optim.biz\/index.php?rest_route=\/wp\/v2\/users\/1"}],"replies":[{"embeddable":true,"href":"https:\/\/analyse.optim.biz\/index.php?rest_route=%2Fwp%2Fv2%2Fcomments&post=2116626"}],"version-history":[{"count":0,"href":"https:\/\/analyse.optim.biz\/index.php?rest_route=\/wp\/v2\/posts\/2116626\/revisions"}],"wp:attachment":[{"href":"https:\/\/analyse.optim.biz\/index.php?rest_route=%2Fwp%2Fv2%2Fmedia&parent=2116626"}],"wp:term":[{"taxonomy":"category","embeddable":true,"href":"https:\/\/analyse.optim.biz\/index.php?rest_route=%2Fwp%2Fv2%2Fcategories&post=2116626"},{"taxonomy":"post_tag","embeddable":true,"href":"https:\/\/analyse.optim.biz\/index.php?rest_route=%2Fwp%2Fv2%2Ftags&post=2116626"}],"curies":[{"name":"wp","href":"https:\/\/api.w.org\/{rel}","templated":true}]}}