{"id":2116606,"date":"2026-08-27T07:33:14","date_gmt":"2026-08-27T04:33:14","guid":{"rendered":"https:\/\/analyse.optim.biz\/?p=2116606"},"modified":"2026-08-27T07:33:14","modified_gmt":"2026-08-27T04:33:14","slug":"banatenii-sunt-invitati-la-kikinda-la-cel-mai-mare-festival-dedicat-dovleacului-dragana-mirkovic-cap-de","status":"publish","type":"post","link":"https:\/\/analyse.optim.biz\/?p=2116606","title":{"rendered":"B\u0103n\u0103\u0163enii sunt invita\u0163i la Kikinda, la cel mai mare festival dedicat dovleacului. Dragana Mirkovi\u0107, cap de"},"content":{"rendered":"<p>[analyse_image type=&#8221;featured&#8221; src=&#8221;https:\/\/renasterea.ro\/ro\/wp-content\/uploads\/2026\/08\/dragana-mirkovic.jpghttps:\/\/renasterea.ro\/ro\/wp-content\/uploads\/2026\/08\/dragana-mirkovic.jpg&#8221;]<\/p>\n<div class=\"entry-content\"><img loading=\"lazy\" decoding=\"async\" width=\"650\" height=\"433\" src=\"https:\/\/renasterea.ro\/ro\/wp-content\/uploads\/2026\/08\/dragana-mirkovic.jpg\" class=\"attachment-medium size-medium wp-post-image\" alt=\"B\u0103n\u0103\u0163enii sunt invita\u0163i la Kikinda, la cel mai mare festival dedicat dovleacului. Dragana Mirkovi\u0107, cap de afi\u015f\" title=\"B\u0103n\u0103\u0163enii sunt invita\u0163i la Kikinda, la cel mai mare festival dedicat dovleacului. Dragana Mirkovi\u0107, cap de afi\u015f 1\"><\/p>\n<h4>Cel mai mare festival dedicat dovleacului din Serbia \u0219i din Estul Europei revine la Kikinda \u00eentre 17 \u0219i 20 septembrie 2026. Organizatorii au prezentat principalele atrac\u021bii ale celei de-a 41-a edi\u021bii Dani Ludaje \/ Zilele Dovleacului.<\/h4>\n<p>Patru zile de festival, concerte \u00een fiecare sear\u0103, dovleci gigan\u021bi, Fru\u0219tiuc b\u0103n\u0103\u021bean, competi\u021bii culinare, t\u00e2rguri, me\u0219te\u0219ugari \u0219i mii de vizitatori vor transforma din nou Kikinda \u00een Capitala dovleacului.<\/p>\n<p>Marea \u00eentrebare revine \u0219i \u00een 2026: va fi dep\u0103\u0219it recordul de 865,5 kg pentru cel mai greu dovleac?<\/p>\n<h3>Dragana Mirkovi\u0107, Goca Tr\u017ean, Legende \u0219i Koncertmajstori, concertele Zilelor Dovleacului 2026<\/h3>\n<p>Pentru publicul din vestul Rom\u00e2niei, una dintre marile ve\u0219ti ale edi\u021biei este concertul Dragana Mirkovi\u0107, una dintre cele mai cunoscute \u0219i iubite artiste ale muzicii din Serbia \u0219i din spa\u021biul ex-iugoslav, cu o carier\u0103 de peste patru decenii \u0219i un public numeros \u0219i \u00een Banatul rom\u00e2nesc. Dragana Mirkovi\u0107 va concerta s\u00e2mb\u0103t\u0103, 19 septembrie, de la ora 21:00, \u00een Pia\u021ba din centrul Kikindei.<\/p>\n<p>Cu o sear\u0103 \u00eenainte, vineri, 18 septembrie, de la ora 21:00, pe scen\u0103 urc\u0103 Goca Tr\u017ean, una dintre vocile cunoscute ale pop-rockului s\u00e2rbesc, cu o carier\u0103 \u00eenceput\u0103 \u00een anii \u201990 \u0219i o prezen\u021b\u0103 constant\u0103 \u00een muzica \u0219i televiziunea din Serbia.<\/p>\n<p>Iar \u00een prima zi, joi, 17 septembrie, festivalul se deschide cu Legende, una dintre forma\u021biile cunoscute ale scenei s\u00e2rbe\u0219ti, cu o istorie de aproape patru decenii \u0219i un stil care \u00eembin\u0103 muzica pop, baladele \u0219i sonorit\u0103\u021bile tradi\u021bionale.<\/p>\n<p>Duminic\u0103, 20 septembrie, cea de-a 41-a edi\u021bie a Zilelor Dovleacului se \u00eencheie cu Koncertmajstori.<\/p>\n<h3>19.000 de rom\u00e2ni au fost anul trecut la Zilele Dovleacului<\/h3>\n<p>\u201eDani Ludaje \/ Zilele Dovleacului a devenit \u00een ultimii ani una dintre destina\u021biile preferate de toamn\u0103 ale rom\u00e2nilor. La edi\u021bia din 2025, Kikinda a atras aproximativ 70.000 de vizitatori, dintre care circa 19.000 au fost din Rom\u00e2nia la Dani Ludaje\u201d, declar\u0103 pentru pres\u0103 <em>Romana Rista, Fata care g\u0103te\u0219te cu flori<\/em>, PR al Festivalului.<\/p>\n<p>\u201e\u00cei invit\u0103m cu mare drag \u0219i anul acesta pe prietenii no\u0219tri din Rom\u00e2nia la Kikinda, \u00eentre 17 \u0219i 20 septembrie, la cea de-a 41-a edi\u021bie a Zilelor Dovleacului. Am preg\u0103tit patru zile de festival \u0219i ne dorim ca oaspe\u021bii rom\u00e2ni s\u0103 descopere \u00eentreaga atmosfer\u0103 a ora\u0219ului. S\u00e2mb\u0103t\u0103 este ziua marilor dovleci, c\u00e2nd \u00eei m\u0103sur\u0103m \u0219i \u00eei c\u00e2nt\u0103rim pe cei mai lungi \u0219i mai grei. Publicul din Rom\u00e2nia este foarte important pentru noi \u0219i ne bucur\u0103 c\u0103, de la an la an, tot mai mul\u021bi rom\u00e2ni aleg s\u0103 vin\u0103 la Zilele Dovleacului. V\u0103 a\u0219tept\u0103m la Kikinda s\u0103 s\u0103rb\u0103torim \u00eempreun\u0103 toamna, dovleacul \u0219i Banatul nostru\u201d, declar\u0103 Jasmina Ora\u0219anin, directorul Biroului de Turism din Kikinda.<\/p>\n<h3>Fru\u0219tiuc b\u0103n\u0103\u021bean, dovleci gigan\u021bi \u0219i Ceaunul de Aur<\/h3>\n<p>\u201ePentru publicul din Rom\u00e2nia, weekendul aduce c\u00e2teva dintre cele mai iubite atrac\u021bii ale festivalului. S\u00e2mb\u0103t\u0103 \u0219i duminic\u0103, \u00eentre orele 10:00 \u0219i 17:00, \u00een Pia\u021ba ora\u0219ului are loc Banatski Fru\u0161tuk \u2013 Fru\u0219tiucul b\u0103n\u0103\u021bean, cu specialit\u0103\u021bi din dovleac.<\/p>\n<p>Tot s\u00e2mb\u0103t\u0103, 19 septembrie, are loc momentul emblematic al Zilelor Dovleacului: competi\u021bia cultivatorilor pentru cel mai greu \u0219i cel mai lung dovleac. \u00censcrierea concuren\u021bilor are loc \u00eentre orele 13:00 \u0219i 14:00, m\u0103surarea dovlecilor \u00eentre orele 14:00 \u0219i 16:00, iar de la ora 17:00 sunt anun\u021ba\u021bi \u0219i premia\u021bi c\u00e2\u0219tig\u0103torii.<\/p>\n<h3>Marea \u00eentrebare revine \u0219i \u00een 2026: va fi dep\u0103\u0219it recordul de 865,5 kg?<\/h3>\n<p>Recordul a fost stabilit la Kikinda \u00een 2023, c\u00e2nd dovleacul c\u00e2\u0219tig\u0103tor a ajuns la 865,5 kg \u0219i o circumferin\u021b\u0103 de aproximativ 6 metri. Recordul pentru cel mai lung dovleac este de 366 cm.<\/p>\n<p>Tot s\u00e2mb\u0103t\u0103, \u00eentre orele 10:00 \u0219i 15:00, la Staro Jezero \u2013 Iazul Vechi, se desf\u0103\u0219oar\u0103 cea de-a XV-a edi\u021bie a Ceaunului de Aur Interna\u021bional, competi\u021bia de g\u0103tit ciorb\u0103 de pe\u0219te \u201eKikindska zlatna jesen \/ Toamna de Aur din Kikinda\u201d.<\/p>\n<h3>T\u00e2rgul antreprenorilor \u0219i Strada Vechilor Me\u0219te\u0219uguri \u0219i a Suvenirurilor<\/h3>\n<p>De vineri p\u00e2n\u0103 duminic\u0103, \u00een centrul ora\u0219ului Kikinda are loc Mini-T\u00e2rgul Antreprenorilor, unde vizitatorii pot descoperi produc\u0103tori \u0219i antreprenori locali. T\u00e2rgul \u00eencepe vineri la ora 9:00, continu\u0103 s\u00e2mb\u0103t\u0103, c\u00e2nd deschiderea festiv\u0103 este programat\u0103 la ora 9:30, \u0219i poate fi vizitat duminic\u0103 \u00eentre orele 9:00 \u0219i 14:00.<\/p>\n<p>Tot de vineri p\u00e2n\u0103 duminic\u0103, \u00eentre orele 10:00 \u0219i 22:00, centrul Kikindei g\u0103zduie\u0219te Strada Vechilor Me\u0219te\u0219uguri \u0219i a Suvenirurilor.<\/p>\n<p>Pentru turi\u0219tii rom\u00e2ni, unul dintre cele mai importante puncte de acces este punctul de trecere a frontierei Lunga\u2013Nakovo, care scurteaz\u0103 considerabil drumul spre Kikinda. \u0218i \u00een acest an se a\u0219teapt\u0103 prelungirea programului punctului de trecere a frontierei Lunga\u2013Nakovo pe durata Zilelor Dovleacului, astfel \u00eenc\u00e2t turi\u0219tii rom\u00e2ni s\u0103 poat\u0103 r\u0103m\u00e2ne la concertele de sear\u0103 \u0219i s\u0103 se bucure din plin de festival.<\/p>\n<p>Programul special al frontierei pentru perioada 17\u201320 septembrie va fi comunicat imediat dup\u0103 confirmarea oficial\u0103 a autorit\u0103\u021bilor rom\u00e2ne \u0219i s\u00e2rbe. \u00cen anii preceden\u021bi, programul punctului de frontier\u0103 a fost prelungit pe durata festivalului pentru a facilita accesul vizitatorilor din Rom\u00e2nia \u0219i \u00eentoarcerea acestora dup\u0103 concertele de sear\u0103.<\/p>\n<h3>Kikinda, un exemplu de turism local dincolo de festival<\/h3>\n<p>\u201eKikinda este dovada c\u0103 un festival poate pune un mic ora\u0219 de grani\u021b\u0103 pe harta turistic\u0103 a regiunii. Pentru noi, cei din Banatul rom\u00e2nesc, este cu at\u00e2t mai interesant: trecem grani\u021ba \u0219i reg\u0103sim de cealalt\u0103 parte o parte din aceea\u0219i cultur\u0103 b\u0103n\u0103\u021bean\u0103, de la fru\u0219tiuc \u0219i ceaune p\u00e2n\u0103 la t\u00e2rguri, muzic\u0103 \u0219i felul \u00een care oamenii se adun\u0103 \u00een jurul mesei. Iar cei aproximativ 19.000 de rom\u00e2ni care au ajuns anul trecut la Kikinda arat\u0103 c\u00e2t de puternic\u0103 a devenit aceast\u0103 leg\u0103tur\u0103\u201d, spune Romana Rista, diplomat culinar \u0219i ambasador al festivalului \u00een Rom\u00e2nia.<\/p>\n<p>Pe l\u00e2ng\u0103 festival, vizitatorii pot descoperi c\u00e2teva dintre reperele Kikindei: Muzeul Na\u021bional \u0219i mamutul Kika, complexul TERRA, moara Suva\u010da \u0219i centrul ora\u0219ului, cunoscut \u0219i pentru num\u0103rul impresionant de bufni\u021be care \u00ee\u0219i petrec aici iarna.<\/p>\n<p>Programul complet al celei de-a 41-a edi\u021bii Dani Ludaje \/ Zilele Dovleacului \u0219i informa\u021biile practice pentru turi\u0219tii rom\u00e2ni vor fi comunicate \u00een perioada urm\u0103toare.<\/p>\n<p><em>Sursa foto: Facebook \/ Dragana Mirkovic<\/em><\/p>\n<\/div>\n<p>[analyse_source url=&#8221;https:\/\/renasterea.ro\/banatenii-sunt-invitati-la-kikinda-la-cel-mai-mare-festival-dedicat-dovleacului-dragana-mirkovic-cap-de-afis\/&#8221;]<\/p>\n","protected":false},"excerpt":{"rendered":"<p>[analyse_image type=&#8221;featured&#8221; src=&#8221;https:\/\/renasterea.ro\/ro\/wp-content\/uploads\/2026\/08\/dragana-mirkovic.jpghttps:\/\/renasterea.ro\/ro\/wp-content\/uploads\/2026\/08\/dragana-mirkovic.jpg&#8221;] Cel mai mare festival dedicat dovleacului din Serbia \u0219i din Estul Europei revine la Kikinda \u00eentre 17 \u0219i 20 septembrie 2026. Organizatorii au prezentat principalele atrac\u021bii ale celei de-a 41-a edi\u021bii Dani Ludaje \/ Zilele Dovleacului. Patru zile de festival, concerte \u00een fiecare sear\u0103, dovleci gigan\u021bi, Fru\u0219tiuc b\u0103n\u0103\u021bean, competi\u021bii culinare, t\u00e2rguri, me\u0219te\u0219ugari [&hellip;]<\/p>\n","protected":false},"author":1,"featured_media":0,"comment_status":"open","ping_status":"","sticky":false,"template":"","format":"standard","meta":{"footnotes":""},"categories":[89],"tags":[226,188],"class_list":["post-2116606","post","type-post","status-publish","format-standard","hentry","category-romania","tag-crawlmanager","tag-renasterea-ro"],"_links":{"self":[{"href":"https:\/\/analyse.optim.biz\/index.php?rest_route=\/wp\/v2\/posts\/2116606","targetHints":{"allow":["GET"]}}],"collection":[{"href":"https:\/\/analyse.optim.biz\/index.php?rest_route=\/wp\/v2\/posts"}],"about":[{"href":"https:\/\/analyse.optim.biz\/index.php?rest_route=\/wp\/v2\/types\/post"}],"author":[{"embeddable":true,"href":"https:\/\/analyse.optim.biz\/index.php?rest_route=\/wp\/v2\/users\/1"}],"replies":[{"embeddable":true,"href":"https:\/\/analyse.optim.biz\/index.php?rest_route=%2Fwp%2Fv2%2Fcomments&post=2116606"}],"version-history":[{"count":0,"href":"https:\/\/analyse.optim.biz\/index.php?rest_route=\/wp\/v2\/posts\/2116606\/revisions"}],"wp:attachment":[{"href":"https:\/\/analyse.optim.biz\/index.php?rest_route=%2Fwp%2Fv2%2Fmedia&parent=2116606"}],"wp:term":[{"taxonomy":"category","embeddable":true,"href":"https:\/\/analyse.optim.biz\/index.php?rest_route=%2Fwp%2Fv2%2Fcategories&post=2116606"},{"taxonomy":"post_tag","embeddable":true,"href":"https:\/\/analyse.optim.biz\/index.php?rest_route=%2Fwp%2Fv2%2Ftags&post=2116606"}],"curies":[{"name":"wp","href":"https:\/\/api.w.org\/{rel}","templated":true}]}}