{"id":2116604,"date":"2026-08-27T05:47:12","date_gmt":"2026-08-27T02:47:12","guid":{"rendered":"https:\/\/analyse.optim.biz\/?p=2116604"},"modified":"2026-08-27T05:47:12","modified_gmt":"2026-08-27T02:47:12","slug":"eclipsa-spectaculoasa-de-luna-in-noaptea-de-joi-spre-vineri-fenomenul-va-fi-vizibil-si-din-europa","status":"publish","type":"post","link":"https:\/\/analyse.optim.biz\/?p=2116604","title":{"rendered":"Eclips\u0103 spectaculoas\u0103 de Lun\u0103 \u00een noaptea de joi spre vineri. Fenomenul va fi vizibil \u0219i din Europa"},"content":{"rendered":"<p>[analyse_image type=&#8221;featured&#8221; src=&#8221;https:\/\/renasterea.ro\/ro\/wp-content\/uploads\/2026\/08\/luna.jpghttps:\/\/renasterea.ro\/ro\/wp-content\/uploads\/2026\/08\/luna.jpg&#8221;]<\/p>\n<div class=\"entry-content\"><img loading=\"lazy\" decoding=\"async\" width=\"600\" height=\"337\" src=\"https:\/\/renasterea.ro\/ro\/wp-content\/uploads\/2026\/08\/luna.jpg\" class=\"attachment-medium size-medium wp-post-image\" alt=\"Eclips\u0103 spectaculoas\u0103 de Lun\u0103 \u00een noaptea de joi spre vineri. Fenomenul va fi vizibil \u0219i din Europa\" title=\"Eclips\u0103 spectaculoas\u0103 de Lun\u0103 \u00een noaptea de joi spre vineri. Fenomenul va fi vizibil \u0219i din Europa 1\"><\/p>\n<h4><strong>Eclips\u0103 spectaculoas\u0103 de Lun\u0103 \u00een noaptea de joi spre vineri. Fenomenul va fi vizibil \u0219i din Europa.<\/strong><\/h4>\n<p>O eclips\u0103 par\u021bial\u0103 profund\u0103 de Lun\u0103 se produce \u00een noaptea de 27 spre 28 august 2026, c\u00e2nd satelitul natural al P\u0103m\u00e2ntului va traversa umbra planetei noastre. La apogeul fenomenului, peste 96% din discul lunar se va afla \u00een zona cea mai \u00eentunecat\u0103 a umbrei P\u0103m\u00e2ntului.<\/p>\n<p>Fenomenul astronomic se produce \u00een momentul \u00een care P\u0103m\u00e2ntul se interpune \u00eentre Soare \u0219i Lun\u0103, iar satelitul natural traverseaz\u0103 umbra proiectat\u0103 de planeta noastr\u0103.<\/p>\n<p>Potrivit datelor publicate de Scientific Visualization Studio al NASA, eclipsa din 28 august este una par\u021bial\u0103, \u00eens\u0103 va fi foarte apropiat\u0103 vizual de o eclips\u0103 total\u0103. \u00cen momentul maxim, programat pentru ora 04:13 UTC, aproximativ 96,3% din suprafa\u021ba vizibil\u0103 a discului lunar se va afla \u00een umbr\u0103.<\/p>\n<p>NASA precizeaz\u0103 c\u0103 fenomenul va putea fi observat din cea mai mare parte a continentelor americane, cu excep\u021bia Alask\u0103i \u0219i a nord-vestului Canadei, precum \u0219i din vestul Europei \u0219i vestul Africii.<\/p>\n<p>Luna ar putea c\u0103p\u0103ta o nuan\u021b\u0103 ar\u0103mie<\/p>\n<p>\u00cenainte de intrarea \u00een umbra propriu-zis\u0103 a P\u0103m\u00e2ntului, Luna traverseaz\u0103 penumbra, regiunea \u00een care Soarele este acoperit doar par\u021bial de planeta noastr\u0103. Modific\u0103rile produse \u00een aceast\u0103 etap\u0103 sunt discrete \u0219i pot fi greu de remarcat cu ochiul liber.<\/p>\n<p>Situa\u021bia se schimb\u0103 odat\u0103 cu debutul fazei par\u021biale, la ora 02:34 UTC. Umbra P\u0103m\u00e2ntului va \u00eencepe atunci s\u0103 acopere tot mai mult din discul Lunii.<\/p>\n<p>Pe m\u0103sur\u0103 ce suprafa\u021ba iluminat\u0103 direct de Soare se reduce, observatorii pot ajunge s\u0103 disting\u0103 o culoare ar\u0103mie sau ro\u0219iatic\u0103 \u00een zona aflat\u0103 \u00een umbr\u0103. Aspectul este asociat eclipselor de Lun\u0103 \u0219i devine mai evident pe m\u0103sur\u0103 ce ochii se adapteaz\u0103 la \u00eentuneric.<\/p>\n<p>Fenomenul face parte din ciclul Saros 138<\/p>\n<p>Eclipsa din 27-28 august face parte din seria astronomic\u0103 Saros 138. Eclipsele apar\u021bin\u00e2nd aceleia\u0219i serii sunt desp\u0103r\u021bite de aproximativ 18 ani, 11 zile \u0219i opt ore. Precedentul fenomen din aceast\u0103 serie s-a produs la 16 august 2008, iar urm\u0103torul este programat pentru 7 septembrie 2044.<\/p>\n<p>NASA atrage aten\u021bia \u0219i asupra diferen\u021bei dintre \u201emagnitudinea\u201d unei eclipse \u0219i procentul efectiv din suprafa\u021ba Lunii acoperit de umbr\u0103. \u00cen cazul fenomenului din august 2026, valoarea de 96,3% reprezint\u0103 suprafa\u021ba discului lunar aflat\u0103 \u00een umbra central\u0103 a P\u0103m\u00e2ntului, nu procentul din diametrul Lunii.<\/p>\n<p>(sursa: <a href=\"https:\/\/mediafax.ro\/\" target=\"_blank\" rel=\"noopener\">Mediafax<\/a>)<\/p>\n<h2><strong>CITE\u0218TE \u0218I: <a href=\"https:\/\/renasterea.ro\/perchezitii-dna-la-spitalul-municipal-din-timisoara-suspiciuni-de-abuz-in-serviciu-si-fraudarea-unui-concurs-de-angajare\/\">Perchezi\u021bii DNA la Spitalul Municipal din Timi\u0219oara. Suspiciuni de abuz \u00een serviciu \u0219i fraudarea unui concurs de angajare<\/a><\/strong><\/h2>\n<\/div>\n<p>[analyse_source url=&#8221;https:\/\/renasterea.ro\/eclipsa-spectaculoasa-de-luna-in-noaptea-de-joi-spre-vineri-fenomenul-va-fi-vizibil-si-din-europa\/&#8221;]<\/p>\n","protected":false},"excerpt":{"rendered":"<p>[analyse_image type=&#8221;featured&#8221; src=&#8221;https:\/\/renasterea.ro\/ro\/wp-content\/uploads\/2026\/08\/luna.jpghttps:\/\/renasterea.ro\/ro\/wp-content\/uploads\/2026\/08\/luna.jpg&#8221;] Eclips\u0103 spectaculoas\u0103 de Lun\u0103 \u00een noaptea de joi spre vineri. Fenomenul va fi vizibil \u0219i din Europa. O eclips\u0103 par\u021bial\u0103 profund\u0103 de Lun\u0103 se produce \u00een noaptea de 27 spre 28 august 2026, c\u00e2nd satelitul natural al P\u0103m\u00e2ntului va traversa umbra planetei noastre. La apogeul fenomenului, peste 96% din discul lunar se [&hellip;]<\/p>\n","protected":false},"author":1,"featured_media":0,"comment_status":"open","ping_status":"","sticky":false,"template":"","format":"standard","meta":{"footnotes":""},"categories":[89],"tags":[226,188],"class_list":["post-2116604","post","type-post","status-publish","format-standard","hentry","category-romania","tag-crawlmanager","tag-renasterea-ro"],"_links":{"self":[{"href":"https:\/\/analyse.optim.biz\/index.php?rest_route=\/wp\/v2\/posts\/2116604","targetHints":{"allow":["GET"]}}],"collection":[{"href":"https:\/\/analyse.optim.biz\/index.php?rest_route=\/wp\/v2\/posts"}],"about":[{"href":"https:\/\/analyse.optim.biz\/index.php?rest_route=\/wp\/v2\/types\/post"}],"author":[{"embeddable":true,"href":"https:\/\/analyse.optim.biz\/index.php?rest_route=\/wp\/v2\/users\/1"}],"replies":[{"embeddable":true,"href":"https:\/\/analyse.optim.biz\/index.php?rest_route=%2Fwp%2Fv2%2Fcomments&post=2116604"}],"version-history":[{"count":0,"href":"https:\/\/analyse.optim.biz\/index.php?rest_route=\/wp\/v2\/posts\/2116604\/revisions"}],"wp:attachment":[{"href":"https:\/\/analyse.optim.biz\/index.php?rest_route=%2Fwp%2Fv2%2Fmedia&parent=2116604"}],"wp:term":[{"taxonomy":"category","embeddable":true,"href":"https:\/\/analyse.optim.biz\/index.php?rest_route=%2Fwp%2Fv2%2Fcategories&post=2116604"},{"taxonomy":"post_tag","embeddable":true,"href":"https:\/\/analyse.optim.biz\/index.php?rest_route=%2Fwp%2Fv2%2Ftags&post=2116604"}],"curies":[{"name":"wp","href":"https:\/\/api.w.org\/{rel}","templated":true}]}}