{"id":2116595,"date":"2026-08-28T13:06:28","date_gmt":"2026-08-28T10:06:28","guid":{"rendered":"https:\/\/analyse.optim.biz\/?p=2116595"},"modified":"2026-08-28T13:06:28","modified_gmt":"2026-08-28T10:06:28","slug":"daniel-baluta-reactie-vehementa-dupa-suspendarea-stimulentelor-pentru-persoanele-cu-dizabilitati-si-mame","status":"publish","type":"post","link":"https:\/\/analyse.optim.biz\/?p=2116595","title":{"rendered":"Daniel B\u0103lu\u021b\u0103, reac\u021bie vehement\u0103 dup\u0103 suspendarea stimulentelor pentru persoanele cu dizabilit\u0103\u021bi \u0219i mame"},"content":{"rendered":"<p>[analyse_image type=&#8221;featured&#8221; src=&#8221;https:\/\/60m.ro\/wp-content\/uploads\/2025\/10\/daniel-baluta-2.webp&#8221;]<\/p>\n<div class=\"articleBody\" data-key=\"articleBody\">\nPre\u0219edintele PSD Bucure\u0219ti, Daniel\u00a0B\u0103lu\u021b\u0103, critic\u0103 decizia Consiliului General al Capitalei de a suspenda p\u00e2n\u0103 la 1 noiembrie 2030 acordarea\u00a0stimulentului\u00a0pentru integrarea social\u0103 a persoanelor adulte cu dizabilit\u0103\u021bi. Liderul social-democrat spune c\u0103 partidul nu va sus\u021bine m\u0103suri prin care economiile sunt f\u0103cute \u00een detrimentul persoanelor vulnerabile.<\/p>\n<p>Reac\u021bia lui B\u0103lu\u021b\u0103 vine dup\u0103 ce Consiliul General al Capitalei a aprobat, vineri, cu 28 de voturi \u201epentru\u201d \u0219i patru \u201e\u00eempotriv\u0103\u201d, suspendarea stimulentului financiar destinat persoanelor adulte cu\u00a0handicap. Proiectul a fost ini\u021biat de consilierul general PNL Andrei Badiu.<\/p>\n<p>Primarul general Ciprian Ciucu a explicat c\u0103 m\u0103sura este necesar\u0103 \u00een contextul datoriilor acumulate de Prim\u0103ria Capitalei. El a anun\u021bat c\u0103 persoanele adulte cu dizabilit\u0103\u021bi ar urma s\u0103 primeasc\u0103 250 de lei lunar p\u00e2n\u0103 c\u00e2nd municipalitatea \u00ee\u0219i va achita restan\u021bele privind plata stimulentelor.<\/p>\n<p>Ciucu a sus\u021binut c\u0103 aceste ajutoare au ajuns s\u0103 reprezinte o datorie de aproape 690 de milioane de lei c\u0103tre beneficiari.<\/p>\n<p>\u201eAceste ajutoare, denumite stimulente, f\u0103r\u0103 a fi stimulente, pentru c\u0103 nu stimuleaz\u0103 ceva anume, prin votul acestora, cu mai mult timp \u00een urm\u0103 \u015fi prin neplata lor, am ajuns la aproape 690 de milioane datorii la ace\u015fti oameni. O s\u0103 ajungem la 700 \u00een cur\u00e2nd. Nu \u015ftiu dac\u0103 v\u0103 imagina\u0163i ce \u00eenseamn\u0103 aceast\u0103 sum\u0103. Este o sum\u0103 fabuloas\u0103, foarte, foarte mare. \u00cen condi\u0163iile \u00een care suntem cu plata facturii la Termoenergetica la nivelul lunii decembrie 2025\u201d, a declarat Ciprian Ciucu.<\/p>\n<p>B\u0103lu\u021b\u0103: \u201eNu \u00eenseamn\u0103 nici populism, nici poman\u0103\u201d<\/p>\n<p>Daniel B\u0103lu\u021b\u0103 sus\u021bine c\u0103 sprijinul acordat persoanelor cu dizabilit\u0103\u021bi, familiilor care au copii cu dizabilit\u0103\u021bi \u0219i mamelor nu poate fi tratat drept o cheltuial\u0103 dispensabil\u0103.<\/p>\n<p>\u201ePSD Bucure\u0219ti nu va sus\u021bine niciodat\u0103 m\u0103surile prin care se fac economii pe seama oamenilor care au nevoie cel mai mult de ajutor!<\/p>\n<p>S\u0103 aju\u021bi o persoan\u0103 cu dizabilit\u0103\u021bi s\u0103 duc\u0103 o via\u021b\u0103 c\u00e2t mai apropiat\u0103 de normalitate \u0219i s\u0103 se integreze \u00een societate, s\u0103 sprijini p\u0103rin\u021bii unui copil cu dizabilit\u0103\u021bi, care duc \u00een fiecare zi o lupt\u0103 pe care mul\u021bi dintre noi nici nu ne-o putem imagina, sau s\u0103 \u00eei oferi unei tinere mame un ajutor pentru analize, medicamente ori lucrurile de care are nevoie copilul ei \u00een primele luni de via\u021b\u0103 nu \u00eenseamn\u0103 nici populism, nici poman\u0103! Sunt lucruri fire\u0219ti \u00eentr-o societate normal\u0103. Cu at\u00e2t mai mult acum, c\u00e2nd costul vie\u021bii a crescut, iar pentru foarte multe familii fiecare sut\u0103 de lei conteaz\u0103. Un primar general trebuie s\u0103 fie primarul tuturor bucure\u0219tenilor. \u0218i al celor puternici, \u0219i al celor care, \u00eentr-un anumit moment al vie\u021bii, au nevoie de sprijin.\u201d<\/p>\n<p>\u201eUn ora\u0219 nu se construie\u0219te doar din beton, asfalt \u0219i proiecte\u201d<\/p>\n<p>Liderul PSD Bucure\u0219ti spune c\u0103 \u00een\u021belege necesitatea reducerii cheltuielilor \u0219i a investi\u021biilor \u00een infrastructur\u0103, \u00eens\u0103 sus\u021bine c\u0103 dezvoltarea Capitalei nu poate fi f\u0103cut\u0103 prin diminuarea sprijinului destinat persoanelor vulnerabile.<\/p>\n<p>\u201e\u00cen\u021belegem foarte bine c\u0103 Bucure\u0219tiul are nevoie de investi\u021bii. Are nevoie de infrastructur\u0103, de transport public mai bun, de termoficare, de str\u0103zi, spitale \u0219i \u0219coli. Are nevoie \u0219i de ordine \u00een cheltuirea banului public.<\/p>\n<p>Dar un ora\u0219 nu se construie\u0219te doar din beton, asfalt \u0219i proiecte de infrastructur\u0103. Un ora\u0219 este, \u00eenainte de toate, despre oamenii care tr\u0103iesc \u00een el. Iar grija fa\u021b\u0103 de cei vulnerabili nu poate fi trecut\u0103 la capitolul \u00abcheltuieli de care ne putem lipsi\u00bb.\u201d<\/p>\n<p>Decizia privind suspendarea stimulentului pentru integrarea social\u0103 a persoanelor adulte cu dizabilit\u0103\u021bi este valabil\u0103 p\u00e2n\u0103 la 1 noiembrie 2030. M\u0103sura a fost adoptat\u0103 \u00een contextul \u00een care administra\u021bia Capitalei \u00eencearc\u0103 s\u0103 \u00ee\u0219i reduc\u0103 datoriile \u0219i s\u0103 \u00ee\u0219i prioritizeze cheltuielile.\n<\/p><\/div>\n<p>[analyse_source url=&#8221;https:\/\/60m.ro\/daniel-baluta-reactie-vehementa-dupa-suspendarea-stimulentelor-pentru-persoanele-cu-dizabilitati-si-mame\/&#8221;]<\/p>\n","protected":false},"excerpt":{"rendered":"<p>[analyse_image type=&#8221;featured&#8221; src=&#8221;https:\/\/60m.ro\/wp-content\/uploads\/2025\/10\/daniel-baluta-2.webp&#8221;] Pre\u0219edintele PSD Bucure\u0219ti, Daniel\u00a0B\u0103lu\u021b\u0103, critic\u0103 decizia Consiliului General al Capitalei de a suspenda p\u00e2n\u0103 la 1 noiembrie 2030 acordarea\u00a0stimulentului\u00a0pentru integrarea social\u0103 a persoanelor adulte cu dizabilit\u0103\u021bi. Liderul social-democrat spune c\u0103 partidul nu va sus\u021bine m\u0103suri prin care economiile sunt f\u0103cute \u00een detrimentul persoanelor vulnerabile. Reac\u021bia lui B\u0103lu\u021b\u0103 vine dup\u0103 ce Consiliul General [&hellip;]<\/p>\n","protected":false},"author":1,"featured_media":0,"comment_status":"open","ping_status":"","sticky":false,"template":"","format":"standard","meta":{"footnotes":""},"categories":[89],"tags":[100,226],"class_list":["post-2116595","post","type-post","status-publish","format-standard","hentry","category-romania","tag-60m-ro","tag-crawlmanager"],"_links":{"self":[{"href":"https:\/\/analyse.optim.biz\/index.php?rest_route=\/wp\/v2\/posts\/2116595","targetHints":{"allow":["GET"]}}],"collection":[{"href":"https:\/\/analyse.optim.biz\/index.php?rest_route=\/wp\/v2\/posts"}],"about":[{"href":"https:\/\/analyse.optim.biz\/index.php?rest_route=\/wp\/v2\/types\/post"}],"author":[{"embeddable":true,"href":"https:\/\/analyse.optim.biz\/index.php?rest_route=\/wp\/v2\/users\/1"}],"replies":[{"embeddable":true,"href":"https:\/\/analyse.optim.biz\/index.php?rest_route=%2Fwp%2Fv2%2Fcomments&post=2116595"}],"version-history":[{"count":0,"href":"https:\/\/analyse.optim.biz\/index.php?rest_route=\/wp\/v2\/posts\/2116595\/revisions"}],"wp:attachment":[{"href":"https:\/\/analyse.optim.biz\/index.php?rest_route=%2Fwp%2Fv2%2Fmedia&parent=2116595"}],"wp:term":[{"taxonomy":"category","embeddable":true,"href":"https:\/\/analyse.optim.biz\/index.php?rest_route=%2Fwp%2Fv2%2Fcategories&post=2116595"},{"taxonomy":"post_tag","embeddable":true,"href":"https:\/\/analyse.optim.biz\/index.php?rest_route=%2Fwp%2Fv2%2Ftags&post=2116595"}],"curies":[{"name":"wp","href":"https:\/\/api.w.org\/{rel}","templated":true}]}}