{"id":2116587,"date":"2026-08-28T09:47:06","date_gmt":"2026-08-28T06:47:06","guid":{"rendered":"https:\/\/analyse.optim.biz\/?p=2116587"},"modified":"2026-08-28T09:47:06","modified_gmt":"2026-08-28T06:47:06","slug":"surse-nicusor-dan-pregateste-desemnarea-premierului-pana-la-sfarsitul-saptamanii-viitoare-guvern-psd-cu-premier-independent-eugen-tomac","status":"publish","type":"post","link":"https:\/\/analyse.optim.biz\/?p=2116587","title":{"rendered":"SURSE: Nicu\u0219or Dan preg\u0103te\u0219te desemnarea premierului p\u00e2n\u0103 la sf\u00e2r\u0219itul s\u0103pt\u0103m\u00e2nii viitoare. Guvern PSD cu premier independent \u2013 Eugen Tomac"},"content":{"rendered":"<p>[analyse_image type=&#8221;featured&#8221; src=&#8221;https:\/\/60m.ro\/wp-content\/uploads\/2026\/06\/nicusor_dan.jpg&#8221;]<\/p>\n<div class=\"articleBody\" data-key=\"articleBody\">\nPre\u0219edintele Nicu\u0219or Dan urmeaz\u0103 s\u0103 desemneze candidatul pentru func\u021bia de prim-ministru p\u00e2n\u0103 la sf\u00e2r\u0219itul s\u0103pt\u0103m\u00e2nii viitoare, cel mai probabil \u00een timpul weekendului, potrivit unor surse apropiate de Administra\u021bia Preziden\u021bial\u0103. Noul premier desemnat ar putea fi Eugen Tomac.<\/p>\n<p>\u0218eful statului nu va mai convoca partidele politice la consult\u0103ri oficiale la Palatul Cotroceni, prefer\u00e2nd s\u0103 finalizeze discu\u021biile \u00een cadru informal.<\/p>\n<p>Conform acelora\u0219i surse, exist\u0103 \u0219anse foarte mari ca noul Guvern s\u0103 fie \u00eenvestit \u00een a doua s\u0103pt\u0103m\u00e2n\u0103 din luna septembrie, dar cel t\u00e2rziu p\u00e2n\u0103 la finalul lunii.<\/p>\n<p>Guvern PSD cu premier independent \u0219i sus\u021binere de la UDMR \u0219i frac\u021biuni din AUR<\/p>\n<p>Formula vizat\u0103 de Cotroceni este cea a unui Guvern PSD, dar condus de un prim-ministru independent din punct de vedere politic, al c\u0103rui nume nu a fost \u00eenc\u0103 vehiculat.<\/p>\n<p>Spre deosebire de \u00eencerc\u0103rile anterioare, de aceast\u0103 dat\u0103 Executivul ar urma s\u0103 beneficieze \u0219i de voturile celor de la UDMR.<\/p>\n<p>Pentru asigurarea majorit\u0103\u021bii parlamentare necesare \u00eenvestirii, se mizeaz\u0103 pe un sprijin flexibil: pe l\u00e2ng\u0103 PSD \u0219i UDMR, cabinetul ar urma s\u0103 fie votat de fac\u021biuni desprinse din SOS \u0219i POT, dar \u0219i de parlamentari care ar putea p\u0103r\u0103si grupul AUR \u00een perioada urm\u0103toare, dac\u0103 situa\u021bia o va impune.<\/p>\n<p>\u00cen ceea ce prive\u0219te arhitectura viitorului cabinet, Nicu\u0219or Dan \u00ee\u0219i dore\u0219te s\u0103 p\u0103streze controlul asupra portofoliilor de la Externe \u0219i Ap\u0103rare.<\/p>\n<p>Pentru Ministerul Afacerilor Externe, pre\u0219edintele ar \u00eencerca s\u0103 o men\u021bin\u0103 \u00een func\u021bie pe Oana \u021aoiu, de\u0219i social-democra\u021bii nu sunt entuziasma\u021bi de aceast\u0103 variant\u0103.<\/p>\n<p>\u00cen paralel, \u0219eful statului \u00eencearc\u0103 s\u0103 ob\u021bin\u0103 \u0219i Ministerul Ap\u0103r\u0103rii Na\u021bionale, \u00eens\u0103 principala provocare \u00een acest moment r\u0103m\u00e2ne identificarea unui profil potrivit pentru preluarea acestui portofoliu. Pe scurt: pre\u0219edintele nu are \u00eenc\u0103 o persoan\u0103 care s\u0103 poat\u0103 conduce acest minister.\n<\/p><\/div>\n<p>[analyse_source url=&#8221;https:\/\/60m.ro\/surse-nicusor-dan-pregateste-desemnarea-premierului-pana-la-sfarsitul-saptamanii-viitoare-guvern-psd-cu-premier-independent-eugen-tomac\/&#8221;]<\/p>\n","protected":false},"excerpt":{"rendered":"<p>[analyse_image type=&#8221;featured&#8221; src=&#8221;https:\/\/60m.ro\/wp-content\/uploads\/2026\/06\/nicusor_dan.jpg&#8221;] Pre\u0219edintele Nicu\u0219or Dan urmeaz\u0103 s\u0103 desemneze candidatul pentru func\u021bia de prim-ministru p\u00e2n\u0103 la sf\u00e2r\u0219itul s\u0103pt\u0103m\u00e2nii viitoare, cel mai probabil \u00een timpul weekendului, potrivit unor surse apropiate de Administra\u021bia Preziden\u021bial\u0103. Noul premier desemnat ar putea fi Eugen Tomac. \u0218eful statului nu va mai convoca partidele politice la consult\u0103ri oficiale la Palatul Cotroceni, prefer\u00e2nd [&hellip;]<\/p>\n","protected":false},"author":1,"featured_media":0,"comment_status":"open","ping_status":"","sticky":false,"template":"","format":"standard","meta":{"footnotes":""},"categories":[89],"tags":[100,226],"class_list":["post-2116587","post","type-post","status-publish","format-standard","hentry","category-romania","tag-60m-ro","tag-crawlmanager"],"_links":{"self":[{"href":"https:\/\/analyse.optim.biz\/index.php?rest_route=\/wp\/v2\/posts\/2116587","targetHints":{"allow":["GET"]}}],"collection":[{"href":"https:\/\/analyse.optim.biz\/index.php?rest_route=\/wp\/v2\/posts"}],"about":[{"href":"https:\/\/analyse.optim.biz\/index.php?rest_route=\/wp\/v2\/types\/post"}],"author":[{"embeddable":true,"href":"https:\/\/analyse.optim.biz\/index.php?rest_route=\/wp\/v2\/users\/1"}],"replies":[{"embeddable":true,"href":"https:\/\/analyse.optim.biz\/index.php?rest_route=%2Fwp%2Fv2%2Fcomments&post=2116587"}],"version-history":[{"count":0,"href":"https:\/\/analyse.optim.biz\/index.php?rest_route=\/wp\/v2\/posts\/2116587\/revisions"}],"wp:attachment":[{"href":"https:\/\/analyse.optim.biz\/index.php?rest_route=%2Fwp%2Fv2%2Fmedia&parent=2116587"}],"wp:term":[{"taxonomy":"category","embeddable":true,"href":"https:\/\/analyse.optim.biz\/index.php?rest_route=%2Fwp%2Fv2%2Fcategories&post=2116587"},{"taxonomy":"post_tag","embeddable":true,"href":"https:\/\/analyse.optim.biz\/index.php?rest_route=%2Fwp%2Fv2%2Ftags&post=2116587"}],"curies":[{"name":"wp","href":"https:\/\/api.w.org\/{rel}","templated":true}]}}