{"id":2116580,"date":"2026-08-28T09:15:21","date_gmt":"2026-08-28T06:15:21","guid":{"rendered":"https:\/\/analyse.optim.biz\/?p=2116580"},"modified":"2026-08-28T09:15:21","modified_gmt":"2026-08-28T06:15:21","slug":"decizie-petrisor-peiu-nu-pleaca-din-aur","status":"publish","type":"post","link":"https:\/\/analyse.optim.biz\/?p=2116580","title":{"rendered":"Decizie: Petri\u0219or Peiu nu pleac\u0103 din AUR"},"content":{"rendered":"<p>[analyse_image type=&#8221;featured&#8221; src=&#8221;https:\/\/60m.ro\/wp-content\/uploads\/2026\/08\/petrisor-peiu_FSisX-1.webp&#8221;]<\/p>\n<div class=\"articleBody\" data-key=\"articleBody\">\nLiderul senatorilor AUR, Petri\u0219or Peiu, anun\u021b\u0103 vineri c\u0103 nu va pleca din partid \u0219i c\u0103 nu va rupe r\u00e2ndurile la vot \u00een Parlament.\u00a0Peiu a plecat sup\u0103rat \u00een concediu\u00a0\u0219i nu a participat la votul pentru integrit\u0103\u021bii \u00een Senat.<\/p>\n<p>\u201eAm decis s\u0103 m\u0103 opresc s\u0103 r\u0103spund acuza\u021biilor care mi se aduc legate de legea integrit\u0103\u021bii incluz\u00e2nd amendamentul Fritz. Pentru a proteja partidul AUR, pe listele c\u0103ruia am fost ales \u0219i pentru care am reintrat \u00een politic\u0103 dup\u0103 20 de ani. O spun \u00eenc\u0103 o dat\u0103: nu voi pleca din AUR \u0219i nu voi vota altfel dec\u00e2t partidul AUR \u00een parlament\u201d, a anun\u021bat Peiu, pe pagina lui de Facebook.<\/p>\n<p>\u201eNu cred ca ast\u0103zi este o op\u021biune politic\u0103 mai bun\u0103 (dec\u00e2t AUR, n.red.) pentru Rom\u00e2nia. Dac\u0103 m\u00e2ine ar fi alegeri preziden\u021biale a\u0219 vota tot cu George Simion. Evident c\u0103 voi face tot ceea ce am promis\u201d, a ad\u0103ugat acesta.<\/p>\n<p>Peiu: PSD poate face majoritate la limit\u0103<\/p>\n<p>Liderul senatorilor AUR, Petri\u0219or Peiu, a declarat joi sear\u0103 c\u0103 \u00een opinia lui PSD ar reu\u0219i s\u0103 str\u00e2ng\u0103 voturile necesare unui Guvern dup\u0103 revenirea parlamentarilor din vacan\u021b\u0103, dar social-democra\u021bii vor juca \u201epericulos\u201d.<\/p>\n<p>\u201eVa fi o majoritate destul de fragil\u0103 \u0219i va fi bazat\u0103 pe achizi\u021bionarea, \u00eentre ghilimele, a unor parlamentari neafilia\u021bi sau cu grupuri parlamentare nou-\u00eenfiin\u021bate \u0219i va fi riscant pentru un guvern care va trebui s\u0103 ia m\u0103suri importante\u201d, conform lui Peiu.<\/p>\n<p>\u00cen opinia sa, nu ar trebui ca parlamentarii AUR s\u0103 sus\u021bin\u0103 un guvern din care fac parte UDMR &#8211; un \u201eadversar declarat\u201d &#8211; sau PSD &#8211; un \u201ecompetitor politic\u201d. \u201eAr fi periculos ca un partid aflat pe primul loc \u00een sondaje s\u0103 sus\u021bin\u0103 guvernul unui partid cu care se afl\u0103 \u00een competi\u021bie\u201d, a ad\u0103ugat Peiu cu referire la un guvern PSD.<\/p>\n<p>\u201eVrei voturile mele pentru Guvern, trebuie s\u0103 fiu \u00een guvern\u201d, le-a transmis Peiu celorlalte partide.<\/p>\n<p>Posibil calendar pentru \u00eenvestire<\/p>\n<p>De la 1 septembrie \u00eencep discu\u021biile pentru viitorul Guvern.<\/p>\n<p>Surse politice spun c\u0103 se contureaz\u0103 deja o formul\u0103 de compromis care ar \u00eentruni condi\u021biile s\u0103 avem un nou guvern \u00een luna septembrie.<\/p>\n<p>Potrivit informa\u021biilor, a\u0219teptarea este ca pre\u0219edintele Nicu\u0219or Dan s\u0103 anun\u021be un nou prim-ministru p\u00e2n\u0103 la sf\u00e2r\u0219itul s\u0103pt\u0103m\u00e2nii viitoare, astfel \u00eenc\u00e2t s\u0103 poate fie instalat c\u00e2t mai rapid un nou Guvern, \u00een a doua s\u0103pt\u0103m\u00e2n\u0103 din luna septembrie.<\/p>\n<p>Nicu\u0219or Dan: E urgent s\u0103 avem guvern<\/p>\n<p>Pre\u015fedintele Nicu\u015for Dan a anun\u0163at, joi seara, \u00een cadrul unei conferin\u0163e de pres\u0103 sus\u0163inut\u0103 la Ambasada Rom\u00e2niei la Chi\u015fin\u0103u, c\u0103 a \u00eenceputul lunii septembrie va organiza o nou\u0103 rund\u0103 de consult\u0103ri cu partidele pentru desemnarea premierului.<\/p>\n<p>\u201eAcum, imediat, la 1 septembrie, o s\u0103 avem o nou\u0103 consultare, o s\u0103 vedem, formal\u0103 sau informal\u0103, \u015fi eu cred c\u0103 vom g\u0103si o majoritate pentru un guvern care s\u0103 fie stabil\u0103. Eu cred c\u0103 este o urgen\u0163\u0103, cred c\u0103 toat\u0103 lumea realizeaz\u0103 c\u0103 e urgen\u0163\u0103 s\u0103 avem un guvern. \u00cen acest moment nu v\u0103d sus\u0163inere pentru un guvern cu mini\u015ftri tehnocra\u0163i. Deci este mult mai probabil un guvern cu mini\u015ftrii politici&#8221;, a afirmat Nicu\u015for Dan.<\/p>\n<\/div>\n<p>[analyse_source url=&#8221;https:\/\/60m.ro\/decizie-petrisor-peiu-nu-pleaca-din-aur\/&#8221;]<\/p>\n","protected":false},"excerpt":{"rendered":"<p>[analyse_image type=&#8221;featured&#8221; src=&#8221;https:\/\/60m.ro\/wp-content\/uploads\/2026\/08\/petrisor-peiu_FSisX-1.webp&#8221;] Liderul senatorilor AUR, Petri\u0219or Peiu, anun\u021b\u0103 vineri c\u0103 nu va pleca din partid \u0219i c\u0103 nu va rupe r\u00e2ndurile la vot \u00een Parlament.\u00a0Peiu a plecat sup\u0103rat \u00een concediu\u00a0\u0219i nu a participat la votul pentru integrit\u0103\u021bii \u00een Senat. \u201eAm decis s\u0103 m\u0103 opresc s\u0103 r\u0103spund acuza\u021biilor care mi se aduc legate de legea [&hellip;]<\/p>\n","protected":false},"author":1,"featured_media":0,"comment_status":"open","ping_status":"","sticky":false,"template":"","format":"standard","meta":{"footnotes":""},"categories":[89],"tags":[100,226],"class_list":["post-2116580","post","type-post","status-publish","format-standard","hentry","category-romania","tag-60m-ro","tag-crawlmanager"],"_links":{"self":[{"href":"https:\/\/analyse.optim.biz\/index.php?rest_route=\/wp\/v2\/posts\/2116580","targetHints":{"allow":["GET"]}}],"collection":[{"href":"https:\/\/analyse.optim.biz\/index.php?rest_route=\/wp\/v2\/posts"}],"about":[{"href":"https:\/\/analyse.optim.biz\/index.php?rest_route=\/wp\/v2\/types\/post"}],"author":[{"embeddable":true,"href":"https:\/\/analyse.optim.biz\/index.php?rest_route=\/wp\/v2\/users\/1"}],"replies":[{"embeddable":true,"href":"https:\/\/analyse.optim.biz\/index.php?rest_route=%2Fwp%2Fv2%2Fcomments&post=2116580"}],"version-history":[{"count":0,"href":"https:\/\/analyse.optim.biz\/index.php?rest_route=\/wp\/v2\/posts\/2116580\/revisions"}],"wp:attachment":[{"href":"https:\/\/analyse.optim.biz\/index.php?rest_route=%2Fwp%2Fv2%2Fmedia&parent=2116580"}],"wp:term":[{"taxonomy":"category","embeddable":true,"href":"https:\/\/analyse.optim.biz\/index.php?rest_route=%2Fwp%2Fv2%2Fcategories&post=2116580"},{"taxonomy":"post_tag","embeddable":true,"href":"https:\/\/analyse.optim.biz\/index.php?rest_route=%2Fwp%2Fv2%2Ftags&post=2116580"}],"curies":[{"name":"wp","href":"https:\/\/api.w.org\/{rel}","templated":true}]}}