{"id":2116574,"date":"2026-08-28T08:59:12","date_gmt":"2026-08-28T05:59:12","guid":{"rendered":"https:\/\/analyse.optim.biz\/?p=2116574"},"modified":"2026-08-28T08:59:12","modified_gmt":"2026-08-28T05:59:12","slug":"decizie-la-primaria-capitalei-a-trecut-taxa-pe-inundatie-si-vor-creste-tarifele-la-apa-pentru-bucuresteni","status":"publish","type":"post","link":"https:\/\/analyse.optim.biz\/?p=2116574","title":{"rendered":"Decizie la Prim\u0103ria Capitalei: A trecut \u201dtaxa pe inunda\u021bie\u201d \u0219i vor cre\u0219te tarifele la ap\u0103 pentru bucure\u0219teni"},"content":{"rendered":"<p>[analyse_image type=&#8221;featured&#8221; src=&#8221;https:\/\/60m.ro\/wp-content\/uploads\/2026\/08\/militari-residence-inundatie-ploaiejpg_iIPcE.webp&#8221;]<\/p>\n<div class=\"articleBody\" data-key=\"articleBody\">\n\u00cen Consiliul General al Prim\u0103riei Capitalei a trecut ini\u021biativa prin care factura la ap\u0103 \u00een\u00a0Bucure\u0219ti ar urma creasc\u0103 printr-o nou\u0103 tax\u0103 indirect\u0103 de la aproximativ 0,81 &#8211; 0,85 lei pe metru cub. Denumit\u0103 generic \u201etaxa pe inunda\u021bie\u201d, suma suplimentar\u0103 va merge \u00eentr-un fond special pentru extinderea rele\u021belor de canalizare.<\/p>\n<p>Tarifele la ap\u0103 vor cre\u0219te pentru bucure\u0219teni<\/p>\n<p>Facturile curente vor cre\u0219te cu circa 7-8%, un plus de aproape 1 leu pentru fiecare metru cub de ap\u0103 consumat \u0219i evacuat.<\/p>\n<p>\u201e\u00cen contextul schimb\u0103rilor climatice care determin\u0103 modificarea profilului, frecven\u021bei \u0219i intensit\u0103\u021bii precipita\u021biilor \u00eenregistrate pe teritoriul Municipiului Bucure\u0219ti \u0219i conduc la apari\u021bia repetat\u0103 a acumul\u0103rilor de ap\u0103 \u0219i a inunda\u021biilor \u00een anumite zone ale ora\u0219ului, Municipiul Bucure\u0219ti se afl\u0103 \u00een situa\u021bia de a adopta \u0219i implementa m\u0103suri urgente pentru prevenirea \u0219i reducerea riscului de inunda\u021bii \u0219i pentru limitarea efectelor acestora.<\/p>\n<p>De\u0219i Sistemul de Canalizare nu constituie, potrivit legisla\u021biei specifice, un sistem de ap\u0103rare \u00eempotriva inunda\u021biilor, func\u021bionarea corespunz\u0103toare \u0219i dezvoltarea acestuia au un rol important \u00een gestionarea efectelor generate de precipita\u021biile intense, prin preluarea, transportul \u0219i evacuarea apelor meteorice\u201d, se arat\u0103 \u00een proiectul de hot\u0103r\u00e2re.<\/p>\n<p>Fondurile str\u00e2nse vor fi folosite exclusiv pentru investi\u021bii masive \u00een extinderea re\u021belelor de canalizare \u0219i construirea unor bazine de reten\u021bie uria\u0219e, necesare pentru a preveni inunda\u021biile din Capital\u0103 \u00een timpul ploilor toren\u021biale.<\/p>\n<p>Prin acest act adi\u021bional, Apa Nova iese din managementul riscului la inunda\u021bii la nivelul municipiului, responsabilitatea lucr\u0103rilor majore fiind preluat\u0103 pe baz\u0103 de finan\u021bare dedicat\u0103.<\/p>\n<p>Ce prevede programul de investi\u021bii<\/p>\n<p>Programul Investi\u021bii \u00een Infrastructur\u0103 pentru Dezvoltare Urban\u0103 (IIDU) are dou\u0103 componente.\u00a0<\/p>\n<p>Prima, Apa Nova \u00ee\u0219i asum\u0103 ca p\u00e2n\u0103 \u00een 2037 s\u0103 realizeze \u00een re\u021beaua de ap\u0103 \u0219i canal investi\u021bii de 300 milioane euro. Investi\u021biile vor fi stabilite de un Comitet de Coordonare, alc\u0103tuit din reprezentan\u021bi ai prim\u0103riei \u0219i Apa Nova.\u00a0<\/p>\n<p>A doua component\u0103 a programului stabile\u0219te c\u0103 Apa Nova va finan\u021ba investi\u021bii f\u0103cute \u00een re\u021beaua de ap\u0103 \u0219i canalizare de Prim\u0103ria Capitalei. Mecanismul presupune ca pentru fiecare metru cub de ap\u0103 facturat, Apa Nova s\u0103 aloce\u00a0 o contribu\u021bie de 0.1645 EUR \u00eentr-un cont escrow la dispozi\u021bia Prim\u0103riei Capitalei, pentru aceste lucr\u0103ri. P\u00e2n\u0103 cel t\u00e2rziu la data de 31 octombrie a fiec\u0103rui an calendaristic, Apa Nova trebuie s\u0103 transmit\u0103 estimarea volumului relevant facturat pentru anul calendaristic urm\u0103tor \u0219i valoarea estimat\u0103 a contribu\u021biei. Aceste fonduri nu sunt considerate \u201efonduri publice\u201d, este men\u021bionat clar \u00een actul adi\u021bional.\u00a0<\/p>\n<\/div>\n<p>[analyse_source url=&#8221;https:\/\/60m.ro\/decizie-la-primaria-capitalei-a-trecut-taxa-pe-inundatie-si-vor-creste-tarifele-la-apa-pentru-bucuresteni\/&#8221;]<\/p>\n","protected":false},"excerpt":{"rendered":"<p>[analyse_image type=&#8221;featured&#8221; src=&#8221;https:\/\/60m.ro\/wp-content\/uploads\/2026\/08\/militari-residence-inundatie-ploaiejpg_iIPcE.webp&#8221;] \u00cen Consiliul General al Prim\u0103riei Capitalei a trecut ini\u021biativa prin care factura la ap\u0103 \u00een\u00a0Bucure\u0219ti ar urma creasc\u0103 printr-o nou\u0103 tax\u0103 indirect\u0103 de la aproximativ 0,81 &#8211; 0,85 lei pe metru cub. Denumit\u0103 generic \u201etaxa pe inunda\u021bie\u201d, suma suplimentar\u0103 va merge \u00eentr-un fond special pentru extinderea rele\u021belor de canalizare. Tarifele la ap\u0103 [&hellip;]<\/p>\n","protected":false},"author":1,"featured_media":0,"comment_status":"open","ping_status":"","sticky":false,"template":"","format":"standard","meta":{"footnotes":""},"categories":[89],"tags":[100,226],"class_list":["post-2116574","post","type-post","status-publish","format-standard","hentry","category-romania","tag-60m-ro","tag-crawlmanager"],"_links":{"self":[{"href":"https:\/\/analyse.optim.biz\/index.php?rest_route=\/wp\/v2\/posts\/2116574","targetHints":{"allow":["GET"]}}],"collection":[{"href":"https:\/\/analyse.optim.biz\/index.php?rest_route=\/wp\/v2\/posts"}],"about":[{"href":"https:\/\/analyse.optim.biz\/index.php?rest_route=\/wp\/v2\/types\/post"}],"author":[{"embeddable":true,"href":"https:\/\/analyse.optim.biz\/index.php?rest_route=\/wp\/v2\/users\/1"}],"replies":[{"embeddable":true,"href":"https:\/\/analyse.optim.biz\/index.php?rest_route=%2Fwp%2Fv2%2Fcomments&post=2116574"}],"version-history":[{"count":0,"href":"https:\/\/analyse.optim.biz\/index.php?rest_route=\/wp\/v2\/posts\/2116574\/revisions"}],"wp:attachment":[{"href":"https:\/\/analyse.optim.biz\/index.php?rest_route=%2Fwp%2Fv2%2Fmedia&parent=2116574"}],"wp:term":[{"taxonomy":"category","embeddable":true,"href":"https:\/\/analyse.optim.biz\/index.php?rest_route=%2Fwp%2Fv2%2Fcategories&post=2116574"},{"taxonomy":"post_tag","embeddable":true,"href":"https:\/\/analyse.optim.biz\/index.php?rest_route=%2Fwp%2Fv2%2Ftags&post=2116574"}],"curies":[{"name":"wp","href":"https:\/\/api.w.org\/{rel}","templated":true}]}}