{"id":2116572,"date":"2026-08-28T08:46:58","date_gmt":"2026-08-28T05:46:58","guid":{"rendered":"https:\/\/analyse.optim.biz\/?p=2116572"},"modified":"2026-08-28T08:46:58","modified_gmt":"2026-08-28T05:46:58","slug":"final-de-urmarire-procurorul-pistolar-radu-george-bucurica-a-fost-prins-de-politisti-intr-un-supermarket-din-ilfov","status":"publish","type":"post","link":"https:\/\/analyse.optim.biz\/?p=2116572","title":{"rendered":"Final de urm\u0103rire: Procurorul \u201epistolar\u201d Radu George Bucuric\u0103 a fost prins de poli\u021bi\u0219ti \u00eentr-un supermarket din Ilfov"},"content":{"rendered":"<p>[analyse_image type=&#8221;featured&#8221; src=&#8221;https:\/\/60m.ro\/wp-content\/uploads\/2026\/08\/Screenshot-416-1.png&#8221;]<\/p>\n<div class=\"articleBody\" data-key=\"articleBody\">\nDat \u00een urm\u0103rire general\u0103 de Poli\u021bia Rom\u00e2n\u0103 la doar c\u00e2teva ore dup\u0103 ce \u00cenalta Curte i-a emis mandat de arestare preventiv\u0103, procurorul Radu George Bucuric\u0103 a fost g\u0103sit de poli\u021bi\u0219ti \u00eentr-un supermarket din jude\u021bul Ilfov. Magistratul de la Parchetul de pe l\u00e2ng\u0103 Tribunalul Cara\u0219-Severin ar fi fost localizat joi, 27 august, potrivit unor surse judiciare, \u00een dosarul \u00een care este acuzat de nerespectarea regimului armelor \u0219i muni\u021biilor \u0219i de dou\u0103 infrac\u021biuni de ultraj.<\/p>\n<p>Cum a fost g\u0103sit procurorul dat \u00een urm\u0103rire general\u0103<\/p>\n<p>Numele magistratului a ajuns joi pe pagina de internet a Poli\u021biei Rom\u00e2ne, la sec\u021biunea persoane urm\u0103rite. Anun\u021bul preciza c\u0103 \u00cenalta Curte de Casa\u021bie \u0219i Justi\u021bie emisese chiar \u00een acea zi mandatul de arestare preventiv\u0103.<\/p>\n<p>C\u0103utarea nu a durat \u00eens\u0103 mult. Potrivit unor surse judiciare, procurorul ar fi fost g\u0103sit de poli\u021bi\u0219ti \u00eentr-un supermarket situat \u00een jude\u021bul Ilfov, tot \u00een ziua de 27 august.<\/p>\n<p>Documentul publicat de Poli\u021bia Rom\u00e2n\u0103 enumer\u0103 patru capete de acuzare pentru care a fost emis mandatul: nerespectarea regimului armelor \u0219i muni\u021biilor, tulburarea ordinii \u0219i lini\u0219tii publice \u0219i dou\u0103 infrac\u021biuni de ultraj. \u201ea emis mandat de arestare preventiv\u0103 \u00eempotriva numitului Radu George Bucuric\u0103\u201d, se arat\u0103 \u00een anun\u021bul institu\u021biei.<\/p>\n<p>Ce a decis \u00cenalta Curte \u00een dosarul procurorului din Cara\u0219-Severin<\/p>\n<p>Instan\u021ba suprem\u0103 a admis joi contesta\u021bia procurorilor \u00eempotriva deciziei din 10 august a judec\u0103torului de drepturi \u0219i libert\u0103\u021bi din cadrul Cur\u021bii de Apel Alba Iulia. Prima instan\u021b\u0103 refuzase, a\u0219adar, m\u0103sura preventiv\u0103 cerut\u0103 de anchetatori.<\/p>\n<p>\u00cenalta Curte a dispus arestarea preventiv\u0103 a lui George Bucuric\u0103 pentru 30 de zile. Intervalul curge de la 27 august p\u00e2n\u0103 la 25 septembrie, inclusiv.<\/p>\n<p>Magistratul mai trecuse o dat\u0103 prin fa\u021ba anchetatorilor. Pe 10 august fusese re\u021binut pentru 24 de ore, sub acuza\u021bia c\u0103 ar fi produs un scandal \u00eentr-un local public din jude\u021bul Hunedoara \u0219i c\u0103, la venirea unui echipaj de poli\u021bie, ar fi folosit spray lacrimogen \u0219i ar fi tras cu un pistol letal \u00een timp ce era imobilizat de agen\u021bi.<\/p>\n<p>Ce s-ar fi \u00eent\u00e2mplat pe terasa localului din Ribi\u021ba<\/p>\n<p>Scena descris\u0103 de Parchetul General se petrece \u00een noaptea de 9 august, \u00een jurul orei 02:48. Inculpatul ar fi intrat pe terasa unui local public din comuna Ribi\u021ba, jude\u021bul Hunedoara, unde se aflau circa 100 de persoane.<\/p>\n<p>Ancheta sus\u021bine c\u0103 avea asupra sa un cu\u021bit, un spray iritant lacrimogen \u0219i o arm\u0103 letal\u0103 de tip pistol, marca Walther, seria FBC 3400, de calibrul 9\u00d719. Pu\u021bin dup\u0103 ora 03:00, c\u00e2nd poli\u021bi\u0219tii i-au cerut s\u0103 se legitimeze, ar fi refuzat \u0219i ar fi ridicat tonul, deranj\u00e2nd clien\u021bii localului.<\/p>\n<p>ad<\/p>\n<p>Ulterior ar fi fugit de agen\u021bii care au pornit \u00een urm\u0103rirea lui, dup\u0103 ce anterior ar fi folosit spray-ul iritant \u00eempotriva lor. Momentul cel mai grav ar fi venit la final, c\u00e2nd oamenii legii au reu\u0219it s\u0103 \u00eel imobilizeze. Procurorul \u201ear fi tras f\u0103r\u0103 drept cu arma letal\u0103 de\u021binut\u0103 asupra sa\u201d, a transmis Parchetul General.<\/p>\n<p>Permisul de port-arm\u0103 \u00eei fusese anulat cu dou\u0103 s\u0103pt\u0103m\u00e2ni \u00eenainte<\/p>\n<p>Elementul care apas\u0103 cel mai tare \u00een rechizitoriul provizoriu \u021bine de dreptul de a purta arma. IPJ Cara\u0219-Severin, prin Serviciul Arme, Explozivi \u0219i Substan\u021be Periculoase, dispusese anularea permisului de port-arm\u0103 \u00eenc\u0103 din 27 iulie.<\/p>\n<p>Mai mult, anchetatorii sus\u021bin c\u0103 magistratul cuno\u0219tea aceast\u0103 decizie din 6 august, adic\u0103 cu trei zile \u00eenainte de incidentul din Hunedoara. Cu alte cuvinte, arma pe care o avea asupra sa pe terasa din Ribi\u021ba nu mai avea acoperire legal\u0103.<\/p>\n<p>Referitor la \u00eencadrarea juridic\u0103, procurorii \u00eel acuz\u0103 de nerespectarea regimului armelor \u0219i muni\u021biilor, tulburarea ordinii \u0219i lini\u0219tii publice, portul sau folosirea f\u0103r\u0103 drept de obiecte periculoase \u0219i ultraj.<\/p>\n<\/div>\n<p>[analyse_source url=&#8221;https:\/\/60m.ro\/final-de-urmarire-procurorul-pistolar-radu-george-bucurica-a-fost-prins-de-politisti-intr-un-supermarket-din-ilfov\/&#8221;]<\/p>\n","protected":false},"excerpt":{"rendered":"<p>[analyse_image type=&#8221;featured&#8221; src=&#8221;https:\/\/60m.ro\/wp-content\/uploads\/2026\/08\/Screenshot-416-1.png&#8221;] Dat \u00een urm\u0103rire general\u0103 de Poli\u021bia Rom\u00e2n\u0103 la doar c\u00e2teva ore dup\u0103 ce \u00cenalta Curte i-a emis mandat de arestare preventiv\u0103, procurorul Radu George Bucuric\u0103 a fost g\u0103sit de poli\u021bi\u0219ti \u00eentr-un supermarket din jude\u021bul Ilfov. Magistratul de la Parchetul de pe l\u00e2ng\u0103 Tribunalul Cara\u0219-Severin ar fi fost localizat joi, 27 august, potrivit [&hellip;]<\/p>\n","protected":false},"author":1,"featured_media":0,"comment_status":"open","ping_status":"","sticky":false,"template":"","format":"standard","meta":{"footnotes":""},"categories":[89],"tags":[100,226],"class_list":["post-2116572","post","type-post","status-publish","format-standard","hentry","category-romania","tag-60m-ro","tag-crawlmanager"],"_links":{"self":[{"href":"https:\/\/analyse.optim.biz\/index.php?rest_route=\/wp\/v2\/posts\/2116572","targetHints":{"allow":["GET"]}}],"collection":[{"href":"https:\/\/analyse.optim.biz\/index.php?rest_route=\/wp\/v2\/posts"}],"about":[{"href":"https:\/\/analyse.optim.biz\/index.php?rest_route=\/wp\/v2\/types\/post"}],"author":[{"embeddable":true,"href":"https:\/\/analyse.optim.biz\/index.php?rest_route=\/wp\/v2\/users\/1"}],"replies":[{"embeddable":true,"href":"https:\/\/analyse.optim.biz\/index.php?rest_route=%2Fwp%2Fv2%2Fcomments&post=2116572"}],"version-history":[{"count":0,"href":"https:\/\/analyse.optim.biz\/index.php?rest_route=\/wp\/v2\/posts\/2116572\/revisions"}],"wp:attachment":[{"href":"https:\/\/analyse.optim.biz\/index.php?rest_route=%2Fwp%2Fv2%2Fmedia&parent=2116572"}],"wp:term":[{"taxonomy":"category","embeddable":true,"href":"https:\/\/analyse.optim.biz\/index.php?rest_route=%2Fwp%2Fv2%2Fcategories&post=2116572"},{"taxonomy":"post_tag","embeddable":true,"href":"https:\/\/analyse.optim.biz\/index.php?rest_route=%2Fwp%2Fv2%2Ftags&post=2116572"}],"curies":[{"name":"wp","href":"https:\/\/api.w.org\/{rel}","templated":true}]}}