{"id":2116569,"date":"2026-08-27T18:55:26","date_gmt":"2026-08-27T15:55:26","guid":{"rendered":"https:\/\/analyse.optim.biz\/?p=2116569"},"modified":"2026-08-27T18:55:26","modified_gmt":"2026-08-27T15:55:26","slug":"nicusor-dan-romania-republica-moldova-si-ucraina-isi-consolideaza-cooperarea-regionala","status":"publish","type":"post","link":"https:\/\/analyse.optim.biz\/?p=2116569","title":{"rendered":"Nicu\u0219or Dan: Rom\u00e2nia, Republica Moldova \u0219i Ucraina \u00ee\u0219i consolideaz\u0103 cooperarea regional\u0103"},"content":{"rendered":"<p>[analyse_image type=&#8221;featured&#8221; src=&#8221;https:\/\/60m.ro\/wp-content\/uploads\/2026\/08\/5800672814850314941.jpg&#8221;]<\/p>\n<div class=\"articleBody\" data-key=\"articleBody\">\nPre\u0219edintele Rom\u00e2niei, Nicu\u0219or Dan, a anun\u021bat c\u0103 a avut la Chi\u0219in\u0103u o reuniune trilateral\u0103 cu Maia Sandu \u0219i Volod\u00eem\u00eer Zelenski. Potrivit acestuia, formatul \u201eTriunghiul Odesa\u201d este mai relevant ca niciodat\u0103 pentru securitatea regional\u0103, interconectarea energetic\u0103, infrastructur\u0103 \u0219i integrarea european\u0103. <\/p>\n<p>Cei trei lideri \u0219i-au reafirmat sprijinul pentru independen\u021ba, suveranitatea \u0219i integritatea teritorial\u0103 a Ucrainei, precum \u0219i pentru o pace just\u0103 \u0219i durabil\u0103. Nicu\u0219or Dan a declarat c\u0103 Rom\u00e2nia va sus\u021bine deschiderea rapid\u0103 a clusterelor restante \u00een negocierile de aderare la UE ale Republicii Moldova \u0219i Ucrainei.\n<\/p><\/div>\n<p>[analyse_source url=&#8221;https:\/\/60m.ro\/nicusor-dan-romania-republica-moldova-si-ucraina-isi-consolideaza-cooperarea-regionala\/&#8221;]<\/p>\n","protected":false},"excerpt":{"rendered":"<p>[analyse_image type=&#8221;featured&#8221; src=&#8221;https:\/\/60m.ro\/wp-content\/uploads\/2026\/08\/5800672814850314941.jpg&#8221;] Pre\u0219edintele Rom\u00e2niei, Nicu\u0219or Dan, a anun\u021bat c\u0103 a avut la Chi\u0219in\u0103u o reuniune trilateral\u0103 cu Maia Sandu \u0219i Volod\u00eem\u00eer Zelenski. Potrivit acestuia, formatul \u201eTriunghiul Odesa\u201d este mai relevant ca niciodat\u0103 pentru securitatea regional\u0103, interconectarea energetic\u0103, infrastructur\u0103 \u0219i integrarea european\u0103. Cei trei lideri \u0219i-au reafirmat sprijinul pentru independen\u021ba, suveranitatea \u0219i integritatea teritorial\u0103 a [&hellip;]<\/p>\n","protected":false},"author":1,"featured_media":0,"comment_status":"open","ping_status":"","sticky":false,"template":"","format":"standard","meta":{"footnotes":""},"categories":[89],"tags":[100,226],"class_list":["post-2116569","post","type-post","status-publish","format-standard","hentry","category-romania","tag-60m-ro","tag-crawlmanager"],"_links":{"self":[{"href":"https:\/\/analyse.optim.biz\/index.php?rest_route=\/wp\/v2\/posts\/2116569","targetHints":{"allow":["GET"]}}],"collection":[{"href":"https:\/\/analyse.optim.biz\/index.php?rest_route=\/wp\/v2\/posts"}],"about":[{"href":"https:\/\/analyse.optim.biz\/index.php?rest_route=\/wp\/v2\/types\/post"}],"author":[{"embeddable":true,"href":"https:\/\/analyse.optim.biz\/index.php?rest_route=\/wp\/v2\/users\/1"}],"replies":[{"embeddable":true,"href":"https:\/\/analyse.optim.biz\/index.php?rest_route=%2Fwp%2Fv2%2Fcomments&post=2116569"}],"version-history":[{"count":0,"href":"https:\/\/analyse.optim.biz\/index.php?rest_route=\/wp\/v2\/posts\/2116569\/revisions"}],"wp:attachment":[{"href":"https:\/\/analyse.optim.biz\/index.php?rest_route=%2Fwp%2Fv2%2Fmedia&parent=2116569"}],"wp:term":[{"taxonomy":"category","embeddable":true,"href":"https:\/\/analyse.optim.biz\/index.php?rest_route=%2Fwp%2Fv2%2Fcategories&post=2116569"},{"taxonomy":"post_tag","embeddable":true,"href":"https:\/\/analyse.optim.biz\/index.php?rest_route=%2Fwp%2Fv2%2Ftags&post=2116569"}],"curies":[{"name":"wp","href":"https:\/\/api.w.org\/{rel}","templated":true}]}}