{"id":2116567,"date":"2026-08-27T18:21:47","date_gmt":"2026-08-27T15:21:47","guid":{"rendered":"https:\/\/analyse.optim.biz\/?p=2116567"},"modified":"2026-08-27T18:21:47","modified_gmt":"2026-08-27T15:21:47","slug":"militari-din-fortele-pentru-operatii-speciale-raniti-in-timpul-unui-exercitiu-de-parasutare-unul-a-ramas-agatat-in-firele-de-inalta-tensiune","status":"publish","type":"post","link":"https:\/\/analyse.optim.biz\/?p=2116567","title":{"rendered":"Militari din For\u0163ele pentru Opera\u0163ii Speciale, r\u0103ni\u0163i \u00een timpul unui exerci\u0163iu de para\u015futare. Unul a r\u0103mas ag\u0103\u021bat \u00een firele de \u00eenalt\u0103 tensiune"},"content":{"rendered":"<p>[analyse_image type=&#8221;featured&#8221; src=&#8221;https:\/\/60m.ro\/wp-content\/uploads\/2026\/08\/fos.webp&#8221;]<\/p>\n<div class=\"articleBody\" data-key=\"articleBody\">\nDoi militari din cadrul For\u0163elor pentru Opera\u0163ii Speciale (FOS) au fost r\u0103ni\u0163i, joi dup\u0103-amiaz\u0103, \u00een timpul unui exerci\u0163iu de para\u015futare desf\u0103\u015furat \u00een zona Aeroclubului Teritorial T\u00e2rgu Mure\u015f, dup\u0103 ce condi\u0163iile meteorologice s-au schimbat brusc, informeaz\u0103 un comunicat de pres\u0103 transmis de Comandamentul For\u0163elor pentru Opera\u0163ii Speciale.<\/p>\n<p>&#8220;Ast\u0103zi, 27 august 2026, \u00een jurul orei 16.30, pe timpul unui exerci\u0163iu de para\u015futare desf\u0103\u015furat de militari din cadrul For\u0163elor pentru Opera\u0163ii Speciale, a avut loc un incident \u00een zona Aeroclubului Teritorial T\u00e2rgu Mure\u015f. Dup\u0103 p\u0103r\u0103sirea aeronavei \u015fi deschiderea para\u015futelor celor 11 militari participan\u0163i, viteza \u015fi direc\u0163ia v\u00e2ntului s-au schimbat brusc, \u00eengreun\u00e2nd aterizarea \u00een siguran\u0163\u0103 \u00een zona stabilit\u0103. \u00cen urma incidentului, doi militari au fost r\u0103ni\u0163i \u015fi transporta\u0163i la Unitatea de Primiri Urgen\u0163e T\u00e2rgu Mure\u015f, pentru acordarea \u00eengrijirilor medicale. Momentan starea lor este stabil\u0103 hemodinamic \u015fi respirator dar au r\u0103mas la UPU pentru investiga\u0163ii&#8221;, se arat\u0103 \u00eentr-un comunicat de pres\u0103 al Comandamentului For\u0163elor pentru Opera\u0163ii Speciale.<\/p>\n<p>Pentru determinarea exact\u0103 a cauzelor \u015fi a circumstan\u0163elor \u00een care s-a produs acest accident, comandantul Comandamentului For\u0163elor pentru Opera\u0163ii Speciale a dispus constituirea unei comisii interne de cercetare.<\/p>\n<p>&#8220;Suntem al\u0103turi de colegii no\u015ftri \u015fi le dorim \u00eens\u0103n\u0103to\u015fire grabnic\u0103&#8221;, se arat\u0103 \u00een comunicat.\u00a0<\/p>\n<p>Pompierii militari din cadrul Deta\u015famentului T\u00e2rgu Mure\u015f au anun\u0163at c\u0103 au fost solicita\u0163i s\u0103 intervin\u0103, joi, pentru salvarea unei persoane &#8220;care a r\u0103mas ag\u0103\u0163at\u0103 de firele de \u00eenalt\u0103 tensiune, la intersec\u0163ia str\u0103zilor Libert\u0103\u0163ii \u015fi Albinei din municipiul T\u00e2rgu Mure\u015f&#8221;.\u00a0<\/p>\n<p>La locul interven\u0163iei au fost mobilizate o autospecial\u0103 de stingere \u015fi o autospecial\u0103 de interven\u0163ie \u015fi salvare de la \u00een\u0103l\u0163imi.\u00a0<\/p>\n<p>P\u00e2n\u0103 la sosirea for\u0163elor de interven\u0163ie, persoana a fost cobor\u00e2t\u0103 \u00een siguran\u0163\u0103 \u015fi preluat\u0103 de un echipaj medical, fiind ulterior transportat\u0103 la UPU T\u00e2rgu Mure\u015f.\n<\/p><\/div>\n<p>[analyse_source url=&#8221;https:\/\/60m.ro\/militari-din-fortele-pentru-operatii-speciale-raniti-in-timpul-unui-exercitiu-de-parasutare-unul-a-ramas-agatat-in-firele-de-inalta-tensiune\/&#8221;]<\/p>\n","protected":false},"excerpt":{"rendered":"<p>[analyse_image type=&#8221;featured&#8221; src=&#8221;https:\/\/60m.ro\/wp-content\/uploads\/2026\/08\/fos.webp&#8221;] Doi militari din cadrul For\u0163elor pentru Opera\u0163ii Speciale (FOS) au fost r\u0103ni\u0163i, joi dup\u0103-amiaz\u0103, \u00een timpul unui exerci\u0163iu de para\u015futare desf\u0103\u015furat \u00een zona Aeroclubului Teritorial T\u00e2rgu Mure\u015f, dup\u0103 ce condi\u0163iile meteorologice s-au schimbat brusc, informeaz\u0103 un comunicat de pres\u0103 transmis de Comandamentul For\u0163elor pentru Opera\u0163ii Speciale. &#8220;Ast\u0103zi, 27 august 2026, \u00een jurul [&hellip;]<\/p>\n","protected":false},"author":1,"featured_media":0,"comment_status":"open","ping_status":"","sticky":false,"template":"","format":"standard","meta":{"footnotes":""},"categories":[89],"tags":[100,226],"class_list":["post-2116567","post","type-post","status-publish","format-standard","hentry","category-romania","tag-60m-ro","tag-crawlmanager"],"_links":{"self":[{"href":"https:\/\/analyse.optim.biz\/index.php?rest_route=\/wp\/v2\/posts\/2116567","targetHints":{"allow":["GET"]}}],"collection":[{"href":"https:\/\/analyse.optim.biz\/index.php?rest_route=\/wp\/v2\/posts"}],"about":[{"href":"https:\/\/analyse.optim.biz\/index.php?rest_route=\/wp\/v2\/types\/post"}],"author":[{"embeddable":true,"href":"https:\/\/analyse.optim.biz\/index.php?rest_route=\/wp\/v2\/users\/1"}],"replies":[{"embeddable":true,"href":"https:\/\/analyse.optim.biz\/index.php?rest_route=%2Fwp%2Fv2%2Fcomments&post=2116567"}],"version-history":[{"count":0,"href":"https:\/\/analyse.optim.biz\/index.php?rest_route=\/wp\/v2\/posts\/2116567\/revisions"}],"wp:attachment":[{"href":"https:\/\/analyse.optim.biz\/index.php?rest_route=%2Fwp%2Fv2%2Fmedia&parent=2116567"}],"wp:term":[{"taxonomy":"category","embeddable":true,"href":"https:\/\/analyse.optim.biz\/index.php?rest_route=%2Fwp%2Fv2%2Fcategories&post=2116567"},{"taxonomy":"post_tag","embeddable":true,"href":"https:\/\/analyse.optim.biz\/index.php?rest_route=%2Fwp%2Fv2%2Ftags&post=2116567"}],"curies":[{"name":"wp","href":"https:\/\/api.w.org\/{rel}","templated":true}]}}