{"id":2116551,"date":"2026-08-28T13:58:22","date_gmt":"2026-08-28T10:58:22","guid":{"rendered":"https:\/\/analyse.optim.biz\/?p=2116551"},"modified":"2026-08-28T13:58:22","modified_gmt":"2026-08-28T10:58:22","slug":"ziua-md-lavrov-acuza-ue-ca-a-intervenit-in-alegerile-din-r-moldova-totul-a-fost-decis-datorita-sectiilor-deschise-in-europa","status":"publish","type":"post","link":"https:\/\/analyse.optim.biz\/?p=2116551","title":{"rendered":"ZIUA.MD: Lavrov acuz\u0103 UE c\u0103 a intervenit \u00een alegerile din R. Moldova: \u201eTotul a fost decis datorit\u0103 sec\u021biilor deschise \u00een Europa\u201d"},"content":{"rendered":"<p>[analyse_image type=&#8221;featured&#8221; src=&#8221;https:\/\/solidnews.ro\/wp-content\/uploads\/2026\/08\/serghei_lavrov_280826.jpg&#8221;]<\/p>\n<div class=\"td_block_wrap tdb_single_content tdi_120 td-pb-border-top td_block_template_1 td-post-content tagdiv-type\" data-td-block-uid=\"tdi_120\">\n<div class=\"tdb-block-inner td-fix-index\">\n<p>Ministrul rus de Externe, Serghei Lavrov, a lansat noi acuza\u021bii la adresa Uniunii Europene, sus\u021bin\u00e2nd c\u0103 Bruxellesul s-ar fi implicat direct \u00een procesele electorale din R. Moldova \u0219i ar fi \u00eencercat s\u0103 influen\u021beze rezultatul acestora. Declara\u021biile au fost f\u0103cute \u00eentr-un interviu acordat postului RBC, publicat vineri, 28 august.<\/p>\n<p>\u00a0<\/p>\n<p>\u0218eful diploma\u021biei ruse a sus\u021binut c\u0103, \u00een pofida unei presupuse implic\u0103ri intense a Uniunii Europene, orientarea proeuropean\u0103 \u0219i Maia Sandu nu ar fi ob\u021binut majoritatea voturilor exprimate de aleg\u0103torii afla\u021bi pe teritoriul R. Moldova.<\/p>\n<p>\u00a0<\/p>\n<p>\u201ePutem aminti \u0219i de Moldova, unde alegerile s-au desf\u0103\u0219urat cu o implicare at\u00e2t de intens\u0103 a Uniunii Europene, dar nici m\u0103car acest lucru nu a ajutat la ob\u021binerea majorit\u0103\u021bii voturilor moldovenilor care locuiesc \u00een Moldova. Doar 48% au fost pentru orientarea spre Uniunea European\u0103 \u0219i pentru alegerea Maiei Sandu \u00een func\u021bia de pre\u0219edinte\u201d, a declarat Lavrov.<\/p>\n<p>\u00a0<\/p>\n<p>Ministrul rus a pus rezultatul scrutinului pe seama votului din diaspora european\u0103 \u0219i a criticat diferen\u021ba dintre num\u0103rul sec\u021biilor de votare deschise \u00een statele europene \u0219i cele organizate \u00een Rusia.<\/p>\n<p>\u00a0<\/p>\n<p>\u201eTotul a fost decis datorit\u0103 sec\u021biilor care au fost deschise \u00een Europa: peste dou\u0103 sute de sec\u021bii, \u00een timp ce \u00een Rusia, unde se afl\u0103 cea mai mare diaspor\u0103, au fost deschise doar dou\u0103. O sut\u0103 de mii de voturi pur \u0219i simplu au fost eliminate, oamenilor nefiindu-le permis s\u0103 voteze\u201d, a afirmat Lavrov.<\/p>\n<p>\u00a0<\/p>\n<p>Afirma\u021biile reprezint\u0103 pozi\u021bia ministrului rus \u0219i nu sunt \u00eenso\u021bite \u00een interviu de dovezi privind o interven\u021bie a UE \u00een procesul electoral.<\/p>\n<p>\u00a0<\/p>\n<p>\u0218eful diploma\u021biei ruse a f\u0103cut declara\u021biile despre Republica Moldova \u00een timp ce comenta apropierea Armeniei de Uniunea European\u0103 \u0219i situa\u021bia politic\u0103 din aceast\u0103 \u021bar\u0103.<\/p>\n<p>\u00a0<\/p>\n<p>Lavrov a f\u0103cut referire \u0219i la prezen\u021ba unei misiuni a Uniunii Europene \u00een Republica Moldova, compar\u00e2nd-o cu activitatea desf\u0103\u0219urat\u0103 de UE \u00een Armenia \u00een contextul combaterii a\u0219a-numitelor \u201eamenin\u021b\u0103ri hibride\u201d.<\/p>\n<p>\u00a0<\/p>\n<p>\u201eAt\u00e2t \u00een cazul Moldovei, c\u00e2t \u0219i \u00een cazul Armeniei, Uniunea European\u0103 intervine direct \u00een procesele electorale \u0219i \u00eencearc\u0103 s\u0103 le influen\u021beze\u201d, a sus\u021binut ministrul rus de Externe.<\/p>\n<p>\u00a0<\/p>\n<p>Lavrov a invocat \u00een acela\u0219i context \u0219i Rom\u00e2nia, critic\u00e2nd anularea scrutinului preziden\u021bial din 2024 \u0219i prezent\u00e2nd-o drept un alt exemplu de ingerin\u021b\u0103 european\u0103.<\/p>\n<p>Surs\u0103: <a href=\"https:\/\/ziua.md\/lavrov-acuza-ue-ca-a-intervenit-in-alegerile-din-r-moldova-totul-a-fost-decis-datorita-sectiilor-deschise-in-europa\/\">ziua.md<\/a><\/p>\n<\/div>\n<\/div>\n<div class=\"td_block_wrap tdb_single_content tdi_120 td-pb-border-top td_block_template_1 td-post-content tagdiv-type\" data-td-block-uid=\"tdi_120\">\n<div class=\"tdb-block-inner td-fix-index\">\n<p>Ministrul rus de Externe, Serghei Lavrov, a lansat noi acuza\u021bii la adresa Uniunii Europene, sus\u021bin\u00e2nd c\u0103 Bruxellesul s-ar fi implicat direct \u00een procesele electorale din R. Moldova \u0219i ar fi \u00eencercat s\u0103 influen\u021beze rezultatul acestora. Declara\u021biile au fost f\u0103cute \u00eentr-un interviu acordat postului RBC, publicat vineri, 28 august.<\/p>\n<p>\u00a0<\/p>\n<p>\u0218eful diploma\u021biei ruse a sus\u021binut c\u0103, \u00een pofida unei presupuse implic\u0103ri intense a Uniunii Europene, orientarea proeuropean\u0103 \u0219i Maia Sandu nu ar fi ob\u021binut majoritatea voturilor exprimate de aleg\u0103torii afla\u021bi pe teritoriul R. Moldova.<\/p>\n<p>\u00a0<\/p>\n<p>\u201ePutem aminti \u0219i de Moldova, unde alegerile s-au desf\u0103\u0219urat cu o implicare at\u00e2t de intens\u0103 a Uniunii Europene, dar nici m\u0103car acest lucru nu a ajutat la ob\u021binerea majorit\u0103\u021bii voturilor moldovenilor care locuiesc \u00een Moldova. Doar 48% au fost pentru orientarea spre Uniunea European\u0103 \u0219i pentru alegerea Maiei Sandu \u00een func\u021bia de pre\u0219edinte\u201d, a declarat Lavrov.<\/p>\n<p>\u00a0<\/p>\n<p>Ministrul rus a pus rezultatul scrutinului pe seama votului din diaspora european\u0103 \u0219i a criticat diferen\u021ba dintre num\u0103rul sec\u021biilor de votare deschise \u00een statele europene \u0219i cele organizate \u00een Rusia.<\/p>\n<p>\u00a0<\/p>\n<p>\u201eTotul a fost decis datorit\u0103 sec\u021biilor care au fost deschise \u00een Europa: peste dou\u0103 sute de sec\u021bii, \u00een timp ce \u00een Rusia, unde se afl\u0103 cea mai mare diaspor\u0103, au fost deschise doar dou\u0103. O sut\u0103 de mii de voturi pur \u0219i simplu au fost eliminate, oamenilor nefiindu-le permis s\u0103 voteze\u201d, a afirmat Lavrov.<\/p>\n<p>\u00a0<\/p>\n<p>Afirma\u021biile reprezint\u0103 pozi\u021bia ministrului rus \u0219i nu sunt \u00eenso\u021bite \u00een interviu de dovezi privind o interven\u021bie a UE \u00een procesul electoral.<\/p>\n<p>\u00a0<\/p>\n<p>\u0218eful diploma\u021biei ruse a f\u0103cut declara\u021biile despre Republica Moldova \u00een timp ce comenta apropierea Armeniei de Uniunea European\u0103 \u0219i situa\u021bia politic\u0103 din aceast\u0103 \u021bar\u0103.<\/p>\n<p>\u00a0<\/p>\n<p>Lavrov a f\u0103cut referire \u0219i la prezen\u021ba unei misiuni a Uniunii Europene \u00een Republica Moldova, compar\u00e2nd-o cu activitatea desf\u0103\u0219urat\u0103 de UE \u00een Armenia \u00een contextul combaterii a\u0219a-numitelor \u201eamenin\u021b\u0103ri hibride\u201d.<\/p>\n<p>\u00a0<\/p>\n<p>\u201eAt\u00e2t \u00een cazul Moldovei, c\u00e2t \u0219i \u00een cazul Armeniei, Uniunea European\u0103 intervine direct \u00een procesele electorale \u0219i \u00eencearc\u0103 s\u0103 le influen\u021beze\u201d, a sus\u021binut ministrul rus de Externe.<\/p>\n<p>\u00a0<\/p>\n<p>Lavrov a invocat \u00een acela\u0219i context \u0219i Rom\u00e2nia, critic\u00e2nd anularea scrutinului preziden\u021bial din 2024 \u0219i prezent\u00e2nd-o drept un alt exemplu de ingerin\u021b\u0103 european\u0103.<\/p>\n<p>Surs\u0103: <a href=\"https:\/\/ziua.md\/lavrov-acuza-ue-ca-a-intervenit-in-alegerile-din-r-moldova-totul-a-fost-decis-datorita-sectiilor-deschise-in-europa\/\">ziua.md<\/a><\/p>\n<\/div>\n<\/div>\n<p>[analyse_source url=&#8221;https:\/\/solidnews.ro\/ziua-md-lavrov-acuza-ue-ca-a-intervenit-in-alegerile-din-r-moldova-totul-a-fost-decis-datorita-sectiilor-deschise-in-europa\/&#8221;]<\/p>\n","protected":false},"excerpt":{"rendered":"<p>[analyse_image type=&#8221;featured&#8221; src=&#8221;https:\/\/solidnews.ro\/wp-content\/uploads\/2026\/08\/serghei_lavrov_280826.jpg&#8221;] Ministrul rus de Externe, Serghei Lavrov, a lansat noi acuza\u021bii la adresa Uniunii Europene, sus\u021bin\u00e2nd c\u0103 Bruxellesul s-ar fi implicat direct \u00een procesele electorale din R. Moldova \u0219i ar fi \u00eencercat s\u0103 influen\u021beze rezultatul acestora. Declara\u021biile au fost f\u0103cute \u00eentr-un interviu acordat postului RBC, publicat vineri, 28 august. \u00a0 \u0218eful diploma\u021biei ruse [&hellip;]<\/p>\n","protected":false},"author":1,"featured_media":0,"comment_status":"open","ping_status":"","sticky":false,"template":"","format":"standard","meta":{"footnotes":""},"categories":[89],"tags":[226,97],"class_list":["post-2116551","post","type-post","status-publish","format-standard","hentry","category-romania","tag-crawlmanager","tag-solidnews-ro"],"_links":{"self":[{"href":"https:\/\/analyse.optim.biz\/index.php?rest_route=\/wp\/v2\/posts\/2116551","targetHints":{"allow":["GET"]}}],"collection":[{"href":"https:\/\/analyse.optim.biz\/index.php?rest_route=\/wp\/v2\/posts"}],"about":[{"href":"https:\/\/analyse.optim.biz\/index.php?rest_route=\/wp\/v2\/types\/post"}],"author":[{"embeddable":true,"href":"https:\/\/analyse.optim.biz\/index.php?rest_route=\/wp\/v2\/users\/1"}],"replies":[{"embeddable":true,"href":"https:\/\/analyse.optim.biz\/index.php?rest_route=%2Fwp%2Fv2%2Fcomments&post=2116551"}],"version-history":[{"count":0,"href":"https:\/\/analyse.optim.biz\/index.php?rest_route=\/wp\/v2\/posts\/2116551\/revisions"}],"wp:attachment":[{"href":"https:\/\/analyse.optim.biz\/index.php?rest_route=%2Fwp%2Fv2%2Fmedia&parent=2116551"}],"wp:term":[{"taxonomy":"category","embeddable":true,"href":"https:\/\/analyse.optim.biz\/index.php?rest_route=%2Fwp%2Fv2%2Fcategories&post=2116551"},{"taxonomy":"post_tag","embeddable":true,"href":"https:\/\/analyse.optim.biz\/index.php?rest_route=%2Fwp%2Fv2%2Ftags&post=2116551"}],"curies":[{"name":"wp","href":"https:\/\/api.w.org\/{rel}","templated":true}]}}