{"id":2116528,"date":"2026-08-27T04:24:17","date_gmt":"2026-08-27T01:24:17","guid":{"rendered":"https:\/\/analyse.optim.biz\/?p=2116528"},"modified":"2026-08-27T04:24:17","modified_gmt":"2026-08-27T01:24:17","slug":"buzau-wine-fest-traditii-gusturi-muzica-si-voie-buna","status":"publish","type":"post","link":"https:\/\/analyse.optim.biz\/?p=2116528","title":{"rendered":"Buz\u0103u Wine Fest, tradi\u021bii, gusturi, muzic\u0103 \u0219i voie bun\u0103!"},"content":{"rendered":"<p>[analyse_image type=&#8221;featured&#8221; src=&#8221;https:\/\/buzaumedia.ro\/wp-content\/uploads\/2026\/08\/festival.jpeghttps:\/\/buzaumedia.ro\/wp-content\/uploads\/2026\/08\/festival.jpeg&#8221;]<\/p>\n<div class=\"entry-content rbct clearfix is-highlight-shares\">\n<p>Buzoienii sunt invita\u021bi, la finalul acestei s\u0103pt\u0103m\u00e2ni, la un festival<br \/>\ncu totul special: Buz\u0103u Wine Fest. Evenimentul va avea loc \u00eentre 28 \u0219i<br \/>\n30 august 2026, \u00een comuna Pietroasele, chiar \u00een Zona Tezaur, acolo<br \/>\nunde a fost descoperit\u0103 celebra \u201eClo\u0219c\u0103 cu puii de aur\u201d.<br \/>\nPe parcursul celor trei zile ale festivalului, vizitatorii se vor<br \/>\nbucura de spectacole cu muzic\u0103 bun\u0103, dar \u0219i de experien\u021be culinare<br \/>\ndeosebite, care se vor \u00eembina armonios cu vinurile din renumita<br \/>\nregiune viticol\u0103 a Rom\u00e2niei, Dealul Mare.<br \/>\nEvenimentul va debuta cu celebrul obicei al zdrobirii strugurilor cu<br \/>\npicioarele de c\u0103tre tinerele fete de m\u0103ritat.<br \/>\nSeara continu\u0103 cu un spectacol de muzic\u0103 popular\u0103 sus\u021binut de<br \/>\nAnsamblul Folcloric C\u0103t\u0103lin B\u0103lan \u201ePlaiurile Miori\u021bei\u201d, Denis<br \/>\nDumitrache, Alexia Anton, Alexia Butm\u0103lai, Briana P\u0103tra\u0219cu, Filofteia<br \/>\nDr\u0103ghici, Adelina Dedu, Daria Anghelache, Cristina M. Nicolae, Diana<br \/>\n\u0218tef\u0103nescu \u0219i Ioana Matei. Cu siguran\u021b\u0103, atrac\u021bia primei seri va fi<br \/>\nconcertul sus\u021binut de Zdob \u0219i Zdub\u201d. S\u00e2mb\u0103t\u0103, voia bun\u0103 va fi<br \/>\n\u00eentre\u021binut\u0103 de Taraful Ionel Tudorache \u0219i AMNA. Duminic\u0103, \u00een ultima zi<br \/>\na festivalului, buzoienii vor putea urm\u0103ri reconstituiri istorice \u0219i<br \/>\ndemonstra\u021bii sus\u021binute de Garda Apulum.<br \/>\nPe parcursul festivalului, participan\u021bii vor avea ocazia s\u0103 descopere<br \/>\nvinurile cramelor buzoiene, s\u0103 guste din delicioase preparate<br \/>\ntradi\u021bionale, dar \u0219i s\u0103 admire produse artizanale. Expozi\u021biile \u0219i<br \/>\ndemonstra\u021biile dedicate me\u0219te\u0219ugurilor specifice zonei, vor \u00eentregi<br \/>\natmosfera unic\u0103 a evenimentului.<br \/>\nFestivalul marcheaz\u0103 \u0219i o premier\u0103, fiind rezultatul parteneriatului<br \/>\ndintre Organiza\u021bia de Management al Destina\u021biei Jude\u021bul Buz\u0103u \u0219i<br \/>\nCentrul Jude\u021bean pentru Artele Spectacolului \u0219i Cultur\u0103 \u201eGeorge<br \/>\nCiprian\u201d, o colaborare care \u00ee\u0219i propune s\u0103 inaugureze o nou\u0103 direc\u021bie<br \/>\nde promovare integrat\u0103 a turismului \u0219i culturii.<\/p>\n<div id=\"gallery-1\" class=\"gallery galleryid-189436 gallery-columns-3 gallery-size-thumbnail\">\n<figure class=\"gallery-item\">\n<div class=\"gallery-icon landscape\"><a href=\"https:\/\/buzaumedia.ro\/stiri-buzau\/fwd-buzau-wine-fest-traditii-gusturi-muzica-si-voie-buna\/attachment\/festival-27\/\"><img loading=\"lazy\" decoding=\"async\" width=\"128\" height=\"72\" src=\"https:\/\/buzaumedia.ro\/wp-content\/uploads\/2026\/08\/festival.jpeg\" class=\"attachment-thumbnail size-thumbnail\" alt><img decoding=\"async\" loading=\"lazy\" width=\"128\" height=\"72\" src=\"https:\/\/buzaumedia.ro\/wp-content\/uploads\/2026\/08\/festival.jpeg\" class=\"attachment-thumbnail size-thumbnail\" alt><\/a><\/div>\n<\/figure>\n<\/div>\n<\/div>\n<p>[analyse_source url=&#8221;https:\/\/buzaumedia.ro\/stiri-buzau\/fwd-buzau-wine-fest-traditii-gusturi-muzica-si-voie-buna\/&#8221;]<\/p>\n","protected":false},"excerpt":{"rendered":"<p>[analyse_image type=&#8221;featured&#8221; src=&#8221;https:\/\/buzaumedia.ro\/wp-content\/uploads\/2026\/08\/festival.jpeghttps:\/\/buzaumedia.ro\/wp-content\/uploads\/2026\/08\/festival.jpeg&#8221;] Buzoienii sunt invita\u021bi, la finalul acestei s\u0103pt\u0103m\u00e2ni, la un festival cu totul special: Buz\u0103u Wine Fest. Evenimentul va avea loc \u00eentre 28 \u0219i 30 august 2026, \u00een comuna Pietroasele, chiar \u00een Zona Tezaur, acolo unde a fost descoperit\u0103 celebra \u201eClo\u0219c\u0103 cu puii de aur\u201d. Pe parcursul celor trei zile ale festivalului, vizitatorii [&hellip;]<\/p>\n","protected":false},"author":1,"featured_media":0,"comment_status":"open","ping_status":"","sticky":false,"template":"","format":"standard","meta":{"footnotes":""},"categories":[2],"tags":[66,226],"class_list":["post-2116528","post","type-post","status-publish","format-standard","hentry","category-politics","tag-buzaumedia-ro","tag-crawlmanager"],"_links":{"self":[{"href":"https:\/\/analyse.optim.biz\/index.php?rest_route=\/wp\/v2\/posts\/2116528","targetHints":{"allow":["GET"]}}],"collection":[{"href":"https:\/\/analyse.optim.biz\/index.php?rest_route=\/wp\/v2\/posts"}],"about":[{"href":"https:\/\/analyse.optim.biz\/index.php?rest_route=\/wp\/v2\/types\/post"}],"author":[{"embeddable":true,"href":"https:\/\/analyse.optim.biz\/index.php?rest_route=\/wp\/v2\/users\/1"}],"replies":[{"embeddable":true,"href":"https:\/\/analyse.optim.biz\/index.php?rest_route=%2Fwp%2Fv2%2Fcomments&post=2116528"}],"version-history":[{"count":0,"href":"https:\/\/analyse.optim.biz\/index.php?rest_route=\/wp\/v2\/posts\/2116528\/revisions"}],"wp:attachment":[{"href":"https:\/\/analyse.optim.biz\/index.php?rest_route=%2Fwp%2Fv2%2Fmedia&parent=2116528"}],"wp:term":[{"taxonomy":"category","embeddable":true,"href":"https:\/\/analyse.optim.biz\/index.php?rest_route=%2Fwp%2Fv2%2Fcategories&post=2116528"},{"taxonomy":"post_tag","embeddable":true,"href":"https:\/\/analyse.optim.biz\/index.php?rest_route=%2Fwp%2Fv2%2Ftags&post=2116528"}],"curies":[{"name":"wp","href":"https:\/\/api.w.org\/{rel}","templated":true}]}}