{"id":2116525,"date":"2026-08-27T04:24:07","date_gmt":"2026-08-27T01:24:07","guid":{"rendered":"https:\/\/analyse.optim.biz\/?p=2116525"},"modified":"2026-08-27T04:24:07","modified_gmt":"2026-08-27T01:24:07","slug":"daniela-palcau-inlocuita-de-la-sefia-inspectoratului-scolar-buzau","status":"publish","type":"post","link":"https:\/\/analyse.optim.biz\/?p=2116525","title":{"rendered":"Daniela Palc\u0103u, \u00eenlocuit\u0103 de la \u0219efia Inspectoratului \u0218colar Buz\u0103u!"},"content":{"rendered":"<p>[analyse_image type=&#8221;featured&#8221; src=&#8221;https:\/\/buzaumedia.ro\/wp-content\/uploads\/2026\/08\/inspector.jpghttps:\/\/buzaumedia.ro\/wp-content\/uploads\/2026\/08\/inspector.jpg&#8221;]<\/p>\n<div class=\"entry-content rbct clearfix is-highlight-shares\">\n<p>\u00cenlocuirea Danielei Palc\u0103u de la \u0219efia \u00eenv\u0103\u021b\u0103m\u00e2ntului buzoian pare o<br \/>\nchestiune de zile. Cel pu\u021bin asta sus\u021bin mai multe surse politice, \u00een<br \/>\ncondi\u021biile \u00een care Ministerul Educa\u021biei, condus de un liberal, trebuie<br \/>\ns\u0103 prelungeasc\u0103 numirile inspectorilor \u0219efi sau s\u0103 fac\u0103 noi numiri.<br \/>\nCeea ce pare evident este c\u0103 PNL a f\u0103cut demersuri pentru schimbarea<br \/>\nDanielei Palc\u0103u, propus\u0103 \u0219i sus\u021binut\u0103 de PSD, la conducerea<br \/>\nInspectoratului \u0218colar Buz\u0103u.<br \/>\nScenariul nu \u00eei este str\u0103in nici liderului PSD Buz\u0103u, Romeo Lungu,<br \/>\ncare recent a sugerat c\u0103 zarurile au fost aruncate \u00een ceea ce prive\u0219te<br \/>\npreluarea \u0219efiei I\u0218J Buz\u0103u de c\u0103tre liberali. El a declarat, cu aluzie<br \/>\nla PNL, c\u0103 sper\u0103 ca la conducerea \u00eenv\u0103\u021b\u0103m\u00e2ntului buzoian s\u0103 vin\u0103 o<br \/>\npersoan\u0103 capabil\u0103 s\u0103 gestioneze o activitate a\u0219a de complex\u0103.<br \/>\nAcelea\u0219i surse politice sus\u021bin c\u0103 Daniela Palc\u0103u va fi \u00eenlocuit\u0103 de<br \/>\nGina Manea, \u00een prezent inspector \u0219colar general adjunct. Ea ar urma s\u0103<br \/>\nfie secondat\u0103 de Felicia Bo\u0219codeal\u0103, so\u021bia fostului primar Constantin<br \/>\nBo\u0219codeal\u0103, care \u00een prezent de\u021bine func\u021bia de inspector de<br \/>\nspecialitate. Cel mai probabil, o alt\u0103 func\u021bie de inspector \u0219colar<br \/>\ngeneral adjunct va reveni USR, iar postul va fi ocupat de Liliana<br \/>\n\u0218erb\u0103nic\u0103, care provine din \u00eenv\u0103\u021b\u0103m\u00e2ntul special.<\/p>\n<div id=\"gallery-1\" class=\"gallery galleryid-189434 gallery-columns-3 gallery-size-thumbnail\">\n<figure class=\"gallery-item\">\n<div class=\"gallery-icon landscape\"><a href=\"https:\/\/buzaumedia.ro\/stiri-buzau\/fwd-daniela-palcau-inlocuita-de-la-sefia-inspectoratului-scolar-buzau\/attachment\/inspector\/\"><img loading=\"lazy\" decoding=\"async\" width=\"128\" height=\"77\" src=\"https:\/\/buzaumedia.ro\/wp-content\/uploads\/2026\/08\/inspector.jpg\" class=\"attachment-thumbnail size-thumbnail\" alt><\/a><\/div>\n<\/figure>\n<\/div>\n<\/div>\n<p>[analyse_source url=&#8221;https:\/\/buzaumedia.ro\/stiri-buzau\/fwd-daniela-palcau-inlocuita-de-la-sefia-inspectoratului-scolar-buzau\/&#8221;]<\/p>\n","protected":false},"excerpt":{"rendered":"<p>[analyse_image type=&#8221;featured&#8221; src=&#8221;https:\/\/buzaumedia.ro\/wp-content\/uploads\/2026\/08\/inspector.jpghttps:\/\/buzaumedia.ro\/wp-content\/uploads\/2026\/08\/inspector.jpg&#8221;] \u00cenlocuirea Danielei Palc\u0103u de la \u0219efia \u00eenv\u0103\u021b\u0103m\u00e2ntului buzoian pare o chestiune de zile. Cel pu\u021bin asta sus\u021bin mai multe surse politice, \u00een condi\u021biile \u00een care Ministerul Educa\u021biei, condus de un liberal, trebuie s\u0103 prelungeasc\u0103 numirile inspectorilor \u0219efi sau s\u0103 fac\u0103 noi numiri. Ceea ce pare evident este c\u0103 PNL a f\u0103cut demersuri [&hellip;]<\/p>\n","protected":false},"author":1,"featured_media":0,"comment_status":"open","ping_status":"","sticky":false,"template":"","format":"standard","meta":{"footnotes":""},"categories":[2],"tags":[66,226],"class_list":["post-2116525","post","type-post","status-publish","format-standard","hentry","category-politics","tag-buzaumedia-ro","tag-crawlmanager"],"_links":{"self":[{"href":"https:\/\/analyse.optim.biz\/index.php?rest_route=\/wp\/v2\/posts\/2116525","targetHints":{"allow":["GET"]}}],"collection":[{"href":"https:\/\/analyse.optim.biz\/index.php?rest_route=\/wp\/v2\/posts"}],"about":[{"href":"https:\/\/analyse.optim.biz\/index.php?rest_route=\/wp\/v2\/types\/post"}],"author":[{"embeddable":true,"href":"https:\/\/analyse.optim.biz\/index.php?rest_route=\/wp\/v2\/users\/1"}],"replies":[{"embeddable":true,"href":"https:\/\/analyse.optim.biz\/index.php?rest_route=%2Fwp%2Fv2%2Fcomments&post=2116525"}],"version-history":[{"count":0,"href":"https:\/\/analyse.optim.biz\/index.php?rest_route=\/wp\/v2\/posts\/2116525\/revisions"}],"wp:attachment":[{"href":"https:\/\/analyse.optim.biz\/index.php?rest_route=%2Fwp%2Fv2%2Fmedia&parent=2116525"}],"wp:term":[{"taxonomy":"category","embeddable":true,"href":"https:\/\/analyse.optim.biz\/index.php?rest_route=%2Fwp%2Fv2%2Fcategories&post=2116525"},{"taxonomy":"post_tag","embeddable":true,"href":"https:\/\/analyse.optim.biz\/index.php?rest_route=%2Fwp%2Fv2%2Ftags&post=2116525"}],"curies":[{"name":"wp","href":"https:\/\/api.w.org\/{rel}","templated":true}]}}