{"id":2116283,"date":"2026-08-28T11:25:37","date_gmt":"2026-08-28T08:25:37","guid":{"rendered":"https:\/\/analyse.optim.biz\/?p=2116283"},"modified":"2026-08-28T11:25:37","modified_gmt":"2026-08-28T08:25:37","slug":"bolojan-despre-cazul-pahontu-ca-sa-poti-emite-judecati-trebuie-sa-ai-date-fara-echivoc","status":"publish","type":"post","link":"https:\/\/analyse.optim.biz\/?p=2116283","title":{"rendered":"Bolojan, despre cazul Pahon\u021bu: Ca s\u0103 po\u021bi emite judec\u0103\u021bi, trebuie s\u0103 ai date f\u0103r\u0103 echivoc"},"content":{"rendered":"<p>[analyse_image type=&#8221;featured&#8221; src=&#8221;https:\/\/ziardesuceava.ro\/wp-content\/uploads\/2026\/08\/79864-1024&#215;682.jpeg&#8221;]<\/p>\n<div class=\"post-content clearfix\">\n<div class=\"blog-post-thumb\"><img loading=\"lazy\" decoding=\"async\" width=\"1140\" height=\"694\" src=\"https:\/\/ziardesuceava.ro\/wp-content\/uploads\/2026\/08\/79864-1140x694.jpeg\" class=\"attachment-inhype-blog-thumb size-inhype-blog-thumb wp-post-image\" alt><\/div>\n<div class=\"entry-content\">\n<div>\n<p class=\"fara-orfani lead\">\u00centr-un interviu pentru Cotidianul, premierul a spus c\u0103 trebuie clarificat ce s-a \u00eent\u00e2mplat \u00een 1989, iar \u201efiecare om r\u0103spunde pentru ceea ce face\u201d.<\/p>\n<div class=\"continut-articol\">\n<p>Ilie Bolojan a mai spus c\u0103 evaluarea Serviciului de Paz\u0103 \u0219i Protec\u021bie este \u00een competen\u021ba Administra\u021biei Preziden\u021biale: \u201dCa s\u0103 po\u021bi emite judec\u0103\u021bi, trebuie s\u0103 ai date f\u0103r\u0103 echivoc \u00een astfel de situa\u021bii. Ori, \u00een afar\u0103 de ceea ce a ap\u0103rut \u00een spa\u021biul public, nu am alte date\u201d.<\/p>\n<p>Pentru a nu mai avea discu\u021bii legate de influen\u021b\u0103, ar trebui instituite mecanisme de limitare a acestor mandate, a precizat Bolojan, ad\u0103ug\u00e2nd c\u0103 va sus\u021bine un astfel de demers.\u00a0<\/p>\n<p>Premierul a fost \u00eentrebat dac\u0103 a \u00een\u021beles, \u00een perioada \u00een care a de\u021binut func\u021bia de pre\u0219edinte interimar, de ce este considerat domnul Pahon\u021bu indispensabil pentru pre\u0219edin\u021bii Rom\u00e2niei.<\/p>\n<p>\u201e\u00cen general, ofi\u021berii Serviciului de Protec\u021bie, fiind \u00een permanen\u021b\u0103 cu demnitarii, intr\u0103 la un moment dat \u00eentr-o rela\u021bie cu ei inevitabil\u0103. \u0218i eu \u00eei cunosc pe nume pe ofi\u021berii care m\u0103 \u00eenso\u021besc, am \u00eenceput s\u0103 aflu ce e cu familiile lor, m\u0103 bucur \u0219i eu c\u00e2nd li s-au n\u0103scut copiii, dar una este o rela\u021bie de bun sim\u021b \u0219i de civiliza\u021bie\u201d, a declarat premierul interimar pentru Cotidianul.<\/p>\n<\/div>\n<\/div>\n<\/div>\n<div class=\"inhype-social-share-fixed sidebar-position-right\">\n<div class=\"post-social-wrapper\">\n<div class=\"post-social-title\"><span class=\"post-social-title-text\">Share<\/span><\/div>\n<\/div>\n<\/div>\n<\/div>\n<p>[analyse_source url=&#8221;https:\/\/ziardesuceava.ro\/bolojan-despre-cazul-pahontu-ca-sa-poti-emite-judecati-trebuie-sa-ai-date-fara-echivoc\/&#8221;]<\/p>\n","protected":false},"excerpt":{"rendered":"<p>[analyse_image type=&#8221;featured&#8221; src=&#8221;https:\/\/ziardesuceava.ro\/wp-content\/uploads\/2026\/08\/79864-1024&#215;682.jpeg&#8221;] \u00centr-un interviu pentru Cotidianul, premierul a spus c\u0103 trebuie clarificat ce s-a \u00eent\u00e2mplat \u00een 1989, iar \u201efiecare om r\u0103spunde pentru ceea ce face\u201d. Ilie Bolojan a mai spus c\u0103 evaluarea Serviciului de Paz\u0103 \u0219i Protec\u021bie este \u00een competen\u021ba Administra\u021biei Preziden\u021biale: \u201dCa s\u0103 po\u021bi emite judec\u0103\u021bi, trebuie s\u0103 ai date f\u0103r\u0103 echivoc \u00een [&hellip;]<\/p>\n","protected":false},"author":1,"featured_media":0,"comment_status":"open","ping_status":"","sticky":false,"template":"","format":"standard","meta":{"footnotes":""},"categories":[89],"tags":[226,171],"class_list":["post-2116283","post","type-post","status-publish","format-standard","hentry","category-romania","tag-crawlmanager","tag-ziardesuceava-ro"],"_links":{"self":[{"href":"https:\/\/analyse.optim.biz\/index.php?rest_route=\/wp\/v2\/posts\/2116283","targetHints":{"allow":["GET"]}}],"collection":[{"href":"https:\/\/analyse.optim.biz\/index.php?rest_route=\/wp\/v2\/posts"}],"about":[{"href":"https:\/\/analyse.optim.biz\/index.php?rest_route=\/wp\/v2\/types\/post"}],"author":[{"embeddable":true,"href":"https:\/\/analyse.optim.biz\/index.php?rest_route=\/wp\/v2\/users\/1"}],"replies":[{"embeddable":true,"href":"https:\/\/analyse.optim.biz\/index.php?rest_route=%2Fwp%2Fv2%2Fcomments&post=2116283"}],"version-history":[{"count":0,"href":"https:\/\/analyse.optim.biz\/index.php?rest_route=\/wp\/v2\/posts\/2116283\/revisions"}],"wp:attachment":[{"href":"https:\/\/analyse.optim.biz\/index.php?rest_route=%2Fwp%2Fv2%2Fmedia&parent=2116283"}],"wp:term":[{"taxonomy":"category","embeddable":true,"href":"https:\/\/analyse.optim.biz\/index.php?rest_route=%2Fwp%2Fv2%2Fcategories&post=2116283"},{"taxonomy":"post_tag","embeddable":true,"href":"https:\/\/analyse.optim.biz\/index.php?rest_route=%2Fwp%2Fv2%2Ftags&post=2116283"}],"curies":[{"name":"wp","href":"https:\/\/api.w.org\/{rel}","templated":true}]}}