{"id":2116265,"date":"2026-08-28T12:42:43","date_gmt":"2026-08-28T09:42:43","guid":{"rendered":"https:\/\/analyse.optim.biz\/?p=2116265"},"modified":"2026-08-28T12:42:43","modified_gmt":"2026-08-28T09:42:43","slug":"copil-de-13-ani-pe-drumul-public-la-volanul-masinii-incredintate-de-tatal-sau-stiri-suceava","status":"publish","type":"post","link":"https:\/\/analyse.optim.biz\/?p=2116265","title":{"rendered":"Copil de 13 ani, pe drumul public, la volanul ma\u0219inii \u00eencredin\u021bate de tat\u0103l s\u0103u &#8211; Stiri Suceava"},"content":{"rendered":"<p>[analyse_image type=&#8221;featured&#8221; src=&#8221;https:\/\/www.informatiata.ro\/wp-content\/uploads\/2026\/08\/politieee1-1024&#215;569.jpg&#8221;]<\/p>\n<div class=\"td-post-content tagdiv-type\">\n<div class=\"td-post-featured-image\"><a href=\"https:\/\/www.informatiata.ro\/wp-content\/uploads\/2026\/08\/politieee1-scaled.jpg\" data-caption><img loading=\"lazy\" decoding=\"async\" width=\"696\" height=\"387\" class=\"entry-thumb td-modal-image\" src=\"https:\/\/www.informatiata.ro\/wp-content\/uploads\/2026\/08\/politieee1-696x387.jpg\" alt title=\"politieee1\"><img loading=\"lazy\" decoding=\"async\" width=\"696\" height=\"387\" class=\"entry-thumb td-modal-image\" src=\"https:\/\/www.informatiata.ro\/wp-content\/uploads\/2026\/08\/politieee1-696x387.jpg\" alt title=\"politieee1\"><\/a><\/div>\n<p>Copil de 13 ani, pe drumul public, la volanul ma\u0219inii \u00eencredin\u021bate de tat\u0103l s\u0103u. Minorul nu avea permis de conducere dar asta nu l-a \u00eempiedicat s\u0103 nu ias\u0103 la plimbare cu autoturismul.<\/p>\n<p>Poli\u021bi\u0219tii s-au autosesizat de acest caz dup\u0103 apari\u021bia \u00een mediul online a unei post\u0103ri referitoare la incident.<\/p>\n<div class=\"td-a-rec td-a-rec-id-content_inlineright  tdi_7 td_block_template_1\"><img loading=\"lazy\" decoding=\"async\" class=\"aligncenter size-full wp-image-66137\" src=\"https:\/\/www.informatiata.ro\/wp-content\/uploads\/2026\/08\/SAVCOM-6.gif\" alt width=\"299\" height=\"250\"><img loading=\"lazy\" decoding=\"async\" class=\"aligncenter size-full wp-image-66137\" src=\"https:\/\/www.informatiata.ro\/wp-content\/uploads\/2026\/08\/SAVCOM-6.gif\" alt width=\"299\" height=\"250\"><img loading=\"lazy\" decoding=\"async\" class=\"aligncenter size-full wp-image-66138\" src=\"https:\/\/www.informatiata.ro\/wp-content\/uploads\/2026\/08\/FACOS-5.gif\" alt width=\"300\" height=\"250\"><img loading=\"lazy\" decoding=\"async\" class=\"aligncenter size-full wp-image-66138\" src=\"https:\/\/www.informatiata.ro\/wp-content\/uploads\/2026\/08\/FACOS-5.gif\" alt width=\"300\" height=\"250\"><\/div>\n<p>\u00cen urma verific\u0103rilor, poli\u021bi\u0219tii au stabilit c\u0103 un b\u0103rbat \u00een v\u00e2rst\u0103 de 41 de ani i-ar fi \u00eencredin\u021bat autoturismul personal fiului s\u0103u, un b\u0103iat \u00een v\u00e2rst\u0103 de 13 ani, de\u0219i \u0219tia c\u0103 acesta nu de\u021bine permis de conducere.<\/p>\n<p>Minorul a fi condus autoturismul pe un drum public, pe raza localit\u0103\u021bii D\u0103nila, comuna D\u0103rm\u0103ne\u0219ti, jude\u021bul Suceava.<\/p>\n<p>\u00cen urma celor constatate, poli\u021bi\u0219tii au \u00eentocmit un dosar de cercetare penal\u0103. Minorul este vizat pentru infrac\u021biunea de conducere a unui vehicul f\u0103r\u0103 permis auto.<\/p>\n<p>Totodat\u0103, b\u0103rbatul de 41 de ani este cercetat pentru \u00eencredin\u021barea unui autoturism unei persoane despre care cuno\u0219tea c\u0103 nu de\u021bine permis de conducere.<\/p>\n<p>Cercet\u0103rile sunt continuate de poli\u021bi\u0219tii Sec\u021biei 13 Poli\u021bie Rural\u0103 B\u0103lc\u0103u\u021bi, urm\u00e2nd ca dosarul s\u0103 fie solu\u021bionat procedural.<\/p>\n<div class=\"td-a-rec td-a-rec-id-content_bottom  td-rec-hide-on-m tdi_8 td_block_template_1\"><img loading=\"lazy\" decoding=\"async\" class=\"aligncenter size-large wp-image-66091\" src=\"https:\/\/www.informatiata.ro\/wp-content\/uploads\/2026\/08\/LEVANT-300-x-250-pixels-2025-1024x852.jpg\" alt width=\"696\" height=\"579\"><img loading=\"lazy\" decoding=\"async\" class=\"aligncenter size-large wp-image-66091\" src=\"https:\/\/www.informatiata.ro\/wp-content\/uploads\/2026\/08\/LEVANT-300-x-250-pixels-2025-1024x852.jpg\" alt width=\"696\" height=\"579\"><img loading=\"lazy\" decoding=\"async\" class=\"aligncenter size-large wp-image-66092\" src=\"https:\/\/www.informatiata.ro\/wp-content\/uploads\/2026\/08\/costume-Japonia-Romania-300-x-250-pixels-2025-1024x888.jpg\" alt width=\"696\" height=\"604\"><img loading=\"lazy\" decoding=\"async\" class=\"aligncenter size-large wp-image-66092\" src=\"https:\/\/www.informatiata.ro\/wp-content\/uploads\/2026\/08\/costume-Japonia-Romania-300-x-250-pixels-2025-1024x888.jpg\" alt width=\"696\" height=\"604\"><\/p>\n<p>\u00a0<\/p><\/div>\n<\/div>\n<p>[analyse_source url=&#8221;https:\/\/www.informatiata.ro\/copil-de-13-ani-la-volanul-masinii-tatalui\/&#8221;]<\/p>\n","protected":false},"excerpt":{"rendered":"<p>[analyse_image type=&#8221;featured&#8221; src=&#8221;https:\/\/www.informatiata.ro\/wp-content\/uploads\/2026\/08\/politieee1-1024&#215;569.jpg&#8221;] Copil de 13 ani, pe drumul public, la volanul ma\u0219inii \u00eencredin\u021bate de tat\u0103l s\u0103u. Minorul nu avea permis de conducere dar asta nu l-a \u00eempiedicat s\u0103 nu ias\u0103 la plimbare cu autoturismul. Poli\u021bi\u0219tii s-au autosesizat de acest caz dup\u0103 apari\u021bia \u00een mediul online a unei post\u0103ri referitoare la incident. \u00cen urma verific\u0103rilor, [&hellip;]<\/p>\n","protected":false},"author":1,"featured_media":0,"comment_status":"open","ping_status":"","sticky":false,"template":"","format":"standard","meta":{"footnotes":""},"categories":[89],"tags":[226,167],"class_list":["post-2116265","post","type-post","status-publish","format-standard","hentry","category-romania","tag-crawlmanager","tag-informatiata-ro"],"_links":{"self":[{"href":"https:\/\/analyse.optim.biz\/index.php?rest_route=\/wp\/v2\/posts\/2116265","targetHints":{"allow":["GET"]}}],"collection":[{"href":"https:\/\/analyse.optim.biz\/index.php?rest_route=\/wp\/v2\/posts"}],"about":[{"href":"https:\/\/analyse.optim.biz\/index.php?rest_route=\/wp\/v2\/types\/post"}],"author":[{"embeddable":true,"href":"https:\/\/analyse.optim.biz\/index.php?rest_route=\/wp\/v2\/users\/1"}],"replies":[{"embeddable":true,"href":"https:\/\/analyse.optim.biz\/index.php?rest_route=%2Fwp%2Fv2%2Fcomments&post=2116265"}],"version-history":[{"count":0,"href":"https:\/\/analyse.optim.biz\/index.php?rest_route=\/wp\/v2\/posts\/2116265\/revisions"}],"wp:attachment":[{"href":"https:\/\/analyse.optim.biz\/index.php?rest_route=%2Fwp%2Fv2%2Fmedia&parent=2116265"}],"wp:term":[{"taxonomy":"category","embeddable":true,"href":"https:\/\/analyse.optim.biz\/index.php?rest_route=%2Fwp%2Fv2%2Fcategories&post=2116265"},{"taxonomy":"post_tag","embeddable":true,"href":"https:\/\/analyse.optim.biz\/index.php?rest_route=%2Fwp%2Fv2%2Ftags&post=2116265"}],"curies":[{"name":"wp","href":"https:\/\/api.w.org\/{rel}","templated":true}]}}