{"id":2116258,"date":"2026-08-27T20:54:54","date_gmt":"2026-08-27T17:54:54","guid":{"rendered":"https:\/\/analyse.optim.biz\/?p=2116258"},"modified":"2026-08-27T20:54:54","modified_gmt":"2026-08-27T17:54:54","slug":"iudeofilul-catalin-avramescu-prins-cu-pornografia-infantila-antiromanul-care-voia-sa-l-scoata-pe-mircea-eliade-din-spatiul-public-are-niste-problememinore","status":"publish","type":"post","link":"https:\/\/analyse.optim.biz\/?p=2116258","title":{"rendered":"Iudeofilul C\u0103t\u0103lin Avramescu prins cu pornografia infantil\u0103? Antirom\u00e2nul care voia s\u0103-l scoat\u0103 pe Mircea Eliade din spa\u021biul public are ni\u0219te probleme\u2026minore"},"content":{"rendered":"<p>[analyse_image type=&#8221;featured&#8221; src=&#8221;https:\/\/www.incorectpolitic.com\/wp-content\/uploads\/2026\/08\/ChatGPT-Image-Aug-27-2026-11_52_26-PM.png&#8221;]<\/p>\n<div class=\"entry\">\n<p><strong>Incorect Politic<\/strong><br \/>\nAugust 27, 2026<\/p>\n<p><a href=\"https:\/\/www.incorectpolitic.com\/iudeofilul-catalin-avramescu-prins-cu-pornografia-infantila-antiromanul-care-voia-sa-l-scoata-pe-mircea-eliade-din-spatiul-public-are-niste-probleme-minore\/chatgpt-image-aug-27-2026-11_52_26-pm\/\" rel=\"attachment wp-att-82346\"><img loading=\"lazy\" decoding=\"async\" class=\"aligncenter wp-image-82346\" src=\"https:\/\/www.incorectpolitic.com\/wp-content\/uploads\/2026\/08\/ChatGPT-Image-Aug-27-2026-11_52_26-PM.png\" alt width=\"764\" height=\"560\"><\/a><\/p>\n<h2><strong>Iudeofilul C\u0103t\u0103lin Avramescu prins cu pornografia infantil\u0103? Antirom\u00e2nul care voia s\u0103-l scoat\u0103 pe Mircea Eliade din spa\u021biul public are ni\u0219te probleme\u2026minore<\/strong><\/h2>\n<p>\u00a0<\/p>\n<p><em>via <a href=\"https:\/\/www.activenews.ro\/stiri\/Catalin-Avramescu-saltat-de-mascati-pentru-PORNOGRAFIE-INFANTILA-cu-fiica-lui-Anti-georgistul-sorosisul-si-expertul-in-canibalism-director-la-Academie-si-fost-consilier-prezidential-reclamat-de-fosta-sotie-si-pentru-nenumarate-acte-de-violenta-fizi-207175\">ACTIVENEWS<\/a>:<\/em><\/p>\n<p>Fostul consilier preziden\u021bial C\u0103t\u0103lin Avramescu, sorosist de marc\u0103 \u0219i \u201eexpert \u00een canibalism\u201d din seria lustragiilor GDS prip\u0103\u0219i\u021bi la clan\u021ba \u0219i talpa lui B\u0103sescu, este urm\u0103rit penal, fiind acuzat de pornografie infantil\u0103.<\/p>\n<p>Avramescu a fost s\u0103ltat miercuri diminea\u021b\u0103 de masca\u021bi, dup\u0103 ce fosta so\u021bia l-a acuzat c\u0103 \u0219i-a surprins copila in ipostaze indecente. Procurorii DIICOT au ridicat dispozitive electronice de la Avramescu, acesta fiind \u00een acest moment audiat de procurori \u00een calitate de suspect, conform\u00a0\u0218tiripeSurse.<\/p>\n<p>Avramescu i-a f\u0103cut dou\u0103 fotografii nud fiicei, c\u00e2nd acesta se afla \u00een grija sa, \u0219i i le-a trimis fostei partenere. Fosta partener\u0103 i-a f\u0103cut pl\u00e2ngere penal\u0103 pentru pornografie infantil\u0103.<\/p>\n<p>Procurorii DIICOT au ridicat dispozitive electronice de la Avramescu, acesta fiind \u00een acest moment audiat de procurori \u00een calitate de suspect.<\/p>\n<p><a href=\"https:\/\/www.incorectpolitic.com\/iudeofilul-catalin-avramescu-prins-cu-pornografia-infantila-antiromanul-care-voia-sa-l-scoata-pe-mircea-eliade-din-spatiul-public-are-niste-probleme-minore\/hipjpyvebjyw\/\" rel=\"attachment wp-att-82345\"><img loading=\"lazy\" decoding=\"async\" class=\"aligncenter wp-image-82345 lazyload\" src=\"https:\/\/www.incorectpolitic.com\/wp-content\/uploads\/2026\/08\/HIpjPYvEbjyw.jpeg\" alt width=\"712\" height=\"783\"><\/a><\/p>\n<p><img loading=\"lazy\" decoding=\"async\" class=\"aligncenter wp-image-82345\" src=\"https:\/\/www.incorectpolitic.com\/wp-content\/uploads\/2026\/08\/HIpjPYvEbjyw.jpeg\" alt width=\"712\" height=\"783\" data-eio=\"l\"><em>Jandarmii \u00een timp ce-i perchezi\u021bionau casa lui Avramescu<\/em><\/p>\n<p>C\u0103t\u0103lin Avramescu, profesor la Facultatea de \u0218tiin\u021be Politice a Universit\u0103\u021bii din Bucure\u0219ti, este directorul Institutului de \u0218tiin\u021be Politice \u0219i Rela\u021bii Interna\u021bionale \u201eIon I.C. Br\u0103tianu\u201d (ISPRI) din cadrul Academiei Rom\u00e2ne.<\/p>\n<p>\u00cen ianuarie 2025, C\u0103t\u0103lin Avramescu \u0219i-a anun\u021bat candidatura la preziden\u021biale, \u00eens\u0103 a renun\u021bat la doar c\u00e2teva zile dup\u0103 intrarea \u00een curs\u0103.<\/p>\n<p><strong>Expert \u00een canibalism \u0219i zoofilie, Avramescu pleda pentru un parlament propriu al \u021aiinutului Secuiesc<\/strong><\/p>\n<p>C\u0103t\u0103lin Avramescu a fost \u0219ef al Cancelariei Preziden\u021biale \u00een perioada 2008-2011, apoi fiind desemnat ambasador \u00een Finlanda \u0219i Estonia, post pe care l-a ocupat p\u00e2n\u0103 \u00een 2016.<\/p>\n<p>Dup\u0103 ce a scris o carte despre canibalism \u0219i l-a tradus pentru Humanitas pe Peter Singer, un dr. Mengele al post-filosofiei, sus\u021bin\u0103tor deschis al pedofiliei, sodomiei, sadomasochismului \u0219i\u2026 zoofiliei, Avramescu a mai declarat \u0219i c\u0103 \u201c\u021ainutul Secuiesc\u201d \u201ctrebuie s\u0103 aib\u0103 Parlament propriu \u0219i ambasade\u201d.<\/p>\n<p><strong>A cerut eliminarea numelui lui Mircea Eliade din spa\u021biul public, a lui Goga \u0219i Vulc\u0103nescu<\/strong><\/p>\n<p>\u00cen 2017, \u00een cazul la fel de celebru ca al familiei Bodnariu, c\u00e2nd doctori\u021bei Camelia Smical\u0103 i-au fost lua\u021bi de l\u00e2ng\u0103 ea cei doi copii de autorit\u0103\u021bile din Finlanda, acela\u0219i C\u0103t\u0103lin Avramescu pro\u021b\u0103pit ambasador \u00een Finlanda a respins cu nesim\u021bire orice \u00eencercare a rom\u00e2ncei de a ob\u021bine sprijinul Ambasadei pentru a-\u0219i lua copiii \u00eenapoi.<\/p>\n<p>\u0218i pentru c\u0103 tot e vremea \u00een care demol\u0103rii statuilor poe\u021bilor rom\u00e2ni, amintim c\u0103 Avramescu cerea eliminarea numelui lui Mircea Eliade din spa\u021biul public, al\u0103turi de Octavian Goga \u0219i Mircea Vulc\u0103nescu. Antirom\u00e2nul, poreclit \u201eJidanul\u201d \u00een timpul facult\u0103\u021bii, a solicitat \u0219i retragerea decora\u021biei acordate de Nicu\u0219or Dan veteranului de r\u0103zboi de 107 ani Ion Vasile Banu,\u00a0la fel ca Tism\u0103neanu, fiu de NKVD-ist, \u0219i ca purt\u0103toarea de cuv\u00e2nt a MAE de la Moscova, Maria Zaharova.\u00a0Cam asta se \u00eent\u00e2mpl\u0103 c\u00e2nd te joci cu sfin\u021bii \u00eenchisorilor \u0219i eroii neamului\u2026<\/p>\n<p><strong>\u00cen aprilie, fosta partener\u0103 a depus o pl\u00e2ngere \u00een care \u00eel acuza de h\u0103r\u021buire<\/strong><\/p>\n<p>\u201dReclamanta-p\u00e2r\u00e2t\u0103 a convie\u021buit cu p\u00e2r\u00e2tul aproximativ 6 ani, rela\u021bie din care au rezultat cei doi minori. P\u00e2r\u00e2tul este profesor universitar-doctor la Universitatea din Bucure\u0219ti-Facultatea de \u0218tiin\u021be Politice \u0219i Director al Institutului de \u0218tiin\u021be Politice \u0219i Rela\u021bii Interna\u021bionale \u201eIon I.C. Br\u0103tianu\u201d \u0219i a fost ambasador al Rom\u00e2niei \u00een Finlanda \u0219i Estonia \u00een perioada 2011\u20112016, \u00eens\u0103 cariera sa profesional\u0103 nu exclude situa\u021bia medical\u0103 pe care refuz\u0103 s\u0103 o accepte \u0219i comportamentul violent al acestuia. De altfel, acesta se prevaleaz\u0103 de func\u021biile publice de\u021binute pentru a o intimida \u0219i a-\u0219i acoperi afec\u021biunea medical\u0103\u201d, a povestit M.D.I. \u00een fa\u021ba judec\u0103torilor, potrivit\u00a0Cancan.<\/p>\n<p>\u00cen plus, ea a relatat c\u0103 fostul ambasador ar fi avut un comportament agresiv \u0219i ar fi manifestat o gelozie extrem\u0103, merg\u00e2nd p\u00e2n\u0103 la a inventa o presupus\u0103 rela\u021bie cu un coleg de munc\u0103.<\/p>\n<p>De asemenea, aceasta sus\u021bine c\u0103 Avramescu ar fi publicat imagini cu ea \u00een costum de baie, f\u0103r\u0103 acordul ei, cu scopul de a o face de r\u00e2s. Din aceste motive, a solicitat un ordin de protec\u021bie.<\/p>\n<p>\u201d\u00cen ceea ce o prive\u0219te, arat\u0103 \u0219i pe acesta cale c\u0103, pe parcursul convie\u021buirii ei cu p\u00e2r\u00e2tul (n.r. C\u0103t\u0103lin Avramescu)\u00a0au existat \u0219i nenum\u0103rate acte de violen\u021b\u0103 fizic\u0103 exercitate de c\u0103tre p\u00e2r\u00e2t asupra ei, iar dup\u0103 separarea de acesta, violen\u021ba psihic\u0103 a continuat \u0219i s-a manifestat sub urm\u0103toarele forme:\u00a0a) violen\u021ba verbal\u0103 \u2013 adresarea printr-un limbaj jignitor, brutal, precum utilizarea de insulte, amenin\u021b\u0103ri, cuvinte \u0219i expresii degradante sau umilitoare, pe care le-a folosit inclusiv \u00een fa\u021ba copiilor; b) violen\u021ba psihologic\u0103 \u2013 prin controlul vie\u021bii personale, acte de gelozie gratuite (invent\u00e2nd un concubin din persoan\u0103 asociatului subsemnatei); c) violen\u021ba cibernetic\u0103 \u2013 h\u0103r\u021buire online prin transmiterea de mail-uri la institu\u021biile cu care colaboreaz\u0103, inclusiv \u00een ceea ce \u00eel prive\u0219te pe dl ######### ######## (asociatul ei, pe care \u00eel cunoa\u0219te \u00eenc\u0103 de pe vremea c\u00e2nd locuiau \u00eempreun\u0103, persoan\u0103 care, la r\u00e2ndul sau are familie), men\u021binerea \u0219i publicarea neconsensual\u0103 pe re\u021belele de informa\u021bii a unor fotografii cu ea \u00een costum de baie, cu scopul de a o face de ru\u0219ine, a o umili, a o speria \u0219i a o reduce la t\u0103cere. ##### \u00een vedere argumentele de mai sus, solicit\u0103 admiterea cererii de emitere a ordinului de protec\u021bie, a\u0219a cum a fost formulat\u0103 \u0219i precizat\u0103, cu toate consecin\u021bele juridice ce decurg din acest fapt\u201d.<\/p>\n<p><a href=\"https:\/\/www.incorectpolitic.com\/iudeofilul-catalin-avramescu-prins-cu-pornografia-infantila-antiromanul-care-voia-sa-l-scoata-pe-mircea-eliade-din-spatiul-public-are-niste-probleme-minore\/avramescu\/\" rel=\"attachment wp-att-82342\"><img loading=\"lazy\" decoding=\"async\" class=\"aligncenter wp-image-82342 size-full lazyload\" src=\"https:\/\/www.incorectpolitic.com\/wp-content\/uploads\/2026\/08\/avramescu.png\" alt=\"Iudeofilul C\u0103t\u0103lin Avramescu prins cu pornografia infantil\u0103? Antirom\u00e2nul care voia s\u0103-l scoat\u0103 pe Mircea Eliade din spa\u021biul public are ni\u0219te probleme\" width=\"888\" height=\"618\"><\/a><\/p>\n<p><img loading=\"lazy\" decoding=\"async\" class=\"aligncenter wp-image-82342 size-full\" src=\"https:\/\/www.incorectpolitic.com\/wp-content\/uploads\/2026\/08\/avramescu.png\" alt=\"Iudeofilul C\u0103t\u0103lin Avramescu prins cu pornografia infantil\u0103? Antirom\u00e2nul care voia s\u0103-l scoat\u0103 pe Mircea Eliade din spa\u021biul public are ni\u0219te probleme\" width=\"888\" height=\"618\" data-eio=\"l\"><\/p>\n<h3><span><strong>Cite\u0219te \u0219i <\/strong><a href=\"https:\/\/www.incorectpolitic.com\/mircea-eliade-ii-da-muie-lui-catalin-avramescu\/\"><strong>MIRCEA ELIADE \u00ceI D\u0102 MUIE LUI C\u0102T\u0102LIN AVRAMESCU<\/strong><\/a><\/span><\/h3>\n<p>\u00a0<\/p>\n<p>\u00a0<\/p>\n<\/div>\n<div class=\"entry\">\n<p><strong>Incorect Politic<\/strong><br \/>\nAugust 27, 2026<\/p>\n<p><a href=\"https:\/\/www.incorectpolitic.com\/iudeofilul-catalin-avramescu-prins-cu-pornografia-infantila-antiromanul-care-voia-sa-l-scoata-pe-mircea-eliade-din-spatiul-public-are-niste-probleme-minore\/chatgpt-image-aug-27-2026-11_52_26-pm\/\" rel=\"attachment wp-att-82346\"><img loading=\"lazy\" decoding=\"async\" class=\"aligncenter wp-image-82346\" src=\"https:\/\/www.incorectpolitic.com\/wp-content\/uploads\/2026\/08\/ChatGPT-Image-Aug-27-2026-11_52_26-PM.png\" alt width=\"764\" height=\"560\"><\/a><\/p>\n<h2><strong>Iudeofilul C\u0103t\u0103lin Avramescu prins cu pornografia infantil\u0103? Antirom\u00e2nul care voia s\u0103-l scoat\u0103 pe Mircea Eliade din spa\u021biul public are ni\u0219te probleme\u2026minore<\/strong><\/h2>\n<p>\u00a0<\/p>\n<p><em>via <a href=\"https:\/\/www.activenews.ro\/stiri\/Catalin-Avramescu-saltat-de-mascati-pentru-PORNOGRAFIE-INFANTILA-cu-fiica-lui-Anti-georgistul-sorosisul-si-expertul-in-canibalism-director-la-Academie-si-fost-consilier-prezidential-reclamat-de-fosta-sotie-si-pentru-nenumarate-acte-de-violenta-fizi-207175\">ACTIVENEWS<\/a>:<\/em><\/p>\n<p>Fostul consilier preziden\u021bial C\u0103t\u0103lin Avramescu, sorosist de marc\u0103 \u0219i \u201eexpert \u00een canibalism\u201d din seria lustragiilor GDS prip\u0103\u0219i\u021bi la clan\u021ba \u0219i talpa lui B\u0103sescu, este urm\u0103rit penal, fiind acuzat de pornografie infantil\u0103.<\/p>\n<p>Avramescu a fost s\u0103ltat miercuri diminea\u021b\u0103 de masca\u021bi, dup\u0103 ce fosta so\u021bia l-a acuzat c\u0103 \u0219i-a surprins copila in ipostaze indecente. Procurorii DIICOT au ridicat dispozitive electronice de la Avramescu, acesta fiind \u00een acest moment audiat de procurori \u00een calitate de suspect, conform\u00a0\u0218tiripeSurse.<\/p>\n<p>Avramescu i-a f\u0103cut dou\u0103 fotografii nud fiicei, c\u00e2nd acesta se afla \u00een grija sa, \u0219i i le-a trimis fostei partenere. Fosta partener\u0103 i-a f\u0103cut pl\u00e2ngere penal\u0103 pentru pornografie infantil\u0103.<\/p>\n<p>Procurorii DIICOT au ridicat dispozitive electronice de la Avramescu, acesta fiind \u00een acest moment audiat de procurori \u00een calitate de suspect.<\/p>\n<p><a href=\"https:\/\/www.incorectpolitic.com\/iudeofilul-catalin-avramescu-prins-cu-pornografia-infantila-antiromanul-care-voia-sa-l-scoata-pe-mircea-eliade-din-spatiul-public-are-niste-probleme-minore\/hipjpyvebjyw\/\" rel=\"attachment wp-att-82345\"><img loading=\"lazy\" decoding=\"async\" class=\"aligncenter wp-image-82345 lazyload\" src=\"https:\/\/www.incorectpolitic.com\/wp-content\/uploads\/2026\/08\/HIpjPYvEbjyw.jpeg\" alt width=\"712\" height=\"783\"><\/a><\/p>\n<p><img loading=\"lazy\" decoding=\"async\" class=\"aligncenter wp-image-82345\" src=\"https:\/\/www.incorectpolitic.com\/wp-content\/uploads\/2026\/08\/HIpjPYvEbjyw.jpeg\" alt width=\"712\" height=\"783\" data-eio=\"l\"><em>Jandarmii \u00een timp ce-i perchezi\u021bionau casa lui Avramescu<\/em><\/p>\n<p>C\u0103t\u0103lin Avramescu, profesor la Facultatea de \u0218tiin\u021be Politice a Universit\u0103\u021bii din Bucure\u0219ti, este directorul Institutului de \u0218tiin\u021be Politice \u0219i Rela\u021bii Interna\u021bionale \u201eIon I.C. Br\u0103tianu\u201d (ISPRI) din cadrul Academiei Rom\u00e2ne.<\/p>\n<p>\u00cen ianuarie 2025, C\u0103t\u0103lin Avramescu \u0219i-a anun\u021bat candidatura la preziden\u021biale, \u00eens\u0103 a renun\u021bat la doar c\u00e2teva zile dup\u0103 intrarea \u00een curs\u0103.<\/p>\n<p><strong>Expert \u00een canibalism \u0219i zoofilie, Avramescu pleda pentru un parlament propriu al \u021aiinutului Secuiesc<\/strong><\/p>\n<p>C\u0103t\u0103lin Avramescu a fost \u0219ef al Cancelariei Preziden\u021biale \u00een perioada 2008-2011, apoi fiind desemnat ambasador \u00een Finlanda \u0219i Estonia, post pe care l-a ocupat p\u00e2n\u0103 \u00een 2016.<\/p>\n<p>Dup\u0103 ce a scris o carte despre canibalism \u0219i l-a tradus pentru Humanitas pe Peter Singer, un dr. Mengele al post-filosofiei, sus\u021bin\u0103tor deschis al pedofiliei, sodomiei, sadomasochismului \u0219i\u2026 zoofiliei, Avramescu a mai declarat \u0219i c\u0103 \u201c\u021ainutul Secuiesc\u201d \u201ctrebuie s\u0103 aib\u0103 Parlament propriu \u0219i ambasade\u201d.<\/p>\n<p><strong>A cerut eliminarea numelui lui Mircea Eliade din spa\u021biul public, a lui Goga \u0219i Vulc\u0103nescu<\/strong><\/p>\n<p>\u00cen 2017, \u00een cazul la fel de celebru ca al familiei Bodnariu, c\u00e2nd doctori\u021bei Camelia Smical\u0103 i-au fost lua\u021bi de l\u00e2ng\u0103 ea cei doi copii de autorit\u0103\u021bile din Finlanda, acela\u0219i C\u0103t\u0103lin Avramescu pro\u021b\u0103pit ambasador \u00een Finlanda a respins cu nesim\u021bire orice \u00eencercare a rom\u00e2ncei de a ob\u021bine sprijinul Ambasadei pentru a-\u0219i lua copiii \u00eenapoi.<\/p>\n<p>\u0218i pentru c\u0103 tot e vremea \u00een care demol\u0103rii statuilor poe\u021bilor rom\u00e2ni, amintim c\u0103 Avramescu cerea eliminarea numelui lui Mircea Eliade din spa\u021biul public, al\u0103turi de Octavian Goga \u0219i Mircea Vulc\u0103nescu. Antirom\u00e2nul, poreclit \u201eJidanul\u201d \u00een timpul facult\u0103\u021bii, a solicitat \u0219i retragerea decora\u021biei acordate de Nicu\u0219or Dan veteranului de r\u0103zboi de 107 ani Ion Vasile Banu,\u00a0la fel ca Tism\u0103neanu, fiu de NKVD-ist, \u0219i ca purt\u0103toarea de cuv\u00e2nt a MAE de la Moscova, Maria Zaharova.\u00a0Cam asta se \u00eent\u00e2mpl\u0103 c\u00e2nd te joci cu sfin\u021bii \u00eenchisorilor \u0219i eroii neamului\u2026<\/p>\n<p><strong>\u00cen aprilie, fosta partener\u0103 a depus o pl\u00e2ngere \u00een care \u00eel acuza de h\u0103r\u021buire<\/strong><\/p>\n<p>\u201dReclamanta-p\u00e2r\u00e2t\u0103 a convie\u021buit cu p\u00e2r\u00e2tul aproximativ 6 ani, rela\u021bie din care au rezultat cei doi minori. P\u00e2r\u00e2tul este profesor universitar-doctor la Universitatea din Bucure\u0219ti-Facultatea de \u0218tiin\u021be Politice \u0219i Director al Institutului de \u0218tiin\u021be Politice \u0219i Rela\u021bii Interna\u021bionale \u201eIon I.C. Br\u0103tianu\u201d \u0219i a fost ambasador al Rom\u00e2niei \u00een Finlanda \u0219i Estonia \u00een perioada 2011\u20112016, \u00eens\u0103 cariera sa profesional\u0103 nu exclude situa\u021bia medical\u0103 pe care refuz\u0103 s\u0103 o accepte \u0219i comportamentul violent al acestuia. De altfel, acesta se prevaleaz\u0103 de func\u021biile publice de\u021binute pentru a o intimida \u0219i a-\u0219i acoperi afec\u021biunea medical\u0103\u201d, a povestit M.D.I. \u00een fa\u021ba judec\u0103torilor, potrivit\u00a0Cancan.<\/p>\n<p>\u00cen plus, ea a relatat c\u0103 fostul ambasador ar fi avut un comportament agresiv \u0219i ar fi manifestat o gelozie extrem\u0103, merg\u00e2nd p\u00e2n\u0103 la a inventa o presupus\u0103 rela\u021bie cu un coleg de munc\u0103.<\/p>\n<p>De asemenea, aceasta sus\u021bine c\u0103 Avramescu ar fi publicat imagini cu ea \u00een costum de baie, f\u0103r\u0103 acordul ei, cu scopul de a o face de r\u00e2s. Din aceste motive, a solicitat un ordin de protec\u021bie.<\/p>\n<p>\u201d\u00cen ceea ce o prive\u0219te, arat\u0103 \u0219i pe acesta cale c\u0103, pe parcursul convie\u021buirii ei cu p\u00e2r\u00e2tul (n.r. C\u0103t\u0103lin Avramescu)\u00a0au existat \u0219i nenum\u0103rate acte de violen\u021b\u0103 fizic\u0103 exercitate de c\u0103tre p\u00e2r\u00e2t asupra ei, iar dup\u0103 separarea de acesta, violen\u021ba psihic\u0103 a continuat \u0219i s-a manifestat sub urm\u0103toarele forme:\u00a0a) violen\u021ba verbal\u0103 \u2013 adresarea printr-un limbaj jignitor, brutal, precum utilizarea de insulte, amenin\u021b\u0103ri, cuvinte \u0219i expresii degradante sau umilitoare, pe care le-a folosit inclusiv \u00een fa\u021ba copiilor; b) violen\u021ba psihologic\u0103 \u2013 prin controlul vie\u021bii personale, acte de gelozie gratuite (invent\u00e2nd un concubin din persoan\u0103 asociatului subsemnatei); c) violen\u021ba cibernetic\u0103 \u2013 h\u0103r\u021buire online prin transmiterea de mail-uri la institu\u021biile cu care colaboreaz\u0103, inclusiv \u00een ceea ce \u00eel prive\u0219te pe dl ######### ######## (asociatul ei, pe care \u00eel cunoa\u0219te \u00eenc\u0103 de pe vremea c\u00e2nd locuiau \u00eempreun\u0103, persoan\u0103 care, la r\u00e2ndul sau are familie), men\u021binerea \u0219i publicarea neconsensual\u0103 pe re\u021belele de informa\u021bii a unor fotografii cu ea \u00een costum de baie, cu scopul de a o face de ru\u0219ine, a o umili, a o speria \u0219i a o reduce la t\u0103cere. ##### \u00een vedere argumentele de mai sus, solicit\u0103 admiterea cererii de emitere a ordinului de protec\u021bie, a\u0219a cum a fost formulat\u0103 \u0219i precizat\u0103, cu toate consecin\u021bele juridice ce decurg din acest fapt\u201d.<\/p>\n<p><a href=\"https:\/\/www.incorectpolitic.com\/iudeofilul-catalin-avramescu-prins-cu-pornografia-infantila-antiromanul-care-voia-sa-l-scoata-pe-mircea-eliade-din-spatiul-public-are-niste-probleme-minore\/avramescu\/\" rel=\"attachment wp-att-82342\"><img loading=\"lazy\" decoding=\"async\" class=\"aligncenter wp-image-82342 size-full lazyload\" src=\"https:\/\/www.incorectpolitic.com\/wp-content\/uploads\/2026\/08\/avramescu.png\" alt=\"Iudeofilul C\u0103t\u0103lin Avramescu prins cu pornografia infantil\u0103? Antirom\u00e2nul care voia s\u0103-l scoat\u0103 pe Mircea Eliade din spa\u021biul public are ni\u0219te probleme\" width=\"888\" height=\"618\"><\/a><\/p>\n<p><img loading=\"lazy\" decoding=\"async\" class=\"aligncenter wp-image-82342 size-full\" src=\"https:\/\/www.incorectpolitic.com\/wp-content\/uploads\/2026\/08\/avramescu.png\" alt=\"Iudeofilul C\u0103t\u0103lin Avramescu prins cu pornografia infantil\u0103? Antirom\u00e2nul care voia s\u0103-l scoat\u0103 pe Mircea Eliade din spa\u021biul public are ni\u0219te probleme\" width=\"888\" height=\"618\" data-eio=\"l\"><\/p>\n<h3><span><strong>Cite\u0219te \u0219i <\/strong><a href=\"https:\/\/www.incorectpolitic.com\/mircea-eliade-ii-da-muie-lui-catalin-avramescu\/\"><strong>MIRCEA ELIADE \u00ceI D\u0102 MUIE LUI C\u0102T\u0102LIN AVRAMESCU<\/strong><\/a><\/span><\/h3>\n<p>\u00a0<\/p>\n<p>\u00a0<\/p>\n<\/div>\n<article class=\"post-81436 post type-post status-publish entry includes-feat-image\">\n<div class=\"featured-image alignleft\"><a class=\"featured_post_link\" href=\"https:\/\/www.incorectpolitic.com\/curaj-adevar-si-libertate-senatorul-miron-manega-s-o-s-a-propus-abrogarea-legilor-delictului-de-opinie\/\" title=\"CURAJ, ADEV\u0102R \u0218I LIBERTATE! Senatorul Miron Manega (S.O.S.) a propus abrogarea legilor delictului de opinie!\"><img loading=\"lazy\" decoding=\"async\" width=\"150\" height=\"150\" src=\"https:\/\/www.incorectpolitic.com\/wp-content\/uploads\/2019\/04\/manega-150x150.png\" class=\"attachment-thumbnail size-thumbnail wp-post-image lazyload\" alt><img loading=\"lazy\" decoding=\"async\" width=\"150\" height=\"150\" src=\"https:\/\/www.incorectpolitic.com\/wp-content\/uploads\/2019\/04\/manega-150x150.png\" class=\"attachment-thumbnail size-thumbnail wp-post-image\" alt data-eio=\"l\"><\/a><\/div>\n<div class=\"entry-title\"><a class=\"featured_post_link\" href=\"https:\/\/www.incorectpolitic.com\/curaj-adevar-si-libertate-senatorul-miron-manega-s-o-s-a-propus-abrogarea-legilor-delictului-de-opinie\/\" title=\"CURAJ, ADEV\u0102R \u0218I LIBERTATE! Senatorul Miron Manega (S.O.S.) a propus abrogarea legilor delictului de opinie!\">CURAJ, ADEV\u0102R \u0218I LIBERTATE! Senatorul Miron Manega (S.O.S.) a propus abrogarea legilor delictului de opinie!<\/a><\/div>\n<\/article>\n<article class=\"post-80361 post type-post status-publish entry includes-feat-image\">\n<div class=\"featured-image alignleft\"><a class=\"featured_post_link\" href=\"https:\/\/www.incorectpolitic.com\/ultimul-fiu-al-daciei\/\" title=\"Ultimul Fiu al Daciei\"><img loading=\"lazy\" decoding=\"async\" width=\"100\" height=\"150\" src=\"https:\/\/www.incorectpolitic.com\/wp-content\/uploads\/2025\/10\/dac.jpeg\" class=\"attachment-thumbnail size-thumbnail wp-post-image lazyload\" alt><img loading=\"lazy\" decoding=\"async\" width=\"100\" height=\"150\" src=\"https:\/\/www.incorectpolitic.com\/wp-content\/uploads\/2025\/10\/dac.jpeg\" class=\"attachment-thumbnail size-thumbnail wp-post-image\" alt data-eio=\"l\"><\/a><\/div>\n<div class=\"entry-title\"><a class=\"featured_post_link\" href=\"https:\/\/www.incorectpolitic.com\/ultimul-fiu-al-daciei\/\" title=\"Ultimul Fiu al Daciei\">Ultimul Fiu al Daciei<\/a><\/div>\n<\/article>\n<article class=\"post-73927 post type-post status-publish entry includes-feat-image\">\n<div class=\"featured-image alignleft\"><a class=\"featured_post_link\" href=\"https:\/\/www.incorectpolitic.com\/cauzele-si-dinamica-antisemitismului\/\" title=\"Cauzele \u0219i Dinamica Antisemitismului\"><img loading=\"lazy\" decoding=\"async\" width=\"150\" height=\"150\" src=\"https:\/\/www.incorectpolitic.com\/wp-content\/uploads\/2018\/09\/bolshevik-jews-150x150.jpg\" class=\"attachment-thumbnail size-thumbnail wp-post-image lazyload\" alt><img loading=\"lazy\" decoding=\"async\" width=\"150\" height=\"150\" src=\"https:\/\/www.incorectpolitic.com\/wp-content\/uploads\/2018\/09\/bolshevik-jews-150x150.jpg\" class=\"attachment-thumbnail size-thumbnail wp-post-image\" alt data-eio=\"l\"><\/a><\/div>\n<div class=\"entry-title\"><a class=\"featured_post_link\" href=\"https:\/\/www.incorectpolitic.com\/cauzele-si-dinamica-antisemitismului\/\" title=\"Cauzele \u0219i Dinamica Antisemitismului\">Cauzele \u0219i Dinamica Antisemitismului<\/a><\/div>\n<\/article>\n<article class=\"post-72974 post type-post status-publish entry includes-feat-image\">\n<div class=\"featured-image alignleft\"><a class=\"featured_post_link\" href=\"https:\/\/www.incorectpolitic.com\/navalirea-jidanilor-de-vasile-alecsandri-piesa-interzisa\/\" title=\"N\u0103v\u0103lirea Jidanilor \u2013 de Vasile Alecsandri (Pies\u0103 interzis\u0103)\"><img loading=\"lazy\" decoding=\"async\" width=\"150\" height=\"150\" src=\"https:\/\/www.incorectpolitic.com\/wp-content\/uploads\/2024\/02\/jidani-navalire-2.png\" class=\"attachment-thumbnail size-thumbnail wp-post-image lazyload\" alt><img loading=\"lazy\" decoding=\"async\" width=\"150\" height=\"150\" src=\"https:\/\/www.incorectpolitic.com\/wp-content\/uploads\/2024\/02\/jidani-navalire-2.png\" class=\"attachment-thumbnail size-thumbnail wp-post-image\" alt data-eio=\"l\"><\/a><\/div>\n<div class=\"entry-title\"><a class=\"featured_post_link\" href=\"https:\/\/www.incorectpolitic.com\/navalirea-jidanilor-de-vasile-alecsandri-piesa-interzisa\/\" title=\"N\u0103v\u0103lirea Jidanilor \u2013 de Vasile Alecsandri (Pies\u0103 interzis\u0103)\">N\u0103v\u0103lirea Jidanilor \u2013 de Vasile Alecsandri (Pies\u0103 interzis\u0103)<\/a><\/div>\n<\/article>\n<article class=\"post-71879 post type-post status-publish entry includes-feat-image\">\n<div class=\"featured-image alignleft\"><a class=\"featured_post_link\" href=\"https:\/\/www.incorectpolitic.com\/europa-si-romania-in-anul-2050\/\" title=\"Europa \u0219i Rom\u00e2nia \u00een anul 2050\"><img loading=\"lazy\" decoding=\"async\" width=\"147\" height=\"150\" src=\"https:\/\/www.incorectpolitic.com\/wp-content\/uploads\/2024\/01\/Romania-2050-2.png\" class=\"attachment-thumbnail size-thumbnail wp-post-image lazyload\" alt><img loading=\"lazy\" decoding=\"async\" width=\"147\" height=\"150\" src=\"https:\/\/www.incorectpolitic.com\/wp-content\/uploads\/2024\/01\/Romania-2050-2.png\" class=\"attachment-thumbnail size-thumbnail wp-post-image\" alt data-eio=\"l\"><\/a><\/div>\n<div class=\"entry-title\"><a class=\"featured_post_link\" href=\"https:\/\/www.incorectpolitic.com\/europa-si-romania-in-anul-2050\/\" title=\"Europa \u0219i Rom\u00e2nia \u00een anul 2050\">Europa \u0219i Rom\u00e2nia \u00een anul 2050<\/a><\/div>\n<\/article>\n<article class=\"post-23854 post type-post status-publish entry includes-feat-image\">\n<div class=\"featured-image alignleft\"><a class=\"featured_post_link\" href=\"https:\/\/www.incorectpolitic.com\/vizita-papei-autonomie-alternativa\/\" title=\"Vizita Papei \u2013 Autonomie Alternativ\u0103\"><img loading=\"lazy\" decoding=\"async\" width=\"150\" height=\"150\" class=\"attachment-thumbnail size-thumbnail wp-post-image lazyload\" alt src=\"https:\/\/www.incorectpolitic.com\/wp-content\/uploads\/2019\/06\/uI2HFtR-150x150.jpg\"><img loading=\"lazy\" decoding=\"async\" width=\"150\" height=\"150\" src=\"https:\/\/www.incorectpolitic.com\/wp-content\/uploads\/2019\/06\/uI2HFtR-150x150.jpg\" class=\"attachment-thumbnail size-thumbnail wp-post-image\" alt data-eio=\"l\"><\/a><\/div>\n<div class=\"entry-title\"><a class=\"featured_post_link\" href=\"https:\/\/www.incorectpolitic.com\/vizita-papei-autonomie-alternativa\/\" title=\"Vizita Papei \u2013 Autonomie Alternativ\u0103\">Vizita Papei \u2013 Autonomie Alternativ\u0103<\/a><\/div>\n<\/article>\n<article class=\"post-72111 post type-post status-publish entry includes-feat-image\">\n<div class=\"featured-image alignleft\"><a class=\"featured_post_link\" href=\"https:\/\/www.incorectpolitic.com\/revelion-2023-2024-vine-anul-biruintei\/\" title=\"Revelion 2023 \u2013 2024 vine ANUL BIRUIN\u021aEI\"><img loading=\"lazy\" decoding=\"async\" width=\"150\" height=\"150\" src=\"https:\/\/www.incorectpolitic.com\/wp-content\/uploads\/2023\/12\/anul-biruintei.png\" class=\"attachment-thumbnail size-thumbnail wp-post-image lazyload\" alt><img loading=\"lazy\" decoding=\"async\" width=\"150\" height=\"150\" src=\"https:\/\/www.incorectpolitic.com\/wp-content\/uploads\/2023\/12\/anul-biruintei.png\" class=\"attachment-thumbnail size-thumbnail wp-post-image\" alt data-eio=\"l\"><\/a><\/div>\n<div class=\"entry-title\"><a class=\"featured_post_link\" href=\"https:\/\/www.incorectpolitic.com\/revelion-2023-2024-vine-anul-biruintei\/\" title=\"Revelion 2023 \u2013 2024 vine ANUL BIRUIN\u021aEI\">Revelion 2023 \u2013 2024 vine ANUL BIRUIN\u021aEI<\/a><\/div>\n<\/article>\n<article class=\"post-50139 post type-post status-publish entry includes-feat-image\">\n<div class=\"featured-image alignleft\"><a class=\"featured_post_link\" href=\"https:\/\/www.incorectpolitic.com\/analiza-strategiei-adoptata-de-guvern-pentru-combaterea-antisemitismului-xenofobiei-si-discursului-instigator-la-ura-2021-2023\/\" title=\"Analiza Strategiei Adoptat\u0103 de Guvern Pentru Combaterea \u201cantisemitismului, xenofobiei \u0219i discursului instigator la ur\u0103 2021-2023\u201d\"><img loading=\"lazy\" decoding=\"async\" width=\"150\" height=\"150\" src=\"https:\/\/www.incorectpolitic.com\/wp-content\/uploads\/2019\/08\/Jewish-censorship-e1421273251759-2-150x150.jpg\" class=\"attachment-thumbnail size-thumbnail wp-post-image lazyload\" alt><img loading=\"lazy\" decoding=\"async\" width=\"150\" height=\"150\" src=\"https:\/\/www.incorectpolitic.com\/wp-content\/uploads\/2019\/08\/Jewish-censorship-e1421273251759-2-150x150.jpg\" class=\"attachment-thumbnail size-thumbnail wp-post-image\" alt data-eio=\"l\"><\/a><\/div>\n<div class=\"entry-title\"><a class=\"featured_post_link\" href=\"https:\/\/www.incorectpolitic.com\/analiza-strategiei-adoptata-de-guvern-pentru-combaterea-antisemitismului-xenofobiei-si-discursului-instigator-la-ura-2021-2023\/\" title=\"Analiza Strategiei Adoptat\u0103 de Guvern Pentru Combaterea \u201cantisemitismului, xenofobiei \u0219i discursului instigator la ur\u0103 2021-2023\u201d\">Analiza Strategiei Adoptat\u0103 de Guvern Pentru Combaterea \u201cantisemitismului, xenofobiei \u0219i discursului instigator la ur\u0103 2021-2023\u201d<\/a><\/div>\n<\/article>\n<article class=\"post-70829 post type-post status-publish entry includes-feat-image\">\n<div class=\"featured-image alignleft\"><a class=\"featured_post_link\" href=\"https:\/\/www.incorectpolitic.com\/pozitia-unilaterala-a-pseudo-politicienilor-din-romania-si-a-bor-in-sustinerea-israelului-singurul-stat-terorist-din-lume-arata-ca-acestia-nu-au-o-fibra-cu-adevarat-nationala\/\" title=\"Pozi\u021bia unilateral\u0103 a pseudo politicienilor din Rom\u00e2nia \u0219i a BOR \u00een sus\u021binerea Israelului, singurul stat terorist din lume, arat\u0103 c\u0103 ace\u0219tia nu au o fibr\u0103 cu adev\u0103rat na\u021bional\u0103\"><img loading=\"lazy\" decoding=\"async\" width=\"150\" height=\"89\" src=\"https:\/\/www.incorectpolitic.com\/wp-content\/uploads\/2023\/08\/circumcision.png\" class=\"attachment-thumbnail size-thumbnail wp-post-image lazyload\" alt><img loading=\"lazy\" decoding=\"async\" width=\"150\" height=\"89\" src=\"https:\/\/www.incorectpolitic.com\/wp-content\/uploads\/2023\/08\/circumcision.png\" class=\"attachment-thumbnail size-thumbnail wp-post-image\" alt data-eio=\"l\"><\/a><\/div>\n<div class=\"entry-title\"><a class=\"featured_post_link\" href=\"https:\/\/www.incorectpolitic.com\/pozitia-unilaterala-a-pseudo-politicienilor-din-romania-si-a-bor-in-sustinerea-israelului-singurul-stat-terorist-din-lume-arata-ca-acestia-nu-au-o-fibra-cu-adevarat-nationala\/\" title=\"Pozi\u021bia unilateral\u0103 a pseudo politicienilor din Rom\u00e2nia \u0219i a BOR \u00een sus\u021binerea Israelului, singurul stat terorist din lume, arat\u0103 c\u0103 ace\u0219tia nu au o fibr\u0103 cu adev\u0103rat na\u021bional\u0103\">Pozi\u021bia unilateral\u0103 a pseudo politicienilor din Rom\u00e2nia \u0219i a BOR \u00een sus\u021binerea Israelului, singurul stat terorist din lume, arat\u0103 c\u0103 ace\u0219tia nu au o fibr\u0103 cu adev\u0103rat na\u021bional\u0103<\/a><\/div>\n<\/article>\n<article class=\"post-66937 post type-post status-publish entry includes-feat-image\">\n<div class=\"featured-image alignleft\"><a class=\"featured_post_link\" href=\"https:\/\/www.incorectpolitic.com\/agresiunea-impotriva-revizionistilor-istorici-si-efectele-linsajului-judiciar-de-la-nuremberg\/\" title=\"Agresiunea \u00eempotriva Revizioni\u0219tilor Istorici \u0219i efectele lin\u0219ajului judiciar de la Nurnberg\"><img loading=\"lazy\" decoding=\"async\" width=\"150\" height=\"100\" src=\"https:\/\/www.incorectpolitic.com\/wp-content\/uploads\/2023\/04\/image_2023-04-30_134634134.png\" class=\"attachment-thumbnail size-thumbnail wp-post-image lazyload\" alt><img loading=\"lazy\" decoding=\"async\" width=\"150\" height=\"100\" src=\"https:\/\/www.incorectpolitic.com\/wp-content\/uploads\/2023\/04\/image_2023-04-30_134634134.png\" class=\"attachment-thumbnail size-thumbnail wp-post-image\" alt data-eio=\"l\"><\/a><\/div>\n<div class=\"entry-title\"><a class=\"featured_post_link\" href=\"https:\/\/www.incorectpolitic.com\/agresiunea-impotriva-revizionistilor-istorici-si-efectele-linsajului-judiciar-de-la-nuremberg\/\" title=\"Agresiunea \u00eempotriva Revizioni\u0219tilor Istorici \u0219i efectele lin\u0219ajului judiciar de la Nurnberg\">Agresiunea \u00eempotriva Revizioni\u0219tilor Istorici \u0219i efectele lin\u0219ajului judiciar de la Nurnberg<\/a><\/div>\n<\/article>\n<article class=\"post-19111 post type-post status-publish entry includes-feat-image\">\n<div class=\"featured-image alignleft\"><a class=\"featured_post_link\" href=\"https:\/\/www.incorectpolitic.com\/despre-adevar\/\" title=\"Despre Adev\u0103r\"><img loading=\"lazy\" decoding=\"async\" width=\"150\" height=\"150\" src=\"https:\/\/www.incorectpolitic.com\/wp-content\/uploads\/2019\/02\/freedomfromchain-150x150.jpg\" class=\"attachment-thumbnail size-thumbnail wp-post-image lazyload\" alt><img loading=\"lazy\" decoding=\"async\" width=\"150\" height=\"150\" src=\"https:\/\/www.incorectpolitic.com\/wp-content\/uploads\/2019\/02\/freedomfromchain-150x150.jpg\" class=\"attachment-thumbnail size-thumbnail wp-post-image\" alt data-eio=\"l\"><\/a><\/div>\n<div class=\"entry-title\"><a class=\"featured_post_link\" href=\"https:\/\/www.incorectpolitic.com\/despre-adevar\/\" title=\"Despre Adev\u0103r\">Despre Adev\u0103r<\/a><\/div>\n<\/article>\n<article class=\"post-53767 post type-post status-publish entry includes-feat-image\">\n<div class=\"featured-image alignleft\"><a class=\"featured_post_link\" href=\"https:\/\/www.incorectpolitic.com\/dictionarul-coincidentelor-cine-sunt-iudeii-care-ne-au-influentat-tara-in-istoria-recenta\/\" title=\"DIC\u021aIONARUL COINCIDEN\u021aELOR  \u2013 Cine sunt iudeii care ne-au influen\u021bat \u021bara \u00een istoria recent\u0103\"><img loading=\"lazy\" decoding=\"async\" width=\"150\" height=\"150\" src=\"https:\/\/www.incorectpolitic.com\/wp-content\/uploads\/2021\/09\/coinc-150x150.png\" class=\"attachment-thumbnail size-thumbnail wp-post-image lazyload\" alt><img loading=\"lazy\" decoding=\"async\" width=\"150\" height=\"150\" src=\"https:\/\/www.incorectpolitic.com\/wp-content\/uploads\/2021\/09\/coinc-150x150.png\" class=\"attachment-thumbnail size-thumbnail wp-post-image\" alt data-eio=\"l\"><\/a><\/div>\n<div class=\"entry-title\"><a class=\"featured_post_link\" href=\"https:\/\/www.incorectpolitic.com\/dictionarul-coincidentelor-cine-sunt-iudeii-care-ne-au-influentat-tara-in-istoria-recenta\/\" title=\"DIC\u021aIONARUL COINCIDEN\u021aELOR  \u2013 Cine sunt iudeii care ne-au influen\u021bat \u021bara \u00een istoria recent\u0103\">DIC\u021aIONARUL COINCIDEN\u021aELOR  \u2013 Cine sunt iudeii care ne-au influen\u021bat \u021bara \u00een istoria recent\u0103<\/a><\/div>\n<\/article>\n<article class=\"post-51156 post type-post status-publish entry includes-feat-image\">\n<div class=\"featured-image alignleft\"><a class=\"featured_post_link\" href=\"https:\/\/www.incorectpolitic.com\/desertaciune-nu-aparare\/\" title=\"DE\u0218ERT\u0102CIUNE?! Nu, AP\u0102RARE!\"><img loading=\"lazy\" decoding=\"async\" width=\"150\" height=\"150\" class=\"attachment-thumbnail size-thumbnail wp-post-image lazyload\" alt src=\"https:\/\/www.incorectpolitic.com\/wp-content\/uploads\/2021\/06\/desertaciune-nu-aparare-150x150.jpg\"><img loading=\"lazy\" decoding=\"async\" width=\"150\" height=\"150\" src=\"https:\/\/www.incorectpolitic.com\/wp-content\/uploads\/2021\/06\/desertaciune-nu-aparare-150x150.jpg\" class=\"attachment-thumbnail size-thumbnail wp-post-image\" alt data-eio=\"l\"><\/a><\/div>\n<div class=\"entry-title\"><a class=\"featured_post_link\" href=\"https:\/\/www.incorectpolitic.com\/desertaciune-nu-aparare\/\" title=\"DE\u0218ERT\u0102CIUNE?! Nu, AP\u0102RARE!\">DE\u0218ERT\u0102CIUNE?! Nu, AP\u0102RARE!<\/a><\/div>\n<\/article>\n<article class=\"post-44728 post type-post status-publish entry includes-feat-image\">\n<div class=\"featured-image alignleft\"><a class=\"featured_post_link\" href=\"https:\/\/www.incorectpolitic.com\/resetarea-medicinei-sau-resetarea-omenirii-prin-nanotehnologie\/\" title=\"Resetarea Medicinei sau Resetarea Omenirii prin Nanotehnologie\"><img loading=\"lazy\" decoding=\"async\" width=\"150\" height=\"150\" src=\"https:\/\/www.incorectpolitic.com\/wp-content\/uploads\/2020\/12\/ed8a914d6d236c9d231903a8b2e79f63-150x150.gif\" class=\"attachment-thumbnail size-thumbnail wp-post-image lazyload\" alt><img loading=\"lazy\" decoding=\"async\" width=\"150\" height=\"150\" src=\"https:\/\/www.incorectpolitic.com\/wp-content\/uploads\/2020\/12\/ed8a914d6d236c9d231903a8b2e79f63-150x150.gif\" class=\"attachment-thumbnail size-thumbnail wp-post-image\" alt data-eio=\"l\"><\/a><\/div>\n<div class=\"entry-title\"><a class=\"featured_post_link\" href=\"https:\/\/www.incorectpolitic.com\/resetarea-medicinei-sau-resetarea-omenirii-prin-nanotehnologie\/\" title=\"Resetarea Medicinei sau Resetarea Omenirii prin Nanotehnologie\">Resetarea Medicinei sau Resetarea Omenirii prin Nanotehnologie<\/a><\/div>\n<\/article>\n<article class=\"post-43837 post type-post status-publish entry includes-feat-image\">\n<div class=\"featured-image alignleft\"><a class=\"featured_post_link\" href=\"https:\/\/www.incorectpolitic.com\/noul-legamant\/\" title=\"Noul Leg\u0103m\u00e2nt\"><img loading=\"lazy\" decoding=\"async\" width=\"150\" height=\"150\" src=\"https:\/\/www.incorectpolitic.com\/wp-content\/uploads\/2020\/12\/NL-150x150.jpg\" class=\"attachment-thumbnail size-thumbnail wp-post-image lazyload\" alt><img loading=\"lazy\" decoding=\"async\" width=\"150\" height=\"150\" src=\"https:\/\/www.incorectpolitic.com\/wp-content\/uploads\/2020\/12\/NL-150x150.jpg\" class=\"attachment-thumbnail size-thumbnail wp-post-image\" alt data-eio=\"l\"><\/a><\/div>\n<div class=\"entry-title\"><a class=\"featured_post_link\" href=\"https:\/\/www.incorectpolitic.com\/noul-legamant\/\" title=\"Noul Leg\u0103m\u00e2nt\">Noul Leg\u0103m\u00e2nt<\/a><\/div>\n<\/article>\n<article class=\"post-42525 post type-post status-publish entry includes-feat-image\">\n<div class=\"featured-image alignleft\"><a class=\"featured_post_link\" href=\"https:\/\/www.incorectpolitic.com\/vaccinarea-inseamna-crima-un-atentat-la-sanatatea-personala-la-integritatea-corporala-si-intimitatea-oricarui-om-liber-medicul-ce-vaccineaza-cu-forta-un-om-liber-merita-sa-fie-pedepsit-de-acesta\/\" title=\"Vaccinarea \u00eenseamn\u0103 crim\u0103, un atentat la s\u0103n\u0103tatea personal\u0103, la integritatea corporal\u0103 \u0219i intimitatea oric\u0103rui om liber. Medicul ce vaccineaz\u0103 cu for\u021ba un om liber merit\u0103 s\u0103 fie pedepsit de acesta\"><img loading=\"lazy\" decoding=\"async\" width=\"150\" height=\"150\" src=\"https:\/\/www.incorectpolitic.com\/wp-content\/uploads\/2020\/11\/syringe_0-150x150.jpg\" class=\"attachment-thumbnail size-thumbnail wp-post-image lazyload\" alt><img loading=\"lazy\" decoding=\"async\" width=\"150\" height=\"150\" src=\"https:\/\/www.incorectpolitic.com\/wp-content\/uploads\/2020\/11\/syringe_0-150x150.jpg\" class=\"attachment-thumbnail size-thumbnail wp-post-image\" alt data-eio=\"l\"><\/a><\/div>\n<div class=\"entry-title\"><a class=\"featured_post_link\" href=\"https:\/\/www.incorectpolitic.com\/vaccinarea-inseamna-crima-un-atentat-la-sanatatea-personala-la-integritatea-corporala-si-intimitatea-oricarui-om-liber-medicul-ce-vaccineaza-cu-forta-un-om-liber-merita-sa-fie-pedepsit-de-acesta\/\" title=\"Vaccinarea \u00eenseamn\u0103 crim\u0103, un atentat la s\u0103n\u0103tatea personal\u0103, la integritatea corporal\u0103 \u0219i intimitatea oric\u0103rui om liber. Medicul ce vaccineaz\u0103 cu for\u021ba un om liber merit\u0103 s\u0103 fie pedepsit de acesta\">Vaccinarea \u00eenseamn\u0103 crim\u0103, un atentat la s\u0103n\u0103tatea personal\u0103, la integritatea corporal\u0103 \u0219i intimitatea oric\u0103rui om liber. Medicul ce vaccineaz\u0103 cu for\u021ba un om liber merit\u0103 s\u0103 fie pedepsit de acesta<\/a><\/div>\n<\/article>\n<article class=\"post-38338 post type-post status-publish entry includes-feat-image\">\n<div class=\"featured-image alignleft\"><a class=\"featured_post_link\" href=\"https:\/\/www.incorectpolitic.com\/trebuie-sa-distrugem-suprematia-jidoveasca\/\" title=\"Trebuie s\u0103 distrugem superma\u021bia jidoveasc\u0103!\"><img loading=\"lazy\" decoding=\"async\" width=\"150\" height=\"150\" src=\"https:\/\/www.incorectpolitic.com\/wp-content\/uploads\/2018\/11\/GunoiOPS-150x150.png\" class=\"attachment-thumbnail size-thumbnail wp-post-image lazyload\" alt><img loading=\"lazy\" decoding=\"async\" width=\"150\" height=\"150\" src=\"https:\/\/www.incorectpolitic.com\/wp-content\/uploads\/2018\/11\/GunoiOPS-150x150.png\" class=\"attachment-thumbnail size-thumbnail wp-post-image\" alt data-eio=\"l\"><\/a><\/div>\n<div class=\"entry-title\"><a class=\"featured_post_link\" href=\"https:\/\/www.incorectpolitic.com\/trebuie-sa-distrugem-suprematia-jidoveasca\/\" title=\"Trebuie s\u0103 distrugem superma\u021bia jidoveasc\u0103!\">Trebuie s\u0103 distrugem superma\u021bia jidoveasc\u0103!<\/a><\/div>\n<\/article>\n<article class=\"post-30776 post type-post status-publish entry includes-feat-image\">\n<div class=\"featured-image alignleft\"><a class=\"featured_post_link\" href=\"https:\/\/www.incorectpolitic.com\/da-ti-doua-palme-si-ridica-te\/\" title=\"D\u0103-\u021bi Dou\u0103 Palme \u0219i Ridic\u0103-te\"><img loading=\"lazy\" decoding=\"async\" width=\"150\" height=\"150\" src=\"https:\/\/www.incorectpolitic.com\/wp-content\/uploads\/2019\/11\/1-mai-620x350-150x150.jpg\" class=\"attachment-thumbnail size-thumbnail wp-post-image lazyload\" alt><img loading=\"lazy\" decoding=\"async\" width=\"150\" height=\"150\" src=\"https:\/\/www.incorectpolitic.com\/wp-content\/uploads\/2019\/11\/1-mai-620x350-150x150.jpg\" class=\"attachment-thumbnail size-thumbnail wp-post-image\" alt data-eio=\"l\"><\/a><\/div>\n<div class=\"entry-title\"><a class=\"featured_post_link\" href=\"https:\/\/www.incorectpolitic.com\/da-ti-doua-palme-si-ridica-te\/\" title=\"D\u0103-\u021bi Dou\u0103 Palme \u0219i Ridic\u0103-te\">D\u0103-\u021bi Dou\u0103 Palme \u0219i Ridic\u0103-te<\/a><\/div>\n<\/article>\n<article class=\"post-27862 post type-post status-publish entry includes-feat-image\">\n<div class=\"featured-image alignleft\"><a class=\"featured_post_link\" href=\"https:\/\/www.incorectpolitic.com\/scrisoare-deschisa-catre-neamul-romanesc\/\" title=\"Scrisoare Deschis\u0103 C\u0103tre Neamul Rom\u00e2nesc\"><img loading=\"lazy\" decoding=\"async\" width=\"150\" height=\"150\" src=\"https:\/\/www.incorectpolitic.com\/wp-content\/uploads\/2019\/09\/videoblocks-male-hand-reload-a-revolver-magnum-gun-without-bullets-magnum-revolver-and-empty-bullet-magnum-lead-round-nose-45-auto-rim-revolver-rounds_ha1focujz_thumbnail-full01-150x150.jpg\" class=\"attachment-thumbnail size-thumbnail wp-post-image lazyload\" alt><img loading=\"lazy\" decoding=\"async\" width=\"150\" height=\"150\" src=\"https:\/\/www.incorectpolitic.com\/wp-content\/uploads\/2019\/09\/videoblocks-male-hand-reload-a-revolver-magnum-gun-without-bullets-magnum-revolver-and-empty-bullet-magnum-lead-round-nose-45-auto-rim-revolver-rounds_ha1focujz_thumbnail-full01-150x150.jpg\" class=\"attachment-thumbnail size-thumbnail wp-post-image\" alt data-eio=\"l\"><\/a><\/div>\n<div class=\"entry-title\"><a class=\"featured_post_link\" href=\"https:\/\/www.incorectpolitic.com\/scrisoare-deschisa-catre-neamul-romanesc\/\" title=\"Scrisoare Deschis\u0103 C\u0103tre Neamul Rom\u00e2nesc\">Scrisoare Deschis\u0103 C\u0103tre Neamul Rom\u00e2nesc<\/a><\/div>\n<\/article>\n<article class=\"post-26255 post type-post status-publish entry includes-feat-image\">\n<div class=\"featured-image alignleft\"><a class=\"featured_post_link\" href=\"https:\/\/www.incorectpolitic.com\/sociologia-eliberarii-si-curentele-laterale-de-sedimentare-revolutionara\/\" title=\"Sociologia Eliber\u0103rii \u0219i Curentele Laterale de Sedimentare Revolu\u021bionar\u0103\"><img loading=\"lazy\" decoding=\"async\" width=\"150\" height=\"150\" src=\"https:\/\/www.incorectpolitic.com\/wp-content\/uploads\/2020\/12\/nm3-150x150.png\" class=\"attachment-thumbnail size-thumbnail wp-post-image lazyload\" alt><img loading=\"lazy\" decoding=\"async\" width=\"150\" height=\"150\" src=\"https:\/\/www.incorectpolitic.com\/wp-content\/uploads\/2020\/12\/nm3-150x150.png\" class=\"attachment-thumbnail size-thumbnail wp-post-image\" alt data-eio=\"l\"><\/a><\/div>\n<div class=\"entry-title\"><a class=\"featured_post_link\" href=\"https:\/\/www.incorectpolitic.com\/sociologia-eliberarii-si-curentele-laterale-de-sedimentare-revolutionara\/\" title=\"Sociologia Eliber\u0103rii \u0219i Curentele Laterale de Sedimentare Revolu\u021bionar\u0103\">Sociologia Eliber\u0103rii \u0219i Curentele Laterale de Sedimentare Revolu\u021bionar\u0103<\/a><\/div>\n<\/article>\n<article class=\"post-21977 post type-post status-publish entry includes-feat-image\">\n<div class=\"featured-image alignleft\"><a class=\"featured_post_link\" href=\"https:\/\/www.incorectpolitic.com\/impotriva-fatalismului\/\" title=\"\u00cempotriva Fatalismului\"><img loading=\"lazy\" decoding=\"async\" width=\"150\" height=\"150\" src=\"https:\/\/www.incorectpolitic.com\/wp-content\/uploads\/2019\/04\/thumb-150x150.jpg\" class=\"attachment-thumbnail size-thumbnail wp-post-image lazyload\" alt><img loading=\"lazy\" decoding=\"async\" width=\"150\" height=\"150\" src=\"https:\/\/www.incorectpolitic.com\/wp-content\/uploads\/2019\/04\/thumb-150x150.jpg\" class=\"attachment-thumbnail size-thumbnail wp-post-image\" alt data-eio=\"l\"><\/a><\/div>\n<div class=\"entry-title\"><a class=\"featured_post_link\" href=\"https:\/\/www.incorectpolitic.com\/impotriva-fatalismului\/\" title=\"\u00cempotriva Fatalismului\">\u00cempotriva Fatalismului<\/a><\/div>\n<\/article>\n<article class=\"post-20844 post type-post status-publish entry includes-feat-image\">\n<div class=\"featured-image alignleft\"><a class=\"featured_post_link\" href=\"https:\/\/www.incorectpolitic.com\/inceputul-etapei-post-globaliste-mass-media-ultimul-obstacol\/\" title=\"\u00cenceputul Etapei Post-Globaliste \u2013  Mass Media Ultimul Obstacol\"><img loading=\"lazy\" decoding=\"async\" width=\"150\" height=\"150\" src=\"https:\/\/www.incorectpolitic.com\/wp-content\/uploads\/2019\/03\/https___cdn.cnn_.com_cnnnext_dam_assets_181202123002-yellow-vest-protest-150x150.jpg\" class=\"attachment-thumbnail size-thumbnail wp-post-image lazyload\" alt><img loading=\"lazy\" decoding=\"async\" width=\"150\" height=\"150\" src=\"https:\/\/www.incorectpolitic.com\/wp-content\/uploads\/2019\/03\/https___cdn.cnn_.com_cnnnext_dam_assets_181202123002-yellow-vest-protest-150x150.jpg\" class=\"attachment-thumbnail size-thumbnail wp-post-image\" alt data-eio=\"l\"><\/a><\/div>\n<div class=\"entry-title\"><a class=\"featured_post_link\" href=\"https:\/\/www.incorectpolitic.com\/inceputul-etapei-post-globaliste-mass-media-ultimul-obstacol\/\" title=\"\u00cenceputul Etapei Post-Globaliste \u2013  Mass Media Ultimul Obstacol\">\u00cenceputul Etapei Post-Globaliste \u2013  Mass Media Ultimul Obstacol<\/a><\/div>\n<\/article>\n<article class=\"post-19704 post type-post status-publish entry includes-feat-image\">\n<div class=\"featured-image alignleft\"><a class=\"featured_post_link\" href=\"https:\/\/www.incorectpolitic.com\/mlastina-mass-media-serial-complet\/\" title=\"Mla\u0219tina Mass Media  \u2013 Serial Complet\"><img loading=\"lazy\" decoding=\"async\" width=\"150\" height=\"150\" src=\"https:\/\/www.incorectpolitic.com\/wp-content\/uploads\/2018\/06\/colaj-modificat-1-768x278-150x150.jpg\" class=\"attachment-thumbnail size-thumbnail wp-post-image lazyload\" alt><img loading=\"lazy\" decoding=\"async\" width=\"150\" height=\"150\" src=\"https:\/\/www.incorectpolitic.com\/wp-content\/uploads\/2018\/06\/colaj-modificat-1-768x278-150x150.jpg\" class=\"attachment-thumbnail size-thumbnail wp-post-image\" alt data-eio=\"l\"><\/a><\/div>\n<div class=\"entry-title\"><a class=\"featured_post_link\" href=\"https:\/\/www.incorectpolitic.com\/mlastina-mass-media-serial-complet\/\" title=\"Mla\u0219tina Mass Media  \u2013 Serial Complet\">Mla\u0219tina Mass Media  \u2013 Serial Complet<\/a><\/div>\n<\/article>\n<article class=\"post-5104 post type-post status-publish entry includes-feat-image\">\n<div class=\"featured-image alignleft\"><a class=\"featured_post_link\" href=\"https:\/\/www.incorectpolitic.com\/momentul-1937\/\" title=\"Momentul 1937\"><img loading=\"lazy\" decoding=\"async\" width=\"150\" height=\"150\" src=\"https:\/\/www.incorectpolitic.com\/wp-content\/uploads\/2018\/03\/capitanul-codreanu2003a-150x150.jpg\" class=\"attachment-thumbnail size-thumbnail wp-post-image lazyload\" alt><img loading=\"lazy\" decoding=\"async\" width=\"150\" height=\"150\" src=\"https:\/\/www.incorectpolitic.com\/wp-content\/uploads\/2018\/03\/capitanul-codreanu2003a-150x150.jpg\" class=\"attachment-thumbnail size-thumbnail wp-post-image\" alt data-eio=\"l\"><\/a><\/div>\n<div class=\"entry-title\"><a class=\"featured_post_link\" href=\"https:\/\/www.incorectpolitic.com\/momentul-1937\/\" title=\"Momentul 1937\">Momentul 1937<\/a><\/div>\n<\/article>\n<article class=\"post-16914 post type-post status-publish entry includes-feat-image\">\n<div class=\"featured-image alignleft\"><a class=\"featured_post_link\" href=\"https:\/\/www.incorectpolitic.com\/portretul-romanului-iudeo-crestin\/\" title=\"Portretul Rom\u00e2nului Iudeo-Cre\u0219tin Iubitor de Infanticid\"><img loading=\"lazy\" decoding=\"async\" width=\"150\" height=\"150\" src=\"https:\/\/www.incorectpolitic.com\/wp-content\/uploads\/2019\/01\/venn-150x150.jpg\" class=\"attachment-thumbnail size-thumbnail wp-post-image lazyload\" alt><img loading=\"lazy\" decoding=\"async\" width=\"150\" height=\"150\" src=\"https:\/\/www.incorectpolitic.com\/wp-content\/uploads\/2019\/01\/venn-150x150.jpg\" class=\"attachment-thumbnail size-thumbnail wp-post-image\" alt data-eio=\"l\"><\/a><\/div>\n<div class=\"entry-title\"><a class=\"featured_post_link\" href=\"https:\/\/www.incorectpolitic.com\/portretul-romanului-iudeo-crestin\/\" title=\"Portretul Rom\u00e2nului Iudeo-Cre\u0219tin Iubitor de Infanticid\">Portretul Rom\u00e2nului Iudeo-Cre\u0219tin Iubitor de Infanticid<\/a><\/div>\n<\/article>\n<article class=\"post-13899 post type-post status-publish entry includes-feat-image\">\n<div class=\"featured-image alignleft\"><a class=\"featured_post_link\" href=\"https:\/\/www.incorectpolitic.com\/manifest-impotriva-national-sionismului\/\" title=\"Manifest \u00cempotriva Na\u021bional-Sionismului din Rom\u00e2nia\"><img loading=\"lazy\" decoding=\"async\" width=\"150\" height=\"150\" src=\"https:\/\/www.incorectpolitic.com\/wp-content\/uploads\/2018\/10\/z1-150x150.png\" class=\"attachment-thumbnail size-thumbnail wp-post-image lazyload\" alt><img loading=\"lazy\" decoding=\"async\" width=\"150\" height=\"150\" src=\"https:\/\/www.incorectpolitic.com\/wp-content\/uploads\/2018\/10\/z1-150x150.png\" class=\"attachment-thumbnail size-thumbnail wp-post-image\" alt data-eio=\"l\"><\/a><\/div>\n<div class=\"entry-title\"><a class=\"featured_post_link\" href=\"https:\/\/www.incorectpolitic.com\/manifest-impotriva-national-sionismului\/\" title=\"Manifest \u00cempotriva Na\u021bional-Sionismului din Rom\u00e2nia\">Manifest \u00cempotriva Na\u021bional-Sionismului din Rom\u00e2nia<\/a><\/div>\n<\/article>\n<article class=\"post-7498 post type-post status-publish entry includes-feat-image\">\n<div class=\"featured-image alignleft\"><a class=\"featured_post_link\" href=\"https:\/\/www.incorectpolitic.com\/istorie-zydokomuna-cea-mai-completa-lista-a-nomenclaturii-iudeo-bolsevice-din-romania\/\" title=\"Istorie: \u017bYDOKOMUNA, Cea Mai Complet\u0103 List\u0103 a Nomenclaturii Iudeo-Bol\u0219evice din Rom\u00e2nia\"><img loading=\"lazy\" decoding=\"async\" width=\"150\" height=\"150\" src=\"https:\/\/www.incorectpolitic.com\/wp-content\/uploads\/2018\/06\/holocaustul-rosu-150x150.jpg\" class=\"attachment-thumbnail size-thumbnail wp-post-image lazyload\" alt><img loading=\"lazy\" decoding=\"async\" width=\"150\" height=\"150\" src=\"https:\/\/www.incorectpolitic.com\/wp-content\/uploads\/2018\/06\/holocaustul-rosu-150x150.jpg\" class=\"attachment-thumbnail size-thumbnail wp-post-image\" alt data-eio=\"l\"><\/a><\/div>\n<div class=\"entry-title\"><a class=\"featured_post_link\" href=\"https:\/\/www.incorectpolitic.com\/istorie-zydokomuna-cea-mai-completa-lista-a-nomenclaturii-iudeo-bolsevice-din-romania\/\" title=\"Istorie: \u017bYDOKOMUNA, Cea Mai Complet\u0103 List\u0103 a Nomenclaturii Iudeo-Bol\u0219evice din Rom\u00e2nia\">Istorie: \u017bYDOKOMUNA, Cea Mai Complet\u0103 List\u0103 a Nomenclaturii Iudeo-Bol\u0219evice din Rom\u00e2nia<\/a><\/div>\n<\/article>\n<article class=\"post-6413 post type-post status-publish entry includes-feat-image\">\n<div class=\"featured-image alignleft\"><a class=\"featured_post_link\" href=\"https:\/\/www.incorectpolitic.com\/iudaismul-este-un-proiect-politic\/\" title=\"Iudaismul Este Un Proiect Politic\"><img loading=\"lazy\" decoding=\"async\" width=\"150\" height=\"150\" src=\"https:\/\/www.incorectpolitic.com\/wp-content\/uploads\/2018\/05\/israelzionismjudaism5-150x150.jpeg\" class=\"attachment-thumbnail size-thumbnail wp-post-image lazyload\" alt><img loading=\"lazy\" decoding=\"async\" width=\"150\" height=\"150\" src=\"https:\/\/www.incorectpolitic.com\/wp-content\/uploads\/2018\/05\/israelzionismjudaism5-150x150.jpeg\" class=\"attachment-thumbnail size-thumbnail wp-post-image\" alt data-eio=\"l\"><\/a><\/div>\n<div class=\"entry-title\"><a class=\"featured_post_link\" href=\"https:\/\/www.incorectpolitic.com\/iudaismul-este-un-proiect-politic\/\" title=\"Iudaismul Este Un Proiect Politic\">Iudaismul Este Un Proiect Politic<\/a><\/div>\n<\/article>\n<article class=\"post-5089 post type-post status-publish entry includes-feat-image\">\n<div class=\"featured-image alignleft\"><a class=\"featured_post_link\" href=\"https:\/\/www.incorectpolitic.com\/exploziv-si-excluziv-interviul-interzis-in-presa-romaneasca\/\" title=\"EXPLOZIV \u0218I EXCLUSIV: Interviul INTERZIS \u00een Presa Rom\u00e2neasc\u0103\"><img loading=\"lazy\" decoding=\"async\" width=\"150\" height=\"150\" src=\"https:\/\/www.incorectpolitic.com\/wp-content\/uploads\/2018\/03\/gscz6z-150x150.gif\" class=\"attachment-thumbnail size-thumbnail wp-post-image lazyload\" alt><img loading=\"lazy\" decoding=\"async\" width=\"150\" height=\"150\" src=\"https:\/\/www.incorectpolitic.com\/wp-content\/uploads\/2018\/03\/gscz6z-150x150.gif\" class=\"attachment-thumbnail size-thumbnail wp-post-image\" alt data-eio=\"l\"><\/a><\/div>\n<div class=\"entry-title\"><a class=\"featured_post_link\" href=\"https:\/\/www.incorectpolitic.com\/exploziv-si-excluziv-interviul-interzis-in-presa-romaneasca\/\" title=\"EXPLOZIV \u0218I EXCLUSIV: Interviul INTERZIS \u00een Presa Rom\u00e2neasc\u0103\">EXPLOZIV \u0218I EXCLUSIV: Interviul INTERZIS \u00een Presa Rom\u00e2neasc\u0103<\/a><\/div>\n<\/article>\n<article class=\"post-1109 post type-post status-publish entry includes-feat-image\">\n<div class=\"featured-image alignleft\"><a class=\"featured_post_link\" href=\"https:\/\/www.incorectpolitic.com\/ofensiva-spirituala-poloniei\/\" title=\"Ofensiva Spiritual\u0103 a Poloniei\"><img loading=\"lazy\" decoding=\"async\" width=\"150\" height=\"150\" src=\"https:\/\/www.incorectpolitic.com\/wp-content\/uploads\/2017\/10\/jesus-with-whip3-150x150.jpg\" class=\"attachment-thumbnail size-thumbnail wp-post-image lazyload\" alt><img loading=\"lazy\" decoding=\"async\" width=\"150\" height=\"150\" src=\"https:\/\/www.incorectpolitic.com\/wp-content\/uploads\/2017\/10\/jesus-with-whip3-150x150.jpg\" class=\"attachment-thumbnail size-thumbnail wp-post-image\" alt data-eio=\"l\"><\/a><\/div>\n<div class=\"entry-title\"><a class=\"featured_post_link\" href=\"https:\/\/www.incorectpolitic.com\/ofensiva-spirituala-poloniei\/\" title=\"Ofensiva Spiritual\u0103 a Poloniei\">Ofensiva Spiritual\u0103 a Poloniei<\/a><\/div>\n<\/article>\n<article class=\"post-5673 post type-post status-publish entry includes-feat-image\">\n<div class=\"featured-image alignleft\"><a class=\"featured_post_link\" href=\"https:\/\/www.incorectpolitic.com\/biciul-prigonirii-romanilor-este-in-mana-jidanilor\/\" title=\"Biciul Prigonirii Rom\u00e2nilor Este \u00een M\u00e2na Jidanilor!\"><img loading=\"lazy\" decoding=\"async\" width=\"150\" height=\"150\" src=\"https:\/\/www.incorectpolitic.com\/wp-content\/uploads\/2018\/04\/S.-Vexler-si-B.-Netanyahu-150x150.jpg\" class=\"attachment-thumbnail size-thumbnail wp-post-image lazyload\" alt><img loading=\"lazy\" decoding=\"async\" width=\"150\" height=\"150\" src=\"https:\/\/www.incorectpolitic.com\/wp-content\/uploads\/2018\/04\/S.-Vexler-si-B.-Netanyahu-150x150.jpg\" class=\"attachment-thumbnail size-thumbnail wp-post-image\" alt data-eio=\"l\"><\/a><\/div>\n<div class=\"entry-title\"><a class=\"featured_post_link\" href=\"https:\/\/www.incorectpolitic.com\/biciul-prigonirii-romanilor-este-in-mana-jidanilor\/\" title=\"Biciul Prigonirii Rom\u00e2nilor Este \u00een M\u00e2na Jidanilor!\">Biciul Prigonirii Rom\u00e2nilor Este \u00een M\u00e2na Jidanilor!<\/a><\/div>\n<\/article>\n<article class=\"post-80464 post type-post status-publish entry includes-feat-image\">\n<div class=\"featured-image alignleft\"><a class=\"featured_post_link\" href=\"https:\/\/www.incorectpolitic.com\/talmudismul-este-esenta-satanismului\/\" title=\"TALMUDISMUL ESTE ESEN\u021aA SATANISMULUI\"><img loading=\"lazy\" decoding=\"async\" width=\"150\" height=\"150\" src=\"https:\/\/www.incorectpolitic.com\/wp-content\/uploads\/2020\/02\/vasile-zarnescu-150x150.png\" class=\"attachment-thumbnail size-thumbnail wp-post-image lazyload\" alt><img loading=\"lazy\" decoding=\"async\" width=\"150\" height=\"150\" src=\"https:\/\/www.incorectpolitic.com\/wp-content\/uploads\/2020\/02\/vasile-zarnescu-150x150.png\" class=\"attachment-thumbnail size-thumbnail wp-post-image\" alt data-eio=\"l\"><\/a><\/div>\n<div class=\"entry-title\"><a class=\"featured_post_link\" href=\"https:\/\/www.incorectpolitic.com\/talmudismul-este-esenta-satanismului\/\" title=\"TALMUDISMUL ESTE ESEN\u021aA SATANISMULUI\">TALMUDISMUL ESTE ESEN\u021aA SATANISMULUI<\/a><\/div>\n<\/article>\n<article class=\"post-20005 post type-post status-publish entry includes-feat-image\">\n<div class=\"featured-image alignleft\"><a class=\"featured_post_link\" href=\"https:\/\/www.incorectpolitic.com\/viciul-matematic-elementar-v-m-e-2\/\" title=\"Viciul Matematic Elementar (V.M.E.)\"><img loading=\"lazy\" decoding=\"async\" width=\"150\" height=\"150\" src=\"https:\/\/www.incorectpolitic.com\/wp-content\/uploads\/2017\/12\/tell-lie-vision-150x150.jpg\" class=\"attachment-thumbnail size-thumbnail wp-post-image lazyload\" alt><img loading=\"lazy\" decoding=\"async\" width=\"150\" height=\"150\" src=\"https:\/\/www.incorectpolitic.com\/wp-content\/uploads\/2017\/12\/tell-lie-vision-150x150.jpg\" class=\"attachment-thumbnail size-thumbnail wp-post-image\" alt data-eio=\"l\"><\/a><\/div>\n<div class=\"entry-title\"><a class=\"featured_post_link\" href=\"https:\/\/www.incorectpolitic.com\/viciul-matematic-elementar-v-m-e-2\/\" title=\"Viciul Matematic Elementar (V.M.E.)\">Viciul Matematic Elementar (V.M.E.)<\/a><\/div>\n<\/article>\n<p>[analyse_source url=&#8221;https:\/\/www.incorectpolitic.com\/iudeofilul-catalin-avramescu-prins-cu-pornografia-infantila-antiromanul-care-voia-sa-l-scoata-pe-mircea-eliade-din-spatiul-public-are-niste-probleme-minore\/&#8221;]<\/p>\n","protected":false},"excerpt":{"rendered":"<p>[analyse_image type=&#8221;featured&#8221; src=&#8221;https:\/\/www.incorectpolitic.com\/wp-content\/uploads\/2026\/08\/ChatGPT-Image-Aug-27-2026-11_52_26-PM.png&#8221;] Incorect Politic August 27, 2026 Iudeofilul C\u0103t\u0103lin Avramescu prins cu pornografia infantil\u0103? Antirom\u00e2nul care voia s\u0103-l scoat\u0103 pe Mircea Eliade din spa\u021biul public are ni\u0219te probleme\u2026minore \u00a0 via ACTIVENEWS: Fostul consilier preziden\u021bial C\u0103t\u0103lin Avramescu, sorosist de marc\u0103 \u0219i \u201eexpert \u00een canibalism\u201d din seria lustragiilor GDS prip\u0103\u0219i\u021bi la clan\u021ba \u0219i talpa lui B\u0103sescu, [&hellip;]<\/p>\n","protected":false},"author":1,"featured_media":0,"comment_status":"open","ping_status":"","sticky":false,"template":"","format":"standard","meta":{"footnotes":""},"categories":[89],"tags":[226,95],"class_list":["post-2116258","post","type-post","status-publish","format-standard","hentry","category-romania","tag-crawlmanager","tag-incorectpolitic-com"],"_links":{"self":[{"href":"https:\/\/analyse.optim.biz\/index.php?rest_route=\/wp\/v2\/posts\/2116258","targetHints":{"allow":["GET"]}}],"collection":[{"href":"https:\/\/analyse.optim.biz\/index.php?rest_route=\/wp\/v2\/posts"}],"about":[{"href":"https:\/\/analyse.optim.biz\/index.php?rest_route=\/wp\/v2\/types\/post"}],"author":[{"embeddable":true,"href":"https:\/\/analyse.optim.biz\/index.php?rest_route=\/wp\/v2\/users\/1"}],"replies":[{"embeddable":true,"href":"https:\/\/analyse.optim.biz\/index.php?rest_route=%2Fwp%2Fv2%2Fcomments&post=2116258"}],"version-history":[{"count":0,"href":"https:\/\/analyse.optim.biz\/index.php?rest_route=\/wp\/v2\/posts\/2116258\/revisions"}],"wp:attachment":[{"href":"https:\/\/analyse.optim.biz\/index.php?rest_route=%2Fwp%2Fv2%2Fmedia&parent=2116258"}],"wp:term":[{"taxonomy":"category","embeddable":true,"href":"https:\/\/analyse.optim.biz\/index.php?rest_route=%2Fwp%2Fv2%2Fcategories&post=2116258"},{"taxonomy":"post_tag","embeddable":true,"href":"https:\/\/analyse.optim.biz\/index.php?rest_route=%2Fwp%2Fv2%2Ftags&post=2116258"}],"curies":[{"name":"wp","href":"https:\/\/api.w.org\/{rel}","templated":true}]}}