{"id":2116249,"date":"2026-08-27T04:23:28","date_gmt":"2026-08-27T01:23:28","guid":{"rendered":"https:\/\/analyse.optim.biz\/?p=2116249"},"modified":"2026-08-27T04:23:28","modified_gmt":"2026-08-27T01:23:28","slug":"primarul-buzaului-constantin-toma-este-tinut-in-psd","status":"publish","type":"post","link":"https:\/\/analyse.optim.biz\/?p=2116249","title":{"rendered":"Primarul Buz\u0103ului, Constantin Toma, este \u021binut \u00een PSD!"},"content":{"rendered":"<p>[analyse_image type=&#8221;featured&#8221; src=&#8221;https:\/\/buzaumedia.ro\/wp-content\/uploads\/2026\/08\/toma.jpghttps:\/\/buzaumedia.ro\/wp-content\/uploads\/2026\/08\/toma.jpg&#8221;]<\/p>\n<div class=\"entry-content rbct clearfix is-highlight-shares\">\n<p>Primarul municipiului Buz\u0103u, Constantin Toma, nu va fi exclus din<br \/>\nPartidul Social Democrat. Este anun\u021bul liderului PSD Buz\u0103u, deputatul<br \/>\nRomeo Lungu, \u00een contextul criticilor dure aduse de edil \u00een ultima<br \/>\nperioad\u0103 la adresa conducerii forma\u021biunii, dar \u0219i al mesajului recent<br \/>\nprin care Toma a precizat c\u0103 nu va mai candida din partea<br \/>\nsocial-democra\u021bilor la viitoarele alegeri locale. Romeo Lungu a<br \/>\nprecizat c\u0103 nu dore\u0219te \u00eendep\u0103rtarea primarului din partid doar pentru<br \/>\nc\u0103 acesta \u00ee\u0219i exprim\u0103 opinii politice diferite de cele ale forma\u021biunii<br \/>\ndin care face parte.<br \/>\nDeclara\u021biile au fost f\u0103cute \u00eentr-o conferin\u021b\u0103 de pres\u0103, ca r\u0103spuns la<br \/>\no postare a primarului Constantin Toma pe pagina sa de socializare.<br \/>\nEdilul a reafirmat public c\u0103 ruptura de PSD este definitiv\u0103 \u0219i c\u0103<br \/>\ndecizia sa de a nu mai candida sub sigla social-democrat\u0103 \u00een 2028 este<br \/>\nasumat\u0103. Toma \u0219i-a motivat pozi\u021bia prin hot\u0103r\u00e2rile gre\u0219ite luate de<br \/>\npartid \u00eempotriva comunit\u0103\u021bii.<br \/>\nDecizia conducerii PSD Buz\u0103u de a nu-l exclude pe Constantin Toma din<br \/>\npartid, \u00eel oblig\u0103 pe edil s\u0103 r\u0103m\u00e2n\u0103 membru social-democrat p\u00e2n\u0103 cu cel<br \/>\npu\u021bin 6 luni \u00eenainte de alegerile locale din 2028. \u00cen cazul \u00een care<br \/>\n\u00ee\u0219i va da demisia \u00een acest timp, Toma \u00ee\u0219i va pierde mandatul. \u00cen acest<br \/>\ncontext, Romeo Lungu a precizat c\u0103 primarul Buz\u0103ului va fi \u00een<br \/>\ncontinuare sus\u021binut de consilierii locali ai PSD, \u00een cazul \u00een care<br \/>\nproiectele municipalit\u0103\u021bii se vor dovedi necesare comunit\u0103\u021bii.<br \/>\nLungu a mai declarat c\u0103 echipa PSD va desemna un alt candidat pentru<br \/>\nPrim\u0103ria Buz\u0103u. Viitorul candidat social-democrat la \u0219efia<br \/>\nmunicipalit\u0103\u021bii va fi desemnat dup\u0103 o consultare direct\u0103 a<br \/>\nreprezentan\u021bilor partidului cu cet\u0103\u021benii.<\/p>\n<div id=\"gallery-1\" class=\"gallery galleryid-189432 gallery-columns-3 gallery-size-thumbnail\">\n<figure class=\"gallery-item\">\n<div class=\"gallery-icon landscape\"><a href=\"https:\/\/buzaumedia.ro\/stiri-buzau\/fwd-primarul-buzaului-constantin-toma-este-tinut-in-psd\/attachment\/toma-138\/\"><img loading=\"lazy\" decoding=\"async\" width=\"128\" height=\"86\" src=\"https:\/\/buzaumedia.ro\/wp-content\/uploads\/2026\/08\/toma.jpg\" class=\"attachment-thumbnail size-thumbnail\" alt><\/a><\/div>\n<\/figure>\n<\/div>\n<\/div>\n<p>[analyse_source url=&#8221;https:\/\/buzaumedia.ro\/stiri-buzau\/fwd-primarul-buzaului-constantin-toma-este-tinut-in-psd\/&#8221;]<\/p>\n","protected":false},"excerpt":{"rendered":"<p>[analyse_image type=&#8221;featured&#8221; src=&#8221;https:\/\/buzaumedia.ro\/wp-content\/uploads\/2026\/08\/toma.jpghttps:\/\/buzaumedia.ro\/wp-content\/uploads\/2026\/08\/toma.jpg&#8221;] Primarul municipiului Buz\u0103u, Constantin Toma, nu va fi exclus din Partidul Social Democrat. Este anun\u021bul liderului PSD Buz\u0103u, deputatul Romeo Lungu, \u00een contextul criticilor dure aduse de edil \u00een ultima perioad\u0103 la adresa conducerii forma\u021biunii, dar \u0219i al mesajului recent prin care Toma a precizat c\u0103 nu va mai candida din partea [&hellip;]<\/p>\n","protected":false},"author":1,"featured_media":0,"comment_status":"open","ping_status":"","sticky":false,"template":"","format":"standard","meta":{"footnotes":""},"categories":[2],"tags":[66,226],"class_list":["post-2116249","post","type-post","status-publish","format-standard","hentry","category-politics","tag-buzaumedia-ro","tag-crawlmanager"],"_links":{"self":[{"href":"https:\/\/analyse.optim.biz\/index.php?rest_route=\/wp\/v2\/posts\/2116249","targetHints":{"allow":["GET"]}}],"collection":[{"href":"https:\/\/analyse.optim.biz\/index.php?rest_route=\/wp\/v2\/posts"}],"about":[{"href":"https:\/\/analyse.optim.biz\/index.php?rest_route=\/wp\/v2\/types\/post"}],"author":[{"embeddable":true,"href":"https:\/\/analyse.optim.biz\/index.php?rest_route=\/wp\/v2\/users\/1"}],"replies":[{"embeddable":true,"href":"https:\/\/analyse.optim.biz\/index.php?rest_route=%2Fwp%2Fv2%2Fcomments&post=2116249"}],"version-history":[{"count":0,"href":"https:\/\/analyse.optim.biz\/index.php?rest_route=\/wp\/v2\/posts\/2116249\/revisions"}],"wp:attachment":[{"href":"https:\/\/analyse.optim.biz\/index.php?rest_route=%2Fwp%2Fv2%2Fmedia&parent=2116249"}],"wp:term":[{"taxonomy":"category","embeddable":true,"href":"https:\/\/analyse.optim.biz\/index.php?rest_route=%2Fwp%2Fv2%2Fcategories&post=2116249"},{"taxonomy":"post_tag","embeddable":true,"href":"https:\/\/analyse.optim.biz\/index.php?rest_route=%2Fwp%2Fv2%2Ftags&post=2116249"}],"curies":[{"name":"wp","href":"https:\/\/api.w.org\/{rel}","templated":true}]}}