{"id":2116246,"date":"2026-08-28T11:21:38","date_gmt":"2026-08-28T08:21:38","guid":{"rendered":"https:\/\/analyse.optim.biz\/?p=2116246"},"modified":"2026-08-28T11:21:38","modified_gmt":"2026-08-28T08:21:38","slug":"populatia-de-pe-valea-slanicului-reprimeste-apa-non-stop-anuntul-companiei-de-apa","status":"publish","type":"post","link":"https:\/\/analyse.optim.biz\/?p=2116246","title":{"rendered":"Popula\u021bia de pe Valea Sl\u0103nicului reprime\u0219te ap\u0103 non-stop. Anun\u021bul Companiei de Ap\u0103"},"content":{"rendered":"<p>[analyse_image type=&#8221;featured&#8221; src=&#8221;https:\/\/www.campusbuzau.ro\/wp-content\/uploads\/2026\/08\/785152225_1670637585064006_1084179883062733056_n.jpghttps:\/\/www.campusbuzau.ro\/wp-content\/uploads\/2026\/08\/785152225_1670637585064006_1084179883062733056_n.jpg&#8221;]<\/p>\n<div class=\"entry-content\">\n<p class=\"has-text-align-center\"><strong>Vestea este dat\u0103 printr-un comunicat de pres\u0103 transmis de Compania de Ap\u0103 Buz\u0103u:<\/strong><\/p>\n<p class=\"has-text-align-center\">\u201e<em><strong><mark class=\"has-inline-color has-textcolor-color\">Datorit\u0103 precipita\u021biilor \u00eenregistrate \u00een cursul zilei de joi, 27.08.2026, pe \u00eentreg sectorul Valea Sl\u0103nicului, ploi care au generat sc\u0103derea consumului de ap\u0103 pentru activit\u0103\u021bile agricole, Compania de Ap\u0103 Buz\u0103u v\u0103 informeaz\u0103 c\u0103 va furniza ap\u0103 potabil\u0103 \u00een regim continuu tuturor consumatorilor din sector \u0219i va men\u021bine regimul continuu de furnizare, \u00een m\u0103sura \u00een care aceste reduceri de consumuri se vor men\u021bine.<\/mark><\/strong><\/em><\/p>\n<p class=\"has-text-align-center\"><mark class=\"has-inline-color has-textcolor-color\"><em><strong>Men\u021bion\u0103m c\u0103 programul de furnizare instituit \u00een localit\u0103\u021bile de pe Valea Sl\u0103nicului \u00een data de 17.08.2026 este \u00een vigoare \u0219i va fi reluat \u00een momentul \u00een care cosumul de ap\u0103 \u00eenregistrat va fi din nou crescut.<\/strong><\/em><em><strong>Pentru a evita perioadele de furnizare discontinu\u0103 a apei v\u0103 recomand\u0103m s\u0103 nu folosi\u021bi apa pentru activit\u0103\u021bi ce pot fi am\u00e2nate \u0219i s\u0103 renun\u021ba\u021bi la stocarea unor cantit\u0103\u021bi mari de ap\u0103.<\/strong><\/em><\/mark>\u201e<\/p>\n<\/div>\n<p>[analyse_source url=&#8221;https:\/\/www.campusbuzau.ro\/apa-valea-slanicului-anunt-compania-de-apa\/&#8221;]<\/p>\n","protected":false},"excerpt":{"rendered":"<p>[analyse_image type=&#8221;featured&#8221; src=&#8221;https:\/\/www.campusbuzau.ro\/wp-content\/uploads\/2026\/08\/785152225_1670637585064006_1084179883062733056_n.jpghttps:\/\/www.campusbuzau.ro\/wp-content\/uploads\/2026\/08\/785152225_1670637585064006_1084179883062733056_n.jpg&#8221;] Vestea este dat\u0103 printr-un comunicat de pres\u0103 transmis de Compania de Ap\u0103 Buz\u0103u: \u201eDatorit\u0103 precipita\u021biilor \u00eenregistrate \u00een cursul zilei de joi, 27.08.2026, pe \u00eentreg sectorul Valea Sl\u0103nicului, ploi care au generat sc\u0103derea consumului de ap\u0103 pentru activit\u0103\u021bile agricole, Compania de Ap\u0103 Buz\u0103u v\u0103 informeaz\u0103 c\u0103 va furniza ap\u0103 potabil\u0103 \u00een regim continuu [&hellip;]<\/p>\n","protected":false},"author":1,"featured_media":0,"comment_status":"open","ping_status":"","sticky":false,"template":"","format":"standard","meta":{"footnotes":""},"categories":[2],"tags":[118,226],"class_list":["post-2116246","post","type-post","status-publish","format-standard","hentry","category-politics","tag-campusbuzau-ro","tag-crawlmanager"],"_links":{"self":[{"href":"https:\/\/analyse.optim.biz\/index.php?rest_route=\/wp\/v2\/posts\/2116246","targetHints":{"allow":["GET"]}}],"collection":[{"href":"https:\/\/analyse.optim.biz\/index.php?rest_route=\/wp\/v2\/posts"}],"about":[{"href":"https:\/\/analyse.optim.biz\/index.php?rest_route=\/wp\/v2\/types\/post"}],"author":[{"embeddable":true,"href":"https:\/\/analyse.optim.biz\/index.php?rest_route=\/wp\/v2\/users\/1"}],"replies":[{"embeddable":true,"href":"https:\/\/analyse.optim.biz\/index.php?rest_route=%2Fwp%2Fv2%2Fcomments&post=2116246"}],"version-history":[{"count":0,"href":"https:\/\/analyse.optim.biz\/index.php?rest_route=\/wp\/v2\/posts\/2116246\/revisions"}],"wp:attachment":[{"href":"https:\/\/analyse.optim.biz\/index.php?rest_route=%2Fwp%2Fv2%2Fmedia&parent=2116246"}],"wp:term":[{"taxonomy":"category","embeddable":true,"href":"https:\/\/analyse.optim.biz\/index.php?rest_route=%2Fwp%2Fv2%2Fcategories&post=2116246"},{"taxonomy":"post_tag","embeddable":true,"href":"https:\/\/analyse.optim.biz\/index.php?rest_route=%2Fwp%2Fv2%2Ftags&post=2116246"}],"curies":[{"name":"wp","href":"https:\/\/api.w.org\/{rel}","templated":true}]}}