{"id":2116119,"date":"2026-08-27T21:00:00","date_gmt":"2026-08-27T18:00:00","guid":{"rendered":"https:\/\/analyse.optim.biz\/?p=2116119"},"modified":"2026-08-27T21:00:00","modified_gmt":"2026-08-27T18:00:00","slug":"pufesti-peste-53-milioane-de-lei-pentru-reabilitarea-scolii-cu-clasele-i-viii","status":"publish","type":"post","link":"https:\/\/analyse.optim.biz\/?p=2116119","title":{"rendered":"Pufe\u0219ti. Peste 5,3 milioane de lei pentru reabilitarea \u0218colii cu clasele I-VIII\u00a0"},"content":{"rendered":"<p>[analyse_image type=&#8221;featured&#8221; src=&#8221;https:\/\/www.monitoruldevrancea.ro\/wp-content\/uploads\/2026\/08\/scoala-pufesti.jpeg&#8221;]<\/p>\n<div class=\"td_block_wrap tdb_single_content tdi_123 td-pb-border-top td_block_template_1 td-post-content tagdiv-type\" data-td-block-uid=\"tdi_123\">\n<div class=\"tdb-block-inner td-fix-index\">\n<p>Lucr\u0103rile programate pentru cre\u0219terea eficien\u021bei energetice \u0219i gestionarea inteligent\u0103 a energiei pentru \u0218coala cu clasele I-VIII din Pufe\u0219ti vor \u00eencepe \u00een perioada urm\u0103toare, autorit\u0103\u021bile din comun\u0103 reu\u0219ind s\u0103 \u00eencheie un contract pentru realizarea investi\u021biei, pentru suma de 5.304.192,35 lei.\u00a0<\/p>\n<p>Cl\u0103direa care urmeaz\u0103 a fi reabilitat\u0103 are regim de \u00een\u0103l\u021bime P+1E, iar la momentul \u00een care a fost expertizat\u0103 a reie\u0219it c\u0103 este \u00eencadrat\u0103 \u00een clasa de risc seismic RsIII, adic\u0103 nu necesit\u0103 \u0219i lucr\u0103ri de consolidare.\u00a0<\/p>\n<p>Construit\u0103 \u00een anii 1980, reabilitat\u0103 \u0219i consolidat\u0103 ultima oar\u0103 \u00een 2013, \u0218coala Gimnazial\u0103 \u2013 se preciza \u00eentr-o expertiz\u0103 -, \u201e<strong><em>se afl\u0103 \u00eentr-o stare relativ bun\u0103, prezint\u0103 degrad\u0103ri la nivelul finisajelor interioare \u0219i exterioare<\/em><\/strong>\u201d, \u00eens\u0103 \u201e<strong><em>deficien\u021bele identificate nu influen\u021beaz\u0103 func\u021bionalitatea construc\u021biei<\/em><\/strong>\u201d.\u00a0<\/p>\n<p>Concluzia a fost c\u0103 se dore\u0219te \u00eembun\u0103t\u0103\u021birea func\u021bionalit\u0103\u021bii spa\u021biilor existente, \u00een special a celor sanitare \u0219i tehnice, \u201e<strong><em>\u00een vederea atingerii unui nivel ridicat de confort \u0219i performan\u021b\u0103 energetic\u0103<\/em><\/strong>\u201d, la pachet cu reabilitarea \u0219i modernizarea cl\u0103dirii.\u00a0<\/p>\n<p>Aceasta presupune efectuarea de lucr\u0103ri de eficientizare energetic\u0103, de conformare din punct de vedere al securit\u0103\u021bii la incendiu, precum \u0219i reabilitarea \u0219i recompartimentarea spa\u021biilor existente \u00een vederea optimiz\u0103rii func\u021bionale a grupurilor sanitare.\u00a0<\/p>\n<p>Totodat\u0103, \u00een documenta\u021bie se preciza c\u0103 se propune \u0219i refacerea oficiului de cur\u0103\u021benie \u0219i a spa\u021biului tehnic destinat centralei termice, urm\u00e2nd a fi f\u0103cute lucr\u0103ri de refacere a compartiment\u0103rilor interioare pentru crearea de circuite func\u021bionale conforme, inclusiv pentru accesul persoanelor cu dizabilit\u0103\u021bi.<\/p>\n<p>Proiectul mai prevede reabilitarea termic\u0103 a cl\u0103dirii prin aplicarea de termosistem pe fa\u021bade, \u00een vederea reducerii pierderilor de c\u0103ldur\u0103, refacerea finisajelor interioare pentru toate spa\u021biile \u0219i \u00eenlocuirea t\u00e2mpl\u0103riei.<\/p>\n<p>\u00cenlocuite urmeaz\u0103 a fi \u0219i instala\u021biile sanitare, termice \u0219i electrice, av\u00e2ndu-se \u00een vedere totodat\u0103 \u0219i implementarea de surse regenerabile (panouri fotovoltaice), realizarea unui sistem de colectare \u0219i evacuare a apelor pluviale, desfacerea \u0219i refacerea trotuarelor perimetrale, cu pant\u0103 spre exterior pentru evacuarea apelor meteorice, \u0219i realizarea unei rampe de acces pentru persoanele cu dizabilit\u0103\u021bi, pe fa\u021bada principal\u0103.\u00a0<\/p>\n<p>Foto: Facebook<\/p>\n<\/div>\n<\/div>\n<p>[analyse_source url=&#8221;https:\/\/www.monitoruldevrancea.ro\/2026\/08\/28\/pufesti-peste-53-milioane-de-lei-pentru-reabilitarea-scolii-cu-clasele-i-viii\/&#8221;]<\/p>\n","protected":false},"excerpt":{"rendered":"<p>[analyse_image type=&#8221;featured&#8221; src=&#8221;https:\/\/www.monitoruldevrancea.ro\/wp-content\/uploads\/2026\/08\/scoala-pufesti.jpeg&#8221;] Lucr\u0103rile programate pentru cre\u0219terea eficien\u021bei energetice \u0219i gestionarea inteligent\u0103 a energiei pentru \u0218coala cu clasele I-VIII din Pufe\u0219ti vor \u00eencepe \u00een perioada urm\u0103toare, autorit\u0103\u021bile din comun\u0103 reu\u0219ind s\u0103 \u00eencheie un contract pentru realizarea investi\u021biei, pentru suma de 5.304.192,35 lei.\u00a0 Cl\u0103direa care urmeaz\u0103 a fi reabilitat\u0103 are regim de \u00een\u0103l\u021bime P+1E, iar la [&hellip;]<\/p>\n","protected":false},"author":1,"featured_media":0,"comment_status":"open","ping_status":"","sticky":false,"template":"","format":"standard","meta":{"footnotes":""},"categories":[89],"tags":[226,209],"class_list":["post-2116119","post","type-post","status-publish","format-standard","hentry","category-romania","tag-crawlmanager","tag-monitoruldevrancea-ro"],"_links":{"self":[{"href":"https:\/\/analyse.optim.biz\/index.php?rest_route=\/wp\/v2\/posts\/2116119","targetHints":{"allow":["GET"]}}],"collection":[{"href":"https:\/\/analyse.optim.biz\/index.php?rest_route=\/wp\/v2\/posts"}],"about":[{"href":"https:\/\/analyse.optim.biz\/index.php?rest_route=\/wp\/v2\/types\/post"}],"author":[{"embeddable":true,"href":"https:\/\/analyse.optim.biz\/index.php?rest_route=\/wp\/v2\/users\/1"}],"replies":[{"embeddable":true,"href":"https:\/\/analyse.optim.biz\/index.php?rest_route=%2Fwp%2Fv2%2Fcomments&post=2116119"}],"version-history":[{"count":0,"href":"https:\/\/analyse.optim.biz\/index.php?rest_route=\/wp\/v2\/posts\/2116119\/revisions"}],"wp:attachment":[{"href":"https:\/\/analyse.optim.biz\/index.php?rest_route=%2Fwp%2Fv2%2Fmedia&parent=2116119"}],"wp:term":[{"taxonomy":"category","embeddable":true,"href":"https:\/\/analyse.optim.biz\/index.php?rest_route=%2Fwp%2Fv2%2Fcategories&post=2116119"},{"taxonomy":"post_tag","embeddable":true,"href":"https:\/\/analyse.optim.biz\/index.php?rest_route=%2Fwp%2Fv2%2Ftags&post=2116119"}],"curies":[{"name":"wp","href":"https:\/\/api.w.org\/{rel}","templated":true}]}}