{"id":2116111,"date":"2026-08-27T13:06:36","date_gmt":"2026-08-27T10:06:36","guid":{"rendered":"https:\/\/analyse.optim.biz\/?p=2116111"},"modified":"2026-08-27T13:06:36","modified_gmt":"2026-08-27T10:06:36","slug":"tulcea-moment-comemorativ-5-ani-ivan-patzaichin-1949-2021","status":"publish","type":"post","link":"https:\/\/analyse.optim.biz\/?p=2116111","title":{"rendered":"Tulcea Moment comemorativ 5 ani Ivan Patzaichin (1949 \u2013 2021)"},"content":{"rendered":"<p>[analyse_image type=&#8221;featured&#8221; src=&#8221;https:\/\/infotulcea.ro\/wp-content\/uploads\/2026\/08\/Caravana_Rowmania_2026.pnghttps:\/\/infotulcea.ro\/wp-content\/uploads\/2026\/08\/Caravana_Rowmania_2026.png&#8221;]<\/p>\n<div id=\"content\" class=\"site-content container\">\n<div id=\"main-content-row\" class=\"tie-row main-content-row\">\n<div class=\"main-content tie-col-md-8 tie-col-xs-12\" role=\"main\">\n<article id=\"the-post\" class=\"container-wrapper post-content tie-standard\">\n<header class=\"entry-header-outer\">\n<nav id=\"breadcrumb\"><a href=\"https:\/\/infotulcea.ro\/\"> Home<\/a><em class=\"delimiter\">\/<\/em><a href=\"https:\/\/infotulcea.ro\/categorie\/stirea-zilei\/\">\u015etirea zilei<\/a><em class=\"delimiter\">\/<\/em><span class=\"current\">Tulcea Moment comemorativ 5 ani Ivan Patzaichin (1949 \u2013 2021)<\/span><\/nav>\n<div class=\"entry-header\"><span class=\"post-cat-wrap\"><a class=\"post-cat tie-cat-29\" href=\"https:\/\/infotulcea.ro\/categorie\/stirea-zilei\/\">\u015etirea zilei<\/a><\/span><\/p>\n<h1 class=\"post-title entry-title\">\n\t\t\tTulcea Moment comemorativ 5 ani Ivan Patzaichin (1949 \u2013 2021)\t\t<\/h1>\n<div class=\"single-post-meta post-meta clearfix\"><span class=\"author-meta single-author no-avatars\"><span class=\"meta-item meta-author-wrapper meta-author-9\"><span class=\"meta-author\"><a href=\"https:\/\/infotulcea.ro\/author\/redactia-2\/\" class=\"author-name tie-icon\" title=\"Redactia\">Redactia<\/a><\/span><\/span><\/span><span class=\"date meta-item tie-icon\">27 august 2026<\/span><\/p>\n<div class=\"tie-alignright\"><span class=\"meta-comment tie-icon meta-item fa-before\">0<\/span><span class=\"meta-views meta-item \"> 246 <\/span><span class=\"meta-reading-time meta-item\"> 2 minutes read<\/span><\/div>\n<\/div>\n<\/div>\n<\/header>\n<div class=\"entry-content entry clearfix\">\n<p><strong>Pe 5 septembrie se \u00eemplinesc 5 de c\u00e2nd ne-a p\u0103r\u0103sit Ivan Patzaichin.<\/strong><br \/><strong>V\u0103 a\u0219tept\u0103m, s\u00e2mb\u0103t\u0103, pe 29 august, la ora 9:00, la un moment comemorativ la<\/strong><br \/><strong>Ansamblul \u2013 Memorial Ivan Patzaichin din Tulcea.<\/strong><br \/><strong>Acesta va fi urmat de plecarea spre Delt\u0103 a celor 100 de participan\u021bi ai Caravanei<\/strong><br \/><strong>Delta lui Ivan \u2013 omagiul nostru din fiecare an pentru Ivan. Trei zile de v\u00e2slit \u00eempreun\u0103<\/strong><br \/><strong>\u00eentre Tulcea \u0219i Mila 23, \u00een perioada 29 \u2013 31 august 2026, \u00een memoria sa, \u00een ritm de<\/strong><br \/><strong>pagaie, purt\u00e2nd mai departe visul \u0219i mo\u0219tenirea pe care ni le-a l\u0103sat. Caravana porne\u0219te<\/strong><br \/><strong>pe acela\u0219i fir de ap\u0103 pe care Ivan a plecat c\u00e2ndva \u00een lume \u0219i pe care s-a \u00eentors mereu<\/strong><br \/><strong>acas\u0103.<\/strong><\/p>\n<p>Asocia\u021bia Ivan Patzaichin \u2013 Mila 23 \u00eei cheam\u0103 pe ap\u0103, \u00een fa\u021ba Memorialului de pe Faleza<source sizes=\"(max-width: 465px) 100vw, 465px\" type=\"image\/webp\" data-srcset=\"https:\/\/infotulcea.ro\/wp-content\/uploads\/2026\/08\/sosirea-la-Muzeu-500x333.jpg.webp 500w, https:\/\/infotulcea.ro\/wp-content\/uploads\/2026\/08\/sosirea-la-Muzeu-1024x683.jpg.webp 1024w, https:\/\/infotulcea.ro\/wp-content\/uploads\/2026\/08\/sosirea-la-Muzeu-768x512.jpg.webp 768w, https:\/\/infotulcea.ro\/wp-content\/uploads\/2026\/08\/sosirea-la-Muzeu.jpg.webp 1080w\" \/><\/p>\n<p><img loading=\"lazy\" decoding=\"async\" class=\" wp-image-40486 alignright\" src=\"https:\/\/infotulcea.ro\/wp-content\/uploads\/2026\/08\/sosirea-la-Muzeu-500x333.jpg\" alt width=\"465\" height=\"310\"><br \/>\nIvan Patzaichin, \u00eencep\u00e2nd cu ora 8:30, pe cei ce vor s\u0103 \u00eel onoreze de pe Dun\u0103re, din<br \/>\npropriile ambarca\u021biuni, la STARTUL convoiului de b\u0103rci din Caravan\u0103.<br \/>\nSunt a\u0219tepta\u021bi, de asemenea, pe Falez\u0103, l\u00e2ng\u0103 Memorial, cei ce vor s\u0103 \u00ee\u0219i aminteasc\u0103,<br \/>\nal\u0103turi de noi, de mo\u0219tenirea sa extraordinar\u0103 \u0219i s\u0103-i cinsteasc\u0103 memoria.<br \/>\nP R O G R A M<br \/>\n08:00 \u2013 09:00 \u00eembarcarea participan\u021bilor la Caravan\u0103<br \/>\n09:00 Moment omagial Ivan Patzaichin<br \/>\nOnor de siren\u0103 \/ Evoc\u0103ri \/ Scurt omagiu muzical<br \/>\n09:30 START \u00een caravan\u0103<br \/>\nAceast\u0103 c\u0103l\u0103torie pe ap\u0103, cu caiace, canotci, SUP-uri, \u00eentre Tulcea \u0219i Mila 23, a avut loc, pentru<br \/>\nprima dat\u0103, \u00een 2020, un an de sincop\u0103 \u00een organizarea Festivalului nostru tradi\u021bional pentru b\u0103rcile<br \/>\ncu v\u00e2sle. C\u00e2nd l-am pierdut pe Ivan, pe 5 septembrie 2021, Caravana tocmai se preg\u0103tea s\u0103<br \/>\nplece \u00een a doua sa edi\u021bie, a\u0219a c\u0103 am transformat-o \u00eentr-un tribut adus dragostei sale pentru ap\u0103,<br \/>\n\u0219i mai ales pentru apa Deltei.<br \/>\nItinerariul a evoluat \u0219i, \u00een acest interval, devenind primul traseu de ecoturism acreditat de<br \/>\nARBDD, sub numele de \u201eDelta lui Ivan\u201d.<br \/>\n\u021ain\u00e2nd cont de perioada de \u00eencerc\u0103ri \u0219i lipsuri pe care toat\u0103 \u021bara o traverseaz\u0103, am luat decizia<br \/>\ns\u0103 dovedim responsabilitate \u0219i s\u0103 \u00eentrerupem, pentru un an, organizarea Festivalului Ivan<\/p>\n<p>Patzaichin. Ca urmare, aceasta va fi singura manifestare public\u0103 a Asocia\u021biei Ivan Patzaichin \u2013<br \/>\nMila 23 din Municipiul<\/p>\n<p>Tulcea din acest an, a\u0219a c\u0103 ne-am bucura s\u0103 v\u0103 avem al\u0103turi, s\u0103 ne amintim de Ivan, cel care nu<br \/>\ndoar c\u0103 a f\u0103cut performan\u021b\u0103 sub steagul Rom\u00e2niei, dar a \u0219i \u00eensufle\u021bit genera\u021bii de sportivi \u0219i ne-sportivi,<br \/>\noferindu-ne tuturor cu generozitate din energia sa luminoas\u0103 \u0219i inepuizabil\u0103.<br \/>\nCaravana Delta lui Ivan este organizat\u0103 de Asocia\u021bia Ivan Patzaichin \u2013 Mila 23 \u00eempreun\u0103 cu OMD Eco<br \/>\nDelta Tulcea, cu sprijinul partenerilor: Organiza\u0163ia de Management al Destina\u0163iei la nivelul municipiului<br \/>\nTulcea, Romanian American Foundation, ARBDD \u2013 Administra\u021bia Rezerva\u021biei Biosferei Delta Dun\u0103rii,<br \/>\nInstitutul Liszt \u2013 Centrul Cultural Maghiar Bucure\u0219ti, Asocia\u021bia Rom\u00e2nia S\u0103lbatic\u0103 etc.<\/p>\n<\/div>\n<div id=\"post-extra-info\">\n<div class=\"theiaStickySidebar\">\n<div class=\"single-post-meta post-meta clearfix\"><span class=\"author-meta single-author no-avatars\"><span class=\"meta-item meta-author-wrapper meta-author-9\"><span class=\"meta-author\"><a href=\"https:\/\/infotulcea.ro\/author\/redactia-2\/\" class=\"author-name tie-icon\" title=\"Redactia\">Redactia<\/a><\/span><\/span><\/span><span class=\"date meta-item tie-icon\">27 august 2026<\/span><\/p>\n<div class=\"tie-alignright\"><span class=\"meta-comment tie-icon meta-item fa-before\">0<\/span><span class=\"meta-views meta-item \"> 246 <\/span><span class=\"meta-reading-time meta-item\"> 2 minutes read<\/span><\/div>\n<\/div>\n<\/div>\n<\/div>\n<div id=\"share-buttons-bottom\" class=\"share-buttons share-buttons-bottom\">\n<div class=\"share-links  icons-only\">\n<div class=\"share-title\"><span> Share<\/span><\/div>\n<p><a href=\"https:\/\/www.facebook.com\/sharer.php?u=https:\/\/infotulcea.ro\/tulcea-moment-comemorativ-5-ani-ivan-patzaichin-1949-2021\/\" rel=\"external noopener nofollow\" title=\"Facebook\" target=\"_blank\" class=\"facebook-share-btn \" data-raw=\"https:\/\/www.facebook.com\/sharer.php?u={post_link}\"><span class=\"screen-reader-text\">Facebook<\/span><\/a><a href=\"https:\/\/twitter.com\/intent\/tweet?text=Tulcea%20Moment%20comemorativ%205%20ani%20Ivan%20Patzaichin%20%281949%20%E2%80%93%202021%29&amp;url=https:\/\/infotulcea.ro\/tulcea-moment-comemorativ-5-ani-ivan-patzaichin-1949-2021\/\" rel=\"external noopener nofollow\" title=\"X\" target=\"_blank\" class=\"twitter-share-btn \" data-raw=\"https:\/\/twitter.com\/intent\/tweet?text={post_title}&amp;url={post_link}\"><span class=\"screen-reader-text\">X<\/span><\/a><a href=\"https:\/\/api.whatsapp.com\/send?text=Tulcea%20Moment%20comemorativ%205%20ani%20Ivan%20Patzaichin%20%281949%20%E2%80%93%202021%29%20https:\/\/infotulcea.ro\/tulcea-moment-comemorativ-5-ani-ivan-patzaichin-1949-2021\/\" rel=\"external noopener nofollow\" title=\"WhatsApp\" target=\"_blank\" class=\"whatsapp-share-btn \" data-raw=\"https:\/\/api.whatsapp.com\/send?text={post_title}%20{post_link}\"><span class=\"screen-reader-text\">WhatsApp<\/span><\/a><a href=\"https:\/\/telegram.me\/share\/url?url=https:\/\/infotulcea.ro\/tulcea-moment-comemorativ-5-ani-ivan-patzaichin-1949-2021\/&amp;text=Tulcea%20Moment%20comemorativ%205%20ani%20Ivan%20Patzaichin%20%281949%20%E2%80%93%202021%29\" rel=\"external noopener nofollow\" title=\"Telegram\" target=\"_blank\" class=\"telegram-share-btn \" data-raw=\"https:\/\/telegram.me\/share\/url?url={post_link}&amp;text={post_title}\"><span class=\"screen-reader-text\">Telegram<\/span><\/a><a href=\"mailto:?subject=Tulcea%20Moment%20comemorativ%205%20ani%20Ivan%20Patzaichin%20%281949%20%E2%80%93%202021%29&amp;body=https:\/\/infotulcea.ro\/tulcea-moment-comemorativ-5-ani-ivan-patzaichin-1949-2021\/\" rel=\"external noopener nofollow\" title=\"Share via Email\" target=\"_blank\" class=\"email-share-btn \" data-raw=\"mailto:?subject={post_title}&amp;body={post_link}\"><span class=\"screen-reader-text\">Share via Email<\/span><\/a><a href=\"https:\/\/infotulcea.ro\/tulcea-moment-comemorativ-5-ani-ivan-patzaichin-1949-2021\/\" rel=\"external noopener nofollow\" title=\"Print\" target=\"_blank\" class=\"print-share-btn \" data-raw=\"#\"><span class=\"screen-reader-text\">Print<\/span><\/a><\/div>\n<\/div>\n<\/article>\n<div class=\"post-components\">\n<div id=\"related-posts\" class=\"container-wrapper has-extra-post\">\n<div class=\"mag-box-title the-global-title\">\n<h3>Related Articles<\/h3>\n<\/div>\n<div class=\"related-posts-list\">\n<div class=\"related-item tie-standard\"><a aria-label=\"\u201cM.A.I. etic, M.A.I. integru\u201d, campanie a Direc\u021biei Generale Anticorup\u021bie\" href=\"https:\/\/infotulcea.ro\/m-a-i-etic-m-a-i-integru-campanie-a-directiei-generale-anticoruptie\/\" class=\"post-thumb\"><img loading=\"lazy\" decoding=\"async\" width=\"390\" height=\"220\" src=\"https:\/\/infotulcea.ro\/wp-content\/uploads\/2021\/05\/Banner-campanie-MAI-etic-MAI-integru-390x220.jpg\" class=\"attachment-jannah-image-large size-jannah-image-large wp-post-image lazyload\" alt><img loading=\"lazy\" decoding=\"async\" width=\"390\" height=\"220\" src=\"https:\/\/infotulcea.ro\/wp-content\/uploads\/2021\/05\/Banner-campanie-MAI-etic-MAI-integru-390x220.jpg\" class=\"attachment-jannah-image-large size-jannah-image-large wp-post-image\" alt><\/a><\/p>\n<h3 class=\"post-title\"><a href=\"https:\/\/infotulcea.ro\/m-a-i-etic-m-a-i-integru-campanie-a-directiei-generale-anticoruptie\/\">\u201cM.A.I. etic, M.A.I. integru\u201d, campanie a Direc\u021biei Generale Anticorup\u021bie<\/a><\/h3>\n<div class=\"post-meta clearfix\"><span class=\"date meta-item tie-icon\">25 mai 2021<\/span><\/div>\n<\/div>\n<div class=\"related-item tie-standard\"><a aria-label=\"VIDEO: Tulcea a devenit ora\u0219ul trafican\u021bilor de droguri!\" href=\"https:\/\/infotulcea.ro\/video-tulcea-a-devenit-orasul-traficantilor-de-droguri\/\" class=\"post-thumb\"><img loading=\"lazy\" decoding=\"async\" width=\"390\" height=\"220\" src=\"https:\/\/infotulcea.ro\/wp-content\/uploads\/2022\/05\/7-390x220.jpeg\" class=\"attachment-jannah-image-large size-jannah-image-large wp-post-image lazyload\" alt><img loading=\"lazy\" decoding=\"async\" width=\"390\" height=\"220\" src=\"https:\/\/infotulcea.ro\/wp-content\/uploads\/2022\/05\/7-390x220.jpeg\" class=\"attachment-jannah-image-large size-jannah-image-large wp-post-image\" alt><\/a><\/p>\n<h3 class=\"post-title\"><a href=\"https:\/\/infotulcea.ro\/video-tulcea-a-devenit-orasul-traficantilor-de-droguri\/\">VIDEO: Tulcea a devenit ora\u0219ul trafican\u021bilor de droguri!<\/a><\/h3>\n<div class=\"post-meta clearfix\"><span class=\"date meta-item tie-icon\">31 mai 2022<\/span><\/div>\n<\/div>\n<div class=\"related-item tie-standard\"><a aria-label=\"Contract de finan\u021bare pentru modernizarea \u0219i extinderea Spitalului Jude\u021bean de Urgen\u021b\u0103 Tulcea\" href=\"https:\/\/infotulcea.ro\/contract-de-finantare-pentru-modernizarea-si-extinderea-spitalului-judetean-de-urgenta-tulcea\/\" class=\"post-thumb\"><img loading=\"lazy\" decoding=\"async\" width=\"390\" height=\"220\" src=\"https:\/\/infotulcea.ro\/wp-content\/uploads\/2020\/09\/sju-390x220.jpg\" class=\"attachment-jannah-image-large size-jannah-image-large wp-post-image lazyload\" alt><img loading=\"lazy\" decoding=\"async\" width=\"390\" height=\"220\" src=\"https:\/\/infotulcea.ro\/wp-content\/uploads\/2020\/09\/sju-390x220.jpg\" class=\"attachment-jannah-image-large size-jannah-image-large wp-post-image\" alt><\/a><\/p>\n<h3 class=\"post-title\"><a href=\"https:\/\/infotulcea.ro\/contract-de-finantare-pentru-modernizarea-si-extinderea-spitalului-judetean-de-urgenta-tulcea\/\">Contract de finan\u021bare pentru modernizarea \u0219i extinderea Spitalului Jude\u021bean de Urgen\u021b\u0103 Tulcea<\/a><\/h3>\n<div class=\"post-meta clearfix\"><span class=\"date meta-item tie-icon\">11 septembrie 2020<\/span><\/div>\n<\/div>\n<div class=\"related-item tie-standard\"><a aria-label=\"De m\u00e2ine masc\u0103 obligatorie \u00een toate spa\u0163iile publice aglomerate!\" href=\"https:\/\/infotulcea.ro\/de-maine-masca-obligatorie-in-toate-spatiile-publice-aglomerate\/\" class=\"post-thumb\"><source type=\"image\/webp\" data-srcset=\"https:\/\/infotulcea.ro\/wp-content\/uploads\/2020\/08\/persoane-in-parc-390x220.jpg.webp\" \/><img loading=\"lazy\" decoding=\"async\" width=\"390\" height=\"220\" src=\"https:\/\/infotulcea.ro\/wp-content\/uploads\/2020\/08\/persoane-in-parc-390x220.jpg\" class=\"attachment-jannah-image-large size-jannah-image-large wp-post-image\" alt><\/a><\/p>\n<h3 class=\"post-title\"><a href=\"https:\/\/infotulcea.ro\/de-maine-masca-obligatorie-in-toate-spatiile-publice-aglomerate\/\">De m\u00e2ine masc\u0103 obligatorie \u00een toate spa\u0163iile publice aglomerate!<\/a><\/h3>\n<div class=\"post-meta clearfix\"><span class=\"date meta-item tie-icon\">18 august 2020<\/span><\/div>\n<\/div>\n<\/div>\n<\/div>\n<div id=\"comments\" class=\"comments-area\">\n<div id=\"add-comment-block\" class=\"container-wrapper\">\n<div id=\"respond\" class=\"comment-respond\">\n<h3 id=\"reply-title\" class=\"comment-reply-title the-global-title\">Las\u0103 un r\u0103spuns <small><a rel=\"nofollow\" id=\"cancel-comment-reply-link\" href=\"https:\/\/infotulcea.ro\/tulcea-moment-comemorativ-5-ani-ivan-patzaichin-1949-2021\/#respond\">Anuleaz\u0103 r\u0103spunsul<\/a><\/small><\/h3>\n<p class=\"comment-notes\"><span id=\"email-notes\">Adresa ta de email nu va fi publicat\u0103.<\/span><span class=\"required-field-message\">C\u00e2mpurile obligatorii sunt marcate cu <span class=\"required\">*<\/span><\/span><\/p>\n<\/div>\n<\/div>\n<\/div>\n<\/div>\n<\/div>\n<div id=\"check-also-box\" class=\"container-wrapper check-also-right\">\n<div class=\"widget-title the-global-title\">\n<div class=\"the-subtitle\">Check Also<\/div>\n<p><a href=\"https:\/\/infotulcea.ro\/tulcea-moment-comemorativ-5-ani-ivan-patzaichin-1949-2021\/\" id=\"check-also-close\" class=\"remove\"><span class=\"screen-reader-text\">Close<\/span><\/a><\/div>\n<div class=\"widget posts-list-big-first has-first-big-post\">\n<ul class=\"posts-list-items\">\n<li class=\"widget-single-post-item widget-post-list tie-standard\">\n<div class=\"post-widget-thumbnail\"><a aria-label=\"ACS GRANITUL GRECI anun\u021b\u0103 finalizarea proiectului ,,Promovarea sportului de performan\u021b\u0103 prin dezvoltarea activit\u0103\u021bii handbalistice\u201d\" href=\"https:\/\/infotulcea.ro\/acs-granitul-greci-anunta-finalizarea-proiectului-promovarea-sportului-de-performanta-prin-dezvoltarea-activitatii-handbalistice\/\" class=\"post-thumb\"><span class=\"post-cat-wrap\"><span class=\"post-cat tie-cat-29\">\u015etirea zilei<\/span><\/span><source type=\"image\/webp\" data-srcset=\"https:\/\/infotulcea.ro\/wp-content\/uploads\/2024\/11\/afis-granitul-greci-390x220.jpg.webp\" \/><img loading=\"lazy\" decoding=\"async\" width=\"390\" height=\"220\" src=\"https:\/\/infotulcea.ro\/wp-content\/uploads\/2024\/11\/afis-granitul-greci-390x220.jpg\" class=\"attachment-jannah-image-large size-jannah-image-large wp-post-image\" alt><\/a><\/div>\n<div class=\"post-widget-body \"><a class=\"post-title the-subtitle\" href=\"https:\/\/infotulcea.ro\/acs-granitul-greci-anunta-finalizarea-proiectului-promovarea-sportului-de-performanta-prin-dezvoltarea-activitatii-handbalistice\/\">ACS GRANITUL GRECI anun\u021b\u0103 finalizarea proiectului ,,Promovarea sportului de performan\u021b\u0103 prin dezvoltarea activit\u0103\u021bii handbalistice\u201d<\/a><\/p>\n<div class=\"post-meta\"><span class=\"date meta-item tie-icon\">14 noiembrie 2024<\/span><\/div>\n<\/div>\n<\/li>\n<\/ul>\n<\/div>\n<\/div>\n<aside class=\"sidebar tie-col-md-4 tie-col-xs-12 normal-side is-sticky\" aria-label=\"Primary Sidebar\">\n<div class=\"theiaStickySidebar\">\n<div id=\"media_image-19\" class=\"container-wrapper widget widget_media_image\"><a href=\"https:\/\/infotulcea.ro\/delta-dunarii-mai-accesibila-navrom-delta-creste-numarul-curselor-regulate-de-la-1-mai-2025\/\"><source sizes=\"(max-width: 500px) 100vw, 500px\" type=\"image\/webp\" data-srcset=\"https:\/\/infotulcea.ro\/wp-content\/uploads\/2025\/04\/navrom-delta-500x271.jpg.webp 500w, https:\/\/infotulcea.ro\/wp-content\/uploads\/2025\/04\/navrom-delta-1024x555.jpg.webp 1024w, https:\/\/infotulcea.ro\/wp-content\/uploads\/2025\/04\/navrom-delta-768x416.jpg.webp 768w, https:\/\/infotulcea.ro\/wp-content\/uploads\/2025\/04\/navrom-delta.jpg.webp 1080w\" \/><img loading=\"lazy\" decoding=\"async\" width=\"500\" height=\"271\" src=\"https:\/\/infotulcea.ro\/wp-content\/uploads\/2025\/04\/navrom-delta-500x271.jpg\" class=\"image wp-image-34487  attachment-medium size-medium\" alt><\/a><\/div>\n<div id=\"media_image-17\" class=\"container-wrapper widget widget_media_image\"><a href=\"https:\/\/www.facebook.com\/share\/p\/1DGAD1tLWN\/?mibextid=wwXIfr\" target=\"_blank\"><source sizes=\"(max-width: 500px) 100vw, 500px\" type=\"image\/webp\" data-srcset=\"https:\/\/infotulcea.ro\/wp-content\/uploads\/2026\/01\/IMG_1563-500x500.jpeg.webp 500w, https:\/\/infotulcea.ro\/wp-content\/uploads\/2026\/01\/IMG_1563-1024x1024.jpeg.webp 1024w, https:\/\/infotulcea.ro\/wp-content\/uploads\/2026\/01\/IMG_1563-250x250.jpeg.webp 250w, https:\/\/infotulcea.ro\/wp-content\/uploads\/2026\/01\/IMG_1563-768x768.jpeg.webp 768w, https:\/\/infotulcea.ro\/wp-content\/uploads\/2026\/01\/IMG_1563.jpeg.webp 1080w\" \/><img loading=\"lazy\" decoding=\"async\" width=\"500\" height=\"500\" src=\"https:\/\/infotulcea.ro\/wp-content\/uploads\/2026\/01\/IMG_1563-500x500.jpeg\" class=\"image wp-image-37932  attachment-medium size-medium\" alt title=\"Centrale pe lemne\"><\/a><\/div>\n<div id=\"media_image-18\" class=\"container-wrapper widget widget_media_image\"><a href=\"https:\/\/www.licitatia.ro\/site\/index-guest\"><img loading=\"lazy\" decoding=\"async\" width=\"500\" height=\"262\" src=\"https:\/\/infotulcea.ro\/wp-content\/uploads\/2025\/09\/licitatia-500x262.png\" class=\"image wp-image-36670  attachment-medium size-medium lazyload\" alt data-max-width=\"500\"><img loading=\"lazy\" decoding=\"async\" width=\"500\" height=\"262\" src=\"https:\/\/infotulcea.ro\/wp-content\/uploads\/2025\/09\/licitatia-500x262.png\" class=\"image wp-image-36670  attachment-medium size-medium\" alt><\/a><\/div>\n<div id=\"media_image-27\" class=\"container-wrapper widget widget_media_image\"><a href=\"https:\/\/www.centrale-lemne-liepsnele.ro\/\"><img loading=\"lazy\" decoding=\"async\" width=\"500\" height=\"500\" src=\"https:\/\/infotulcea.ro\/wp-content\/uploads\/2025\/09\/Centrale-pe-Lemne-Liepsnele-500x500.png\" class=\"image wp-image-36541  attachment-medium size-medium lazyload\" alt=\"Centrala pe lemne\" data-max-width=\"500\"><img loading=\"lazy\" decoding=\"async\" width=\"500\" height=\"500\" src=\"https:\/\/infotulcea.ro\/wp-content\/uploads\/2025\/09\/Centrale-pe-Lemne-Liepsnele-500x500.png\" class=\"image wp-image-36541  attachment-medium size-medium\" alt=\"Centrala pe lemne\"><\/a><\/div>\n<div id=\"media_image-28\" class=\"container-wrapper widget widget_media_image\"><a href=\"https:\/\/infotulcea.ro\/angajeaza-te-ro-platforma-ta-online-de-angajari-si-forta-de-munca\/\"><source sizes=\"(max-width: 500px) 100vw, 500px\" type=\"image\/webp\" data-srcset=\"https:\/\/infotulcea.ro\/wp-content\/uploads\/2025\/04\/banner-angajazate-1-500x305.jpg.webp 500w, https:\/\/infotulcea.ro\/wp-content\/uploads\/2025\/04\/banner-angajazate-1-1024x625.jpg.webp 1024w, https:\/\/infotulcea.ro\/wp-content\/uploads\/2025\/04\/banner-angajazate-1-768x469.jpg.webp 768w, https:\/\/infotulcea.ro\/wp-content\/uploads\/2025\/04\/banner-angajazate-1.jpg.webp 1080w\" \/><img loading=\"lazy\" decoding=\"async\" width=\"500\" height=\"305\" src=\"https:\/\/infotulcea.ro\/wp-content\/uploads\/2025\/04\/banner-angajazate-1-500x305.jpg\" class=\"image wp-image-34317  attachment-medium size-medium\" alt><\/a><\/div>\n<\/div>\n<\/aside>\n<\/div>\n<\/div>\n<div class=\"entry-content entry clearfix\">\n<p><strong>Pe 5 septembrie se \u00eemplinesc 5 de c\u00e2nd ne-a p\u0103r\u0103sit Ivan Patzaichin.<\/strong><br \/><strong>V\u0103 a\u0219tept\u0103m, s\u00e2mb\u0103t\u0103, pe 29 august, la ora 9:00, la un moment comemorativ la<\/strong><br \/><strong>Ansamblul \u2013 Memorial Ivan Patzaichin din Tulcea.<\/strong><br \/><strong>Acesta va fi urmat de plecarea spre Delt\u0103 a celor 100 de participan\u021bi ai Caravanei<\/strong><br \/><strong>Delta lui Ivan \u2013 omagiul nostru din fiecare an pentru Ivan. Trei zile de v\u00e2slit \u00eempreun\u0103<\/strong><br \/><strong>\u00eentre Tulcea \u0219i Mila 23, \u00een perioada 29 \u2013 31 august 2026, \u00een memoria sa, \u00een ritm de<\/strong><br \/><strong>pagaie, purt\u00e2nd mai departe visul \u0219i mo\u0219tenirea pe care ni le-a l\u0103sat. Caravana porne\u0219te<\/strong><br \/><strong>pe acela\u0219i fir de ap\u0103 pe care Ivan a plecat c\u00e2ndva \u00een lume \u0219i pe care s-a \u00eentors mereu<\/strong><br \/><strong>acas\u0103.<\/strong><\/p>\n<p>Asocia\u021bia Ivan Patzaichin \u2013 Mila 23 \u00eei cheam\u0103 pe ap\u0103, \u00een fa\u021ba Memorialului de pe Faleza<source sizes=\"(max-width: 465px) 100vw, 465px\" type=\"image\/webp\" data-srcset=\"https:\/\/infotulcea.ro\/wp-content\/uploads\/2026\/08\/sosirea-la-Muzeu-500x333.jpg.webp 500w, https:\/\/infotulcea.ro\/wp-content\/uploads\/2026\/08\/sosirea-la-Muzeu-1024x683.jpg.webp 1024w, https:\/\/infotulcea.ro\/wp-content\/uploads\/2026\/08\/sosirea-la-Muzeu-768x512.jpg.webp 768w, https:\/\/infotulcea.ro\/wp-content\/uploads\/2026\/08\/sosirea-la-Muzeu.jpg.webp 1080w\" \/><\/p>\n<p><img loading=\"lazy\" decoding=\"async\" class=\" wp-image-40486 alignright\" src=\"https:\/\/infotulcea.ro\/wp-content\/uploads\/2026\/08\/sosirea-la-Muzeu-500x333.jpg\" alt width=\"465\" height=\"310\"><br \/>\nIvan Patzaichin, \u00eencep\u00e2nd cu ora 8:30, pe cei ce vor s\u0103 \u00eel onoreze de pe Dun\u0103re, din<br \/>\npropriile ambarca\u021biuni, la STARTUL convoiului de b\u0103rci din Caravan\u0103.<br \/>\nSunt a\u0219tepta\u021bi, de asemenea, pe Falez\u0103, l\u00e2ng\u0103 Memorial, cei ce vor s\u0103 \u00ee\u0219i aminteasc\u0103,<br \/>\nal\u0103turi de noi, de mo\u0219tenirea sa extraordinar\u0103 \u0219i s\u0103-i cinsteasc\u0103 memoria.<br \/>\nP R O G R A M<br \/>\n08:00 \u2013 09:00 \u00eembarcarea participan\u021bilor la Caravan\u0103<br \/>\n09:00 Moment omagial Ivan Patzaichin<br \/>\nOnor de siren\u0103 \/ Evoc\u0103ri \/ Scurt omagiu muzical<br \/>\n09:30 START \u00een caravan\u0103<br \/>\nAceast\u0103 c\u0103l\u0103torie pe ap\u0103, cu caiace, canotci, SUP-uri, \u00eentre Tulcea \u0219i Mila 23, a avut loc, pentru<br \/>\nprima dat\u0103, \u00een 2020, un an de sincop\u0103 \u00een organizarea Festivalului nostru tradi\u021bional pentru b\u0103rcile<br \/>\ncu v\u00e2sle. C\u00e2nd l-am pierdut pe Ivan, pe 5 septembrie 2021, Caravana tocmai se preg\u0103tea s\u0103<br \/>\nplece \u00een a doua sa edi\u021bie, a\u0219a c\u0103 am transformat-o \u00eentr-un tribut adus dragostei sale pentru ap\u0103,<br \/>\n\u0219i mai ales pentru apa Deltei.<br \/>\nItinerariul a evoluat \u0219i, \u00een acest interval, devenind primul traseu de ecoturism acreditat de<br \/>\nARBDD, sub numele de \u201eDelta lui Ivan\u201d.<br \/>\n\u021ain\u00e2nd cont de perioada de \u00eencerc\u0103ri \u0219i lipsuri pe care toat\u0103 \u021bara o traverseaz\u0103, am luat decizia<br \/>\ns\u0103 dovedim responsabilitate \u0219i s\u0103 \u00eentrerupem, pentru un an, organizarea Festivalului Ivan<\/p>\n<p>Patzaichin. Ca urmare, aceasta va fi singura manifestare public\u0103 a Asocia\u021biei Ivan Patzaichin \u2013<br \/>\nMila 23 din Municipiul<\/p>\n<p>Tulcea din acest an, a\u0219a c\u0103 ne-am bucura s\u0103 v\u0103 avem al\u0103turi, s\u0103 ne amintim de Ivan, cel care nu<br \/>\ndoar c\u0103 a f\u0103cut performan\u021b\u0103 sub steagul Rom\u00e2niei, dar a \u0219i \u00eensufle\u021bit genera\u021bii de sportivi \u0219i ne-sportivi,<br \/>\noferindu-ne tuturor cu generozitate din energia sa luminoas\u0103 \u0219i inepuizabil\u0103.<br \/>\nCaravana Delta lui Ivan este organizat\u0103 de Asocia\u021bia Ivan Patzaichin \u2013 Mila 23 \u00eempreun\u0103 cu OMD Eco<br \/>\nDelta Tulcea, cu sprijinul partenerilor: Organiza\u0163ia de Management al Destina\u0163iei la nivelul municipiului<br \/>\nTulcea, Romanian American Foundation, ARBDD \u2013 Administra\u021bia Rezerva\u021biei Biosferei Delta Dun\u0103rii,<br \/>\nInstitutul Liszt \u2013 Centrul Cultural Maghiar Bucure\u0219ti, Asocia\u021bia Rom\u00e2nia S\u0103lbatic\u0103 etc.<\/p>\n<\/div>\n<div class=\"articleBody\" data-key=\"articleBody\">Pe 5 septembrie se \u00eemplinesc 5 de c\u00e2nd ne-a p\u0103r\u0103sit Ivan Patzaichin.<br \/>\nV\u0103 a\u0219tept\u0103m, s\u00e2mb\u0103t\u0103, pe 29 august, la ora 9:00, la un moment comemorativ la<br \/>\nAnsamblul \u2013 Memorial Ivan Patzaichin din Tulcea.<br \/>\nAcesta va fi urmat de plecarea spre Delt\u0103 a celor 100 de participan\u021bi ai Caravanei<br \/>\nDelta lui Ivan \u2013 omagiul nostru din fiecare an pentru Ivan. Trei zile de v\u00e2slit \u00eempreun\u0103<br \/>\n\u00eentre Tulcea \u0219i Mila 23, \u00een perioada 29 \u2013 31 august 2026, \u00een memoria sa, \u00een ritm de<br \/>\npagaie, purt\u00e2nd mai departe visul \u0219i mo\u0219tenirea pe care ni le-a l\u0103sat. Caravana porne\u0219te<br \/>\npe acela\u0219i fir de ap\u0103 pe care Ivan a plecat c\u00e2ndva \u00een lume \u0219i pe care s-a \u00eentors mereu<br \/>\nacas\u0103.<\/p>\n<p>Asocia\u021bia Ivan Patzaichin \u2013 Mila 23 \u00eei cheam\u0103 pe ap\u0103, \u00een fa\u021ba Memorialului de pe Faleza<br \/>\nIvan Patzaichin, \u00eencep\u00e2nd cu ora 8:30, pe cei ce vor s\u0103 \u00eel onoreze de pe Dun\u0103re, din<br \/>\npropriile ambarca\u021biuni, la STARTUL convoiului de b\u0103rci din Caravan\u0103.<br \/>\nSunt a\u0219tepta\u021bi, de asemenea, pe Falez\u0103, l\u00e2ng\u0103 Memorial, cei ce vor s\u0103 \u00ee\u0219i aminteasc\u0103,<br \/>\nal\u0103turi de noi, de mo\u0219tenirea sa extraordinar\u0103 \u0219i s\u0103-i cinsteasc\u0103 memoria.<br \/>\nP R O G R A M<br \/>\n08:00 \u2013 09:00 \u00eembarcarea participan\u021bilor la Caravan\u0103<br \/>\n09:00 Moment omagial Ivan Patzaichin<br \/>\nOnor de siren\u0103 \/ Evoc\u0103ri \/ Scurt omagiu muzical<br \/>\n09:30 START \u00een caravan\u0103<br \/>\nAceast\u0103 c\u0103l\u0103torie pe ap\u0103, cu caiace, canotci, SUP-uri, \u00eentre Tulcea \u0219i Mila 23, a avut loc, pentru<br \/>\nprima dat\u0103, \u00een 2020, un an de sincop\u0103 \u00een organizarea Festivalului nostru tradi\u021bional pentru b\u0103rcile<br \/>\ncu v\u00e2sle. C\u00e2nd l-am pierdut pe Ivan, pe 5 septembrie 2021, Caravana tocmai se preg\u0103tea s\u0103<br \/>\nplece \u00een a doua sa edi\u021bie, a\u0219a c\u0103 am transformat-o \u00eentr-un tribut adus dragostei sale pentru ap\u0103,<br \/>\n\u0219i mai ales pentru apa Deltei.<br \/>\nItinerariul a evoluat \u0219i, \u00een acest interval, devenind primul traseu de ecoturism acreditat de<br \/>\nARBDD, sub numele de \u201eDelta lui Ivan\u201d.<br \/>\n\u021ain\u00e2nd cont de perioada de \u00eencerc\u0103ri \u0219i lipsuri pe care toat\u0103 \u021bara o traverseaz\u0103, am luat decizia<br \/>\ns\u0103 dovedim responsabilitate \u0219i s\u0103 \u00eentrerupem, pentru un an, organizarea Festivalului Ivan<\/p>\n<p>Patzaichin. Ca urmare, aceasta va fi singura manifestare public\u0103 a Asocia\u021biei Ivan Patzaichin \u2013<br \/>\nMila 23 din Municipiul<\/p>\n<p>Tulcea din acest an, a\u0219a c\u0103 ne-am bucura s\u0103 v\u0103 avem al\u0103turi, s\u0103 ne amintim de Ivan, cel care nu<br \/>\ndoar c\u0103 a f\u0103cut performan\u021b\u0103 sub steagul Rom\u00e2niei, dar a \u0219i \u00eensufle\u021bit genera\u021bii de sportivi \u0219i ne-sportivi,<br \/>\noferindu-ne tuturor cu generozitate din energia sa luminoas\u0103 \u0219i inepuizabil\u0103.<br \/>\nCaravana Delta lui Ivan este organizat\u0103 de Asocia\u021bia Ivan Patzaichin &#8211; Mila 23 \u00eempreun\u0103 cu OMD Eco<br \/>\nDelta Tulcea, cu sprijinul partenerilor: Organiza\u0163ia de Management al Destina\u0163iei la nivelul municipiului<br \/>\nTulcea, Romanian American Foundation, ARBDD &#8211; Administra\u021bia Rezerva\u021biei Biosferei Delta Dun\u0103rii,<br \/>\nInstitutul Liszt &#8211; Centrul Cultural Maghiar Bucure\u0219ti, Asocia\u021bia Rom\u00e2nia S\u0103lbatic\u0103 etc.<\/p><\/div>\n<p>[analyse_source url=&#8221;https:\/\/infotulcea.ro\/tulcea-moment-comemorativ-5-ani-ivan-patzaichin-1949-2021\/&#8221;]<\/p>\n","protected":false},"excerpt":{"rendered":"<p>[analyse_image type=&#8221;featured&#8221; src=&#8221;https:\/\/infotulcea.ro\/wp-content\/uploads\/2026\/08\/Caravana_Rowmania_2026.pnghttps:\/\/infotulcea.ro\/wp-content\/uploads\/2026\/08\/Caravana_Rowmania_2026.png&#8221;] Home\/\u015etirea zilei\/Tulcea Moment comemorativ 5 ani Ivan Patzaichin (1949 \u2013 2021) \u015etirea zilei Tulcea Moment comemorativ 5 ani Ivan Patzaichin (1949 \u2013 2021) Redactia27 august 2026 0 246 2 minutes read Pe 5 septembrie se \u00eemplinesc 5 de c\u00e2nd ne-a p\u0103r\u0103sit Ivan Patzaichin.V\u0103 a\u0219tept\u0103m, s\u00e2mb\u0103t\u0103, pe 29 august, la ora 9:00, la [&hellip;]<\/p>\n","protected":false},"author":1,"featured_media":0,"comment_status":"open","ping_status":"","sticky":false,"template":"","format":"standard","meta":{"footnotes":""},"categories":[89],"tags":[226,221],"class_list":["post-2116111","post","type-post","status-publish","format-standard","hentry","category-romania","tag-crawlmanager","tag-infotulcea-ro"],"_links":{"self":[{"href":"https:\/\/analyse.optim.biz\/index.php?rest_route=\/wp\/v2\/posts\/2116111","targetHints":{"allow":["GET"]}}],"collection":[{"href":"https:\/\/analyse.optim.biz\/index.php?rest_route=\/wp\/v2\/posts"}],"about":[{"href":"https:\/\/analyse.optim.biz\/index.php?rest_route=\/wp\/v2\/types\/post"}],"author":[{"embeddable":true,"href":"https:\/\/analyse.optim.biz\/index.php?rest_route=\/wp\/v2\/users\/1"}],"replies":[{"embeddable":true,"href":"https:\/\/analyse.optim.biz\/index.php?rest_route=%2Fwp%2Fv2%2Fcomments&post=2116111"}],"version-history":[{"count":0,"href":"https:\/\/analyse.optim.biz\/index.php?rest_route=\/wp\/v2\/posts\/2116111\/revisions"}],"wp:attachment":[{"href":"https:\/\/analyse.optim.biz\/index.php?rest_route=%2Fwp%2Fv2%2Fmedia&parent=2116111"}],"wp:term":[{"taxonomy":"category","embeddable":true,"href":"https:\/\/analyse.optim.biz\/index.php?rest_route=%2Fwp%2Fv2%2Fcategories&post=2116111"},{"taxonomy":"post_tag","embeddable":true,"href":"https:\/\/analyse.optim.biz\/index.php?rest_route=%2Fwp%2Fv2%2Ftags&post=2116111"}],"curies":[{"name":"wp","href":"https:\/\/api.w.org\/{rel}","templated":true}]}}