{"id":2116110,"date":"2026-08-24T15:46:00","date_gmt":"2026-08-24T12:46:00","guid":{"rendered":"https:\/\/analyse.optim.biz\/?p=2116110"},"modified":"2026-08-24T15:46:00","modified_gmt":"2026-08-24T12:46:00","slug":"doua-motoare-de-ambarcatiune-in-valoare-de-60-000-de-lei-cautate-de-autoritatile-din-suedia-depistate-de-politistii-de-frontiera-din-cadrul-garzii-de-coasta","status":"publish","type":"post","link":"https:\/\/analyse.optim.biz\/?p=2116110","title":{"rendered":"Dou\u0103 motoare de ambarca\u021biune, \u00een valoare de 60.000 de lei, c\u0103utate de autorit\u0103\u021bile din Suedia, depistate de poli\u021bi\u0219tii de frontier\u0103 din cadrul G\u0103rzii de Coast\u0103"},"content":{"rendered":"<p>[analyse_image type=&#8221;featured&#8221; src=&#8221;https:\/\/infotulcea.ro\/wp-content\/uploads\/2026\/08\/frontiera.jpeghttps:\/\/infotulcea.ro\/wp-content\/uploads\/2026\/08\/frontiera.jpeg&#8221;]<\/p>\n<div id=\"content\" class=\"site-content container\">\n<div id=\"main-content-row\" class=\"tie-row main-content-row\">\n<div class=\"main-content tie-col-md-8 tie-col-xs-12\" role=\"main\">\n<article id=\"the-post\" class=\"container-wrapper post-content tie-standard\">\n<header class=\"entry-header-outer\">\n<nav id=\"breadcrumb\"><a href=\"https:\/\/infotulcea.ro\/\"> Home<\/a><em class=\"delimiter\">\/<\/em><a href=\"https:\/\/infotulcea.ro\/categorie\/stirea-zilei\/\">\u015etirea zilei<\/a><em class=\"delimiter\">\/<\/em><span class=\"current\">Dou\u0103 motoare de ambarca\u021biune, \u00een valoare de 60.000 de lei, c\u0103utate de autorit\u0103\u021bile din Suedia, depistate de poli\u021bi\u0219tii de frontier\u0103 din cadrul G\u0103rzii de Coast\u0103<\/span><\/nav>\n<div class=\"entry-header\"><span class=\"post-cat-wrap\"><a class=\"post-cat tie-cat-29\" href=\"https:\/\/infotulcea.ro\/categorie\/stirea-zilei\/\">\u015etirea zilei<\/a><\/span><\/p>\n<h1 class=\"post-title entry-title\">\n\t\t\tDou\u0103 motoare de ambarca\u021biune, \u00een valoare de 60.000 de lei, c\u0103utate de autorit\u0103\u021bile din Suedia, depistate de poli\u021bi\u0219tii de frontier\u0103 din cadrul G\u0103rzii de Coast\u0103\t\t<\/h1>\n<div class=\"single-post-meta post-meta clearfix\"><span class=\"author-meta single-author no-avatars\"><span class=\"meta-item meta-author-wrapper meta-author-9\"><span class=\"meta-author\"><a href=\"https:\/\/infotulcea.ro\/author\/redactia-2\/\" class=\"author-name tie-icon\" title=\"Redactia\">Redactia<\/a><\/span><\/span><\/span><span class=\"date meta-item tie-icon\">24 august 2026<\/span><\/p>\n<div class=\"tie-alignright\"><span class=\"meta-comment tie-icon meta-item fa-before\">0<\/span><span class=\"meta-views meta-item \"> 293 <\/span><span class=\"meta-reading-time meta-item\"> 1 minute read<\/span><\/div>\n<\/div>\n<\/div>\n<\/header>\n<div class=\"entry-content entry clearfix\">\n<p><strong>Poli\u021bi\u0219tii de frontier\u0103 tulceni au desf\u0103\u0219urat o ac\u021biune pentru prevenirea \u0219i combaterea infrac\u021bionalit\u0103\u021bii transfrontaliere, descoperind astfel dou\u0103 motoare de barc\u0103 furate din Suedia.<\/strong><\/p>\n<p>\u00cen data de 20 august 2026, poli\u021bi\u0219ti de frontier\u0103 din cadrul Serviciului Teritorial al Poli\u021biei de Frontier\u0103 Tulcea, \u00eempreun\u0103 cu colegi din cadrul Sectorului Poli\u021biei de Frontier\u0103 Tulcea \u0219i ai Grupului de Nave Sulina, au desf\u0103\u0219urat o ac\u021biune pe linia prevenirii \u0219i combaterii infrac\u021bionalit\u0103\u021bii transfrontaliere \u00een zona de competen\u021b\u0103<\/p>\n<p>Cu aceast\u0103 ocazie, poli\u021bi\u0219tii de frontier\u0103, \u00een cooperare cu autorit\u0103\u021bile din Suedia \u0219i Germania, au identificat, pe raza<source sizes=\"(max-width: 477px) 100vw, 477px\" type=\"image\/webp\" data-srcset=\"https:\/\/infotulcea.ro\/wp-content\/uploads\/2026\/08\/frontiera-500x300.jpeg.webp 500w, https:\/\/infotulcea.ro\/wp-content\/uploads\/2026\/08\/frontiera-1024x614.jpeg.webp 1024w, https:\/\/infotulcea.ro\/wp-content\/uploads\/2026\/08\/frontiera-768x461.jpeg.webp 768w, https:\/\/infotulcea.ro\/wp-content\/uploads\/2026\/08\/frontiera.jpeg.webp 1080w\" \/><\/p>\n<p><img loading=\"lazy\" decoding=\"async\" class=\" wp-image-40459 alignright\" src=\"https:\/\/infotulcea.ro\/wp-content\/uploads\/2026\/08\/frontiera-500x300.jpeg\" alt width=\"477\" height=\"286\"> localit\u0103\u021bii Jurilovca, \u00een posesia a doi cet\u0103\u021beni rom\u00e2ni, dou\u0103 motoare de ambarca\u021biune ale c\u0103ror serii de identificare fuseser\u0103 modificate \u0219i \u00eenlocuite cu unele false.<\/p>\n<p>\u00cen urma verific\u0103rilor efectuate \u00een bazele de date specifice, s-a constatat c\u0103 ambele motoare figureaz\u0103 ca bunuri c\u0103utate \u00een vederea confisc\u0103rii de c\u0103tre autorit\u0103\u021bile suedeze.<\/p>\n<p>Av\u00e2nd \u00een vedere cele constatate, organele de cercetare penal\u0103 s-au sesizat din oficiu cu privire la s\u0103v\u00e2r\u0219irea infrac\u021biunii de t\u0103inuire.<\/p>\n<p>Motoarele de ambarca\u021biune, \u00een valoare total\u0103 de aproximativ 60.000 de lei, au fost ridicate \u00een vederea continu\u0103rii cercet\u0103rilor.<\/p>\n<\/div>\n<div id=\"post-extra-info\">\n<div class=\"theiaStickySidebar\">\n<div class=\"single-post-meta post-meta clearfix\"><span class=\"author-meta single-author no-avatars\"><span class=\"meta-item meta-author-wrapper meta-author-9\"><span class=\"meta-author\"><a href=\"https:\/\/infotulcea.ro\/author\/redactia-2\/\" class=\"author-name tie-icon\" title=\"Redactia\">Redactia<\/a><\/span><\/span><\/span><span class=\"date meta-item tie-icon\">24 august 2026<\/span><\/p>\n<div class=\"tie-alignright\"><span class=\"meta-comment tie-icon meta-item fa-before\">0<\/span><span class=\"meta-views meta-item \"> 293 <\/span><span class=\"meta-reading-time meta-item\"> 1 minute read<\/span><\/div>\n<\/div>\n<\/div>\n<\/div>\n<div id=\"share-buttons-bottom\" class=\"share-buttons share-buttons-bottom\">\n<div class=\"share-links  icons-only\">\n<div class=\"share-title\"><span> Share<\/span><\/div>\n<p><a href=\"https:\/\/www.facebook.com\/sharer.php?u=https:\/\/infotulcea.ro\/doua-motoare-de-ambarcatiune-in-valoare-de-60-000-de-lei-cautate-de-autoritatile-din-suedia-depistate-de-politistii-de-frontiera-din-cadrul-garzii-de-coasta\/\" rel=\"external noopener nofollow\" title=\"Facebook\" target=\"_blank\" class=\"facebook-share-btn \" data-raw=\"https:\/\/www.facebook.com\/sharer.php?u={post_link}\"><span class=\"screen-reader-text\">Facebook<\/span><\/a><a href=\"https:\/\/twitter.com\/intent\/tweet?text=Dou%C4%83%20motoare%20de%20ambarca%C8%9Biune%2C%20%C3%AEn%20valoare%20de%2060.000%20de%20lei%2C%20c%C4%83utate%20de%20autorit%C4%83%C8%9Bile%20din%20Suedia%2C%20depistate%20de%20poli%C8%9Bi%C8%99tii%20de%20frontier%C4%83%20din%20cadrul%20G%C4%83rzii%20de%20Coast%C4%83&amp;url=https:\/\/infotulcea.ro\/doua-motoare-de-ambarcatiune-in-valoare-de-60-000-de-lei-cautate-de-autoritatile-din-suedia-depistate-de-politistii-de-frontiera-din-cadrul-garzii-de-coasta\/\" rel=\"external noopener nofollow\" title=\"X\" target=\"_blank\" class=\"twitter-share-btn \" data-raw=\"https:\/\/twitter.com\/intent\/tweet?text={post_title}&amp;url={post_link}\"><span class=\"screen-reader-text\">X<\/span><\/a><a href=\"https:\/\/api.whatsapp.com\/send?text=Dou%C4%83%20motoare%20de%20ambarca%C8%9Biune%2C%20%C3%AEn%20valoare%20de%2060.000%20de%20lei%2C%20c%C4%83utate%20de%20autorit%C4%83%C8%9Bile%20din%20Suedia%2C%20depistate%20de%20poli%C8%9Bi%C8%99tii%20de%20frontier%C4%83%20din%20cadrul%20G%C4%83rzii%20de%20Coast%C4%83%20https:\/\/infotulcea.ro\/doua-motoare-de-ambarcatiune-in-valoare-de-60-000-de-lei-cautate-de-autoritatile-din-suedia-depistate-de-politistii-de-frontiera-din-cadrul-garzii-de-coasta\/\" rel=\"external noopener nofollow\" title=\"WhatsApp\" target=\"_blank\" class=\"whatsapp-share-btn \" data-raw=\"https:\/\/api.whatsapp.com\/send?text={post_title}%20{post_link}\"><span class=\"screen-reader-text\">WhatsApp<\/span><\/a><a href=\"https:\/\/telegram.me\/share\/url?url=https:\/\/infotulcea.ro\/doua-motoare-de-ambarcatiune-in-valoare-de-60-000-de-lei-cautate-de-autoritatile-din-suedia-depistate-de-politistii-de-frontiera-din-cadrul-garzii-de-coasta\/&amp;text=Dou%C4%83%20motoare%20de%20ambarca%C8%9Biune%2C%20%C3%AEn%20valoare%20de%2060.000%20de%20lei%2C%20c%C4%83utate%20de%20autorit%C4%83%C8%9Bile%20din%20Suedia%2C%20depistate%20de%20poli%C8%9Bi%C8%99tii%20de%20frontier%C4%83%20din%20cadrul%20G%C4%83rzii%20de%20Coast%C4%83\" rel=\"external noopener nofollow\" title=\"Telegram\" target=\"_blank\" class=\"telegram-share-btn \" data-raw=\"https:\/\/telegram.me\/share\/url?url={post_link}&amp;text={post_title}\"><span class=\"screen-reader-text\">Telegram<\/span><\/a><a href=\"mailto:?subject=Dou%C4%83%20motoare%20de%20ambarca%C8%9Biune%2C%20%C3%AEn%20valoare%20de%2060.000%20de%20lei%2C%20c%C4%83utate%20de%20autorit%C4%83%C8%9Bile%20din%20Suedia%2C%20depistate%20de%20poli%C8%9Bi%C8%99tii%20de%20frontier%C4%83%20din%20cadrul%20G%C4%83rzii%20de%20Coast%C4%83&amp;body=https:\/\/infotulcea.ro\/doua-motoare-de-ambarcatiune-in-valoare-de-60-000-de-lei-cautate-de-autoritatile-din-suedia-depistate-de-politistii-de-frontiera-din-cadrul-garzii-de-coasta\/\" rel=\"external noopener nofollow\" title=\"Share via Email\" target=\"_blank\" class=\"email-share-btn \" data-raw=\"mailto:?subject={post_title}&amp;body={post_link}\"><span class=\"screen-reader-text\">Share via Email<\/span><\/a><a href=\"https:\/\/infotulcea.ro\/doua-motoare-de-ambarcatiune-in-valoare-de-60-000-de-lei-cautate-de-autoritatile-din-suedia-depistate-de-politistii-de-frontiera-din-cadrul-garzii-de-coasta\/\" rel=\"external noopener nofollow\" title=\"Print\" target=\"_blank\" class=\"print-share-btn \" data-raw=\"#\"><span class=\"screen-reader-text\">Print<\/span><\/a><\/div>\n<\/div>\n<\/article>\n<div class=\"post-components\">\n<div id=\"related-posts\" class=\"container-wrapper has-extra-post\">\n<div class=\"mag-box-title the-global-title\">\n<h3>Related Articles<\/h3>\n<\/div>\n<div class=\"related-posts-list\">\n<div class=\"related-item tie-standard\"><a aria-label=\"De ieri a \u00eenceput prohibi\u021bia la \u0219tiuc\u0103!\" href=\"https:\/\/infotulcea.ro\/de-ieri-a-inceput-prohibitia-la-stiuca\/\" class=\"post-thumb\"><img loading=\"lazy\" decoding=\"async\" width=\"390\" height=\"220\" src=\"https:\/\/infotulcea.ro\/wp-content\/uploads\/2021\/02\/stiuca-exos-lucius_03-390x220.jpg\" class=\"attachment-jannah-image-large size-jannah-image-large wp-post-image lazyload\" alt><img loading=\"lazy\" decoding=\"async\" width=\"390\" height=\"220\" src=\"https:\/\/infotulcea.ro\/wp-content\/uploads\/2021\/02\/stiuca-exos-lucius_03-390x220.jpg\" class=\"attachment-jannah-image-large size-jannah-image-large wp-post-image\" alt><\/a><\/p>\n<h3 class=\"post-title\"><a href=\"https:\/\/infotulcea.ro\/de-ieri-a-inceput-prohibitia-la-stiuca\/\">De ieri a \u00eenceput prohibi\u021bia la \u0219tiuc\u0103!<\/a><\/h3>\n<div class=\"post-meta clearfix\"><span class=\"date meta-item tie-icon\">2 februarie 2021<\/span><\/div>\n<\/div>\n<div class=\"related-item tie-standard\"><a aria-label=\"Un nou automat pentru permise de pescuit \u0219i acces \u00een Delta Dun\u0103rii!\" href=\"https:\/\/infotulcea.ro\/un-nou-automat-pentru-permise-de-pescuit-si-acces-in-delta-dunarii\/\" class=\"post-thumb\"><img loading=\"lazy\" decoding=\"async\" width=\"390\" height=\"220\" src=\"https:\/\/infotulcea.ro\/wp-content\/uploads\/2021\/07\/IMG_20210720_214206-390x220.jpg\" class=\"attachment-jannah-image-large size-jannah-image-large wp-post-image lazyload\" alt><img loading=\"lazy\" decoding=\"async\" width=\"390\" height=\"220\" src=\"https:\/\/infotulcea.ro\/wp-content\/uploads\/2021\/07\/IMG_20210720_214206-390x220.jpg\" class=\"attachment-jannah-image-large size-jannah-image-large wp-post-image\" alt><\/a><\/p>\n<h3 class=\"post-title\"><a href=\"https:\/\/infotulcea.ro\/un-nou-automat-pentru-permise-de-pescuit-si-acces-in-delta-dunarii\/\">Un nou automat pentru permise de pescuit \u0219i acces \u00een Delta Dun\u0103rii!<\/a><\/h3>\n<div class=\"post-meta clearfix\"><span class=\"date meta-item tie-icon\">20 iulie 2021<\/span><\/div>\n<\/div>\n<div class=\"related-item tie-standard\"><a aria-label=\"Amenzi pentru nerespectarea m\u0103surilor de combaterea efectelor pandemiei de COVID-19\" href=\"https:\/\/infotulcea.ro\/amenzi-pentru-nerespectarea-masurilor-de-combaterea-efectelor-pandemiei-de-covid-19\/\" class=\"post-thumb\"><img loading=\"lazy\" decoding=\"async\" width=\"390\" height=\"220\" src=\"https:\/\/infotulcea.ro\/wp-content\/uploads\/2020\/12\/politia-control-390x220.jpg\" class=\"attachment-jannah-image-large size-jannah-image-large wp-post-image lazyload\" alt><img loading=\"lazy\" decoding=\"async\" width=\"390\" height=\"220\" src=\"https:\/\/infotulcea.ro\/wp-content\/uploads\/2020\/12\/politia-control-390x220.jpg\" class=\"attachment-jannah-image-large size-jannah-image-large wp-post-image\" alt><\/a><\/p>\n<h3 class=\"post-title\"><a href=\"https:\/\/infotulcea.ro\/amenzi-pentru-nerespectarea-masurilor-de-combaterea-efectelor-pandemiei-de-covid-19\/\">Amenzi pentru nerespectarea m\u0103surilor de combaterea efectelor pandemiei de COVID-19<\/a><\/h3>\n<div class=\"post-meta clearfix\"><span class=\"date meta-item tie-icon\">29 ianuarie 2021<\/span><\/div>\n<\/div>\n<div class=\"related-item tie-standard\"><a aria-label=\"Asocia\u0163ia Delta Dun\u0103rii vrea trasee turistice scurte, decolmat\u0103ri \u015fi studiu privind capacitatea de suport turistic a Deltei\" href=\"https:\/\/infotulcea.ro\/asociatia-delta-dunarii-vrea-trasee-turistice-scurte-decolmatari-si-studiu-privind-capacitatea-de-suport-turistic-a-deltei\/\" class=\"post-thumb\"><img loading=\"lazy\" decoding=\"async\" width=\"390\" height=\"220\" src=\"https:\/\/infotulcea.ro\/wp-content\/uploads\/2021\/07\/trasee-turistice-390x220.jpg\" class=\"attachment-jannah-image-large size-jannah-image-large wp-post-image lazyload\" alt><img loading=\"lazy\" decoding=\"async\" width=\"390\" height=\"220\" src=\"https:\/\/infotulcea.ro\/wp-content\/uploads\/2021\/07\/trasee-turistice-390x220.jpg\" class=\"attachment-jannah-image-large size-jannah-image-large wp-post-image\" alt><\/a><\/p>\n<h3 class=\"post-title\"><a href=\"https:\/\/infotulcea.ro\/asociatia-delta-dunarii-vrea-trasee-turistice-scurte-decolmatari-si-studiu-privind-capacitatea-de-suport-turistic-a-deltei\/\">Asocia\u0163ia Delta Dun\u0103rii vrea trasee turistice scurte, decolmat\u0103ri \u015fi studiu privind capacitatea de suport turistic a Deltei<\/a><\/h3>\n<div class=\"post-meta clearfix\"><span class=\"date meta-item tie-icon\">29 iulie 2021<\/span><\/div>\n<\/div>\n<\/div>\n<\/div>\n<div id=\"comments\" class=\"comments-area\">\n<div id=\"add-comment-block\" class=\"container-wrapper\">\n<div id=\"respond\" class=\"comment-respond\">\n<h3 id=\"reply-title\" class=\"comment-reply-title the-global-title\">Las\u0103 un r\u0103spuns <small><a rel=\"nofollow\" id=\"cancel-comment-reply-link\" href=\"https:\/\/infotulcea.ro\/doua-motoare-de-ambarcatiune-in-valoare-de-60-000-de-lei-cautate-de-autoritatile-din-suedia-depistate-de-politistii-de-frontiera-din-cadrul-garzii-de-coasta\/#respond\">Anuleaz\u0103 r\u0103spunsul<\/a><\/small><\/h3>\n<p class=\"comment-notes\"><span id=\"email-notes\">Adresa ta de email nu va fi publicat\u0103.<\/span><span class=\"required-field-message\">C\u00e2mpurile obligatorii sunt marcate cu <span class=\"required\">*<\/span><\/span><\/p>\n<\/div>\n<\/div>\n<\/div>\n<\/div>\n<\/div>\n<div id=\"check-also-box\" class=\"container-wrapper check-also-right\">\n<div class=\"widget-title the-global-title\">\n<div class=\"the-subtitle\">Check Also<\/div>\n<p><a href=\"https:\/\/infotulcea.ro\/doua-motoare-de-ambarcatiune-in-valoare-de-60-000-de-lei-cautate-de-autoritatile-din-suedia-depistate-de-politistii-de-frontiera-din-cadrul-garzii-de-coasta\/\" id=\"check-also-close\" class=\"remove\"><span class=\"screen-reader-text\">Close<\/span><\/a><\/div>\n<div class=\"widget posts-list-big-first has-first-big-post\">\n<ul class=\"posts-list-items\">\n<li class=\"widget-single-post-item widget-post-list tie-standard\">\n<div class=\"post-widget-thumbnail\"><a aria-label=\"Un mare pas spre un ora\u0219 turistic: Plata cu cardul bancar, direct \u00een autobuze\" href=\"https:\/\/infotulcea.ro\/un-mare-pas-spre-un-oras-turistic-plata-cu-cardul-bancar-direct-in-autobuze\/\" class=\"post-thumb\"><span class=\"post-cat-wrap\"><span class=\"post-cat tie-cat-29\">\u015etirea zilei<\/span><\/span><source sizes=\"(max-width: 390px) 100vw, 390px\" type=\"image\/webp\" data-srcset=\"https:\/\/infotulcea.ro\/wp-content\/uploads\/2026\/02\/validatoare-390x220.jpg.webp 390w, https:\/\/infotulcea.ro\/wp-content\/uploads\/2026\/02\/validatoare-500x283.jpg.webp 500w, https:\/\/infotulcea.ro\/wp-content\/uploads\/2026\/02\/validatoare-1024x580.jpg.webp 1024w, https:\/\/infotulcea.ro\/wp-content\/uploads\/2026\/02\/validatoare-768x435.jpg.webp 768w, https:\/\/infotulcea.ro\/wp-content\/uploads\/2026\/02\/validatoare.jpg.webp 1080w\" \/><img loading=\"lazy\" decoding=\"async\" width=\"390\" height=\"220\" src=\"https:\/\/infotulcea.ro\/wp-content\/uploads\/2026\/02\/validatoare-390x220.jpg\" class=\"attachment-jannah-image-large size-jannah-image-large wp-post-image\" alt><\/a><\/div>\n<div class=\"post-widget-body \"><a class=\"post-title the-subtitle\" href=\"https:\/\/infotulcea.ro\/un-mare-pas-spre-un-oras-turistic-plata-cu-cardul-bancar-direct-in-autobuze\/\">Un mare pas spre un ora\u0219 turistic: Plata cu cardul bancar, direct \u00een autobuze<\/a><\/p>\n<div class=\"post-meta\"><span class=\"date meta-item tie-icon\">24 februarie 2026<\/span><\/div>\n<\/div>\n<\/li>\n<\/ul>\n<\/div>\n<\/div>\n<aside class=\"sidebar tie-col-md-4 tie-col-xs-12 normal-side is-sticky\" aria-label=\"Primary Sidebar\">\n<div class=\"theiaStickySidebar\">\n<div id=\"media_image-19\" class=\"container-wrapper widget widget_media_image\"><a href=\"https:\/\/infotulcea.ro\/delta-dunarii-mai-accesibila-navrom-delta-creste-numarul-curselor-regulate-de-la-1-mai-2025\/\"><source sizes=\"(max-width: 500px) 100vw, 500px\" type=\"image\/webp\" data-srcset=\"https:\/\/infotulcea.ro\/wp-content\/uploads\/2025\/04\/navrom-delta-500x271.jpg.webp 500w, https:\/\/infotulcea.ro\/wp-content\/uploads\/2025\/04\/navrom-delta-1024x555.jpg.webp 1024w, https:\/\/infotulcea.ro\/wp-content\/uploads\/2025\/04\/navrom-delta-768x416.jpg.webp 768w, https:\/\/infotulcea.ro\/wp-content\/uploads\/2025\/04\/navrom-delta.jpg.webp 1080w\" \/><img loading=\"lazy\" decoding=\"async\" width=\"500\" height=\"271\" src=\"https:\/\/infotulcea.ro\/wp-content\/uploads\/2025\/04\/navrom-delta-500x271.jpg\" class=\"image wp-image-34487  attachment-medium size-medium\" alt><\/a><\/div>\n<div id=\"media_image-17\" class=\"container-wrapper widget widget_media_image\"><a href=\"https:\/\/www.facebook.com\/share\/p\/1DGAD1tLWN\/?mibextid=wwXIfr\" target=\"_blank\"><source sizes=\"(max-width: 500px) 100vw, 500px\" type=\"image\/webp\" data-srcset=\"https:\/\/infotulcea.ro\/wp-content\/uploads\/2026\/01\/IMG_1563-500x500.jpeg.webp 500w, https:\/\/infotulcea.ro\/wp-content\/uploads\/2026\/01\/IMG_1563-1024x1024.jpeg.webp 1024w, https:\/\/infotulcea.ro\/wp-content\/uploads\/2026\/01\/IMG_1563-250x250.jpeg.webp 250w, https:\/\/infotulcea.ro\/wp-content\/uploads\/2026\/01\/IMG_1563-768x768.jpeg.webp 768w, https:\/\/infotulcea.ro\/wp-content\/uploads\/2026\/01\/IMG_1563.jpeg.webp 1080w\" \/><img loading=\"lazy\" decoding=\"async\" width=\"500\" height=\"500\" src=\"https:\/\/infotulcea.ro\/wp-content\/uploads\/2026\/01\/IMG_1563-500x500.jpeg\" class=\"image wp-image-37932  attachment-medium size-medium\" alt title=\"Centrale pe lemne\"><\/a><\/div>\n<div id=\"media_image-18\" class=\"container-wrapper widget widget_media_image\"><a href=\"https:\/\/www.licitatia.ro\/site\/index-guest\"><img loading=\"lazy\" decoding=\"async\" width=\"500\" height=\"262\" src=\"https:\/\/infotulcea.ro\/wp-content\/uploads\/2025\/09\/licitatia-500x262.png\" class=\"image wp-image-36670  attachment-medium size-medium lazyload\" alt data-max-width=\"500\"><img loading=\"lazy\" decoding=\"async\" width=\"500\" height=\"262\" src=\"https:\/\/infotulcea.ro\/wp-content\/uploads\/2025\/09\/licitatia-500x262.png\" class=\"image wp-image-36670  attachment-medium size-medium\" alt><\/a><\/div>\n<div id=\"media_image-27\" class=\"container-wrapper widget widget_media_image\"><a href=\"https:\/\/www.centrale-lemne-liepsnele.ro\/\"><img loading=\"lazy\" decoding=\"async\" width=\"500\" height=\"500\" src=\"https:\/\/infotulcea.ro\/wp-content\/uploads\/2025\/09\/Centrale-pe-Lemne-Liepsnele-500x500.png\" class=\"image wp-image-36541  attachment-medium size-medium lazyload\" alt=\"Centrala pe lemne\" data-max-width=\"500\"><img loading=\"lazy\" decoding=\"async\" width=\"500\" height=\"500\" src=\"https:\/\/infotulcea.ro\/wp-content\/uploads\/2025\/09\/Centrale-pe-Lemne-Liepsnele-500x500.png\" class=\"image wp-image-36541  attachment-medium size-medium\" alt=\"Centrala pe lemne\"><\/a><\/div>\n<div id=\"media_image-28\" class=\"container-wrapper widget widget_media_image\"><a href=\"https:\/\/infotulcea.ro\/angajeaza-te-ro-platforma-ta-online-de-angajari-si-forta-de-munca\/\"><source sizes=\"(max-width: 500px) 100vw, 500px\" type=\"image\/webp\" data-srcset=\"https:\/\/infotulcea.ro\/wp-content\/uploads\/2025\/04\/banner-angajazate-1-500x305.jpg.webp 500w, https:\/\/infotulcea.ro\/wp-content\/uploads\/2025\/04\/banner-angajazate-1-1024x625.jpg.webp 1024w, https:\/\/infotulcea.ro\/wp-content\/uploads\/2025\/04\/banner-angajazate-1-768x469.jpg.webp 768w, https:\/\/infotulcea.ro\/wp-content\/uploads\/2025\/04\/banner-angajazate-1.jpg.webp 1080w\" \/><img loading=\"lazy\" decoding=\"async\" width=\"500\" height=\"305\" src=\"https:\/\/infotulcea.ro\/wp-content\/uploads\/2025\/04\/banner-angajazate-1-500x305.jpg\" class=\"image wp-image-34317  attachment-medium size-medium\" alt><\/a><\/div>\n<\/div>\n<\/aside>\n<\/div>\n<\/div>\n<div class=\"entry-content entry clearfix\">\n<p><strong>Poli\u021bi\u0219tii de frontier\u0103 tulceni au desf\u0103\u0219urat o ac\u021biune pentru prevenirea \u0219i combaterea infrac\u021bionalit\u0103\u021bii transfrontaliere, descoperind astfel dou\u0103 motoare de barc\u0103 furate din Suedia.<\/strong><\/p>\n<p>\u00cen data de 20 august 2026, poli\u021bi\u0219ti de frontier\u0103 din cadrul Serviciului Teritorial al Poli\u021biei de Frontier\u0103 Tulcea, \u00eempreun\u0103 cu colegi din cadrul Sectorului Poli\u021biei de Frontier\u0103 Tulcea \u0219i ai Grupului de Nave Sulina, au desf\u0103\u0219urat o ac\u021biune pe linia prevenirii \u0219i combaterii infrac\u021bionalit\u0103\u021bii transfrontaliere \u00een zona de competen\u021b\u0103<\/p>\n<p>Cu aceast\u0103 ocazie, poli\u021bi\u0219tii de frontier\u0103, \u00een cooperare cu autorit\u0103\u021bile din Suedia \u0219i Germania, au identificat, pe raza<source sizes=\"(max-width: 477px) 100vw, 477px\" type=\"image\/webp\" data-srcset=\"https:\/\/infotulcea.ro\/wp-content\/uploads\/2026\/08\/frontiera-500x300.jpeg.webp 500w, https:\/\/infotulcea.ro\/wp-content\/uploads\/2026\/08\/frontiera-1024x614.jpeg.webp 1024w, https:\/\/infotulcea.ro\/wp-content\/uploads\/2026\/08\/frontiera-768x461.jpeg.webp 768w, https:\/\/infotulcea.ro\/wp-content\/uploads\/2026\/08\/frontiera.jpeg.webp 1080w\" \/><\/p>\n<p><img loading=\"lazy\" decoding=\"async\" class=\" wp-image-40459 alignright\" src=\"https:\/\/infotulcea.ro\/wp-content\/uploads\/2026\/08\/frontiera-500x300.jpeg\" alt width=\"477\" height=\"286\"> localit\u0103\u021bii Jurilovca, \u00een posesia a doi cet\u0103\u021beni rom\u00e2ni, dou\u0103 motoare de ambarca\u021biune ale c\u0103ror serii de identificare fuseser\u0103 modificate \u0219i \u00eenlocuite cu unele false.<\/p>\n<p>\u00cen urma verific\u0103rilor efectuate \u00een bazele de date specifice, s-a constatat c\u0103 ambele motoare figureaz\u0103 ca bunuri c\u0103utate \u00een vederea confisc\u0103rii de c\u0103tre autorit\u0103\u021bile suedeze.<\/p>\n<p>Av\u00e2nd \u00een vedere cele constatate, organele de cercetare penal\u0103 s-au sesizat din oficiu cu privire la s\u0103v\u00e2r\u0219irea infrac\u021biunii de t\u0103inuire.<\/p>\n<p>Motoarele de ambarca\u021biune, \u00een valoare total\u0103 de aproximativ 60.000 de lei, au fost ridicate \u00een vederea continu\u0103rii cercet\u0103rilor.<\/p>\n<\/div>\n<div class=\"articleBody\" data-key=\"articleBody\">Poli\u021bi\u0219tii de frontier\u0103 tulceni au desf\u0103\u0219urat o ac\u021biune pentru prevenirea \u0219i combaterea infrac\u021bionalit\u0103\u021bii transfrontaliere, descoperind astfel dou\u0103 motoare de barc\u0103 furate din Suedia.<\/p>\n<p>\u00cen data de 20 august 2026, poli\u021bi\u0219ti de frontier\u0103 din cadrul Serviciului Teritorial al Poli\u021biei de Frontier\u0103 Tulcea, \u00eempreun\u0103 cu colegi din cadrul Sectorului Poli\u021biei de Frontier\u0103 Tulcea \u0219i ai Grupului de Nave Sulina, au desf\u0103\u0219urat o ac\u021biune pe linia prevenirii \u0219i combaterii infrac\u021bionalit\u0103\u021bii transfrontaliere \u00een zona de competen\u021b\u0103<\/p>\n<p>Cu aceast\u0103 ocazie, poli\u021bi\u0219tii de frontier\u0103, \u00een cooperare cu autorit\u0103\u021bile din Suedia \u0219i Germania, au identificat, pe raza localit\u0103\u021bii Jurilovca, \u00een posesia a doi cet\u0103\u021beni rom\u00e2ni, dou\u0103 motoare de ambarca\u021biune ale c\u0103ror serii de identificare fuseser\u0103 modificate \u0219i \u00eenlocuite cu unele false.<\/p>\n<p>\u00cen urma verific\u0103rilor efectuate \u00een bazele de date specifice, s-a constatat c\u0103 ambele motoare figureaz\u0103 ca bunuri c\u0103utate \u00een vederea confisc\u0103rii de c\u0103tre autorit\u0103\u021bile suedeze.<\/p>\n<p>Av\u00e2nd \u00een vedere cele constatate, organele de cercetare penal\u0103 s-au sesizat din oficiu cu privire la s\u0103v\u00e2r\u0219irea infrac\u021biunii de t\u0103inuire.<\/p>\n<p>Motoarele de ambarca\u021biune, \u00een valoare total\u0103 de aproximativ 60.000 de lei, au fost ridicate \u00een vederea continu\u0103rii cercet\u0103rilor.<\/p><\/div>\n<p>[analyse_source url=&#8221;https:\/\/infotulcea.ro\/doua-motoare-de-ambarcatiune-in-valoare-de-60-000-de-lei-cautate-de-autoritatile-din-suedia-depistate-de-politistii-de-frontiera-din-cadrul-garzii-de-coasta\/&#8221;]<\/p>\n","protected":false},"excerpt":{"rendered":"<p>[analyse_image type=&#8221;featured&#8221; src=&#8221;https:\/\/infotulcea.ro\/wp-content\/uploads\/2026\/08\/frontiera.jpeghttps:\/\/infotulcea.ro\/wp-content\/uploads\/2026\/08\/frontiera.jpeg&#8221;] Home\/\u015etirea zilei\/Dou\u0103 motoare de ambarca\u021biune, \u00een valoare de 60.000 de lei, c\u0103utate de autorit\u0103\u021bile din Suedia, depistate de poli\u021bi\u0219tii de frontier\u0103 din cadrul G\u0103rzii de Coast\u0103 \u015etirea zilei Dou\u0103 motoare de ambarca\u021biune, \u00een valoare de 60.000 de lei, c\u0103utate de autorit\u0103\u021bile din Suedia, depistate de poli\u021bi\u0219tii de frontier\u0103 din cadrul G\u0103rzii de [&hellip;]<\/p>\n","protected":false},"author":1,"featured_media":0,"comment_status":"open","ping_status":"","sticky":false,"template":"","format":"standard","meta":{"footnotes":""},"categories":[89],"tags":[226,221],"class_list":["post-2116110","post","type-post","status-publish","format-standard","hentry","category-romania","tag-crawlmanager","tag-infotulcea-ro"],"_links":{"self":[{"href":"https:\/\/analyse.optim.biz\/index.php?rest_route=\/wp\/v2\/posts\/2116110","targetHints":{"allow":["GET"]}}],"collection":[{"href":"https:\/\/analyse.optim.biz\/index.php?rest_route=\/wp\/v2\/posts"}],"about":[{"href":"https:\/\/analyse.optim.biz\/index.php?rest_route=\/wp\/v2\/types\/post"}],"author":[{"embeddable":true,"href":"https:\/\/analyse.optim.biz\/index.php?rest_route=\/wp\/v2\/users\/1"}],"replies":[{"embeddable":true,"href":"https:\/\/analyse.optim.biz\/index.php?rest_route=%2Fwp%2Fv2%2Fcomments&post=2116110"}],"version-history":[{"count":0,"href":"https:\/\/analyse.optim.biz\/index.php?rest_route=\/wp\/v2\/posts\/2116110\/revisions"}],"wp:attachment":[{"href":"https:\/\/analyse.optim.biz\/index.php?rest_route=%2Fwp%2Fv2%2Fmedia&parent=2116110"}],"wp:term":[{"taxonomy":"category","embeddable":true,"href":"https:\/\/analyse.optim.biz\/index.php?rest_route=%2Fwp%2Fv2%2Fcategories&post=2116110"},{"taxonomy":"post_tag","embeddable":true,"href":"https:\/\/analyse.optim.biz\/index.php?rest_route=%2Fwp%2Fv2%2Ftags&post=2116110"}],"curies":[{"name":"wp","href":"https:\/\/api.w.org\/{rel}","templated":true}]}}